{"id":994,"date":"2014-11-28T18:14:24","date_gmt":"2014-11-28T23:14:24","guid":{"rendered":"http:\/\/bottesetvelo.com\/blog\/?p=994"},"modified":"2014-11-28T18:14:24","modified_gmt":"2014-11-28T23:14:24","slug":"sortir-de-sa-zone-de-confort","status":"publish","type":"post","link":"https:\/\/bottesetvelo.com\/blog\/2014\/11\/28\/sortir-de-sa-zone-de-confort\/","title":{"rendered":"Sortir de sa zone de confort"},"content":{"rendered":"<h6 style=\"text-align: right;\"><em>Qui veut faire quelque chose trouve un moyen ; qui ne veut rien faire trouve une excuse.\u00a0\u00bb<\/em><br \/>\n<em>Proverbe arabe<\/em><\/h6>\n<p style=\"text-align: justify;\">R\u00e9guli\u00e8rement, aux fils des conversations, des gens me confient \u00eatre tent\u00e9s de vivre l\u2019exp\u00e9rience du chemin de Compostelle. Plusieurs y pensent et en parlent depuis quelques ann\u00e9es d\u00e9j\u00e0. <a href=\"https:\/\/i0.wp.com\/bottesetvelo.com\/blog\/wp-content\/uploads\/2014\/11\/2009-2010-400.jpg?ssl=1\"><img data-recalc-dims=\"1\" loading=\"lazy\" decoding=\"async\" data-attachment-id=\"995\" data-permalink=\"https:\/\/bottesetvelo.com\/blog\/2014\/11\/28\/sortir-de-sa-zone-de-confort\/2009-2010-400-2\/\" data-orig-file=\"https:\/\/i0.wp.com\/bottesetvelo.com\/blog\/wp-content\/uploads\/2014\/11\/2009-2010-400.jpg?fit=3648%2C2736&amp;ssl=1\" data-orig-size=\"3648,2736\" data-comments-opened=\"1\" data-image-meta=\"{&quot;aperture&quot;:&quot;3.2&quot;,&quot;credit&quot;:&quot;&quot;,&quot;camera&quot;:&quot;Canon PowerShot SD890 IS&quot;,&quot;caption&quot;:&quot;&quot;,&quot;created_timestamp&quot;:&quot;1267641164&quot;,&quot;copyright&quot;:&quot;&quot;,&quot;focal_length&quot;:&quot;6.6&quot;,&quot;iso&quot;:&quot;80&quot;,&quot;shutter_speed&quot;:&quot;0.0125&quot;,&quot;title&quot;:&quot;&quot;,&quot;orientation&quot;:&quot;1&quot;}\" data-image-title=\"2009-2010 400\" data-image-description=\"\" data-image-caption=\"\" data-large-file=\"https:\/\/i0.wp.com\/bottesetvelo.com\/blog\/wp-content\/uploads\/2014\/11\/2009-2010-400.jpg?fit=1024%2C768&amp;ssl=1\" class=\"alignright wp-image-995 \" src=\"https:\/\/i0.wp.com\/bottesetvelo.com\/blog\/wp-content\/uploads\/2014\/11\/2009-2010-400.jpg?resize=300%2C225&#038;ssl=1\" alt=\"2009-2010 400\" width=\"300\" height=\"225\" srcset=\"https:\/\/i0.wp.com\/bottesetvelo.com\/blog\/wp-content\/uploads\/2014\/11\/2009-2010-400.jpg?resize=500%2C375&amp;ssl=1 500w, https:\/\/i0.wp.com\/bottesetvelo.com\/blog\/wp-content\/uploads\/2014\/11\/2009-2010-400.jpg?resize=1024%2C768&amp;ssl=1 1024w, https:\/\/i0.wp.com\/bottesetvelo.com\/blog\/wp-content\/uploads\/2014\/11\/2009-2010-400.jpg?resize=624%2C468&amp;ssl=1 624w, https:\/\/i0.wp.com\/bottesetvelo.com\/blog\/wp-content\/uploads\/2014\/11\/2009-2010-400.jpg?w=2340&amp;ssl=1 2340w, https:\/\/i0.wp.com\/bottesetvelo.com\/blog\/wp-content\/uploads\/2014\/11\/2009-2010-400.jpg?w=3510&amp;ssl=1 3510w\" sizes=\"auto, (max-width: 300px) 100vw, 300px\" \/><\/a>Pourtant nombreux sont ceux qui ne l\u2019ont pas encore v\u00e9cue et qui nourrissent leur r\u00eave en se documentant ou en \u00e9coutant parler ceux qui en reviennent. Mais qu\u2019est-ce qui les retient et les emp\u00eache de vivre pleinement leur vie comme ils la r\u00eavent? Et qu\u2019est-ce qui fait qu\u2019un beau matin, l\u2019un d\u2019entre eux se d\u00e9cide, enfile ses bottes et son sac \u00e0 dos, et se lance dans cette aventure?<\/p>\n<p style=\"text-align: justify;\">La r\u00e9ponse est souvent la m\u00eame : la peur ou la volont\u00e9 de sortir de la zone confortable et s\u00e9curisante du connu. On vous le dira, ou vous le constaterez vous-m\u00eame, chaque p\u00e8lerin sur la route de Compostelle a son histoire toute personnelle qui l\u2019a amen\u00e9 \u00e0 faire le grand saut. Il a g\u00e9n\u00e9ralement fallu que l\u2019inconfort du quotidien et du connu soit devenu assez grand et insupportable pour que partir repr\u00e9sente une source de mieux-\u00eatre ou un d\u00e9but de solution. Ainsi, \u00e9trangement, dans bien des cas, pour se permettre de vivre un d\u00e9sir ou une situation qui nous tient pourtant \u00e0 c\u0153ur, il nous faudra surmonter nos peurs et accepter d\u2019abandonner le connu au profit d\u2019un inconnu imagin\u00e9 et parfois id\u00e9alis\u00e9.<\/p>\n<p style=\"text-align: justify;\"><a href=\"https:\/\/i0.wp.com\/bottesetvelo.com\/blog\/wp-content\/uploads\/2014\/11\/2010-325.jpg?ssl=1\"><img data-recalc-dims=\"1\" loading=\"lazy\" decoding=\"async\" data-attachment-id=\"996\" data-permalink=\"https:\/\/bottesetvelo.com\/blog\/2014\/11\/28\/sortir-de-sa-zone-de-confort\/2010-325-3\/\" data-orig-file=\"https:\/\/i0.wp.com\/bottesetvelo.com\/blog\/wp-content\/uploads\/2014\/11\/2010-325.jpg?fit=2736%2C3648&amp;ssl=1\" data-orig-size=\"2736,3648\" data-comments-opened=\"1\" data-image-meta=\"{&quot;aperture&quot;:&quot;5.6&quot;,&quot;credit&quot;:&quot;&quot;,&quot;camera&quot;:&quot;Canon PowerShot SD890 IS&quot;,&quot;caption&quot;:&quot;&quot;,&quot;created_timestamp&quot;:&quot;1280224711&quot;,&quot;copyright&quot;:&quot;&quot;,&quot;focal_length&quot;:&quot;27.969&quot;,&quot;iso&quot;:&quot;80&quot;,&quot;shutter_speed&quot;:&quot;0.004&quot;,&quot;title&quot;:&quot;&quot;,&quot;orientation&quot;:&quot;1&quot;}\" data-image-title=\"2010 325\" data-image-description=\"\" data-image-caption=\"\" data-large-file=\"https:\/\/i0.wp.com\/bottesetvelo.com\/blog\/wp-content\/uploads\/2014\/11\/2010-325.jpg?fit=768%2C1024&amp;ssl=1\" class=\"alignright wp-image-996\" src=\"https:\/\/i0.wp.com\/bottesetvelo.com\/blog\/wp-content\/uploads\/2014\/11\/2010-325.jpg?resize=225%2C300&#038;ssl=1\" alt=\"2010 325\" width=\"225\" height=\"300\" srcset=\"https:\/\/i0.wp.com\/bottesetvelo.com\/blog\/wp-content\/uploads\/2014\/11\/2010-325.jpg?resize=375%2C500&amp;ssl=1 375w, https:\/\/i0.wp.com\/bottesetvelo.com\/blog\/wp-content\/uploads\/2014\/11\/2010-325.jpg?resize=768%2C1024&amp;ssl=1 768w, https:\/\/i0.wp.com\/bottesetvelo.com\/blog\/wp-content\/uploads\/2014\/11\/2010-325.jpg?resize=624%2C832&amp;ssl=1 624w, https:\/\/i0.wp.com\/bottesetvelo.com\/blog\/wp-content\/uploads\/2014\/11\/2010-325.jpg?w=2340&amp;ssl=1 2340w\" sizes=\"auto, (max-width: 225px) 100vw, 225px\" \/><\/a>Je vous dis souvent que le p\u00e8lerinage est une source riche en apprentissages. Ici encore, avant m\u00eame d\u2019\u00eatre rendu sur la route et d\u2019avoir fait le premier pas, le nouveau p\u00e8lerin d\u00e9couvre toute la confiance en soi qui s\u2019insuffle du simple fait de prendre la ferme d\u00e9cision de passer \u00e0 l\u2019action, et de mener un r\u00eave \u00e0 terme. Durant ces quelques jours de pr\u00e9paratifs, tout un \u00e9ventail d\u2019\u00e9motions se d\u00e9ploie en soi que l\u2019on doit apprendre \u00e0 g\u00e9rer et \u00e0 contr\u00f4ler, et qui nous feront grandir int\u00e9rieurement. Toutefois, je vous avouerai qu\u2019il n\u2019est pas n\u00e9cessaire de partir marcher 30 jours pour grandir de la sorte. Nous avons tous au fond de nous une liste de souhaits et de r\u00eaves de r\u00e9alisations que nous ressassons parfois en soupirant, esp\u00e9rant de les voir un jour se concr\u00e9tiser, et attendant. Attendant quoi? Attendant pourquoi? Parall\u00e8le \u00e0 cette liste, nous avons parfois une longue liste de justifications et d\u2019explications d\u2019entraves \u00e0 ces r\u00eaves. Pourtant, nous sommes l\u2019agent de changement. Nous seul d\u00e9ciderons de sortir de cette vie routini\u00e8re qui nous ennuie, de quitter ce conjoint qui nous blesse, de demander un all\u00e8gement de t\u00e2che au travail, de d\u00e9m\u00e9nager dans un environnement qui nous s\u00e9duit, de choisir de rester avec les enfants lorsqu\u2019ils sont jeunes, de nous consacrer \u00e0 notre passion, \u2026 bref : de vivre maintenant ce que nous esp\u00e9rons vivre \u00ab un jour \u00bb ou qui sait s\u00fbrement \u00e0 notre retraite. <a href=\"https:\/\/i0.wp.com\/bottesetvelo.com\/blog\/wp-content\/uploads\/2014\/11\/043.jpg?ssl=1\"><img data-recalc-dims=\"1\" loading=\"lazy\" decoding=\"async\" data-attachment-id=\"997\" data-permalink=\"https:\/\/bottesetvelo.com\/blog\/2014\/11\/28\/sortir-de-sa-zone-de-confort\/043-2\/\" data-orig-file=\"https:\/\/i0.wp.com\/bottesetvelo.com\/blog\/wp-content\/uploads\/2014\/11\/043.jpg?fit=1936%2C2592&amp;ssl=1\" data-orig-size=\"1936,2592\" data-comments-opened=\"1\" data-image-meta=\"{&quot;aperture&quot;:&quot;2.8&quot;,&quot;credit&quot;:&quot;&quot;,&quot;camera&quot;:&quot;iPhone 4&quot;,&quot;caption&quot;:&quot;&quot;,&quot;created_timestamp&quot;:&quot;1318081343&quot;,&quot;copyright&quot;:&quot;&quot;,&quot;focal_length&quot;:&quot;3.85&quot;,&quot;iso&quot;:&quot;80&quot;,&quot;shutter_speed&quot;:&quot;0.000656598818122&quot;,&quot;title&quot;:&quot;&quot;,&quot;orientation&quot;:&quot;1&quot;}\" data-image-title=\"043\" data-image-description=\"\" data-image-caption=\"\" data-large-file=\"https:\/\/i0.wp.com\/bottesetvelo.com\/blog\/wp-content\/uploads\/2014\/11\/043.jpg?fit=764%2C1024&amp;ssl=1\" class=\"alignright wp-image-997\" src=\"https:\/\/i0.wp.com\/bottesetvelo.com\/blog\/wp-content\/uploads\/2014\/11\/043.jpg?resize=224%2C301&#038;ssl=1\" alt=\"043\" width=\"224\" height=\"301\" srcset=\"https:\/\/i0.wp.com\/bottesetvelo.com\/blog\/wp-content\/uploads\/2014\/11\/043.jpg?resize=373%2C500&amp;ssl=1 373w, https:\/\/i0.wp.com\/bottesetvelo.com\/blog\/wp-content\/uploads\/2014\/11\/043.jpg?resize=764%2C1024&amp;ssl=1 764w, https:\/\/i0.wp.com\/bottesetvelo.com\/blog\/wp-content\/uploads\/2014\/11\/043.jpg?resize=624%2C835&amp;ssl=1 624w, https:\/\/i0.wp.com\/bottesetvelo.com\/blog\/wp-content\/uploads\/2014\/11\/043.jpg?w=1936&amp;ssl=1 1936w\" sizes=\"auto, (max-width: 224px) 100vw, 224px\" \/><\/a>Tout devrait d\u00e9pendre de la puissance de notre d\u00e9sir de r\u00e9alisation et non de la peur de quitter une r\u00e9alit\u00e9 rassurante mais pas encore assez insatisfaisante. Jean Monnet nous le dit bien :\u00a0\u00bbLes hommes n&rsquo;acceptent le changement que dans la n\u00e9cessit\u00e9 et ils ne voient la n\u00e9cessit\u00e9 que dans la crise.\u00a0\u00bb Mais pourquoi attendre que le malaise soit devenu invivable pour reconna\u00eetre qu\u2019un changement serait bienvenu?<\/p>\n<p style=\"text-align: justify;\">Il revient \u00e0 chacun de d\u00e9terminer s\u2019il pr\u00e9f\u00e8re vivre sa vie pleinement et en accord avec sa voix int\u00e9rieure et ses \u00e9lans, ou s\u2019il choisit d\u2019accepter la vie qu\u2019il m\u00e8ne actuellement et qui convient bien malgr\u00e9 tout. Tout est une question de choix personnel et d\u2019acceptation des limites et contraintes de la vie que nous choisissons. Une chose demeure assur\u00e9e : lorsque le malaise sera trop grand, un changement appara\u00eetra. Alors pour ce No\u00ebl, pensez \u00e0 vous et offrez-vous un petit quelque chose qui est sur votre liste de souhaits de vie!<a href=\"https:\/\/i0.wp.com\/bottesetvelo.com\/blog\/wp-content\/uploads\/2014\/01\/Bottes-et-V%C3%A9lo-Embl%C3%AAme.jpg?ssl=1\"><img data-recalc-dims=\"1\" loading=\"lazy\" decoding=\"async\" data-attachment-id=\"14\" data-permalink=\"https:\/\/bottesetvelo.com\/blog\/bottes-et-velo-le-blog\/bottes-et-velo-embleme\/\" data-orig-file=\"https:\/\/i0.wp.com\/bottesetvelo.com\/blog\/wp-content\/uploads\/2014\/01\/Bottes-et-V%C3%A9lo-Embl%C3%AAme-e1454083414631.jpg?fit=100%2C79&amp;ssl=1\" data-orig-size=\"100,79\" data-comments-opened=\"1\" data-image-meta=\"{&quot;aperture&quot;:&quot;0&quot;,&quot;credit&quot;:&quot;&quot;,&quot;camera&quot;:&quot;&quot;,&quot;caption&quot;:&quot;&quot;,&quot;created_timestamp&quot;:&quot;0&quot;,&quot;copyright&quot;:&quot;&quot;,&quot;focal_length&quot;:&quot;0&quot;,&quot;iso&quot;:&quot;0&quot;,&quot;shutter_speed&quot;:&quot;0&quot;,&quot;title&quot;:&quot;&quot;}\" data-image-title=\"Bottes et V\u00e9lo &amp;#8211; Embl\u00eame\" data-image-description=\"\" data-image-caption=\"\" data-large-file=\"https:\/\/i0.wp.com\/bottesetvelo.com\/blog\/wp-content\/uploads\/2014\/01\/Bottes-et-V%C3%A9lo-Embl%C3%AAme-e1454083414631.jpg?fit=100%2C79&amp;ssl=1\" class=\"alignright wp-image-14 \" src=\"https:\/\/i0.wp.com\/bottesetvelo.com\/blog\/wp-content\/uploads\/2014\/01\/Bottes-et-V%C3%A9lo-Embl%C3%AAme.jpg?resize=83%2C65&#038;ssl=1\" alt=\"Bottes et V\u00e9lo - Embl\u00eame\" width=\"83\" height=\"65\" \/><\/a><\/p>\n<p style=\"text-align: justify;\">Brigitte Harouni<\/p>\n","protected":false},"excerpt":{"rendered":"<p>Qui veut faire quelque chose trouve un moyen ; qui ne veut rien faire trouve une excuse.\u00a0\u00bb Proverbe arabe R\u00e9guli\u00e8rement, aux fils des conversations, des gens me confient \u00eatre tent\u00e9s de vivre l\u2019exp\u00e9rience du chemin de Compostelle. Plusieurs y pensent et en parlent depuis quelques ann\u00e9es d\u00e9j\u00e0. Pourtant nombreux sont ceux qui ne l\u2019ont pas&hellip;<\/p>\n","protected":false},"author":2,"featured_media":0,"comment_status":"open","ping_status":"open","sticky":false,"template":"","format":"standard","meta":{"jetpack_post_was_ever_published":false,"_jetpack_newsletter_access":"","_jetpack_dont_email_post_to_subs":false,"_jetpack_newsletter_tier_id":0,"_jetpack_memberships_contains_paywalled_content":false,"_jetpack_memberships_contains_paid_content":false,"footnotes":"","jetpack_publicize_message":"","jetpack_publicize_feature_enabled":true,"jetpack_social_post_already_shared":true,"jetpack_social_options":{"image_generator_settings":{"template":"highway","default_image_id":0,"font":"","enabled":false},"version":2}},"categories":[50],"tags":[275,122,13,121],"class_list":["post-994","post","type-post","status-publish","format-standard","hentry","category-art-de-vivre","tag-art-de-vivre","tag-faire-des-choix","tag-pelerinage","tag-zone-de-confort"],"jetpack_publicize_connections":[],"jetpack_featured_media_url":"","jetpack_shortlink":"https:\/\/wp.me\/p4eY6z-g2","jetpack_sharing_enabled":true,"jetpack_likes_enabled":true,"jetpack-related-posts":[],"_links":{"self":[{"href":"https:\/\/bottesetvelo.com\/blog\/wp-json\/wp\/v2\/posts\/994","targetHints":{"allow":["GET"]}}],"collection":[{"href":"https:\/\/bottesetvelo.com\/blog\/wp-json\/wp\/v2\/posts"}],"about":[{"href":"https:\/\/bottesetvelo.com\/blog\/wp-json\/wp\/v2\/types\/post"}],"author":[{"embeddable":true,"href":"https:\/\/bottesetvelo.com\/blog\/wp-json\/wp\/v2\/users\/2"}],"replies":[{"embeddable":true,"href":"https:\/\/bottesetvelo.com\/blog\/wp-json\/wp\/v2\/comments?post=994"}],"version-history":[{"count":1,"href":"https:\/\/bottesetvelo.com\/blog\/wp-json\/wp\/v2\/posts\/994\/revisions"}],"predecessor-version":[{"id":998,"href":"https:\/\/bottesetvelo.com\/blog\/wp-json\/wp\/v2\/posts\/994\/revisions\/998"}],"wp:attachment":[{"href":"https:\/\/bottesetvelo.com\/blog\/wp-json\/wp\/v2\/media?parent=994"}],"wp:term":[{"taxonomy":"category","embeddable":true,"href":"https:\/\/bottesetvelo.com\/blog\/wp-json\/wp\/v2\/categories?post=994"},{"taxonomy":"post_tag","embeddable":true,"href":"https:\/\/bottesetvelo.com\/blog\/wp-json\/wp\/v2\/tags?post=994"}],"curies":[{"name":"wp","href":"https:\/\/api.w.org\/{rel}","templated":true}]}}