{"id":991,"date":"2014-11-26T17:49:31","date_gmt":"2014-11-26T22:49:31","guid":{"rendered":"http:\/\/bottesetvelo.com\/blog\/?p=991"},"modified":"2014-11-26T17:49:31","modified_gmt":"2014-11-26T22:49:31","slug":"les-visages-du-pelerin","status":"publish","type":"post","link":"https:\/\/bottesetvelo.com\/blog\/2014\/11\/26\/les-visages-du-pelerin\/","title":{"rendered":"Les visages du p\u00e8lerin"},"content":{"rendered":"<p style=\"text-align: justify;\">Derni\u00e8rement, nous avons re\u00e7u un courriel de Koala en Armagnac (alias Philippe Gastel). Si vous vous souvenez, il y a quelques mois, nous vous avions fait d\u00e9couvrir sa chanson rigolote intitul\u00e9e: \u00ab\u00a0<strong>Camino frances<\/strong>\u00ab\u00a0. Cette fois-ci, il r\u00e9cidive sous le titre: \u00ab\u00a0<strong>Sur le chemin avec trois gosses<\/strong>\u00ab\u00a0. Ce n&rsquo;est pas de la grande chanson, mais le texte et les images du clip ont l&rsquo;avantage de nous faire d\u00e9couvrir les mille et un visages du p\u00e8lerin. \u00c0 tout ceux qui se posaient encore la question, vous serez \u00e0 m\u00eame de le constater: qu&rsquo;ils soient jeunes ou vieux, des p\u00e8lerins de tous les \u00e2ges se lancent sur le camino! Et c&rsquo;est en toute simplicit\u00e9 que Koala en Armagnac nous partage son exp\u00e9rience en famille sur le chemin de Compostelle. Il le fait de mani\u00e8re color\u00e9e et sympathique. On ne peut s&#8217;emp\u00eacher de sourire en \u00e9coutant cette chanson impr\u00e9gn\u00e9e d&rsquo;une belle na\u00efvet\u00e9. Encore une fois, il nous remet sur la route avec nostalgie. C&rsquo;est avec des yeux rieurs que vous ferez ce bout de chemin avec eux!<\/p>\n<p style=\"text-align: justify;\">Bon visionnement!<a href=\"https:\/\/i0.wp.com\/bottesetvelo.com\/blog\/wp-content\/uploads\/2014\/01\/Bottes-et-V%C3%A9lo-Embl%C3%AAme.jpg?ssl=1\"><img data-recalc-dims=\"1\" loading=\"lazy\" decoding=\"async\" data-attachment-id=\"14\" data-permalink=\"https:\/\/bottesetvelo.com\/blog\/bottes-et-velo-le-blog\/bottes-et-velo-embleme\/\" data-orig-file=\"https:\/\/i0.wp.com\/bottesetvelo.com\/blog\/wp-content\/uploads\/2014\/01\/Bottes-et-V%C3%A9lo-Embl%C3%AAme-e1454083414631.jpg?fit=100%2C79&amp;ssl=1\" data-orig-size=\"100,79\" data-comments-opened=\"1\" data-image-meta=\"{&quot;aperture&quot;:&quot;0&quot;,&quot;credit&quot;:&quot;&quot;,&quot;camera&quot;:&quot;&quot;,&quot;caption&quot;:&quot;&quot;,&quot;created_timestamp&quot;:&quot;0&quot;,&quot;copyright&quot;:&quot;&quot;,&quot;focal_length&quot;:&quot;0&quot;,&quot;iso&quot;:&quot;0&quot;,&quot;shutter_speed&quot;:&quot;0&quot;,&quot;title&quot;:&quot;&quot;}\" data-image-title=\"Bottes et V\u00e9lo &amp;#8211; Embl\u00eame\" data-image-description=\"\" data-image-caption=\"\" data-large-file=\"https:\/\/i0.wp.com\/bottesetvelo.com\/blog\/wp-content\/uploads\/2014\/01\/Bottes-et-V%C3%A9lo-Embl%C3%AAme-e1454083414631.jpg?fit=100%2C79&amp;ssl=1\" class=\"alignright wp-image-14 \" src=\"https:\/\/i0.wp.com\/bottesetvelo.com\/blog\/wp-content\/uploads\/2014\/01\/Bottes-et-V%C3%A9lo-Embl%C3%AAme.jpg?resize=75%2C59&#038;ssl=1\" alt=\"Bottes et V\u00e9lo - Embl\u00eame\" width=\"75\" height=\"59\" \/><\/a><\/p>\n<p style=\"text-align: justify;\">\u00c9ric Lalibert\u00e9 et Brigitte Harouni<\/p>\n<p><span class=\"embed-youtube\" style=\"text-align:center; display: block;\"><iframe loading=\"lazy\" class=\"youtube-player\" width=\"1170\" height=\"659\" src=\"https:\/\/www.youtube.com\/embed\/huKDyQ2gmQM?version=3&#038;rel=1&#038;showsearch=0&#038;showinfo=1&#038;iv_load_policy=1&#038;fs=1&#038;hl=fr-FR&#038;autohide=2&#038;wmode=transparent\" allowfullscreen=\"true\" style=\"border:0;\" sandbox=\"allow-scripts allow-same-origin allow-popups allow-presentation allow-popups-to-escape-sandbox\"><\/iframe><\/span><\/p>\n","protected":false},"excerpt":{"rendered":"<p>Derni\u00e8rement, nous avons re\u00e7u un courriel de Koala en Armagnac (alias Philippe Gastel). Si vous vous souvenez, il y a quelques mois, nous vous avions fait d\u00e9couvrir sa chanson rigolote intitul\u00e9e: \u00ab\u00a0Camino frances\u00ab\u00a0. Cette fois-ci, il r\u00e9cidive sous le titre: \u00ab\u00a0Sur le chemin avec trois gosses\u00ab\u00a0. Ce n&rsquo;est pas de la grande chanson, mais le&hellip;<\/p>\n","protected":false},"author":3,"featured_media":0,"comment_status":"open","ping_status":"open","sticky":false,"template":"","format":"standard","meta":{"jetpack_post_was_ever_published":false,"_jetpack_newsletter_access":"","_jetpack_dont_email_post_to_subs":false,"_jetpack_newsletter_tier_id":0,"_jetpack_memberships_contains_paywalled_content":false,"_jetpack_memberships_contains_paid_content":false,"footnotes":"","jetpack_publicize_message":"","jetpack_publicize_feature_enabled":true,"jetpack_social_post_already_shared":true,"jetpack_social_options":{"image_generator_settings":{"template":"highway","default_image_id":0,"font":"","enabled":false},"version":2}},"categories":[9,79],"tags":[119,80,120,13],"class_list":["post-991","post","type-post","status-publish","format-standard","hentry","category-chemins-de-pelerinage","category-youtube","tag-chanson","tag-compostelle","tag-famille","tag-pelerinage"],"jetpack_publicize_connections":[],"jetpack_featured_media_url":"","jetpack_shortlink":"https:\/\/wp.me\/p4eY6z-fZ","jetpack_sharing_enabled":true,"jetpack_likes_enabled":true,"jetpack-related-posts":[],"_links":{"self":[{"href":"https:\/\/bottesetvelo.com\/blog\/wp-json\/wp\/v2\/posts\/991","targetHints":{"allow":["GET"]}}],"collection":[{"href":"https:\/\/bottesetvelo.com\/blog\/wp-json\/wp\/v2\/posts"}],"about":[{"href":"https:\/\/bottesetvelo.com\/blog\/wp-json\/wp\/v2\/types\/post"}],"author":[{"embeddable":true,"href":"https:\/\/bottesetvelo.com\/blog\/wp-json\/wp\/v2\/users\/3"}],"replies":[{"embeddable":true,"href":"https:\/\/bottesetvelo.com\/blog\/wp-json\/wp\/v2\/comments?post=991"}],"version-history":[{"count":1,"href":"https:\/\/bottesetvelo.com\/blog\/wp-json\/wp\/v2\/posts\/991\/revisions"}],"predecessor-version":[{"id":992,"href":"https:\/\/bottesetvelo.com\/blog\/wp-json\/wp\/v2\/posts\/991\/revisions\/992"}],"wp:attachment":[{"href":"https:\/\/bottesetvelo.com\/blog\/wp-json\/wp\/v2\/media?parent=991"}],"wp:term":[{"taxonomy":"category","embeddable":true,"href":"https:\/\/bottesetvelo.com\/blog\/wp-json\/wp\/v2\/categories?post=991"},{"taxonomy":"post_tag","embeddable":true,"href":"https:\/\/bottesetvelo.com\/blog\/wp-json\/wp\/v2\/tags?post=991"}],"curies":[{"name":"wp","href":"https:\/\/api.w.org\/{rel}","templated":true}]}}