{"id":976,"date":"2014-11-15T09:54:16","date_gmt":"2014-11-15T14:54:16","guid":{"rendered":"http:\/\/bottesetvelo.com\/blog\/?p=976"},"modified":"2014-11-15T09:54:16","modified_gmt":"2014-11-15T14:54:16","slug":"prendre-la-bonne-direction-sur-le-chemin-de-la-vie","status":"publish","type":"post","link":"https:\/\/bottesetvelo.com\/blog\/2014\/11\/15\/prendre-la-bonne-direction-sur-le-chemin-de-la-vie\/","title":{"rendered":"Prendre la bonne direction sur le chemin de la vie"},"content":{"rendered":"<h6 style=\"text-align: right;\"><em>Les deux jours les plus important de votre vie sont le jour o\u00f9 vous \u00eates n\u00e9<\/em><br \/>\n<em>et celui o\u00f9 vous avez compris pourquoi.<\/em><br \/>\n<em>Mark Twain<\/em><\/h6>\n<p style=\"text-align: justify;\"><a href=\"https:\/\/i0.wp.com\/bottesetvelo.com\/blog\/wp-content\/uploads\/2014\/11\/IMG_0905.jpg?ssl=1\"><img data-recalc-dims=\"1\" loading=\"lazy\" decoding=\"async\" data-attachment-id=\"978\" data-permalink=\"https:\/\/bottesetvelo.com\/blog\/2014\/11\/15\/prendre-la-bonne-direction-sur-le-chemin-de-la-vie\/img_0905\/\" data-orig-file=\"https:\/\/i0.wp.com\/bottesetvelo.com\/blog\/wp-content\/uploads\/2014\/11\/IMG_0905.jpg?fit=1806%2C2500&amp;ssl=1\" data-orig-size=\"1806,2500\" data-comments-opened=\"1\" data-image-meta=\"{&quot;aperture&quot;:&quot;2.8&quot;,&quot;credit&quot;:&quot;&quot;,&quot;camera&quot;:&quot;iPhone 4&quot;,&quot;caption&quot;:&quot;&quot;,&quot;created_timestamp&quot;:&quot;1372942814&quot;,&quot;copyright&quot;:&quot;&quot;,&quot;focal_length&quot;:&quot;3.85&quot;,&quot;iso&quot;:&quot;80&quot;,&quot;shutter_speed&quot;:&quot;0.00169204737733&quot;,&quot;title&quot;:&quot;&quot;,&quot;orientation&quot;:&quot;1&quot;}\" data-image-title=\"IMG_0905\" data-image-description=\"\" data-image-caption=\"\" data-large-file=\"https:\/\/i0.wp.com\/bottesetvelo.com\/blog\/wp-content\/uploads\/2014\/11\/IMG_0905.jpg?fit=739%2C1024&amp;ssl=1\" class=\"alignright wp-image-978 \" src=\"https:\/\/i0.wp.com\/bottesetvelo.com\/blog\/wp-content\/uploads\/2014\/11\/IMG_0905.jpg?resize=217%2C301&#038;ssl=1\" alt=\"IMG_0905\" width=\"217\" height=\"301\" srcset=\"https:\/\/i0.wp.com\/bottesetvelo.com\/blog\/wp-content\/uploads\/2014\/11\/IMG_0905.jpg?resize=361%2C500&amp;ssl=1 361w, https:\/\/i0.wp.com\/bottesetvelo.com\/blog\/wp-content\/uploads\/2014\/11\/IMG_0905.jpg?resize=739%2C1024&amp;ssl=1 739w, https:\/\/i0.wp.com\/bottesetvelo.com\/blog\/wp-content\/uploads\/2014\/11\/IMG_0905.jpg?resize=624%2C863&amp;ssl=1 624w, https:\/\/i0.wp.com\/bottesetvelo.com\/blog\/wp-content\/uploads\/2014\/11\/IMG_0905.jpg?w=1806&amp;ssl=1 1806w\" sizes=\"auto, (max-width: 217px) 100vw, 217px\" \/><\/a>Une des grandes inqui\u00e9tudes pour celui qui d\u00e9cide d\u2019entreprendre le long p\u00e8lerinage de Compostelle est celle de se perdre, de se tromper de route ou de ne plus savoir o\u00f9 aller. Pourtant, je vous rassure, si vous entreprenez le chemin espagnol qui va de Saint-Jean-Pied-de-Port \u00e0 Saint-Jacques, nombreuses seront les indications qui guideront vos pas. Les c\u00e9l\u00e8bres fl\u00e8ches jaunes et les coquillages pointant vers l\u2019ouest balisent fid\u00e8lement le chemin. Et pour certains croisements plus incertains, les p\u00e8lerins ont pris le temps de r\u00e9aliser des amoncellements de cailloux en forme de fl\u00e8che pour orienter dans la bonne direction ceux qui les suivent. Il est donc peu probable, pour le marcheur attentif, de se perdre.<\/p>\n<p style=\"text-align: justify;\">Pour plusieurs, savoir o\u00f9 on s\u2019en va, donner un sens, une direction est essentiel. Une bonne amie m\u2019a dit tout r\u00e9cemment \u00ab la vie est un long p\u00e8lerinage \u00bb. <a href=\"https:\/\/i0.wp.com\/bottesetvelo.com\/blog\/wp-content\/uploads\/2014\/11\/IMG_0090.jpg?ssl=1\"><img data-recalc-dims=\"1\" loading=\"lazy\" decoding=\"async\" data-attachment-id=\"977\" data-permalink=\"https:\/\/bottesetvelo.com\/blog\/2014\/11\/15\/prendre-la-bonne-direction-sur-le-chemin-de-la-vie\/img_0090\/\" data-orig-file=\"https:\/\/i0.wp.com\/bottesetvelo.com\/blog\/wp-content\/uploads\/2014\/11\/IMG_0090.jpg?fit=2048%2C1536&amp;ssl=1\" data-orig-size=\"2048,1536\" data-comments-opened=\"1\" data-image-meta=\"{&quot;aperture&quot;:&quot;4&quot;,&quot;credit&quot;:&quot;&quot;,&quot;camera&quot;:&quot;Canon PowerShot A510&quot;,&quot;caption&quot;:&quot;&quot;,&quot;created_timestamp&quot;:&quot;1190796830&quot;,&quot;copyright&quot;:&quot;&quot;,&quot;focal_length&quot;:&quot;5.8125&quot;,&quot;iso&quot;:&quot;0&quot;,&quot;shutter_speed&quot;:&quot;0.003125&quot;,&quot;title&quot;:&quot;&quot;,&quot;orientation&quot;:&quot;1&quot;}\" data-image-title=\"Compostelle &amp;#8211; Camino Frances\" data-image-description=\"\" data-image-caption=\"\" data-large-file=\"https:\/\/i0.wp.com\/bottesetvelo.com\/blog\/wp-content\/uploads\/2014\/11\/IMG_0090.jpg?fit=1024%2C768&amp;ssl=1\" class=\"alignright wp-image-977\" src=\"https:\/\/i0.wp.com\/bottesetvelo.com\/blog\/wp-content\/uploads\/2014\/11\/IMG_0090.jpg?resize=300%2C225&#038;ssl=1\" alt=\"IMG_0090\" width=\"300\" height=\"225\" srcset=\"https:\/\/i0.wp.com\/bottesetvelo.com\/blog\/wp-content\/uploads\/2014\/11\/IMG_0090.jpg?resize=500%2C375&amp;ssl=1 500w, https:\/\/i0.wp.com\/bottesetvelo.com\/blog\/wp-content\/uploads\/2014\/11\/IMG_0090.jpg?resize=1024%2C768&amp;ssl=1 1024w, https:\/\/i0.wp.com\/bottesetvelo.com\/blog\/wp-content\/uploads\/2014\/11\/IMG_0090.jpg?resize=624%2C468&amp;ssl=1 624w, https:\/\/i0.wp.com\/bottesetvelo.com\/blog\/wp-content\/uploads\/2014\/11\/IMG_0090.jpg?w=2048&amp;ssl=1 2048w\" sizes=\"auto, (max-width: 300px) 100vw, 300px\" \/><\/a>Alors pourquoi ne s\u2019inqui\u00e8te-t-on pas plus d\u2019y perdre notre route? D\u2019en conna\u00eetre et d\u2019en comprendre les signes qui accompagnent nos pas quotidiens? Pour une majorit\u00e9 d\u2019entre nous, notre route de vie n\u2019est pas remise en question. Elle semble m\u00eame fatalement pr\u00e9-trac\u00e9e. Nous agissons plus comme des \u00ab suiveurs \u00bb plut\u00f4t que des leaders de nous-m\u00eames. Nous avan\u00e7ons sur ce chemin tous les matins sans nous demander si nous faisons fausse route, si nous avons pris le temps de lire les messages que nous croisons. Pourtant, comme l\u2019a dit James Dean : \u00ab Puisqu\u2019on ne peut changer la direction du vent, il faut apprendre \u00e0 orienter les voiles. \u00bb Et pour orienter nos voiles, il faut savoir prendre conscience des vents favorables, donc prendre le temps de s\u2019arr\u00eater et d\u2019observer. S\u2019arr\u00eater! Mais le faisons-nous?<\/p>\n<p style=\"text-align: justify;\"><a href=\"https:\/\/i0.wp.com\/bottesetvelo.com\/blog\/wp-content\/uploads\/2014\/11\/2014-08-04-08.41.09.jpg?ssl=1\"><img data-recalc-dims=\"1\" loading=\"lazy\" decoding=\"async\" data-attachment-id=\"979\" data-permalink=\"https:\/\/bottesetvelo.com\/blog\/2014\/11\/15\/prendre-la-bonne-direction-sur-le-chemin-de-la-vie\/2014-08-04-08-41-09\/\" data-orig-file=\"https:\/\/i0.wp.com\/bottesetvelo.com\/blog\/wp-content\/uploads\/2014\/11\/2014-08-04-08.41.09.jpg?fit=3248%2C2426&amp;ssl=1\" data-orig-size=\"3248,2426\" data-comments-opened=\"1\" data-image-meta=\"{&quot;aperture&quot;:&quot;2.6&quot;,&quot;credit&quot;:&quot;&quot;,&quot;camera&quot;:&quot;SGH-I747M&quot;,&quot;caption&quot;:&quot;&quot;,&quot;created_timestamp&quot;:&quot;1407141669&quot;,&quot;copyright&quot;:&quot;&quot;,&quot;focal_length&quot;:&quot;3.7&quot;,&quot;iso&quot;:&quot;50&quot;,&quot;shutter_speed&quot;:&quot;0.000539956803456&quot;,&quot;title&quot;:&quot;&quot;,&quot;orientation&quot;:&quot;1&quot;}\" data-image-title=\"2014-08-04 08.41.09\" data-image-description=\"\" data-image-caption=\"\" data-large-file=\"https:\/\/i0.wp.com\/bottesetvelo.com\/blog\/wp-content\/uploads\/2014\/11\/2014-08-04-08.41.09.jpg?fit=1024%2C764&amp;ssl=1\" class=\"alignright wp-image-979 \" src=\"https:\/\/i0.wp.com\/bottesetvelo.com\/blog\/wp-content\/uploads\/2014\/11\/2014-08-04-08.41.09.jpg?resize=302%2C225&#038;ssl=1\" alt=\"2014-08-04 08.41.09\" width=\"302\" height=\"225\" srcset=\"https:\/\/i0.wp.com\/bottesetvelo.com\/blog\/wp-content\/uploads\/2014\/11\/2014-08-04-08.41.09.jpg?resize=500%2C373&amp;ssl=1 500w, https:\/\/i0.wp.com\/bottesetvelo.com\/blog\/wp-content\/uploads\/2014\/11\/2014-08-04-08.41.09.jpg?resize=1024%2C764&amp;ssl=1 1024w, https:\/\/i0.wp.com\/bottesetvelo.com\/blog\/wp-content\/uploads\/2014\/11\/2014-08-04-08.41.09.jpg?resize=624%2C466&amp;ssl=1 624w, https:\/\/i0.wp.com\/bottesetvelo.com\/blog\/wp-content\/uploads\/2014\/11\/2014-08-04-08.41.09.jpg?w=2340&amp;ssl=1 2340w\" sizes=\"auto, (max-width: 302px) 100vw, 302px\" \/><\/a>Tout comme sur le chemin de Compostelle, sur la route de la vie les signes sont nombreux. Il faut cependant \u00eatre attentif et ouvert pour les remarquer. Que peut bien signifier une contravention pour exc\u00e8s de vitesse? Une jambe cass\u00e9e, dans le pl\u00e2tre pour 6 mois? La perte de mon emploi? Ma relation conflictuelle avec mon patron? Mes maux de dos incessants? Mon r\u00e9cent besoin de prendre un verre pour mon d\u00e9tendre chaque soir? Mon insatiable besoin de vacances loin du quotidien? L\u2019impossibilit\u00e9 de me trouver un emploi malgr\u00e9 les mille et un CV envoy\u00e9?\u2026 Nous seul pouvons comprendre ce que ces signes veulent nous dire, si nous prenons le temps de les voir et de nous y arr\u00eater. Ils sont l\u00e0 pour nous indiquer notre route de vie, pour nous diriger vers un mieux-\u00eatre qui corresponde \u00e0 nous et qui s\u2019harmonise avec nos valeurs. Ne pas les \u00e9couter et poursuivre avec ent\u00eatement et acharnement dans cette voie, c\u2019est ne pas se respecter et choisir de vivre dans un monde qui nous rend malade ou malheureux. \u00ab Il est des moments o\u00f9 il faut choisir entre vivre sa vie pleinement, enti\u00e8rement, compl\u00e8tement, ou trainer l\u2019existence d\u00e9gradante, creuse et fausse que le monde, dans son hypocrisie, nous impose (Oscar Wilde) \u00bb.<a href=\"https:\/\/i0.wp.com\/bottesetvelo.com\/blog\/wp-content\/uploads\/2014\/01\/Bottes-et-V%C3%A9lo-Embl%C3%AAme.jpg?ssl=1\"><img data-recalc-dims=\"1\" loading=\"lazy\" decoding=\"async\" data-attachment-id=\"14\" data-permalink=\"https:\/\/bottesetvelo.com\/blog\/bottes-et-velo-le-blog\/bottes-et-velo-embleme\/\" data-orig-file=\"https:\/\/i0.wp.com\/bottesetvelo.com\/blog\/wp-content\/uploads\/2014\/01\/Bottes-et-V%C3%A9lo-Embl%C3%AAme-e1454083414631.jpg?fit=100%2C79&amp;ssl=1\" data-orig-size=\"100,79\" data-comments-opened=\"1\" data-image-meta=\"{&quot;aperture&quot;:&quot;0&quot;,&quot;credit&quot;:&quot;&quot;,&quot;camera&quot;:&quot;&quot;,&quot;caption&quot;:&quot;&quot;,&quot;created_timestamp&quot;:&quot;0&quot;,&quot;copyright&quot;:&quot;&quot;,&quot;focal_length&quot;:&quot;0&quot;,&quot;iso&quot;:&quot;0&quot;,&quot;shutter_speed&quot;:&quot;0&quot;,&quot;title&quot;:&quot;&quot;}\" data-image-title=\"Bottes et V\u00e9lo &amp;#8211; Embl\u00eame\" data-image-description=\"\" data-image-caption=\"\" data-large-file=\"https:\/\/i0.wp.com\/bottesetvelo.com\/blog\/wp-content\/uploads\/2014\/01\/Bottes-et-V%C3%A9lo-Embl%C3%AAme-e1454083414631.jpg?fit=100%2C79&amp;ssl=1\" class=\"alignright wp-image-14 \" src=\"https:\/\/i0.wp.com\/bottesetvelo.com\/blog\/wp-content\/uploads\/2014\/01\/Bottes-et-V%C3%A9lo-Embl%C3%AAme.jpg?resize=88%2C69&#038;ssl=1\" alt=\"Bottes et V\u00e9lo - Embl\u00eame\" width=\"88\" height=\"69\" \/><\/a><\/p>\n<p style=\"text-align: justify;\">Brigitte Harouni<\/p>\n","protected":false},"excerpt":{"rendered":"<p>Les deux jours les plus important de votre vie sont le jour o\u00f9 vous \u00eates n\u00e9 et celui o\u00f9 vous avez compris pourquoi. Mark Twain Une des grandes inqui\u00e9tudes pour celui qui d\u00e9cide d\u2019entreprendre le long p\u00e8lerinage de Compostelle est celle de se perdre, de se tromper de route ou de ne plus savoir o\u00f9&hellip;<\/p>\n","protected":false},"author":2,"featured_media":0,"comment_status":"open","ping_status":"open","sticky":false,"template":"","format":"standard","meta":{"jetpack_post_was_ever_published":false,"_jetpack_newsletter_access":"","_jetpack_dont_email_post_to_subs":false,"_jetpack_newsletter_tier_id":0,"_jetpack_memberships_contains_paywalled_content":false,"_jetpack_memberships_contains_paid_content":false,"footnotes":"","jetpack_publicize_message":"","jetpack_publicize_feature_enabled":true,"jetpack_social_post_already_shared":true,"jetpack_social_options":{"image_generator_settings":{"template":"highway","default_image_id":0,"font":"","enabled":false},"version":2}},"categories":[50,39,3],"tags":[275,114,116,40,43,115],"class_list":["post-976","post","type-post","status-publish","format-standard","hentry","category-art-de-vivre","category-croissance-personnelle","category-reflexions","tag-art-de-vivre","tag-chemin-de-vie","tag-choix-de-vie","tag-croissance-personnelle-2","tag-faire-confiance-a-la-vie","tag-itineraire-de-vie"],"jetpack_publicize_connections":[],"jetpack_featured_media_url":"","jetpack_shortlink":"https:\/\/wp.me\/p4eY6z-fK","jetpack_sharing_enabled":true,"jetpack_likes_enabled":true,"jetpack-related-posts":[],"_links":{"self":[{"href":"https:\/\/bottesetvelo.com\/blog\/wp-json\/wp\/v2\/posts\/976","targetHints":{"allow":["GET"]}}],"collection":[{"href":"https:\/\/bottesetvelo.com\/blog\/wp-json\/wp\/v2\/posts"}],"about":[{"href":"https:\/\/bottesetvelo.com\/blog\/wp-json\/wp\/v2\/types\/post"}],"author":[{"embeddable":true,"href":"https:\/\/bottesetvelo.com\/blog\/wp-json\/wp\/v2\/users\/2"}],"replies":[{"embeddable":true,"href":"https:\/\/bottesetvelo.com\/blog\/wp-json\/wp\/v2\/comments?post=976"}],"version-history":[{"count":1,"href":"https:\/\/bottesetvelo.com\/blog\/wp-json\/wp\/v2\/posts\/976\/revisions"}],"predecessor-version":[{"id":980,"href":"https:\/\/bottesetvelo.com\/blog\/wp-json\/wp\/v2\/posts\/976\/revisions\/980"}],"wp:attachment":[{"href":"https:\/\/bottesetvelo.com\/blog\/wp-json\/wp\/v2\/media?parent=976"}],"wp:term":[{"taxonomy":"category","embeddable":true,"href":"https:\/\/bottesetvelo.com\/blog\/wp-json\/wp\/v2\/categories?post=976"},{"taxonomy":"post_tag","embeddable":true,"href":"https:\/\/bottesetvelo.com\/blog\/wp-json\/wp\/v2\/tags?post=976"}],"curies":[{"name":"wp","href":"https:\/\/api.w.org\/{rel}","templated":true}]}}