{"id":962,"date":"2014-11-08T08:04:56","date_gmt":"2014-11-08T13:04:56","guid":{"rendered":"http:\/\/bottesetvelo.com\/blog\/?p=962"},"modified":"2014-11-08T19:29:20","modified_gmt":"2014-11-09T00:29:20","slug":"la-marche-de-sante","status":"publish","type":"post","link":"https:\/\/bottesetvelo.com\/blog\/2014\/11\/08\/la-marche-de-sante\/","title":{"rendered":"La marche de sant\u00e9"},"content":{"rendered":"<h6 style=\"text-align: right;\"><em>Un homme qui ne marche pas ne laisse pas de traces.<\/em><br \/>\n<em>Georges Wolinski<\/em><\/h6>\n<p style=\"text-align: justify;\"><a href=\"https:\/\/i0.wp.com\/bottesetvelo.com\/blog\/wp-content\/uploads\/2014\/11\/IMG_0987.jpg?ssl=1\"><img data-recalc-dims=\"1\" loading=\"lazy\" decoding=\"async\" data-attachment-id=\"964\" data-permalink=\"https:\/\/bottesetvelo.com\/blog\/2014\/11\/08\/la-marche-de-sante\/img_0987\/\" data-orig-file=\"https:\/\/i0.wp.com\/bottesetvelo.com\/blog\/wp-content\/uploads\/2014\/11\/IMG_0987.jpg?fit=2592%2C1936&amp;ssl=1\" data-orig-size=\"2592,1936\" data-comments-opened=\"1\" data-image-meta=\"{&quot;aperture&quot;:&quot;2.8&quot;,&quot;credit&quot;:&quot;&quot;,&quot;camera&quot;:&quot;iPhone 4&quot;,&quot;caption&quot;:&quot;&quot;,&quot;created_timestamp&quot;:&quot;1373208533&quot;,&quot;copyright&quot;:&quot;&quot;,&quot;focal_length&quot;:&quot;3.85&quot;,&quot;iso&quot;:&quot;80&quot;,&quot;shutter_speed&quot;:&quot;0.000431034482759&quot;,&quot;title&quot;:&quot;&quot;,&quot;orientation&quot;:&quot;1&quot;}\" data-image-title=\"IMG_0987\" data-image-description=\"\" data-image-caption=\"\" data-large-file=\"https:\/\/i0.wp.com\/bottesetvelo.com\/blog\/wp-content\/uploads\/2014\/11\/IMG_0987.jpg?fit=1024%2C764&amp;ssl=1\" class=\"alignright wp-image-964 \" src=\"https:\/\/i0.wp.com\/bottesetvelo.com\/blog\/wp-content\/uploads\/2014\/11\/IMG_0987.jpg?resize=253%2C189&#038;ssl=1\" alt=\"IMG_0987\" width=\"253\" height=\"189\" srcset=\"https:\/\/i0.wp.com\/bottesetvelo.com\/blog\/wp-content\/uploads\/2014\/11\/IMG_0987.jpg?resize=500%2C373&amp;ssl=1 500w, https:\/\/i0.wp.com\/bottesetvelo.com\/blog\/wp-content\/uploads\/2014\/11\/IMG_0987.jpg?resize=1024%2C764&amp;ssl=1 1024w, https:\/\/i0.wp.com\/bottesetvelo.com\/blog\/wp-content\/uploads\/2014\/11\/IMG_0987.jpg?resize=624%2C466&amp;ssl=1 624w, https:\/\/i0.wp.com\/bottesetvelo.com\/blog\/wp-content\/uploads\/2014\/11\/IMG_0987.jpg?w=2340&amp;ssl=1 2340w\" sizes=\"auto, (max-width: 253px) 100vw, 253px\" \/><\/a> \u00ab On s\u2019en va prendre une marche! \u00bb : c\u2019\u00e9tait la boutade qu\u2019on se lan\u00e7ait sur le chemin de Compostelle. Alors qu\u2019on s\u2019appr\u00eatait \u00e0 s\u2019enfiler un 25-30 kilom\u00e8tres pour la \u00e9ni\u00e8me journ\u00e9e, nous trouvions bien dr\u00f4le de ramener cette exp\u00e9rience \u00e0 une simple balade. Et pourtant! Cette boutade exprimait tr\u00e8s bien l\u2019essentiel de notre entreprise : nous allions marcher, rien de plus. Ce n\u2019\u00e9tait pas une activit\u00e9 qui demandait une habilet\u00e9 physique particuli\u00e8re, ni un sport extr\u00eame, \u00e7a ne demandait m\u00eame pas un entra\u00eenement particulier! Nous allions simplement poser un pied devant l\u2019autre comme nous le faisons chaque jour depuis que nous sommes en mesure de le faire.<\/p>\n<p style=\"text-align: justify;\">Le poisson nage. L\u2019oiseau vole. L\u2019\u00eatre humain marche. C\u2019est la chose qui nous vienne le plus naturellement\u2026 quand notre corps nous le permet. Mais, savons-nous r\u00e9ellement \u00e0 quel point l\u2019int\u00e9gration de la marche dans notre quotidien peut avoir un effet b\u00e9n\u00e9fique sur notre sant\u00e9? Combien elle vaut plus que bon nombre de sports pratiqu\u00e9s avec force et intensit\u00e9 ? Et qu\u2019elle procurera les m\u00eames effets escompt\u00e9s?<\/p>\n<h2 style=\"text-align: justify;\">Les bienfaits de la marche<\/h2>\n<p style=\"text-align: justify;\"><strong>Meilleure condition physique<\/strong><\/p>\n<p style=\"text-align: justify;\"><a href=\"https:\/\/i0.wp.com\/bottesetvelo.com\/blog\/wp-content\/uploads\/2014\/11\/IMG_1110-1.jpg?ssl=1\"><img data-recalc-dims=\"1\" loading=\"lazy\" decoding=\"async\" data-attachment-id=\"963\" data-permalink=\"https:\/\/bottesetvelo.com\/blog\/2014\/11\/08\/la-marche-de-sante\/img_1110-1\/\" data-orig-file=\"https:\/\/i0.wp.com\/bottesetvelo.com\/blog\/wp-content\/uploads\/2014\/11\/IMG_1110-1.jpg?fit=3648%2C2736&amp;ssl=1\" data-orig-size=\"3648,2736\" data-comments-opened=\"1\" data-image-meta=\"{&quot;aperture&quot;:&quot;4.5&quot;,&quot;credit&quot;:&quot;&quot;,&quot;camera&quot;:&quot;Canon PowerShot SD890 IS&quot;,&quot;caption&quot;:&quot;&quot;,&quot;created_timestamp&quot;:&quot;1373723870&quot;,&quot;copyright&quot;:&quot;&quot;,&quot;focal_length&quot;:&quot;15.434&quot;,&quot;iso&quot;:&quot;80&quot;,&quot;shutter_speed&quot;:&quot;0.002&quot;,&quot;title&quot;:&quot;&quot;,&quot;orientation&quot;:&quot;1&quot;}\" data-image-title=\"IMG_1110-1\" data-image-description=\"\" data-image-caption=\"\" data-large-file=\"https:\/\/i0.wp.com\/bottesetvelo.com\/blog\/wp-content\/uploads\/2014\/11\/IMG_1110-1.jpg?fit=1024%2C768&amp;ssl=1\" class=\"alignright wp-image-963 \" src=\"https:\/\/i0.wp.com\/bottesetvelo.com\/blog\/wp-content\/uploads\/2014\/11\/IMG_1110-1.jpg?resize=253%2C190&#038;ssl=1\" alt=\"IMG_1110-1\" width=\"253\" height=\"190\" srcset=\"https:\/\/i0.wp.com\/bottesetvelo.com\/blog\/wp-content\/uploads\/2014\/11\/IMG_1110-1.jpg?resize=500%2C375&amp;ssl=1 500w, https:\/\/i0.wp.com\/bottesetvelo.com\/blog\/wp-content\/uploads\/2014\/11\/IMG_1110-1.jpg?resize=1024%2C768&amp;ssl=1 1024w, https:\/\/i0.wp.com\/bottesetvelo.com\/blog\/wp-content\/uploads\/2014\/11\/IMG_1110-1.jpg?resize=624%2C468&amp;ssl=1 624w, https:\/\/i0.wp.com\/bottesetvelo.com\/blog\/wp-content\/uploads\/2014\/11\/IMG_1110-1.jpg?w=2340&amp;ssl=1 2340w, https:\/\/i0.wp.com\/bottesetvelo.com\/blog\/wp-content\/uploads\/2014\/11\/IMG_1110-1.jpg?w=3510&amp;ssl=1 3510w\" sizes=\"auto, (max-width: 253px) 100vw, 253px\" \/><\/a>La marche ne n\u00e9cessite aucune habilet\u00e9 particuli\u00e8re. Elle est accessible \u00e0 tous et il suffit qu\u2019on la pratique avec la moindre assiduit\u00e9 pour que l\u2019on remarque, en quelques jours \u00e0 peine, que notre condition physique est transform\u00e9e. S\u2019accorder le temps d\u2019une marche quotidienne de 30 minutes par jour est le point de d\u00e9part pour observer des changements manifestes \u00e0 plus d\u2019un niveau dans notre vie. \u00c0 compter de 8 heures par semaine, on peut dire que vous avez atteint une hygi\u00e8ne de vie des plus int\u00e9ressantes. C\u2019est tout votre tonus musculaire qui en sera affect\u00e9 et peut-\u00eatre m\u00eame plus selon le type de marche que vous pratiquerez.<\/p>\n<p style=\"text-align: justify;\"><strong>Meilleur contr\u00f4le du poids<\/strong><br \/>\n\u00c0 peine 30 minutes par jour et vous pourrez d\u00e9j\u00e0 observer une meilleure digestion et un contr\u00f4le du poids plus ais\u00e9. Avec une heure de marche par jour, si vous \u00eates en surplus de poids, vous devriez constater une perte de poids \u00e0 long terme. Bien entendu, selon le type de marche que vous pratiquerez cette perte de poids sera plus ou moins grande.<\/p>\n<p style=\"text-align: justify;\"><strong>Meilleure oxyg\u00e9nation<\/strong><\/p>\n<p style=\"text-align: justify;\">Sans vous en rendre compte, la marche vous incitera \u00e0 une respiration plus profonde qui aura plusieurs effets b\u00e9n\u00e9fiques sur tout votre corps. Une meilleure oxyg\u00e9nation signifie plus d\u2019\u00e9nergie pour accomplir sa journ\u00e9e et la nuit venue un sommeil r\u00e9parateur.<\/p>\n<p style=\"text-align: justify;\"><strong>Meilleur \u00e9tat d\u2019esprit<\/strong><a href=\"https:\/\/i0.wp.com\/bottesetvelo.com\/blog\/wp-content\/uploads\/2014\/11\/2009-Compostelle-et-Barcelone-452.jpg?ssl=1\"><img data-recalc-dims=\"1\" loading=\"lazy\" decoding=\"async\" data-attachment-id=\"965\" data-permalink=\"https:\/\/bottesetvelo.com\/blog\/2014\/11\/08\/la-marche-de-sante\/2009-compostelle-et-barcelone-452-2\/\" data-orig-file=\"https:\/\/i0.wp.com\/bottesetvelo.com\/blog\/wp-content\/uploads\/2014\/11\/2009-Compostelle-et-Barcelone-452.jpg?fit=3648%2C2736&amp;ssl=1\" data-orig-size=\"3648,2736\" data-comments-opened=\"1\" data-image-meta=\"{&quot;aperture&quot;:&quot;3.2&quot;,&quot;credit&quot;:&quot;&quot;,&quot;camera&quot;:&quot;Canon PowerShot SD890 IS&quot;,&quot;caption&quot;:&quot;&quot;,&quot;created_timestamp&quot;:&quot;1253368224&quot;,&quot;copyright&quot;:&quot;&quot;,&quot;focal_length&quot;:&quot;6.6&quot;,&quot;iso&quot;:&quot;80&quot;,&quot;shutter_speed&quot;:&quot;0.008&quot;,&quot;title&quot;:&quot;&quot;,&quot;orientation&quot;:&quot;1&quot;}\" data-image-title=\"2009 &amp;#8211; Compostelle et Barcelone 452\" data-image-description=\"\" data-image-caption=\"\" data-large-file=\"https:\/\/i0.wp.com\/bottesetvelo.com\/blog\/wp-content\/uploads\/2014\/11\/2009-Compostelle-et-Barcelone-452.jpg?fit=1024%2C768&amp;ssl=1\" class=\"alignright wp-image-965 \" src=\"https:\/\/i0.wp.com\/bottesetvelo.com\/blog\/wp-content\/uploads\/2014\/11\/2009-Compostelle-et-Barcelone-452.jpg?resize=251%2C188&#038;ssl=1\" alt=\"2009 - Compostelle et Barcelone 452\" width=\"251\" height=\"188\" srcset=\"https:\/\/i0.wp.com\/bottesetvelo.com\/blog\/wp-content\/uploads\/2014\/11\/2009-Compostelle-et-Barcelone-452.jpg?resize=500%2C375&amp;ssl=1 500w, https:\/\/i0.wp.com\/bottesetvelo.com\/blog\/wp-content\/uploads\/2014\/11\/2009-Compostelle-et-Barcelone-452.jpg?resize=1024%2C768&amp;ssl=1 1024w, https:\/\/i0.wp.com\/bottesetvelo.com\/blog\/wp-content\/uploads\/2014\/11\/2009-Compostelle-et-Barcelone-452.jpg?resize=624%2C468&amp;ssl=1 624w, https:\/\/i0.wp.com\/bottesetvelo.com\/blog\/wp-content\/uploads\/2014\/11\/2009-Compostelle-et-Barcelone-452.jpg?w=2340&amp;ssl=1 2340w, https:\/\/i0.wp.com\/bottesetvelo.com\/blog\/wp-content\/uploads\/2014\/11\/2009-Compostelle-et-Barcelone-452.jpg?w=3510&amp;ssl=1 3510w\" sizes=\"auto, (max-width: 251px) 100vw, 251px\" \/><\/a><br \/>\nUne meilleure respiration aura un heureux impact sur votre \u00e9tat d\u2019esprit. De profondes respirations contribuent \u00e0 maintenir un \u00e9tat plus calme, plus serein, en plus de g\u00e9n\u00e9rer un sentiment de bien-\u00eatre et de r\u00e9duire le stress. \u00c0 bien respirer, c\u2019est tout notre corps qui se sent mieux.<\/p>\n<p style=\"text-align: justify;\"><strong>Meilleure immunisation<\/strong><\/p>\n<p style=\"text-align: justify;\">Tous ces bienfaits combin\u00e9s auront un effet direct sur votre sant\u00e9. \u00c0 long terme, vous pourrez observer que votre corps est plus r\u00e9sistant et qu\u2019il se remet plus facilement des petites maladies hivernales.<\/p>\n<p style=\"text-align: justify;\"><strong>Les bienfaits : t\u00e9moignages personnelles de p\u00e8lerins<\/strong><br \/>\nPlusieurs p\u00e8lerins ont pu exp\u00e9rimenter les bienfaits de la marche sur l\u2019\u00e9tat de sant\u00e9 en g\u00e9n\u00e9ral ou encore sur leur humeur. Malgr\u00e9 la difficult\u00e9 physique de l\u2019exp\u00e9rience, notre corps se fortifie, on se sent mieux, plus serein, plus joyeux. Tout le monde vous le dira : sur le Camino la bonne humeur est au rendez-vous! Voici donc trois t\u00e9moignages, dont le mien, observ\u00e9s lors de diff\u00e9rents p\u00e8lerinages.<a href=\"https:\/\/i0.wp.com\/bottesetvelo.com\/blog\/wp-content\/uploads\/2014\/11\/2009-Compostelle-et-Barcelone-478.jpg?ssl=1\"><img data-recalc-dims=\"1\" loading=\"lazy\" decoding=\"async\" data-attachment-id=\"966\" data-permalink=\"https:\/\/bottesetvelo.com\/blog\/2014\/11\/08\/la-marche-de-sante\/2009-compostelle-et-barcelone-478\/\" data-orig-file=\"https:\/\/i0.wp.com\/bottesetvelo.com\/blog\/wp-content\/uploads\/2014\/11\/2009-Compostelle-et-Barcelone-478.jpg?fit=3648%2C2736&amp;ssl=1\" data-orig-size=\"3648,2736\" data-comments-opened=\"1\" data-image-meta=\"{&quot;aperture&quot;:&quot;3.2&quot;,&quot;credit&quot;:&quot;&quot;,&quot;camera&quot;:&quot;Canon PowerShot SD890 IS&quot;,&quot;caption&quot;:&quot;&quot;,&quot;created_timestamp&quot;:&quot;1253441725&quot;,&quot;copyright&quot;:&quot;&quot;,&quot;focal_length&quot;:&quot;6.6&quot;,&quot;iso&quot;:&quot;80&quot;,&quot;shutter_speed&quot;:&quot;0.0125&quot;,&quot;title&quot;:&quot;&quot;,&quot;orientation&quot;:&quot;1&quot;}\" data-image-title=\"2009 &amp;#8211; Compostelle et Barcelone 478\" data-image-description=\"\" data-image-caption=\"\" data-large-file=\"https:\/\/i0.wp.com\/bottesetvelo.com\/blog\/wp-content\/uploads\/2014\/11\/2009-Compostelle-et-Barcelone-478.jpg?fit=1024%2C768&amp;ssl=1\" class=\"alignright wp-image-966 \" src=\"https:\/\/i0.wp.com\/bottesetvelo.com\/blog\/wp-content\/uploads\/2014\/11\/2009-Compostelle-et-Barcelone-478.jpg?resize=275%2C206&#038;ssl=1\" alt=\"2009 - Compostelle et Barcelone 478\" width=\"275\" height=\"206\" srcset=\"https:\/\/i0.wp.com\/bottesetvelo.com\/blog\/wp-content\/uploads\/2014\/11\/2009-Compostelle-et-Barcelone-478.jpg?resize=500%2C375&amp;ssl=1 500w, https:\/\/i0.wp.com\/bottesetvelo.com\/blog\/wp-content\/uploads\/2014\/11\/2009-Compostelle-et-Barcelone-478.jpg?resize=1024%2C768&amp;ssl=1 1024w, https:\/\/i0.wp.com\/bottesetvelo.com\/blog\/wp-content\/uploads\/2014\/11\/2009-Compostelle-et-Barcelone-478.jpg?resize=624%2C468&amp;ssl=1 624w, https:\/\/i0.wp.com\/bottesetvelo.com\/blog\/wp-content\/uploads\/2014\/11\/2009-Compostelle-et-Barcelone-478.jpg?w=2340&amp;ssl=1 2340w, https:\/\/i0.wp.com\/bottesetvelo.com\/blog\/wp-content\/uploads\/2014\/11\/2009-Compostelle-et-Barcelone-478.jpg?w=3510&amp;ssl=1 3510w\" sizes=\"auto, (max-width: 275px) 100vw, 275px\" \/><\/a><\/p>\n<p style=\"text-align: justify;\">Sur la Voix Du St-Laurent, une dame ayant une longue exp\u00e9rience de la marche me racontait comment elle arrivait \u00e0 att\u00e9nuer les sympt\u00f4mes de la fibromyalgie dont elle souffrait en pratiquant 3 heures de marche par jour. Elle me disait \u00eatre convaincue que si elle ne pratiquait pas cette marche quotidienne, sa qualit\u00e9 de vie en serait dr\u00f4lement affect\u00e9e.<br \/>\nPlusieurs p\u00e8lerins diab\u00e9tiques, rencontr\u00e9s lors de diff\u00e9rents parcours sur le Chemin de Compostelle, m\u2019ont dit parvenir \u00e0 un meilleur contr\u00f4le de leur diab\u00e8te depuis qu\u2019ils marchaient r\u00e9guli\u00e8rement. Certains allant m\u00eame jusqu\u2019\u00e0 affirmer ne plus avoir besoin de m\u00e9dication dans ce contexte.<\/p>\n<p style=\"text-align: justify;\"><a href=\"https:\/\/i0.wp.com\/bottesetvelo.com\/blog\/wp-content\/uploads\/2014\/11\/2014-07-21-12.18.44.jpg?ssl=1\"><img data-recalc-dims=\"1\" loading=\"lazy\" decoding=\"async\" data-attachment-id=\"967\" data-permalink=\"https:\/\/bottesetvelo.com\/blog\/2014\/11\/08\/la-marche-de-sante\/2014-07-21-12-18-44\/\" data-orig-file=\"https:\/\/i0.wp.com\/bottesetvelo.com\/blog\/wp-content\/uploads\/2014\/11\/2014-07-21-12.18.44.jpg?fit=2378%2C1862&amp;ssl=1\" data-orig-size=\"2378,1862\" data-comments-opened=\"1\" data-image-meta=\"{&quot;aperture&quot;:&quot;2.8&quot;,&quot;credit&quot;:&quot;&quot;,&quot;camera&quot;:&quot;iPhone 4&quot;,&quot;caption&quot;:&quot;&quot;,&quot;created_timestamp&quot;:&quot;1405945124&quot;,&quot;copyright&quot;:&quot;&quot;,&quot;focal_length&quot;:&quot;3.85&quot;,&quot;iso&quot;:&quot;80&quot;,&quot;shutter_speed&quot;:&quot;0.000563697857948&quot;,&quot;title&quot;:&quot;&quot;,&quot;orientation&quot;:&quot;1&quot;}\" data-image-title=\"2014-07-21 12.18.44\" data-image-description=\"\" data-image-caption=\"\" data-large-file=\"https:\/\/i0.wp.com\/bottesetvelo.com\/blog\/wp-content\/uploads\/2014\/11\/2014-07-21-12.18.44.jpg?fit=1024%2C801&amp;ssl=1\" class=\"alignright wp-image-967 \" src=\"https:\/\/i0.wp.com\/bottesetvelo.com\/blog\/wp-content\/uploads\/2014\/11\/2014-07-21-12.18.44.jpg?resize=273%2C214&#038;ssl=1\" alt=\"2014-07-21 12.18.44\" width=\"273\" height=\"214\" srcset=\"https:\/\/i0.wp.com\/bottesetvelo.com\/blog\/wp-content\/uploads\/2014\/11\/2014-07-21-12.18.44.jpg?resize=500%2C391&amp;ssl=1 500w, https:\/\/i0.wp.com\/bottesetvelo.com\/blog\/wp-content\/uploads\/2014\/11\/2014-07-21-12.18.44.jpg?resize=1024%2C801&amp;ssl=1 1024w, https:\/\/i0.wp.com\/bottesetvelo.com\/blog\/wp-content\/uploads\/2014\/11\/2014-07-21-12.18.44.jpg?resize=624%2C488&amp;ssl=1 624w, https:\/\/i0.wp.com\/bottesetvelo.com\/blog\/wp-content\/uploads\/2014\/11\/2014-07-21-12.18.44.jpg?w=2340&amp;ssl=1 2340w\" sizes=\"auto, (max-width: 273px) 100vw, 273px\" \/><\/a>Pour ma part, juste avant d\u2019entreprendre mon premier p\u00e8lerinage, mon m\u00e9decin me disait que j\u2019allais devoir surveiller mon taux de cholest\u00e9rol. De ce premier p\u00e8lerinage, je suis revenu avec 14 kg en moins et plus aucune trace de cholest\u00e9rol. Derni\u00e8rement, je rendais visite \u00e0 mon m\u00e9decin et celui-ci me disait encore que j\u2019avais un taux de cholest\u00e9rol \u00e0 rendre jaloux. Depuis 2007, tous les ans, je fais un p\u00e8lerinage de 15 \u00e0 30 jours \u00e0 pieds ou \u00e0 v\u00e9lo.<\/p>\n<p style=\"text-align: justify;\">Comme vous pouvez le constater, les bienfaits sont nombreux et l\u2019impact positif peut parfois \u00eatre \u00e9poustouflant pour un exercice aussi simple et facile d\u2019acc\u00e8s. Tout le monde y trouvera son compte, peu importe votre \u00e2ge!<\/p>\n<p style=\"text-align: justify;\"><strong>Quelques types de marche<\/strong><br \/>\nEn terminant, voici quelques types de marche que nous pouvons pratiquer pour b\u00e9n\u00e9ficier de ces effets.<\/p>\n<p style=\"text-align: justify;\">Tout d\u2019abord, la <strong>marche standard<\/strong>. La marche standard est celle que nous pratiquons habituellement. Sa vitesse de croisi\u00e8re est d\u2019environ 4 km\/h. Lors d\u2019un p\u00e8lerinage de longue randonn\u00e9e, c\u2019est le rythme qui convient le mieux au d\u00e9but. Mais, lentement, sans vous rendre compte, ce rythme augmentera au fil des semaines pour atteindre environ 6 km\/h et vous n\u2019aurez m\u00eame pas l\u2019impression d\u2019aller plus vite. C\u2019est ce qui est \u00e9tonnant.<\/p>\n<p style=\"text-align: justify;\">La <strong>marche rapide<\/strong> se pratique \u00e0 un rythme variant entre 6 et 8 km\/h. Je ne la recommande pas pour un p\u00e8lerinage de grande randonn\u00e9e mais, dans un contexte quotidien, elle vous sera b\u00e9n\u00e9fique. Certains la recommandent m\u00eame davantage que le jogging, si vous cherchez une alternative.<\/p>\n<h2 style=\"text-align: justify;\"><a href=\"https:\/\/i0.wp.com\/bottesetvelo.com\/blog\/wp-content\/uploads\/2014\/11\/2014-07-29-10.06.20.jpg?ssl=1\"><img data-recalc-dims=\"1\" loading=\"lazy\" decoding=\"async\" data-attachment-id=\"968\" data-permalink=\"https:\/\/bottesetvelo.com\/blog\/2014\/11\/08\/la-marche-de-sante\/2014-07-29-10-06-20\/\" data-orig-file=\"https:\/\/i0.wp.com\/bottesetvelo.com\/blog\/wp-content\/uploads\/2014\/11\/2014-07-29-10.06.20.jpg?fit=3264%2C2448&amp;ssl=1\" data-orig-size=\"3264,2448\" data-comments-opened=\"1\" data-image-meta=\"{&quot;aperture&quot;:&quot;2.6&quot;,&quot;credit&quot;:&quot;&quot;,&quot;camera&quot;:&quot;SGH-I747M&quot;,&quot;caption&quot;:&quot;&quot;,&quot;created_timestamp&quot;:&quot;1406628380&quot;,&quot;copyright&quot;:&quot;&quot;,&quot;focal_length&quot;:&quot;3.7&quot;,&quot;iso&quot;:&quot;50&quot;,&quot;shutter_speed&quot;:&quot;0.000513347022587&quot;,&quot;title&quot;:&quot;&quot;,&quot;orientation&quot;:&quot;1&quot;}\" data-image-title=\"2014-07-29 10.06.20\" data-image-description=\"\" data-image-caption=\"\" data-large-file=\"https:\/\/i0.wp.com\/bottesetvelo.com\/blog\/wp-content\/uploads\/2014\/11\/2014-07-29-10.06.20.jpg?fit=1024%2C768&amp;ssl=1\" class=\"alignright wp-image-968 \" src=\"https:\/\/i0.wp.com\/bottesetvelo.com\/blog\/wp-content\/uploads\/2014\/11\/2014-07-29-10.06.20.jpg?resize=280%2C210&#038;ssl=1\" alt=\"2014-07-29 10.06.20\" width=\"280\" height=\"210\" srcset=\"https:\/\/i0.wp.com\/bottesetvelo.com\/blog\/wp-content\/uploads\/2014\/11\/2014-07-29-10.06.20.jpg?resize=500%2C375&amp;ssl=1 500w, https:\/\/i0.wp.com\/bottesetvelo.com\/blog\/wp-content\/uploads\/2014\/11\/2014-07-29-10.06.20.jpg?resize=1024%2C768&amp;ssl=1 1024w, https:\/\/i0.wp.com\/bottesetvelo.com\/blog\/wp-content\/uploads\/2014\/11\/2014-07-29-10.06.20.jpg?w=2340&amp;ssl=1 2340w\" sizes=\"auto, (max-width: 280px) 100vw, 280px\" \/><\/a><\/h2>\n<p style=\"text-align: justify;\">Pour ma part, ma pr\u00e9f\u00e9rence va pour la <strong>marche nordique<\/strong>. La marche nordique se pratique avec les b\u00e2tons de marche et a pour avantage de mettre \u00e0 profit un plus grand nombre de muscles. Lorsque pratiquer de mani\u00e8re ad\u00e9quate, c\u2019est-\u00e0-dire en appuyant fermement sur les b\u00e2tons, c\u2019est 25% de votre poids qui sera port\u00e9 par le haut de votre corps. Lors de p\u00e8lerinages de longue randonn\u00e9e, ce type de marche est fortement recommand\u00e9.<\/p>\n<p style=\"text-align: justify;\">Finalement, la <strong>marche afghane<\/strong> est un autre type de marche qui permet de rendre l\u2019exp\u00e9rience de la marche encore plus b\u00e9n\u00e9fique. Inspir\u00e9 d\u2019une technique observ\u00e9 chez les nomades afghans, celle-ci allie technique de respiration et activit\u00e9 physique. Elle contribue \u00e0 d\u00e9velopper une meilleure endurance et une meilleure oxyg\u00e9nation ceci, en plus de r\u00e9duire le stress.<\/p>\n<p style=\"text-align: justify;\">Comme vous le voyez, prendre le temps de marcher est une merveilleuse entr\u00e9e en mati\u00e8re pour entreprendre un virage important dans nos habitudes de vie. Un virage tout en douceur, sans tout brusquer. Marcher ouvre un espace de vie. C\u2019est prendre le temps d\u2019\u00eatre pr\u00e9sent. C\u2019est cesser de courir pour mieux respirer. Marcher permet de s\u2019\u00e9veiller \u00e0 tout un monde de lenteur que nous n\u2019aurions pas per\u00e7u autrement. C\u2019est prendre le temps d\u2019\u00eatre avec soi. C\u2019est prendre le temps de penser, de reb\u00e2tir son monde. N\u2019h\u00e9sitez pas, tentez l\u2019exp\u00e9rience \u2013 \u00e0 long terme \u2013 et vous serez le prochain ou la prochaine \u00e0 pouvoir t\u00e9moigner des bienfaits de la marche. D\u2019ailleurs, nous vous invitons \u00e0 nous partager votre exp\u00e9rience \u00e0 la suite de cet article.<\/p>\n<p style=\"text-align: justify;\">Bonne randonn\u00e9e!<a href=\"https:\/\/i0.wp.com\/bottesetvelo.com\/blog\/wp-content\/uploads\/2014\/01\/Bottes-et-V%C3%A9lo-Embl%C3%AAme.jpg?ssl=1\"><img data-recalc-dims=\"1\" loading=\"lazy\" decoding=\"async\" data-attachment-id=\"14\" data-permalink=\"https:\/\/bottesetvelo.com\/blog\/bottes-et-velo-le-blog\/bottes-et-velo-embleme\/\" data-orig-file=\"https:\/\/i0.wp.com\/bottesetvelo.com\/blog\/wp-content\/uploads\/2014\/01\/Bottes-et-V%C3%A9lo-Embl%C3%AAme-e1454083414631.jpg?fit=100%2C79&amp;ssl=1\" data-orig-size=\"100,79\" data-comments-opened=\"1\" data-image-meta=\"{&quot;aperture&quot;:&quot;0&quot;,&quot;credit&quot;:&quot;&quot;,&quot;camera&quot;:&quot;&quot;,&quot;caption&quot;:&quot;&quot;,&quot;created_timestamp&quot;:&quot;0&quot;,&quot;copyright&quot;:&quot;&quot;,&quot;focal_length&quot;:&quot;0&quot;,&quot;iso&quot;:&quot;0&quot;,&quot;shutter_speed&quot;:&quot;0&quot;,&quot;title&quot;:&quot;&quot;}\" data-image-title=\"Bottes et V\u00e9lo &amp;#8211; Embl\u00eame\" data-image-description=\"\" data-image-caption=\"\" data-large-file=\"https:\/\/i0.wp.com\/bottesetvelo.com\/blog\/wp-content\/uploads\/2014\/01\/Bottes-et-V%C3%A9lo-Embl%C3%AAme-e1454083414631.jpg?fit=100%2C79&amp;ssl=1\" class=\"alignright wp-image-14\" src=\"https:\/\/i0.wp.com\/bottesetvelo.com\/blog\/wp-content\/uploads\/2014\/01\/Bottes-et-V%C3%A9lo-Embl%C3%AAme.jpg?resize=100%2C78&#038;ssl=1\" alt=\"Bottes et V\u00e9lo - Embl\u00eame\" width=\"100\" height=\"78\" \/><\/a><\/p>\n<p style=\"text-align: justify;\">\u00c9ric Lalibert\u00e9<\/p>\n<p><strong>R\u00e9f\u00e9rences et suggestions de lectures :<\/strong><\/p>\n<ul>\n<li><a href=\"http:\/\/www.amazon.ca\/gp\/product\/2851806882\/ref=as_li_qf_sp_asin_tl?ie=UTF8&amp;camp=15121&amp;creative=330641&amp;creativeASIN=2851806882&amp;linkCode=as2&amp;tag=botetvel-20\"><img data-recalc-dims=\"1\" loading=\"lazy\" decoding=\"async\" data-attachment-id=\"834\" data-permalink=\"https:\/\/bottesetvelo.com\/blog\/2014\/08\/31\/aout-la-librairie-du-pelerin-est-de-retour\/rostami-marcher-pour-son-bien-etre\/\" data-orig-file=\"https:\/\/i0.wp.com\/bottesetvelo.com\/blog\/wp-content\/uploads\/2014\/08\/Rostami-Marcher-pour-son-bien-%C3%AAtre.png?fit=369%2C467&amp;ssl=1\" data-orig-size=\"369,467\" data-comments-opened=\"1\" data-image-meta=\"{&quot;aperture&quot;:&quot;0&quot;,&quot;credit&quot;:&quot;&quot;,&quot;camera&quot;:&quot;&quot;,&quot;caption&quot;:&quot;&quot;,&quot;created_timestamp&quot;:&quot;0&quot;,&quot;copyright&quot;:&quot;&quot;,&quot;focal_length&quot;:&quot;0&quot;,&quot;iso&quot;:&quot;0&quot;,&quot;shutter_speed&quot;:&quot;0&quot;,&quot;title&quot;:&quot;&quot;}\" data-image-title=\"Rostami &amp;#8211; Marcher pour son bien-\u00eatre\" data-image-description=\"\" data-image-caption=\"\" data-large-file=\"https:\/\/i0.wp.com\/bottesetvelo.com\/blog\/wp-content\/uploads\/2014\/08\/Rostami-Marcher-pour-son-bien-%C3%AAtre.png?fit=369%2C467&amp;ssl=1\" class=\"alignright wp-image-834\" src=\"https:\/\/i0.wp.com\/bottesetvelo.com\/blog\/wp-content\/uploads\/2014\/08\/Rostami-Marcher-pour-son-bien-%C3%AAtre.png?resize=92%2C116&#038;ssl=1\" alt=\"Rostami - Marcher pour son bien-\u00eatre\" width=\"92\" height=\"116\" \/><\/a><a title=\"Marcher pour son bien-\u00eatre\" href=\"http:\/\/www.amazon.ca\/gp\/product\/2851806882\/ref=as_li_qf_sp_asin_tl?ie=UTF8&amp;camp=15121&amp;creative=330641&amp;creativeASIN=2851806882&amp;linkCode=as2&amp;tag=botetvel-20\" target=\"_blank\">Bo\u0308<\/a><a title=\"Marcher pour son bien-\u00eatre\" href=\"http:\/\/www.amazon.ca\/gp\/product\/2851806882\/ref=as_li_qf_sp_asin_tl?ie=UTF8&amp;camp=15121&amp;creative=330641&amp;creativeASIN=2851806882&amp;linkCode=as2&amp;tag=botetvel-20\" target=\"_blank\">s, Klaus, et Cyrus Rostami. <em><strong>Marcher pour son bien-e\u0302tre: walking et nordic walking.<\/strong><\/em> Paris: Amphora, <\/a><a href=\"http:\/\/www.amazon.ca\/gp\/product\/2703310544\/ref=as_li_qf_sp_asin_tl?ie=UTF8&amp;camp=15121&amp;creative=330641&amp;creativeASIN=2703310544&amp;linkCode=as2&amp;tag=botetvel-20\"><img data-recalc-dims=\"1\" loading=\"lazy\" decoding=\"async\" data-attachment-id=\"833\" data-permalink=\"https:\/\/bottesetvelo.com\/blog\/2014\/08\/31\/aout-la-librairie-du-pelerin-est-de-retour\/marc-les-bienfaits-de-la-marche\/\" data-orig-file=\"https:\/\/i0.wp.com\/bottesetvelo.com\/blog\/wp-content\/uploads\/2014\/08\/Marc-Les-bienfaits-de-la-marche.png?fit=212%2C303&amp;ssl=1\" data-orig-size=\"212,303\" data-comments-opened=\"1\" data-image-meta=\"{&quot;aperture&quot;:&quot;0&quot;,&quot;credit&quot;:&quot;&quot;,&quot;camera&quot;:&quot;&quot;,&quot;caption&quot;:&quot;&quot;,&quot;created_timestamp&quot;:&quot;0&quot;,&quot;copyright&quot;:&quot;&quot;,&quot;focal_length&quot;:&quot;0&quot;,&quot;iso&quot;:&quot;0&quot;,&quot;shutter_speed&quot;:&quot;0&quot;,&quot;title&quot;:&quot;&quot;}\" data-image-title=\"Marc &amp;#8211; Les bienfaits de la marche\" data-image-description=\"\" data-image-caption=\"\" data-large-file=\"https:\/\/i0.wp.com\/bottesetvelo.com\/blog\/wp-content\/uploads\/2014\/08\/Marc-Les-bienfaits-de-la-marche.png?fit=212%2C303&amp;ssl=1\" class=\"alignright wp-image-833\" src=\"https:\/\/i0.wp.com\/bottesetvelo.com\/blog\/wp-content\/uploads\/2014\/08\/Marc-Les-bienfaits-de-la-marche.png?resize=90%2C129&#038;ssl=1\" alt=\"Marc - Les bienfaits de la marche\" width=\"90\" height=\"129\" \/><\/a><a title=\"Marcher pour son bien-\u00eatre\" href=\"http:\/\/www.amazon.ca\/gp\/product\/2851806882\/ref=as_li_qf_sp_asin_tl?ie=UTF8&amp;camp=15121&amp;creative=330641&amp;creativeASIN=2851806882&amp;linkCode=as2&amp;tag=botetvel-20\" target=\"_blank\">2006.<\/a><\/li>\n<\/ul>\n<ul>\n<li><a title=\"Les bienfaits de la marche\" href=\"http:\/\/www.amazon.ca\/gp\/product\/2703310544\/ref=as_li_qf_sp_asin_tl?ie=UTF8&amp;camp=15121&amp;creative=330641&amp;creativeASIN=2703310544&amp;linkCode=as2&amp;tag=botetvel-20\" target=\"_blank\">Marc, Se\u0301bastien, et Jean-Luc Darrigol. <strong><em>Les bienfaits de <\/em><\/strong><\/a><a title=\"Les bienfaits de la marche\" href=\"http:\/\/www.amazon.ca\/gp\/product\/2703310544\/ref=as_li_qf_sp_asin_tl?ie=UTF8&amp;camp=15121&amp;creative=330641&amp;creativeASIN=2703310544&amp;linkCode=as2&amp;tag=botetvel-20\" target=\"_blank\"><strong><em>la marche.<\/em> <\/strong>Dangles, 2014.<\/a><\/li>\n<li><a title=\"La marche qui soigne\" href=\"http:\/\/www.amazon.ca\/gp\/product\/2228908584\/ref=as_li_qf_sp_asin_tl?ie=UTF8&amp;camp=15121&amp;creative=330641&amp;creativeASIN=2228908584&amp;linkCode=as2&amp;tag=botetvel-20\" target=\"_blank\">Lachant, Jacques-Louis. <em><strong>La marche qui soigne.<\/strong> <\/em>Paris: Payot, 2013.<\/a><\/li>\n<li><a title=\"Marcher une exp\u00e9rience de soi dans le monde\" href=\"http:\/\/www.amazon.ca\/gp\/product\/2296137857\/ref=as_li_qf_sp_asin_tl?ie=UTF8&amp;camp=15121&amp;creative=330641&amp;creativeASIN=2296137857&amp;linkCode=as2&amp;tag=botetvel-20\" target=\"_blank\">Verrier, Chr<\/a><a title=\"Marcher une exp\u00e9rience de soi dans le monde\" href=\"http:\/\/www.amazon.ca\/gp\/product\/2296137857\/ref=as_li_qf_sp_asin_tl?ie=UTF8&amp;camp=15121&amp;creative=330641&amp;creativeASIN=2296137857&amp;linkCode=as2&amp;tag=botetvel-20\" target=\"_blank\">istian, et<\/a><a title=\"Marcher une exp\u00e9rience de soi dans le monde\" href=\"http:\/\/www.amazon.ca\/gp\/product\/2296137857\/ref=as_li_qf_sp_asin_tl?ie=UTF8&amp;camp=15121&amp;creative=330641&amp;creativeASIN=2296137857&amp;linkCode=as2&amp;tag=botetvel-20\" target=\"_blank\"> Pascal Galvani. <em><strong>Marcher, une expe\u0301rience de soi dans le monde essai sur la marche <\/strong><\/em><\/a><a href=\"http:\/\/www.amazon.ca\/gp\/product\/2296137857\/ref=as_li_qf_sp_asin_tl?ie=UTF8&amp;camp=15121&amp;creative=330641&amp;creativeASIN=2296137857&amp;linkCode=as2&amp;tag=botetvel-20\"><img data-recalc-dims=\"1\" loading=\"lazy\" decoding=\"async\" data-attachment-id=\"836\" data-permalink=\"https:\/\/bottesetvelo.com\/blog\/2014\/08\/31\/aout-la-librairie-du-pelerin-est-de-retour\/verrier-marcher-une-experience-de-soi-dans-le-monde\/\" data-orig-file=\"https:\/\/i0.wp.com\/bottesetvelo.com\/blog\/wp-content\/uploads\/2014\/08\/Verrier-Marcher-une-exp%C3%A9rience-de-soi-dans-le-monde.png?fit=229%2C355&amp;ssl=1\" data-orig-size=\"229,355\" data-comments-opened=\"1\" data-image-meta=\"{&quot;aperture&quot;:&quot;0&quot;,&quot;credit&quot;:&quot;&quot;,&quot;camera&quot;:&quot;&quot;,&quot;caption&quot;:&quot;&quot;,&quot;created_timestamp&quot;:&quot;0&quot;,&quot;copyright&quot;:&quot;&quot;,&quot;focal_length&quot;:&quot;0&quot;,&quot;iso&quot;:&quot;0&quot;,&quot;shutter_speed&quot;:&quot;0&quot;,&quot;title&quot;:&quot;&quot;}\" data-image-title=\"Verrier &amp;#8211; Marcher, une exp\u00e9rience de soi dans le monde\" data-image-description=\"\" data-image-caption=\"\" data-large-file=\"https:\/\/i0.wp.com\/bottesetvelo.com\/blog\/wp-content\/uploads\/2014\/08\/Verrier-Marcher-une-exp%C3%A9rience-de-soi-dans-le-monde.png?fit=229%2C355&amp;ssl=1\" class=\"alignright wp-image-836\" src=\"https:\/\/i0.wp.com\/bottesetvelo.com\/blog\/wp-content\/uploads\/2014\/08\/Verrier-Marcher-une-exp%C3%A9rience-de-soi-dans-le-monde.png?resize=92%2C142&#038;ssl=1\" alt=\"Verrier - Marcher, une exp\u00e9rience de soi dans le monde\" width=\"92\" height=\"142\" \/><\/a><a title=\"Marcher une exp\u00e9rience de soi dans le monde\" href=\"http:\/\/www.amazon.ca\/gp\/product\/2296137857\/ref=as_li_qf_sp_asin_tl?ie=UTF8&amp;camp=15121&amp;creative=330641&amp;creativeASIN=2296137857&amp;linkCode=as2&amp;tag=botetvel-20\" target=\"_blank\"><em><strong>e\u0301coformatrice.<\/strong> <\/em>Paris: L&rsquo;Harmattan, 2010.<\/a><a href=\"http:\/\/www.amazon.ca\/gp\/product\/2228908584\/ref=as_li_qf_sp_asin_tl?ie=UTF8&amp;camp=15121&amp;creative=330641&amp;creativeASIN=2228908584&amp;linkCode=as2&amp;tag=botetvel-20\"><img data-recalc-dims=\"1\" loading=\"lazy\" decoding=\"async\" data-attachment-id=\"613\" data-permalink=\"https:\/\/bottesetvelo.com\/blog\/2014\/06\/01\/juin-la-librairie-du-pelerin-vous-propose-trois-titres\/lachant-la-marche-qui-soigne\/\" data-orig-file=\"https:\/\/i0.wp.com\/bottesetvelo.com\/blog\/wp-content\/uploads\/2014\/06\/Lachant-La-marche-qui-soigne.png?fit=303%2C467&amp;ssl=1\" data-orig-size=\"303,467\" data-comments-opened=\"1\" data-image-meta=\"{&quot;aperture&quot;:&quot;0&quot;,&quot;credit&quot;:&quot;&quot;,&quot;camera&quot;:&quot;&quot;,&quot;caption&quot;:&quot;&quot;,&quot;created_timestamp&quot;:&quot;0&quot;,&quot;copyright&quot;:&quot;&quot;,&quot;focal_length&quot;:&quot;0&quot;,&quot;iso&quot;:&quot;0&quot;,&quot;shutter_speed&quot;:&quot;0&quot;,&quot;title&quot;:&quot;&quot;}\" data-image-title=\"Lachant &amp;#8211; La marche qui soigne\" data-image-description=\"\" data-image-caption=\"\" data-large-file=\"https:\/\/i0.wp.com\/bottesetvelo.com\/blog\/wp-content\/uploads\/2014\/06\/Lachant-La-marche-qui-soigne.png?fit=303%2C467&amp;ssl=1\" class=\"alignright wp-image-613\" src=\"https:\/\/i0.wp.com\/bottesetvelo.com\/blog\/wp-content\/uploads\/2014\/06\/Lachant-La-marche-qui-soigne.png?resize=82%2C126&#038;ssl=1\" alt=\"Lachant - La marche qui soigne\" width=\"82\" height=\"126\" \/><\/a><\/li>\n<\/ul>\n<p>Pour d\u00e9couvrir d\u2019autres ouvrages \u00e0 ce sujet, consultez la librairie du p\u00e8lerin sur le site de Bottes et V\u00e9lo: <a title=\"Bottes et V\u00e9lo: la librairie du p\u00e8lerin\" href=\"http:\/\/bottesetvelo.com\/bottes-et-velo-librairie\">http:\/\/bottesetvelo.com\/bottes-et-velo-librairie<\/a><\/p>\n","protected":false},"excerpt":{"rendered":"<p>Un homme qui ne marche pas ne laisse pas de traces. Georges Wolinski \u00ab On s\u2019en va prendre une marche! \u00bb : c\u2019\u00e9tait la boutade qu\u2019on se lan\u00e7ait sur le chemin de Compostelle. Alors qu\u2019on s\u2019appr\u00eatait \u00e0 s\u2019enfiler un 25-30 kilom\u00e8tres pour la \u00e9ni\u00e8me journ\u00e9e, nous trouvions bien dr\u00f4le de ramener cette exp\u00e9rience \u00e0 une&hellip;<\/p>\n","protected":false},"author":3,"featured_media":0,"comment_status":"open","ping_status":"open","sticky":false,"template":"","format":"standard","meta":{"jetpack_post_was_ever_published":false,"_jetpack_newsletter_access":"","_jetpack_dont_email_post_to_subs":false,"_jetpack_newsletter_tier_id":0,"_jetpack_memberships_contains_paywalled_content":false,"_jetpack_memberships_contains_paid_content":false,"footnotes":"","jetpack_publicize_message":"","jetpack_publicize_feature_enabled":true,"jetpack_social_post_already_shared":true,"jetpack_social_options":{"image_generator_settings":{"template":"highway","default_image_id":0,"font":"","enabled":false},"version":2}},"categories":[24,11,10],"tags":[275,48,112,80,68,14,13,19,113,111],"class_list":["post-962","post","type-post","status-publish","format-standard","hentry","category-aspects-techniques","category-bien-etre-physique","category-equipements-et-materiel","tag-art-de-vivre","tag-batons-de-marche","tag-bienfaits-de-la-marche","tag-compostelle","tag-la-voie-du-saint-laurent","tag-marche","tag-pelerinage","tag-randonnee","tag-sante","tag-techniques-de-marche"],"jetpack_publicize_connections":[],"jetpack_featured_media_url":"","jetpack_shortlink":"https:\/\/wp.me\/p4eY6z-fw","jetpack_sharing_enabled":true,"jetpack_likes_enabled":true,"jetpack-related-posts":[],"_links":{"self":[{"href":"https:\/\/bottesetvelo.com\/blog\/wp-json\/wp\/v2\/posts\/962","targetHints":{"allow":["GET"]}}],"collection":[{"href":"https:\/\/bottesetvelo.com\/blog\/wp-json\/wp\/v2\/posts"}],"about":[{"href":"https:\/\/bottesetvelo.com\/blog\/wp-json\/wp\/v2\/types\/post"}],"author":[{"embeddable":true,"href":"https:\/\/bottesetvelo.com\/blog\/wp-json\/wp\/v2\/users\/3"}],"replies":[{"embeddable":true,"href":"https:\/\/bottesetvelo.com\/blog\/wp-json\/wp\/v2\/comments?post=962"}],"version-history":[{"count":5,"href":"https:\/\/bottesetvelo.com\/blog\/wp-json\/wp\/v2\/posts\/962\/revisions"}],"predecessor-version":[{"id":972,"href":"https:\/\/bottesetvelo.com\/blog\/wp-json\/wp\/v2\/posts\/962\/revisions\/972"}],"wp:attachment":[{"href":"https:\/\/bottesetvelo.com\/blog\/wp-json\/wp\/v2\/media?parent=962"}],"wp:term":[{"taxonomy":"category","embeddable":true,"href":"https:\/\/bottesetvelo.com\/blog\/wp-json\/wp\/v2\/categories?post=962"},{"taxonomy":"post_tag","embeddable":true,"href":"https:\/\/bottesetvelo.com\/blog\/wp-json\/wp\/v2\/tags?post=962"}],"curies":[{"name":"wp","href":"https:\/\/api.w.org\/{rel}","templated":true}]}}