{"id":954,"date":"2014-11-03T19:32:57","date_gmt":"2014-11-04T00:32:57","guid":{"rendered":"http:\/\/bottesetvelo.com\/blog\/?p=954"},"modified":"2014-11-03T19:32:57","modified_gmt":"2014-11-04T00:32:57","slug":"novembre-la-librairie-du-pelerin-vous-propose","status":"publish","type":"post","link":"https:\/\/bottesetvelo.com\/blog\/2014\/11\/03\/novembre-la-librairie-du-pelerin-vous-propose\/","title":{"rendered":"Novembre: la librairie du p\u00e8lerin vous propose&#8230;"},"content":{"rendered":"<p style=\"text-align: justify;\">La librairie du p\u00e8lerin est de retour avec ses suggestions de lectures mensuelles. Comme vous le savez, chaque mois, Bottes et V\u00e9lo vous propose trois titres que nous avons s\u00e9lectionn\u00e9s afin d&rsquo;alimenter votre r\u00e9flexion sur le p\u00e8lerinage de longue randonn\u00e9e. Ces livres se veulent des outils permettant de contribuer graduellement \u00e0 l&rsquo;int\u00e9gration des diff\u00e9rentes dimensions du p\u00e8lerinage dans nos vies comme exercice d&rsquo;un mode de vie sain.<\/p>\n<p style=\"text-align: justify;\">Voici les trois titres que nous avons retenus pour vous ce mois-ci:<a href=\"http:\/\/bottesetvelo.com\/bottes-et-velo-librairie\"><img data-recalc-dims=\"1\" loading=\"lazy\" decoding=\"async\" data-attachment-id=\"956\" data-permalink=\"https:\/\/bottesetvelo.com\/blog\/2014\/11\/03\/novembre-la-librairie-du-pelerin-vous-propose\/selection-novembre-2014\/\" data-orig-file=\"https:\/\/i0.wp.com\/bottesetvelo.com\/blog\/wp-content\/uploads\/2014\/11\/S%C3%A9lection-Novembre-2014.png?fit=1150%2C581&amp;ssl=1\" data-orig-size=\"1150,581\" data-comments-opened=\"1\" data-image-meta=\"{&quot;aperture&quot;:&quot;0&quot;,&quot;credit&quot;:&quot;&quot;,&quot;camera&quot;:&quot;&quot;,&quot;caption&quot;:&quot;&quot;,&quot;created_timestamp&quot;:&quot;0&quot;,&quot;copyright&quot;:&quot;&quot;,&quot;focal_length&quot;:&quot;0&quot;,&quot;iso&quot;:&quot;0&quot;,&quot;shutter_speed&quot;:&quot;0&quot;,&quot;title&quot;:&quot;&quot;,&quot;orientation&quot;:&quot;0&quot;}\" data-image-title=\"S\u00e9lection &amp;#8211; Novembre 2014\" data-image-description=\"\" data-image-caption=\"\" data-large-file=\"https:\/\/i0.wp.com\/bottesetvelo.com\/blog\/wp-content\/uploads\/2014\/11\/S%C3%A9lection-Novembre-2014.png?fit=1024%2C517&amp;ssl=1\" class=\"aligncenter wp-image-956 size-medium\" src=\"https:\/\/i0.wp.com\/bottesetvelo.com\/blog\/wp-content\/uploads\/2014\/11\/S%C3%A9lection-Novembre-2014.png?resize=500%2C252&#038;ssl=1\" alt=\"S\u00e9lection - Novembre 2014\" width=\"500\" height=\"252\" srcset=\"https:\/\/i0.wp.com\/bottesetvelo.com\/blog\/wp-content\/uploads\/2014\/11\/S%C3%A9lection-Novembre-2014.png?resize=500%2C252&amp;ssl=1 500w, https:\/\/i0.wp.com\/bottesetvelo.com\/blog\/wp-content\/uploads\/2014\/11\/S%C3%A9lection-Novembre-2014.png?resize=1024%2C517&amp;ssl=1 1024w, https:\/\/i0.wp.com\/bottesetvelo.com\/blog\/wp-content\/uploads\/2014\/11\/S%C3%A9lection-Novembre-2014.png?resize=624%2C315&amp;ssl=1 624w, https:\/\/i0.wp.com\/bottesetvelo.com\/blog\/wp-content\/uploads\/2014\/11\/S%C3%A9lection-Novembre-2014.png?w=1150&amp;ssl=1 1150w\" sizes=\"auto, (max-width: 500px) 100vw, 500px\" \/><\/a><\/p>\n<h1 id=\"title\" class=\"a-size-large a-spacing-none\"><span id=\"productTitle\" class=\"a-size-large\">Le pi\u00e8ge du bonheur: Cr\u00e9ez la vie que vous voulez<\/span><\/h1>\n<p style=\"text-align: justify;\"><a href=\"http:\/\/bottesetvelo.com\/bottes-et-velo-librairie\"><img data-recalc-dims=\"1\" loading=\"lazy\" decoding=\"async\" data-attachment-id=\"957\" data-permalink=\"https:\/\/bottesetvelo.com\/blog\/2014\/11\/03\/novembre-la-librairie-du-pelerin-vous-propose\/harris-le-piege-du-bonheur\/\" data-orig-file=\"https:\/\/i0.wp.com\/bottesetvelo.com\/blog\/wp-content\/uploads\/2014\/11\/Harris-Le-pi%C3%A8ge-du-bonheur.png?fit=264%2C389&amp;ssl=1\" data-orig-size=\"264,389\" data-comments-opened=\"1\" data-image-meta=\"{&quot;aperture&quot;:&quot;0&quot;,&quot;credit&quot;:&quot;&quot;,&quot;camera&quot;:&quot;&quot;,&quot;caption&quot;:&quot;&quot;,&quot;created_timestamp&quot;:&quot;0&quot;,&quot;copyright&quot;:&quot;&quot;,&quot;focal_length&quot;:&quot;0&quot;,&quot;iso&quot;:&quot;0&quot;,&quot;shutter_speed&quot;:&quot;0&quot;,&quot;title&quot;:&quot;&quot;,&quot;orientation&quot;:&quot;0&quot;}\" data-image-title=\"Harris &amp;#8211; Le pi\u00e8ge du bonheur\" data-image-description=\"\" data-image-caption=\"\" data-large-file=\"https:\/\/i0.wp.com\/bottesetvelo.com\/blog\/wp-content\/uploads\/2014\/11\/Harris-Le-pi%C3%A8ge-du-bonheur.png?fit=264%2C389&amp;ssl=1\" class=\"alignright wp-image-957\" src=\"https:\/\/i0.wp.com\/bottesetvelo.com\/blog\/wp-content\/uploads\/2014\/11\/Harris-Le-pi%C3%A8ge-du-bonheur.png?resize=227%2C334&#038;ssl=1\" alt=\"Harris - Le pi\u00e8ge du bonheur\" width=\"227\" height=\"334\" \/><\/a>\u00cates-vous, comme des millions de personnes, tomb\u00e9 dans le pi\u00e8ge du bonheur? Selon l\u2019auteur, notre qu\u00eate du bonheur et les moyens que nous prenons pour y arriver finissent par nous rendre malheureux. Notre volont\u00e9 d\u2019\u00eatre heureux \u00e0 tout prix contribue \u00e0 la recrudescence du stress, de l\u2019anxi\u00e9t\u00e9 et de la d\u00e9pression. Cet ouvrage pr\u00e9sente les techniques de la th\u00e9rapie ACT, une nouvelle psychoth\u00e9rapie r\u00e9volutionnaire bas\u00e9e sur les plus r\u00e9centes recherches en psychologie du comportement. Ces techniques vous aideront\u00a0: \u00e0 r\u00e9duire le stress et les inqui\u00e9tudes; \u00e0 composer plus efficacement avec les pens\u00e9es et les \u00e9motions douloureuses; \u00e0 briser vos habitudes autodestructrices; \u00e0 surmonter l\u2019ins\u00e9curit\u00e9 et le doute; \u00e0 construire une vie riche et pleine de sens.\u00a0En clarifiant vos valeurs et en vivant pleinement le moment pr\u00e9sent, vous \u00e9chapperez au pi\u00e8ge illusoire du bonheur et vous vous sentirez enfin combl\u00e9 par la vie.<\/p>\n<h1 id=\"title\" class=\"a-size-large a-spacing-none\"><span id=\"productTitle\" class=\"a-size-large\">AU COEUR DE LA TOURMENTE, LA PLEINE CONSCIENCE<\/span><\/h1>\n<p style=\"text-align: justify;\"><a href=\"http:\/\/bottesetvelo.com\/bottes-et-velo-librairie\"><img data-recalc-dims=\"1\" loading=\"lazy\" decoding=\"async\" data-attachment-id=\"958\" data-permalink=\"https:\/\/bottesetvelo.com\/blog\/2014\/11\/03\/novembre-la-librairie-du-pelerin-vous-propose\/kabat-zin-au-coeur-de-la-tourmente\/\" data-orig-file=\"https:\/\/i0.wp.com\/bottesetvelo.com\/blog\/wp-content\/uploads\/2014\/11\/Kabat-Zin-Au-coeur-de-la-tourmente.png?fit=252%2C399&amp;ssl=1\" data-orig-size=\"252,399\" data-comments-opened=\"1\" data-image-meta=\"{&quot;aperture&quot;:&quot;0&quot;,&quot;credit&quot;:&quot;&quot;,&quot;camera&quot;:&quot;&quot;,&quot;caption&quot;:&quot;&quot;,&quot;created_timestamp&quot;:&quot;0&quot;,&quot;copyright&quot;:&quot;&quot;,&quot;focal_length&quot;:&quot;0&quot;,&quot;iso&quot;:&quot;0&quot;,&quot;shutter_speed&quot;:&quot;0&quot;,&quot;title&quot;:&quot;&quot;,&quot;orientation&quot;:&quot;0&quot;}\" data-image-title=\"Kabat-Zin &amp;#8211; Au coeur de la tourmente\" data-image-description=\"\" data-image-caption=\"\" data-large-file=\"https:\/\/i0.wp.com\/bottesetvelo.com\/blog\/wp-content\/uploads\/2014\/11\/Kabat-Zin-Au-coeur-de-la-tourmente.png?fit=252%2C399&amp;ssl=1\" class=\"alignright wp-image-958\" src=\"https:\/\/i0.wp.com\/bottesetvelo.com\/blog\/wp-content\/uploads\/2014\/11\/Kabat-Zin-Au-coeur-de-la-tourmente.png?resize=225%2C356&#038;ssl=1\" alt=\"Kabat-Zin - Au coeur de la tourmente\" width=\"225\" height=\"356\" \/><\/a>Cet ouvrage fondamental est un programme structur\u00e9 de r\u00e9duction du stress dont la r\u00e9putation s\u2019est d\u00e9velopp\u00e9e ces derni\u00e8res ann\u00e9es.<br \/>\nLe programme MBSR a \u00e9t\u00e9 d\u00e9velopp\u00e9 \u00e0 la clinique de r\u00e9duction du stress du Centre M\u00e9dical de l\u2019universit\u00e9 du Massachusetts et continue d\u2019y \u00eatre d\u00e9velopp\u00e9. Plusieurs centaines de milliers de patients ont, depuis sa cr\u00e9ation, suivi le programme. Cet ouvrage est pr\u00e9fac\u00e9 par Christophe Andr\u00e9, c\u00e9l\u00e8bre psychiatre fran\u00e7ais, qui utilise ces techniques. Cet enseignement de la \u00ab\u00a0pleine conscience \u00a0\u00bb (Mindfulness) nous am\u00e8ne \u00e0 vivre d&rsquo;instant en instant, ce qui permet de r\u00e9duire le stress, l&rsquo;anxi\u00e9t\u00e9 et la douleur, et de vivre autrement la souffrance et la maladie.<\/p>\n<h1 id=\"title\" class=\"a-size-large a-spacing-none\"><span id=\"productTitle\" class=\"a-size-large\">Coh\u00e9rence cardiaque 365<\/span><\/h1>\n<p style=\"text-align: justify;\"><a href=\"http:\/\/bottesetvelo.com\/bottes-et-velo-librairie\"><img data-recalc-dims=\"1\" loading=\"lazy\" decoding=\"async\" data-attachment-id=\"959\" data-permalink=\"https:\/\/bottesetvelo.com\/blog\/2014\/11\/03\/novembre-la-librairie-du-pelerin-vous-propose\/ohare-coherence-cardiaque\/\" data-orig-file=\"https:\/\/i0.wp.com\/bottesetvelo.com\/blog\/wp-content\/uploads\/2014\/11\/OHare-Coh%C3%A9rence-cardiaque.png?fit=278%2C399&amp;ssl=1\" data-orig-size=\"278,399\" data-comments-opened=\"1\" data-image-meta=\"{&quot;aperture&quot;:&quot;0&quot;,&quot;credit&quot;:&quot;&quot;,&quot;camera&quot;:&quot;&quot;,&quot;caption&quot;:&quot;&quot;,&quot;created_timestamp&quot;:&quot;0&quot;,&quot;copyright&quot;:&quot;&quot;,&quot;focal_length&quot;:&quot;0&quot;,&quot;iso&quot;:&quot;0&quot;,&quot;shutter_speed&quot;:&quot;0&quot;,&quot;title&quot;:&quot;&quot;,&quot;orientation&quot;:&quot;0&quot;}\" data-image-title=\"O&amp;rsquo;Hare &amp;#8211; Coh\u00e9rence cardiaque\" data-image-description=\"\" data-image-caption=\"\" data-large-file=\"https:\/\/i0.wp.com\/bottesetvelo.com\/blog\/wp-content\/uploads\/2014\/11\/OHare-Coh%C3%A9rence-cardiaque.png?fit=278%2C399&amp;ssl=1\" class=\"alignright wp-image-959\" src=\"https:\/\/i0.wp.com\/bottesetvelo.com\/blog\/wp-content\/uploads\/2014\/11\/OHare-Coh%C3%A9rence-cardiaque.png?resize=225%2C323&#038;ssl=1\" alt=\"O'Hare - Coh\u00e9rence cardiaque\" width=\"225\" height=\"323\" \/><\/a>Introduite en France par David Servan-Schreiber, la coh\u00e9rence cardiaque est une respiration rythm\u00e9e tr\u00e8s efficace pour contr\u00f4ler stress et anxi\u00e9t\u00e9. Dans ce petit guide,\u00a0David O\u2019Hare explique comment int\u00e9grer l\u2019exercice respiratoire de base au quotidien pour am\u00e9liorer de nombreux aspects de la sant\u00e9 mentale et physique.3.6.5, c\u2019est 3 fois par jour, 6 respirations par minute pendant 5 minutes. Pourquoi \u00ab\u00a03.6.5\u00a0\u00bb?\u00a0Pour des raisons physiologiques et psychologiques bas\u00e9es \u00e0 la fois sur les plus r\u00e9centes d\u00e9couvertes scientifiques et des connaissances ancestrales.Comment pratiquer? Il n\u2019y a qu\u2019\u00e0 suivre le mode d\u2019emploi illustr\u00e9 et d\u00e9taill\u00e9.Dans quel but? Tous les b\u00e9n\u00e9fices de cette pratique sont pass\u00e9s en revue\u00a0: gestion du stress, de l\u2019anxi\u00e9t\u00e9 et de leurs cons\u00e9quences sur la sant\u00e9 cardiovasculaire, l\u2019immunit\u00e9; troubles du sommeil; am\u00e9lioration de l\u2019apprentissage et de la prise de d\u00e9cision, etc.Tout ce qu\u2019il y a \u00e0 savoir sur la coh\u00e9rence cardiaque est dans ce petit guide!<\/p>\n<p style=\"text-align: justify;\">Bonne lecture!<a href=\"https:\/\/i0.wp.com\/bottesetvelo.com\/blog\/wp-content\/uploads\/2014\/01\/Bottes-et-V%C3%A9lo-Embl%C3%AAme.jpg?ssl=1\"><img data-recalc-dims=\"1\" loading=\"lazy\" decoding=\"async\" data-attachment-id=\"14\" data-permalink=\"https:\/\/bottesetvelo.com\/blog\/bottes-et-velo-le-blog\/bottes-et-velo-embleme\/\" data-orig-file=\"https:\/\/i0.wp.com\/bottesetvelo.com\/blog\/wp-content\/uploads\/2014\/01\/Bottes-et-V%C3%A9lo-Embl%C3%AAme-e1454083414631.jpg?fit=100%2C79&amp;ssl=1\" data-orig-size=\"100,79\" data-comments-opened=\"1\" data-image-meta=\"{&quot;aperture&quot;:&quot;0&quot;,&quot;credit&quot;:&quot;&quot;,&quot;camera&quot;:&quot;&quot;,&quot;caption&quot;:&quot;&quot;,&quot;created_timestamp&quot;:&quot;0&quot;,&quot;copyright&quot;:&quot;&quot;,&quot;focal_length&quot;:&quot;0&quot;,&quot;iso&quot;:&quot;0&quot;,&quot;shutter_speed&quot;:&quot;0&quot;,&quot;title&quot;:&quot;&quot;}\" data-image-title=\"Bottes et V\u00e9lo &amp;#8211; Embl\u00eame\" data-image-description=\"\" data-image-caption=\"\" data-large-file=\"https:\/\/i0.wp.com\/bottesetvelo.com\/blog\/wp-content\/uploads\/2014\/01\/Bottes-et-V%C3%A9lo-Embl%C3%AAme-e1454083414631.jpg?fit=100%2C79&amp;ssl=1\" class=\"alignright wp-image-14 \" src=\"https:\/\/i0.wp.com\/bottesetvelo.com\/blog\/wp-content\/uploads\/2014\/01\/Bottes-et-V%C3%A9lo-Embl%C3%AAme.jpg?resize=92%2C72&#038;ssl=1\" alt=\"Bottes et V\u00e9lo - Embl\u00eame\" width=\"92\" height=\"72\" \/><\/a><\/p>\n<p style=\"text-align: justify;\">\u00c9ric Lalibert\u00e9 et Brigitte Harouni<\/p>\n","protected":false},"excerpt":{"rendered":"<p>La librairie du p\u00e8lerin est de retour avec ses suggestions de lectures mensuelles. Comme vous le savez, chaque mois, Bottes et V\u00e9lo vous propose trois titres que nous avons s\u00e9lectionn\u00e9s afin d&rsquo;alimenter votre r\u00e9flexion sur le p\u00e8lerinage de longue randonn\u00e9e. Ces livres se veulent des outils permettant de contribuer graduellement \u00e0 l&rsquo;int\u00e9gration des diff\u00e9rentes dimensions&hellip;<\/p>\n","protected":false},"author":1,"featured_media":0,"comment_status":"open","ping_status":"open","sticky":false,"template":"","format":"standard","meta":{"jetpack_post_was_ever_published":false,"_jetpack_newsletter_access":"","_jetpack_dont_email_post_to_subs":false,"_jetpack_newsletter_tier_id":0,"_jetpack_memberships_contains_paywalled_content":false,"_jetpack_memberships_contains_paid_content":false,"footnotes":"","jetpack_publicize_message":"","jetpack_publicize_feature_enabled":true,"jetpack_social_post_already_shared":true,"jetpack_social_options":{"image_generator_settings":{"template":"highway","default_image_id":0,"font":"","enabled":false},"version":2}},"categories":[8,1],"tags":[275,109,110,40,108,38],"class_list":["post-954","post","type-post","status-publish","format-standard","hentry","category-revue-litteraire","category-uncategorized","tag-art-de-vivre","tag-bonheur","tag-coherence-cardiaque","tag-croissance-personnelle-2","tag-pleine-conscience","tag-reflexion"],"jetpack_publicize_connections":[],"jetpack_featured_media_url":"","jetpack_shortlink":"https:\/\/wp.me\/p4eY6z-fo","jetpack_sharing_enabled":true,"jetpack_likes_enabled":true,"jetpack-related-posts":[],"_links":{"self":[{"href":"https:\/\/bottesetvelo.com\/blog\/wp-json\/wp\/v2\/posts\/954","targetHints":{"allow":["GET"]}}],"collection":[{"href":"https:\/\/bottesetvelo.com\/blog\/wp-json\/wp\/v2\/posts"}],"about":[{"href":"https:\/\/bottesetvelo.com\/blog\/wp-json\/wp\/v2\/types\/post"}],"author":[{"embeddable":true,"href":"https:\/\/bottesetvelo.com\/blog\/wp-json\/wp\/v2\/users\/1"}],"replies":[{"embeddable":true,"href":"https:\/\/bottesetvelo.com\/blog\/wp-json\/wp\/v2\/comments?post=954"}],"version-history":[{"count":3,"href":"https:\/\/bottesetvelo.com\/blog\/wp-json\/wp\/v2\/posts\/954\/revisions"}],"predecessor-version":[{"id":961,"href":"https:\/\/bottesetvelo.com\/blog\/wp-json\/wp\/v2\/posts\/954\/revisions\/961"}],"wp:attachment":[{"href":"https:\/\/bottesetvelo.com\/blog\/wp-json\/wp\/v2\/media?parent=954"}],"wp:term":[{"taxonomy":"category","embeddable":true,"href":"https:\/\/bottesetvelo.com\/blog\/wp-json\/wp\/v2\/categories?post=954"},{"taxonomy":"post_tag","embeddable":true,"href":"https:\/\/bottesetvelo.com\/blog\/wp-json\/wp\/v2\/tags?post=954"}],"curies":[{"name":"wp","href":"https:\/\/api.w.org\/{rel}","templated":true}]}}