{"id":948,"date":"2014-11-01T08:17:39","date_gmt":"2014-11-01T12:17:39","guid":{"rendered":"http:\/\/bottesetvelo.com\/blog\/?p=948"},"modified":"2014-11-01T08:21:49","modified_gmt":"2014-11-01T12:21:49","slug":"mon-deguisement-de-pelerin","status":"publish","type":"post","link":"https:\/\/bottesetvelo.com\/blog\/2014\/11\/01\/mon-deguisement-de-pelerin\/","title":{"rendered":"Mon d\u00e9guisement de p\u00e8lerin"},"content":{"rendered":"<h6 style=\"text-align: right;\"><em>Si l\u2019habit ne fait pas le moine, l\u2019\u00e9quipement ne fait pas le p\u00e8lerin<\/em><br \/>\n<em>Bottes et V\u00e9lo<\/em><\/h6>\n<p style=\"text-align: justify;\">En cette fin de semaine de l\u2019Halloween, je regarde tous ces enfants costum\u00e9s qui d\u00e9filent. Pour plusieurs, c\u2019est une soir\u00e9e magique qu\u2019ils attendent avec f\u00e9brilit\u00e9. C\u2019est le moment de l\u2019ann\u00e9e o\u00f9 l\u2019on peut choisir d\u2019\u00eatre qui on veut. <a href=\"https:\/\/i0.wp.com\/bottesetvelo.com\/blog\/wp-content\/uploads\/2014\/11\/IMG_1083.jpg?ssl=1\"><img data-recalc-dims=\"1\" loading=\"lazy\" decoding=\"async\" data-attachment-id=\"949\" data-permalink=\"https:\/\/bottesetvelo.com\/blog\/2014\/11\/01\/mon-deguisement-de-pelerin\/img_1083\/\" data-orig-file=\"https:\/\/i0.wp.com\/bottesetvelo.com\/blog\/wp-content\/uploads\/2014\/11\/IMG_1083.jpg?fit=2592%2C1936&amp;ssl=1\" data-orig-size=\"2592,1936\" data-comments-opened=\"1\" data-image-meta=\"{&quot;aperture&quot;:&quot;2.8&quot;,&quot;credit&quot;:&quot;&quot;,&quot;camera&quot;:&quot;iPhone 4&quot;,&quot;caption&quot;:&quot;&quot;,&quot;created_timestamp&quot;:&quot;1373617270&quot;,&quot;copyright&quot;:&quot;&quot;,&quot;focal_length&quot;:&quot;3.85&quot;,&quot;iso&quot;:&quot;80&quot;,&quot;shutter_speed&quot;:&quot;0.00149253731343&quot;,&quot;title&quot;:&quot;&quot;,&quot;orientation&quot;:&quot;1&quot;}\" data-image-title=\"IMG_1083\" data-image-description=\"\" data-image-caption=\"\" data-large-file=\"https:\/\/i0.wp.com\/bottesetvelo.com\/blog\/wp-content\/uploads\/2014\/11\/IMG_1083.jpg?fit=1024%2C764&amp;ssl=1\" class=\"alignright wp-image-949 \" src=\"https:\/\/i0.wp.com\/bottesetvelo.com\/blog\/wp-content\/uploads\/2014\/11\/IMG_1083.jpg?resize=265%2C198&#038;ssl=1\" alt=\"IMG_1083\" width=\"265\" height=\"198\" srcset=\"https:\/\/i0.wp.com\/bottesetvelo.com\/blog\/wp-content\/uploads\/2014\/11\/IMG_1083.jpg?resize=500%2C373&amp;ssl=1 500w, https:\/\/i0.wp.com\/bottesetvelo.com\/blog\/wp-content\/uploads\/2014\/11\/IMG_1083.jpg?resize=1024%2C764&amp;ssl=1 1024w, https:\/\/i0.wp.com\/bottesetvelo.com\/blog\/wp-content\/uploads\/2014\/11\/IMG_1083.jpg?resize=624%2C466&amp;ssl=1 624w, https:\/\/i0.wp.com\/bottesetvelo.com\/blog\/wp-content\/uploads\/2014\/11\/IMG_1083.jpg?w=2340&amp;ssl=1 2340w\" sizes=\"auto, (max-width: 265px) 100vw, 265px\" \/><\/a>Que le personnage soit r\u00e9aliste ou fantastique, peu importe, tout est permis! Quand je les regarde, je me dis que nous, les adultes, ne sommes pas si diff\u00e9rents d\u2019eux. Chaque jour, nous rev\u00eatons un costume que nous affichons souvent fi\u00e8rement car il nous d\u00e9finit, il renvoie une image que nous souhaitons donner de nous-m\u00eame.<\/p>\n<p style=\"text-align: justify;\">Que ce soit au travail ou dans nos loisirs, la soci\u00e9t\u00e9 nous pousse \u00e0 nous d\u00e9guiser. Un directeur de banque ou un vendeur d\u2019automobiles n\u2019ira pas au travail en jeans et en T-shirt, tout comme le boucher ou l\u2019\u00e9picier du quartier ne vous accueillera pas en veston-cravate. Un message implicite semble vouloir \u00eatre envoy\u00e9 aux clients. Cette recherche d\u2019identit\u00e9 par l\u2019habillement touche m\u00eame, et de plus en plus, nos activit\u00e9s r\u00e9cr\u00e9atives. Ainsi, le cycliste d\u2019aujourd\u2019hui, le vrai!, porte des v\u00eatements moulants de cycliste de comp\u00e9tition, bariol\u00e9s de noms de commanditaires; il a les souliers de v\u00e9lo qui rentabilisent son \u00e9nergie et offrent un confort in\u00e9galable. Et ce, m\u00eame s\u2019il n\u2019aspire pas \u00e0 faire le Tour de France. Le joggeur qui se respecte se doit de porter des v\u00eatements faits pour la course. Il semble inconcevable de courir avec un short de yoga ou un T-shirt de basketball. Il en est de m\u00eame pour le randonneur ou l\u2019amateur de plein air qui lui portera des v\u00eatements kaki, et aura un look sportif et d\u00e9contract\u00e9.<\/p>\n<p style=\"text-align: justify;\">Nous avons de plus en plus tendance \u00e0 vouloir afficher nos couleurs \u00e0 travers notre apparence, \u00e0 un point tel que nous perdons notre v\u00e9ritable identit\u00e9 au d\u00e9triment de l\u2019image. Et le p\u00e8lerin n\u2019\u00e9chappe pas \u00e0 la r\u00e8gle! Quelle ne fut pas ma surprise lorsque j\u2019ai r\u00e9alis\u00e9 qu\u2019il existait une boutique sp\u00e9cialis\u00e9e en \u00e9quipement de p\u00e8lerinage! <a href=\"https:\/\/i0.wp.com\/bottesetvelo.com\/blog\/wp-content\/uploads\/2014\/11\/IMG_1198.jpg?ssl=1\"><img data-recalc-dims=\"1\" loading=\"lazy\" decoding=\"async\" data-attachment-id=\"950\" data-permalink=\"https:\/\/bottesetvelo.com\/blog\/2014\/11\/01\/mon-deguisement-de-pelerin\/img_1198-2\/\" data-orig-file=\"https:\/\/i0.wp.com\/bottesetvelo.com\/blog\/wp-content\/uploads\/2014\/11\/IMG_1198.jpg?fit=1936%2C2592&amp;ssl=1\" data-orig-size=\"1936,2592\" data-comments-opened=\"1\" data-image-meta=\"{&quot;aperture&quot;:&quot;2.8&quot;,&quot;credit&quot;:&quot;&quot;,&quot;camera&quot;:&quot;iPhone 4&quot;,&quot;caption&quot;:&quot;&quot;,&quot;created_timestamp&quot;:&quot;1374320177&quot;,&quot;copyright&quot;:&quot;&quot;,&quot;focal_length&quot;:&quot;3.85&quot;,&quot;iso&quot;:&quot;80&quot;,&quot;shutter_speed&quot;:&quot;0.00440528634361&quot;,&quot;title&quot;:&quot;&quot;,&quot;orientation&quot;:&quot;1&quot;}\" data-image-title=\"IMG_1198\" data-image-description=\"\" data-image-caption=\"\" data-large-file=\"https:\/\/i0.wp.com\/bottesetvelo.com\/blog\/wp-content\/uploads\/2014\/11\/IMG_1198.jpg?fit=764%2C1024&amp;ssl=1\" class=\"alignright wp-image-950 \" src=\"https:\/\/i0.wp.com\/bottesetvelo.com\/blog\/wp-content\/uploads\/2014\/11\/IMG_1198.jpg?resize=193%2C258&#038;ssl=1\" alt=\"IMG_1198\" width=\"193\" height=\"258\" srcset=\"https:\/\/i0.wp.com\/bottesetvelo.com\/blog\/wp-content\/uploads\/2014\/11\/IMG_1198.jpg?resize=373%2C500&amp;ssl=1 373w, https:\/\/i0.wp.com\/bottesetvelo.com\/blog\/wp-content\/uploads\/2014\/11\/IMG_1198.jpg?resize=764%2C1024&amp;ssl=1 764w, https:\/\/i0.wp.com\/bottesetvelo.com\/blog\/wp-content\/uploads\/2014\/11\/IMG_1198.jpg?resize=624%2C835&amp;ssl=1 624w, https:\/\/i0.wp.com\/bottesetvelo.com\/blog\/wp-content\/uploads\/2014\/11\/IMG_1198.jpg?w=1936&amp;ssl=1 1936w\" sizes=\"auto, (max-width: 193px) 100vw, 193px\" \/><\/a>Il semble, en effet, qu&rsquo;on ait d\u00e9fini, pour celui qui le souhaite, le kit du parfait petit p\u00e8lerin. Pourtant, sur les chemins de Compostelle des milliers de p\u00e8lerins d\u00e9filent chaque jours, chacun accoutr\u00e9 d&rsquo;un bagage bien personnel, Pour ce qui est de l&rsquo;habillement, il n&rsquo;y a pas de code vestimentaire requis, on fait un p\u00e8lerinage, pas un parcours de golf! Ainsi, plusieurs \u00e9taient en bermudas (et pas n\u00e9cessairement des bermudas kakis avec des poches sur les c\u00f4t\u00e9s) certains en pantalons (encore l\u00e0, pas besoin d&rsquo;avoir ceux avec une fermeture \u00e9clair \u00e0 mi-jambe), d&rsquo;autres \u00e9taient en shorts, et moi, je portais une jupe bleue. Michel portait une chemise blanche, Julie un T-shirt fushia, et moi une camisole violette. Patrick portait un chapeau de safari, Julie un joli chapeau blanc avec un large bord et un ruban \u00e0 pois, Mark et moi une petite casquette. Sandra et Kate \u00e9tait en souliers de course, alors que les autres avaient des bottes de randonn\u00e9e. L&rsquo;habillement importe peu, l&rsquo;essentiel est d&rsquo;\u00eatre confortable.<\/p>\n<p style=\"text-align: justify;\">Mark qui avait achet\u00e9 un \u00e9quipement qu&rsquo;il qualifiait de \u00ab\u00a0digne de la NASA\u00a0\u00bb, car il l&rsquo;avait ch\u00e8rement pay\u00e9 dans une boutique de plein air, \u00e9tait d\u00e9courag\u00e9 de voir ces p\u00e8lerins mal fagot\u00e9s (sac \u00e0 dos sans confort \/ souliers et v\u00eatements de tous les jours) le d\u00e9passer jovialement. Et l\u00e0 encore, pas de r\u00e8gle au niveau de l&rsquo;\u00e9quipement. Certains avaient un petit sac \u00e0 dos, d&rsquo;autres un plus grand. Julie portait une sacoche en bandouli\u00e8re, et Michel sa banane \u00e0 la taille. \u00c9ric et moi avions 2 b\u00e2tons de marche, mais nos amis n&rsquo;en avaient pas et Michel avait un grand b\u00e2ton de p\u00e8lerin tout travaill\u00e9. <a href=\"https:\/\/i0.wp.com\/bottesetvelo.com\/blog\/wp-content\/uploads\/2014\/11\/IMG_1370-2.jpg?ssl=1\"><img data-recalc-dims=\"1\" loading=\"lazy\" decoding=\"async\" data-attachment-id=\"951\" data-permalink=\"https:\/\/bottesetvelo.com\/blog\/2014\/11\/01\/mon-deguisement-de-pelerin\/img_1370-2-2\/\" data-orig-file=\"https:\/\/i0.wp.com\/bottesetvelo.com\/blog\/wp-content\/uploads\/2014\/11\/IMG_1370-2.jpg?fit=3648%2C2736&amp;ssl=1\" data-orig-size=\"3648,2736\" data-comments-opened=\"1\" data-image-meta=\"{&quot;aperture&quot;:&quot;3.2&quot;,&quot;credit&quot;:&quot;&quot;,&quot;camera&quot;:&quot;Canon PowerShot SD890 IS&quot;,&quot;caption&quot;:&quot;&quot;,&quot;created_timestamp&quot;:&quot;1374826872&quot;,&quot;copyright&quot;:&quot;&quot;,&quot;focal_length&quot;:&quot;6.6&quot;,&quot;iso&quot;:&quot;400&quot;,&quot;shutter_speed&quot;:&quot;0.00625&quot;,&quot;title&quot;:&quot;&quot;,&quot;orientation&quot;:&quot;1&quot;}\" data-image-title=\"IMG_1370-2\" data-image-description=\"\" data-image-caption=\"\" data-large-file=\"https:\/\/i0.wp.com\/bottesetvelo.com\/blog\/wp-content\/uploads\/2014\/11\/IMG_1370-2.jpg?fit=1024%2C768&amp;ssl=1\" class=\"alignright wp-image-951 \" src=\"https:\/\/i0.wp.com\/bottesetvelo.com\/blog\/wp-content\/uploads\/2014\/11\/IMG_1370-2.jpg?resize=274%2C206&#038;ssl=1\" alt=\"IMG_1370-2\" width=\"274\" height=\"206\" srcset=\"https:\/\/i0.wp.com\/bottesetvelo.com\/blog\/wp-content\/uploads\/2014\/11\/IMG_1370-2.jpg?resize=500%2C375&amp;ssl=1 500w, https:\/\/i0.wp.com\/bottesetvelo.com\/blog\/wp-content\/uploads\/2014\/11\/IMG_1370-2.jpg?resize=1024%2C768&amp;ssl=1 1024w, https:\/\/i0.wp.com\/bottesetvelo.com\/blog\/wp-content\/uploads\/2014\/11\/IMG_1370-2.jpg?resize=624%2C468&amp;ssl=1 624w, https:\/\/i0.wp.com\/bottesetvelo.com\/blog\/wp-content\/uploads\/2014\/11\/IMG_1370-2.jpg?w=2340&amp;ssl=1 2340w, https:\/\/i0.wp.com\/bottesetvelo.com\/blog\/wp-content\/uploads\/2014\/11\/IMG_1370-2.jpg?w=3510&amp;ssl=1 3510w\" sizes=\"auto, (max-width: 274px) 100vw, 274px\" \/><\/a>J&rsquo;avais un Camel back pour porter l&rsquo;eau, Julie une petite bouteille de sport, et Michel un grand 2 litres. Mark avait l&rsquo;imperm\u00e9able qui moule aussi le sac \u00e0 dos, alors que les autres n&rsquo;avaient qu&rsquo;un imperm\u00e9able et une housse pour le sac.<\/p>\n<p style=\"text-align: justify;\">Le costume du p\u00e8lerin n&rsquo;existe pas! Le p\u00e8lerin est celui qui est en nous. C&rsquo;est une mani\u00e8re d&rsquo;\u00eatre \u00e0 la vie. Ai-je besoin d&rsquo;un sac \u00e0 dos, des bottes et d&rsquo;un chapeau pour saluer les gens que je croise? pour apporter mon aide \u00e0 une personne arr\u00eat\u00e9e sur le bord du chemin? pour partager mon repas en \u00e9changeant avec des inconnus? pour voyager et vivre avec simplicit\u00e9 et minimalisme?<\/p>\n<p style=\"text-align: justify;\">Comme l&rsquo;enfant pendant la f\u00eate de l&rsquo;Halloween, celui qui aura achet\u00e9 son costume tout fait dans une boutique aura un personnage bien plus r\u00e9aliste et conforme au vrai que celui qui l&rsquo;aura fabriqu\u00e9 et pens\u00e9 lui-m\u00eame. Mais quel apprentissage, quel plaisir et quelle fiert\u00e9 en tirera-t-il? Un des plus grands plaisir de l&rsquo;Halloween est de faire soi-m\u00eame son costume. Pour le p\u00e8lerin, chaque pas lui permet de fa\u00e7onner ce costume. Chaque pas lui permet de le d\u00e9finir, de se d\u00e9finir. Car \u00eatre p\u00e8lerin, \u00e7a ne s&rsquo;ach\u00e8te pas, \u00e7a se vit!<a href=\"https:\/\/i0.wp.com\/bottesetvelo.com\/blog\/wp-content\/uploads\/2014\/01\/Bottes-et-V%C3%A9lo-Embl%C3%AAme.jpg?ssl=1\"><img data-recalc-dims=\"1\" loading=\"lazy\" decoding=\"async\" data-attachment-id=\"14\" data-permalink=\"https:\/\/bottesetvelo.com\/blog\/bottes-et-velo-le-blog\/bottes-et-velo-embleme\/\" data-orig-file=\"https:\/\/i0.wp.com\/bottesetvelo.com\/blog\/wp-content\/uploads\/2014\/01\/Bottes-et-V%C3%A9lo-Embl%C3%AAme-e1454083414631.jpg?fit=100%2C79&amp;ssl=1\" data-orig-size=\"100,79\" data-comments-opened=\"1\" data-image-meta=\"{&quot;aperture&quot;:&quot;0&quot;,&quot;credit&quot;:&quot;&quot;,&quot;camera&quot;:&quot;&quot;,&quot;caption&quot;:&quot;&quot;,&quot;created_timestamp&quot;:&quot;0&quot;,&quot;copyright&quot;:&quot;&quot;,&quot;focal_length&quot;:&quot;0&quot;,&quot;iso&quot;:&quot;0&quot;,&quot;shutter_speed&quot;:&quot;0&quot;,&quot;title&quot;:&quot;&quot;}\" data-image-title=\"Bottes et V\u00e9lo &amp;#8211; Embl\u00eame\" data-image-description=\"\" data-image-caption=\"\" data-large-file=\"https:\/\/i0.wp.com\/bottesetvelo.com\/blog\/wp-content\/uploads\/2014\/01\/Bottes-et-V%C3%A9lo-Embl%C3%AAme-e1454083414631.jpg?fit=100%2C79&amp;ssl=1\" class=\"alignright wp-image-14 \" src=\"https:\/\/i0.wp.com\/bottesetvelo.com\/blog\/wp-content\/uploads\/2014\/01\/Bottes-et-V%C3%A9lo-Embl%C3%AAme.jpg?resize=61%2C48&#038;ssl=1\" alt=\"Bottes et V\u00e9lo - Embl\u00eame\" width=\"61\" height=\"48\" \/><\/a><\/p>\n<p style=\"text-align: justify;\">Brigitte Harouni<\/p>\n","protected":false},"excerpt":{"rendered":"<p>Si l\u2019habit ne fait pas le moine, l\u2019\u00e9quipement ne fait pas le p\u00e8lerin Bottes et V\u00e9lo En cette fin de semaine de l\u2019Halloween, je regarde tous ces enfants costum\u00e9s qui d\u00e9filent. Pour plusieurs, c\u2019est une soir\u00e9e magique qu\u2019ils attendent avec f\u00e9brilit\u00e9. C\u2019est le moment de l\u2019ann\u00e9e o\u00f9 l\u2019on peut choisir d\u2019\u00eatre qui on veut. Que&hellip;<\/p>\n","protected":false},"author":2,"featured_media":0,"comment_status":"open","ping_status":"open","sticky":false,"template":"","format":"standard","meta":{"jetpack_post_was_ever_published":false,"_jetpack_newsletter_access":"","_jetpack_dont_email_post_to_subs":false,"_jetpack_newsletter_tier_id":0,"_jetpack_memberships_contains_paywalled_content":false,"_jetpack_memberships_contains_paid_content":false,"footnotes":"","jetpack_publicize_message":"","jetpack_publicize_feature_enabled":true,"jetpack_social_post_already_shared":true,"jetpack_social_options":{"image_generator_settings":{"template":"highway","default_image_id":0,"font":"","enabled":false},"version":2}},"categories":[39,10,3],"tags":[275,80,107,40,36,106,13,38],"class_list":["post-948","post","type-post","status-publish","format-standard","hentry","category-croissance-personnelle","category-equipements-et-materiel","category-reflexions","tag-art-de-vivre","tag-compostelle","tag-costume","tag-croissance-personnelle-2","tag-equipement","tag-halloween","tag-pelerinage","tag-reflexion"],"jetpack_publicize_connections":[],"jetpack_featured_media_url":"","jetpack_shortlink":"https:\/\/wp.me\/p4eY6z-fi","jetpack_sharing_enabled":true,"jetpack_likes_enabled":true,"jetpack-related-posts":[],"_links":{"self":[{"href":"https:\/\/bottesetvelo.com\/blog\/wp-json\/wp\/v2\/posts\/948","targetHints":{"allow":["GET"]}}],"collection":[{"href":"https:\/\/bottesetvelo.com\/blog\/wp-json\/wp\/v2\/posts"}],"about":[{"href":"https:\/\/bottesetvelo.com\/blog\/wp-json\/wp\/v2\/types\/post"}],"author":[{"embeddable":true,"href":"https:\/\/bottesetvelo.com\/blog\/wp-json\/wp\/v2\/users\/2"}],"replies":[{"embeddable":true,"href":"https:\/\/bottesetvelo.com\/blog\/wp-json\/wp\/v2\/comments?post=948"}],"version-history":[{"count":1,"href":"https:\/\/bottesetvelo.com\/blog\/wp-json\/wp\/v2\/posts\/948\/revisions"}],"predecessor-version":[{"id":952,"href":"https:\/\/bottesetvelo.com\/blog\/wp-json\/wp\/v2\/posts\/948\/revisions\/952"}],"wp:attachment":[{"href":"https:\/\/bottesetvelo.com\/blog\/wp-json\/wp\/v2\/media?parent=948"}],"wp:term":[{"taxonomy":"category","embeddable":true,"href":"https:\/\/bottesetvelo.com\/blog\/wp-json\/wp\/v2\/categories?post=948"},{"taxonomy":"post_tag","embeddable":true,"href":"https:\/\/bottesetvelo.com\/blog\/wp-json\/wp\/v2\/tags?post=948"}],"curies":[{"name":"wp","href":"https:\/\/api.w.org\/{rel}","templated":true}]}}