{"id":938,"date":"2014-10-24T15:44:30","date_gmt":"2014-10-24T19:44:30","guid":{"rendered":"http:\/\/bottesetvelo.com\/blog\/?p=938"},"modified":"2014-10-25T07:01:07","modified_gmt":"2014-10-25T11:01:07","slug":"marcher-vers-sa-verite-marcher-a-la-rencontre-de-soi","status":"publish","type":"post","link":"https:\/\/bottesetvelo.com\/blog\/2014\/10\/24\/marcher-vers-sa-verite-marcher-a-la-rencontre-de-soi\/","title":{"rendered":"Marcher vers sa v\u00e9rit\u00e9, marcher \u00e0 la rencontre de soi."},"content":{"rendered":"<h6 style=\"text-align: right;\"><em>En chacun de nous existe un autre \u00eatre que nous ne connaissons pas.<\/em><br \/>\n<em>Il nous parle \u00e0 travers le r\u00eave et nous fait savoir<\/em><br \/>\n<em>qu&rsquo;il nous voit bien diff\u00e9rent de ce que nous croyons \u00eatre.<\/em><br \/>\n<em>Carl Gustav Jung<\/em><\/h6>\n<p style=\"text-align: justify;\">En ce moment avec mes \u00e9l\u00e8ves du primaire, des enfants de 9 \u00e0 12 ans, nous discutons de la valeur d\u2019une personne. Qu\u2019est-ce qui fait qu\u2019une personne a de la valeur? Ils en sont arriv\u00e9s \u00e0 la conclusion qu\u2019une personne a de la valeur parce qu\u2019elle est importante \u00e0 nos yeux, pour ses qualit\u00e9s, pour ce qu\u2019elle apporte dans notre vie, la mani\u00e8re dont elle nous aide \u00e0 grandir&#8230; Cependant, lorsque j\u2019ai invers\u00e9 la question et leur ai demand\u00e9 ce qui faisait qu\u2019ils avaient de la valeur, il leur est devenu plus difficile de r\u00e9pondre&#8230;<\/p>\n<p style=\"text-align: justify;\">Nous sommes tous un peu comme \u00e7a. Lorsqu\u2019il s\u2019agit de nous accorder un peu de reconnaissance et d\u2019\u00eatre fier de nous, nous nous d\u00e9robons. N\u00e9anmoins, \u00e0 force de questionner et de chercher, ils ont fini par nommer des choses bien pr\u00e9cises : des qualit\u00e9s, des talents qui les distinguent, ce qui les rend pr\u00e9cieux \u00e0 leurs propres yeux. Et c\u2019est \u00e7a qui est merveilleux!<\/p>\n<p style=\"text-align: justify;\">Le p\u00e8lerinage est une exp\u00e9rience qui nous permet d\u2019oser ce regard sur soi. La solitude de l\u2019exercice nous plonge dans nos profondeurs \u00e0 la recherche d\u2019une certaine forme de v\u00e9rit\u00e9 \u00e0 notre sujet. <a href=\"https:\/\/i0.wp.com\/bottesetvelo.com\/blog\/wp-content\/uploads\/2014\/01\/IMG_0907.jpg?ssl=1\"><img data-recalc-dims=\"1\" loading=\"lazy\" decoding=\"async\" data-attachment-id=\"124\" data-permalink=\"https:\/\/bottesetvelo.com\/blog\/2014\/10\/24\/marcher-vers-sa-verite-marcher-a-la-rencontre-de-soi\/img_0907\/\" data-orig-file=\"https:\/\/i0.wp.com\/bottesetvelo.com\/blog\/wp-content\/uploads\/2014\/01\/IMG_0907.jpg?fit=1936%2C2592&amp;ssl=1\" data-orig-size=\"1936,2592\" data-comments-opened=\"1\" data-image-meta=\"{&quot;aperture&quot;:&quot;2.8&quot;,&quot;credit&quot;:&quot;&quot;,&quot;camera&quot;:&quot;iPhone 4&quot;,&quot;caption&quot;:&quot;&quot;,&quot;created_timestamp&quot;:&quot;1372943090&quot;,&quot;copyright&quot;:&quot;&quot;,&quot;focal_length&quot;:&quot;3.85&quot;,&quot;iso&quot;:&quot;80&quot;,&quot;shutter_speed&quot;:&quot;0.00833333333333&quot;,&quot;title&quot;:&quot;&quot;}\" data-image-title=\"IMG_0907\" data-image-description=\"\" data-image-caption=\"&lt;p&gt;Bottes et V\u00e9lo &amp;#8211; Du Puy-en-Velay \u00e0 Compostelle&lt;\/p&gt;\n\" data-large-file=\"https:\/\/i0.wp.com\/bottesetvelo.com\/blog\/wp-content\/uploads\/2014\/01\/IMG_0907.jpg?fit=764%2C1024&amp;ssl=1\" class=\"alignright wp-image-124 size-medium\" src=\"https:\/\/i0.wp.com\/bottesetvelo.com\/blog\/wp-content\/uploads\/2014\/01\/IMG_0907.jpg?resize=224%2C300&#038;ssl=1\" alt=\"IMG_0907\" width=\"224\" height=\"300\" srcset=\"https:\/\/i0.wp.com\/bottesetvelo.com\/blog\/wp-content\/uploads\/2014\/01\/IMG_0907.jpg?resize=224%2C300&amp;ssl=1 224w, https:\/\/i0.wp.com\/bottesetvelo.com\/blog\/wp-content\/uploads\/2014\/01\/IMG_0907.jpg?resize=764%2C1024&amp;ssl=1 764w, https:\/\/i0.wp.com\/bottesetvelo.com\/blog\/wp-content\/uploads\/2014\/01\/IMG_0907.jpg?resize=624%2C835&amp;ssl=1 624w, https:\/\/i0.wp.com\/bottesetvelo.com\/blog\/wp-content\/uploads\/2014\/01\/IMG_0907.jpg?w=1936&amp;ssl=1 1936w\" sizes=\"auto, (max-width: 224px) 100vw, 224px\" \/><\/a>Une v\u00e9rit\u00e9 qui se logerait quelque part en nous et que nous cherchons \u00e0 force de questionnement : Que suis-je devenu? Suis-je satisfait du chemin parcouru? Ai-je \u00e9t\u00e9 \u00e0 la hauteur de mes esp\u00e9rances, de mes ambitions, de mes r\u00eaves? Ai-je \u00e9t\u00e9 r\u00e9ellement celui ou celle que je suis appel\u00e9 \u00e0 \u00eatre? Ces questions surgissent au fil des jours, nous prenant parfois par surprise au d\u00e9tour d\u2019une route; nous \u00e9branlant l\u00e0 o\u00f9 l\u2019on ne s\u2019y attendait pas, alors que l\u2019on regardait ces enfants jouer dans un parc&#8230;<\/p>\n<p style=\"text-align: justify;\">Le p\u00e8lerinage est une exp\u00e9rience de soi, de tout notre \u00eatre, dans un contexte diff\u00e9rent. Une exp\u00e9rience qui m\u00e8ne \u00e0 une rencontre avec soi-m\u00eame en l&rsquo;absence des normes sociales usuelles qui nous campent dans des r\u00f4les bien particuliers, nous situant hors des obligations et des conditionnements re\u00e7us. Le p\u00e8lerinage nous am\u00e8ne \u00e0 prendre du recul face \u00e0 toutes ces choses que nous avions crues immuables et qui ont pu orienter notre marche jusqu\u2019\u00e0 ce jour. Par sa dur\u00e9e, il nous am\u00e8ne \u00e0 faire des choix, des choix qui modifient le parcours habituel de nos vies. Lors d\u2019un p\u00e8lerinage, nous nous exp\u00e9rimentons de mani\u00e8re diff\u00e9rente&#8230;<\/p>\n<p style=\"text-align: justify;\">Je me souviens, lors de mon premier Compostelle, d\u2019avoir c\u00e9d\u00e9 \u00e0 l\u2019inqui\u00e9tude de la rumeur qui faisait courir qu\u2019il n\u2019y avait plus de place suffisante pour dormir. Je me souviens de m\u2019\u00eatre press\u00e9 au point de me blesser pour me rassurer. Apr\u00e8s quelques jours, j\u2019ai bien compris que la rumeur n\u2019\u00e9tait pas fond\u00e9e et qu\u2019elle n\u2019\u00e9tait que le r\u00e9sultat de nos peurs, de notre difficult\u00e9 \u00e0 accepter une certaine perte de contr\u00f4le&#8230; J\u2019ai alors choisi de prendre soin de moi et de ne plus c\u00e9der au mouvement de foule. Mes pieds me faisant atrocement souffrir d\u2019avoir maintenu ce rythme, j\u2019ai d\u00e9cid\u00e9 de faire confiance. J\u2019ai d\u00e9cid\u00e9 de faire confiance parce que chaque jour m\u2019avait enseign\u00e9 que je pouvais faire confiance. Je n\u2019avais pas toujours l\u2019h\u00e9bergement voulu, le lit voulu, mais j\u2019avais ce qui convenait. Et dans l\u2019abandon \u00e0 cette confiance, dans cette ouverture, j\u2019ai pu d\u00e9couvrir que la vie me r\u00e9servait de belles surprises : des rencontres extraordinaires, des moments inoubliables, des lieux enchanteurs.<\/p>\n<p style=\"text-align: justify;\"><a href=\"https:\/\/i0.wp.com\/bottesetvelo.com\/blog\/wp-content\/uploads\/2014\/10\/IMG_1152.jpg?ssl=1\"><img data-recalc-dims=\"1\" loading=\"lazy\" decoding=\"async\" data-attachment-id=\"941\" data-permalink=\"https:\/\/bottesetvelo.com\/blog\/2014\/10\/24\/marcher-vers-sa-verite-marcher-a-la-rencontre-de-soi\/img_1152\/\" data-orig-file=\"https:\/\/i0.wp.com\/bottesetvelo.com\/blog\/wp-content\/uploads\/2014\/10\/IMG_1152.jpg?fit=2592%2C1936&amp;ssl=1\" data-orig-size=\"2592,1936\" data-comments-opened=\"1\" data-image-meta=\"{&quot;aperture&quot;:&quot;2.8&quot;,&quot;credit&quot;:&quot;&quot;,&quot;camera&quot;:&quot;iPhone 4&quot;,&quot;caption&quot;:&quot;&quot;,&quot;created_timestamp&quot;:&quot;1373885636&quot;,&quot;copyright&quot;:&quot;&quot;,&quot;focal_length&quot;:&quot;3.85&quot;,&quot;iso&quot;:&quot;80&quot;,&quot;shutter_speed&quot;:&quot;0.00235294117647&quot;,&quot;title&quot;:&quot;&quot;,&quot;orientation&quot;:&quot;1&quot;}\" data-image-title=\"IMG_1152\" data-image-description=\"\" data-image-caption=\"\" data-large-file=\"https:\/\/i0.wp.com\/bottesetvelo.com\/blog\/wp-content\/uploads\/2014\/10\/IMG_1152.jpg?fit=1024%2C764&amp;ssl=1\" class=\"alignright wp-image-941\" src=\"https:\/\/i0.wp.com\/bottesetvelo.com\/blog\/wp-content\/uploads\/2014\/10\/IMG_1152.jpg?resize=249%2C186&#038;ssl=1\" alt=\"IMG_1152\" width=\"249\" height=\"186\" srcset=\"https:\/\/i0.wp.com\/bottesetvelo.com\/blog\/wp-content\/uploads\/2014\/10\/IMG_1152.jpg?resize=500%2C373&amp;ssl=1 500w, https:\/\/i0.wp.com\/bottesetvelo.com\/blog\/wp-content\/uploads\/2014\/10\/IMG_1152.jpg?resize=1024%2C764&amp;ssl=1 1024w, https:\/\/i0.wp.com\/bottesetvelo.com\/blog\/wp-content\/uploads\/2014\/10\/IMG_1152.jpg?resize=624%2C466&amp;ssl=1 624w, https:\/\/i0.wp.com\/bottesetvelo.com\/blog\/wp-content\/uploads\/2014\/10\/IMG_1152.jpg?w=2340&amp;ssl=1 2340w\" sizes=\"auto, (max-width: 249px) 100vw, 249px\" \/><\/a>Lors de ce m\u00eame Compostelle, j\u2019ai \u00e9galement d\u00e9couvert que je pouvais choisir de m\u2019entourer de gens avec qui je me sentais bien. Que je n\u2019\u00e9tais pas oblig\u00e9, par gentillesse, de me taper celui ou celle qui avait envie de se r\u00e9pandre en lamentations, ou encore qui parlait sans cesse alors que j\u2019avais besoin de silence. Lors de ce p\u00e8lerinage, j\u2019ai appris \u00e0 poser des limites claires pour ne plus me laisser envahir. M\u00eame par celui ou celle qui souffre d\u2019un surplus d\u2019optimisme et vous casse les oreilles \u00e0 vouloir \u00ab trop \u00bb vous encourager, croyant tout le monde sur le point d\u2019abandonner. J\u2019ai appris que, bien souvent, par ces comportements, celui ou celle qui les adopte cherche davantage \u00e0 se rassurer.<\/p>\n<p style=\"text-align: justify;\">Plus loin, sur cette m\u00eame route, j\u2019ai pris conscience de combien il \u00e9tait facile de se laisser prendre au jeu de la performance et de la comp\u00e9titivit\u00e9. Combien il nous est facile de succomber au moindre commentaire relevant une certaine faiblesse dans notre \u00ab style \u00bb, dans notre rythme. <a href=\"https:\/\/i0.wp.com\/bottesetvelo.com\/blog\/wp-content\/uploads\/2014\/10\/2009-Compostelle-et-Barcelone-065.jpg?ssl=1\"><img data-recalc-dims=\"1\" loading=\"lazy\" decoding=\"async\" data-attachment-id=\"939\" data-permalink=\"https:\/\/bottesetvelo.com\/blog\/2014\/10\/24\/marcher-vers-sa-verite-marcher-a-la-rencontre-de-soi\/2009-compostelle-et-barcelone-065\/\" data-orig-file=\"https:\/\/i0.wp.com\/bottesetvelo.com\/blog\/wp-content\/uploads\/2014\/10\/2009-Compostelle-et-Barcelone-065.jpg?fit=3648%2C2736&amp;ssl=1\" data-orig-size=\"3648,2736\" data-comments-opened=\"1\" data-image-meta=\"{&quot;aperture&quot;:&quot;3.2&quot;,&quot;credit&quot;:&quot;&quot;,&quot;camera&quot;:&quot;Canon PowerShot SD890 IS&quot;,&quot;caption&quot;:&quot;&quot;,&quot;created_timestamp&quot;:&quot;1251293761&quot;,&quot;copyright&quot;:&quot;&quot;,&quot;focal_length&quot;:&quot;6.6&quot;,&quot;iso&quot;:&quot;80&quot;,&quot;shutter_speed&quot;:&quot;0.0025&quot;,&quot;title&quot;:&quot;&quot;,&quot;orientation&quot;:&quot;1&quot;}\" data-image-title=\"2009 &amp;#8211; Compostelle et Barcelone 065\" data-image-description=\"\" data-image-caption=\"\" data-large-file=\"https:\/\/i0.wp.com\/bottesetvelo.com\/blog\/wp-content\/uploads\/2014\/10\/2009-Compostelle-et-Barcelone-065.jpg?fit=1024%2C768&amp;ssl=1\" class=\"alignright wp-image-939 \" src=\"https:\/\/i0.wp.com\/bottesetvelo.com\/blog\/wp-content\/uploads\/2014\/10\/2009-Compostelle-et-Barcelone-065.jpg?resize=233%2C175&#038;ssl=1\" alt=\"2009 - Compostelle et Barcelone 065\" width=\"233\" height=\"175\" srcset=\"https:\/\/i0.wp.com\/bottesetvelo.com\/blog\/wp-content\/uploads\/2014\/10\/2009-Compostelle-et-Barcelone-065.jpg?resize=500%2C375&amp;ssl=1 500w, https:\/\/i0.wp.com\/bottesetvelo.com\/blog\/wp-content\/uploads\/2014\/10\/2009-Compostelle-et-Barcelone-065.jpg?resize=1024%2C768&amp;ssl=1 1024w, https:\/\/i0.wp.com\/bottesetvelo.com\/blog\/wp-content\/uploads\/2014\/10\/2009-Compostelle-et-Barcelone-065.jpg?resize=624%2C468&amp;ssl=1 624w, https:\/\/i0.wp.com\/bottesetvelo.com\/blog\/wp-content\/uploads\/2014\/10\/2009-Compostelle-et-Barcelone-065.jpg?w=2340&amp;ssl=1 2340w, https:\/\/i0.wp.com\/bottesetvelo.com\/blog\/wp-content\/uploads\/2014\/10\/2009-Compostelle-et-Barcelone-065.jpg?w=3510&amp;ssl=1 3510w\" sizes=\"auto, (max-width: 233px) 100vw, 233px\" \/><\/a>Combien il nous est facile de nous comparer et de porter un jugement sur notre \u00ab rendement \u00bb. Pourtant, le chemin nous enseigne qu\u2019il n\u2019y a rien \u00e0 prouver. Le but n\u2019\u00e9tant pas d\u2019\u00eatre arriv\u00e9, mais de vivre le chemin, d\u2019y \u00eatre pr\u00e9sent, chacun selon la saveur de vie qui nous habite. Lors de mon deuxi\u00e8me Compostelle, je me suis fait un point d\u2019honneur de m\u2019arr\u00eater \u00e0 chaque ruisseau que je croisais. Dans l\u2019herbe verte, je d\u00e9posais mon sac puis retirais mes bottes. Cherchant la pierre qui convenait, je m\u2019y asseyais et plongeais mes pieds dans l\u2019eau fra\u00eeche pour en go\u00fbter tous les bienfaits. Je vous l\u2019\u00e9cris et je revois encore ces moments que je vivais avec d\u00e9lice. Je revois la sc\u00e8ne et j\u2019en ressens encore tout le plaisir. Quelle puissance, quelle port\u00e9e, dans un geste aussi simple!<\/p>\n<p style=\"text-align: justify;\">Aujourd\u2019hui, apr\u00e8s plusieurs milliers de kilom\u00e8tres, \u00e0 bottes ou \u00e0 v\u00e9lo, je r\u00e9alise qu\u2019en prenant soin d\u2019\u00eatre attentif \u00e0 mon bien-\u00eatre, ce n\u2019\u00e9tait pas seulement mon corps qui se portait mieux, mais toute l\u2019exp\u00e9rience du chemin qui s\u2019en trouvait transform\u00e9 : les petits bonheurs que j\u2019\u00e9prouvais avaient quelque chose de durable. <a href=\"https:\/\/i0.wp.com\/bottesetvelo.com\/blog\/wp-content\/uploads\/2014\/10\/IMG_1142.jpg?ssl=1\"><img data-recalc-dims=\"1\" loading=\"lazy\" decoding=\"async\" data-attachment-id=\"940\" data-permalink=\"https:\/\/bottesetvelo.com\/blog\/2014\/10\/24\/marcher-vers-sa-verite-marcher-a-la-rencontre-de-soi\/img_1142-3\/\" data-orig-file=\"https:\/\/i0.wp.com\/bottesetvelo.com\/blog\/wp-content\/uploads\/2014\/10\/IMG_1142.jpg?fit=2592%2C1936&amp;ssl=1\" data-orig-size=\"2592,1936\" data-comments-opened=\"1\" data-image-meta=\"{&quot;aperture&quot;:&quot;2.8&quot;,&quot;credit&quot;:&quot;&quot;,&quot;camera&quot;:&quot;iPhone 4&quot;,&quot;caption&quot;:&quot;&quot;,&quot;created_timestamp&quot;:&quot;1373808687&quot;,&quot;copyright&quot;:&quot;&quot;,&quot;focal_length&quot;:&quot;3.85&quot;,&quot;iso&quot;:&quot;80&quot;,&quot;shutter_speed&quot;:&quot;0.0166666666667&quot;,&quot;title&quot;:&quot;&quot;,&quot;orientation&quot;:&quot;1&quot;}\" data-image-title=\"IMG_1142\" data-image-description=\"\" data-image-caption=\"\" data-large-file=\"https:\/\/i0.wp.com\/bottesetvelo.com\/blog\/wp-content\/uploads\/2014\/10\/IMG_1142.jpg?fit=1024%2C764&amp;ssl=1\" class=\"alignright wp-image-940 \" src=\"https:\/\/i0.wp.com\/bottesetvelo.com\/blog\/wp-content\/uploads\/2014\/10\/IMG_1142.jpg?resize=224%2C167&#038;ssl=1\" alt=\"IMG_1142\" width=\"224\" height=\"167\" srcset=\"https:\/\/i0.wp.com\/bottesetvelo.com\/blog\/wp-content\/uploads\/2014\/10\/IMG_1142.jpg?resize=500%2C373&amp;ssl=1 500w, https:\/\/i0.wp.com\/bottesetvelo.com\/blog\/wp-content\/uploads\/2014\/10\/IMG_1142.jpg?resize=1024%2C764&amp;ssl=1 1024w, https:\/\/i0.wp.com\/bottesetvelo.com\/blog\/wp-content\/uploads\/2014\/10\/IMG_1142.jpg?resize=624%2C466&amp;ssl=1 624w, https:\/\/i0.wp.com\/bottesetvelo.com\/blog\/wp-content\/uploads\/2014\/10\/IMG_1142.jpg?w=2340&amp;ssl=1 2340w\" sizes=\"auto, (max-width: 224px) 100vw, 224px\" \/><\/a>Le soleil, les odeurs, les petits fruits cueillis sur le bord de la route, le caf\u00e9 pris sur cette terrasse, la sieste au pied de cet arbre, tous ces gestes me parlent de moi et du plaisir que j\u2019\u00e9prouve \u00e0 \u00eatre en vie, \u00e0 ressentir la vie. Ces sentiments m\u2019habitent encore.<\/p>\n<p style=\"text-align: justify;\">Vivre l\u2019exp\u00e9rience du p\u00e8lerinage permet cette pr\u00e9sence \u00e0 soi-m\u00eame et redonne \u00e0 la vie toute sa saveur. La vie go\u00fbte bon lorsqu\u2019on prend le temps de la savourer! Un go\u00fbt que l\u2019on prend plaisir \u00e0 partager. Et c\u2019est toute notre mani\u00e8re d\u2019\u00eatre au monde qui s\u2019en trouve transform\u00e9e! Ayant pris du temps pour moi, ayant su m\u2019appr\u00e9cier, m\u2019\u00e9tant r\u00e9appropri\u00e9 mon espace, je suis plus conscient de ce qui m\u2019habite et encore plus \u00e0 m\u00eame de m\u2019ouvrir avec confiance et v\u00e9rit\u00e9.<a href=\"https:\/\/i0.wp.com\/bottesetvelo.com\/blog\/wp-content\/uploads\/2014\/01\/Bottes-et-V%C3%A9lo-Embl%C3%AAme.jpg?ssl=1\"><img data-recalc-dims=\"1\" loading=\"lazy\" decoding=\"async\" data-attachment-id=\"14\" data-permalink=\"https:\/\/bottesetvelo.com\/blog\/bottes-et-velo-le-blog\/bottes-et-velo-embleme\/\" data-orig-file=\"https:\/\/i0.wp.com\/bottesetvelo.com\/blog\/wp-content\/uploads\/2014\/01\/Bottes-et-V%C3%A9lo-Embl%C3%AAme-e1454083414631.jpg?fit=100%2C79&amp;ssl=1\" data-orig-size=\"100,79\" data-comments-opened=\"1\" data-image-meta=\"{&quot;aperture&quot;:&quot;0&quot;,&quot;credit&quot;:&quot;&quot;,&quot;camera&quot;:&quot;&quot;,&quot;caption&quot;:&quot;&quot;,&quot;created_timestamp&quot;:&quot;0&quot;,&quot;copyright&quot;:&quot;&quot;,&quot;focal_length&quot;:&quot;0&quot;,&quot;iso&quot;:&quot;0&quot;,&quot;shutter_speed&quot;:&quot;0&quot;,&quot;title&quot;:&quot;&quot;}\" data-image-title=\"Bottes et V\u00e9lo &amp;#8211; Embl\u00eame\" data-image-description=\"\" data-image-caption=\"\" data-large-file=\"https:\/\/i0.wp.com\/bottesetvelo.com\/blog\/wp-content\/uploads\/2014\/01\/Bottes-et-V%C3%A9lo-Embl%C3%AAme-e1454083414631.jpg?fit=100%2C79&amp;ssl=1\" class=\"alignright wp-image-14 \" src=\"https:\/\/i0.wp.com\/bottesetvelo.com\/blog\/wp-content\/uploads\/2014\/01\/Bottes-et-V%C3%A9lo-Embl%C3%AAme.jpg?resize=71%2C56&#038;ssl=1\" alt=\"Bottes et V\u00e9lo - Embl\u00eame\" width=\"71\" height=\"56\" \/><\/a><\/p>\n<p style=\"text-align: justify;\">\u00c9ric Lalibert\u00e9<\/p>\n","protected":false},"excerpt":{"rendered":"<p>En chacun de nous existe un autre \u00eatre que nous ne connaissons pas. Il nous parle \u00e0 travers le r\u00eave et nous fait savoir qu&rsquo;il nous voit bien diff\u00e9rent de ce que nous croyons \u00eatre. Carl Gustav Jung En ce moment avec mes \u00e9l\u00e8ves du primaire, des enfants de 9 \u00e0 12 ans, nous discutons&hellip;<\/p>\n","protected":false},"author":3,"featured_media":0,"comment_status":"open","ping_status":"open","sticky":false,"template":"","format":"standard","meta":{"jetpack_post_was_ever_published":false,"_jetpack_newsletter_access":"","_jetpack_dont_email_post_to_subs":false,"_jetpack_newsletter_tier_id":0,"_jetpack_memberships_contains_paywalled_content":false,"_jetpack_memberships_contains_paid_content":false,"footnotes":"","jetpack_publicize_message":"","jetpack_publicize_feature_enabled":true,"jetpack_social_post_already_shared":true,"jetpack_social_options":{"image_generator_settings":{"template":"highway","default_image_id":0,"font":"","enabled":false},"version":2}},"categories":[50,11,39,37],"tags":[103,80,102,40,105,14,13,38,104,20],"class_list":["post-938","post","type-post","status-publish","format-standard","hentry","category-art-de-vivre","category-bien-etre-physique","category-croissance-personnelle","category-spiritualite-2","tag-bien-etre","tag-compostelle","tag-connaissance-de-soi","tag-croissance-personnelle-2","tag-decroissance-personnelle","tag-marche","tag-pelerinage","tag-reflexion","tag-relation","tag-spiritualite"],"jetpack_publicize_connections":[],"jetpack_featured_media_url":"","jetpack_shortlink":"https:\/\/wp.me\/p4eY6z-f8","jetpack_sharing_enabled":true,"jetpack_likes_enabled":true,"jetpack-related-posts":[],"_links":{"self":[{"href":"https:\/\/bottesetvelo.com\/blog\/wp-json\/wp\/v2\/posts\/938","targetHints":{"allow":["GET"]}}],"collection":[{"href":"https:\/\/bottesetvelo.com\/blog\/wp-json\/wp\/v2\/posts"}],"about":[{"href":"https:\/\/bottesetvelo.com\/blog\/wp-json\/wp\/v2\/types\/post"}],"author":[{"embeddable":true,"href":"https:\/\/bottesetvelo.com\/blog\/wp-json\/wp\/v2\/users\/3"}],"replies":[{"embeddable":true,"href":"https:\/\/bottesetvelo.com\/blog\/wp-json\/wp\/v2\/comments?post=938"}],"version-history":[{"count":3,"href":"https:\/\/bottesetvelo.com\/blog\/wp-json\/wp\/v2\/posts\/938\/revisions"}],"predecessor-version":[{"id":945,"href":"https:\/\/bottesetvelo.com\/blog\/wp-json\/wp\/v2\/posts\/938\/revisions\/945"}],"wp:attachment":[{"href":"https:\/\/bottesetvelo.com\/blog\/wp-json\/wp\/v2\/media?parent=938"}],"wp:term":[{"taxonomy":"category","embeddable":true,"href":"https:\/\/bottesetvelo.com\/blog\/wp-json\/wp\/v2\/categories?post=938"},{"taxonomy":"post_tag","embeddable":true,"href":"https:\/\/bottesetvelo.com\/blog\/wp-json\/wp\/v2\/tags?post=938"}],"curies":[{"name":"wp","href":"https:\/\/api.w.org\/{rel}","templated":true}]}}