{"id":927,"date":"2014-10-18T09:31:19","date_gmt":"2014-10-18T13:31:19","guid":{"rendered":"http:\/\/bottesetvelo.com\/blog\/?p=927"},"modified":"2014-10-18T09:39:26","modified_gmt":"2014-10-18T13:39:26","slug":"liberer-mon-espace-de-vie","status":"publish","type":"post","link":"https:\/\/bottesetvelo.com\/blog\/2014\/10\/18\/liberer-mon-espace-de-vie\/","title":{"rendered":"Lib\u00e9rer mon espace de vie"},"content":{"rendered":"<h6 style=\"text-align: right;\"><em>L\u2019abus de biens et de consommation est un fardeau qui r\u00e9tr\u00e9cit l\u2019existence.<\/em><br \/>\n<em>L\u2019absence d&rsquo;encombrement procure de l\u2019espace pour penser, et sans doute m\u00eame pour comprendre.<\/em><br \/>\n<em>John Pawson<\/em><\/h6>\n<p style=\"text-align: justify;\"><a href=\"https:\/\/i0.wp.com\/bottesetvelo.com\/blog\/wp-content\/uploads\/2014\/10\/2014-07-18-13.04.57.jpg?ssl=1\"><img data-recalc-dims=\"1\" loading=\"lazy\" decoding=\"async\" data-attachment-id=\"928\" data-permalink=\"https:\/\/bottesetvelo.com\/blog\/2014\/10\/18\/liberer-mon-espace-de-vie\/2014-07-18-13-04-57\/\" data-orig-file=\"https:\/\/i0.wp.com\/bottesetvelo.com\/blog\/wp-content\/uploads\/2014\/10\/2014-07-18-13.04.57.jpg?fit=2578%2C1916&amp;ssl=1\" data-orig-size=\"2578,1916\" data-comments-opened=\"1\" data-image-meta=\"{&quot;aperture&quot;:&quot;2.8&quot;,&quot;credit&quot;:&quot;&quot;,&quot;camera&quot;:&quot;iPhone 4&quot;,&quot;caption&quot;:&quot;&quot;,&quot;created_timestamp&quot;:&quot;1405688697&quot;,&quot;copyright&quot;:&quot;&quot;,&quot;focal_length&quot;:&quot;3.85&quot;,&quot;iso&quot;:&quot;80&quot;,&quot;shutter_speed&quot;:&quot;0.000497265042268&quot;,&quot;title&quot;:&quot;&quot;,&quot;orientation&quot;:&quot;1&quot;}\" data-image-title=\"2014-07-18 13.04.57\" data-image-description=\"\" data-image-caption=\"\" data-large-file=\"https:\/\/i0.wp.com\/bottesetvelo.com\/blog\/wp-content\/uploads\/2014\/10\/2014-07-18-13.04.57.jpg?fit=1024%2C761&amp;ssl=1\" class=\"alignright wp-image-928\" src=\"https:\/\/i0.wp.com\/bottesetvelo.com\/blog\/wp-content\/uploads\/2014\/10\/2014-07-18-13.04.57.jpg?resize=328%2C243&#038;ssl=1\" alt=\"2014-07-18 13.04.57\" width=\"328\" height=\"243\" srcset=\"https:\/\/i0.wp.com\/bottesetvelo.com\/blog\/wp-content\/uploads\/2014\/10\/2014-07-18-13.04.57.jpg?resize=500%2C371&amp;ssl=1 500w, https:\/\/i0.wp.com\/bottesetvelo.com\/blog\/wp-content\/uploads\/2014\/10\/2014-07-18-13.04.57.jpg?resize=1024%2C761&amp;ssl=1 1024w, https:\/\/i0.wp.com\/bottesetvelo.com\/blog\/wp-content\/uploads\/2014\/10\/2014-07-18-13.04.57.jpg?resize=624%2C463&amp;ssl=1 624w, https:\/\/i0.wp.com\/bottesetvelo.com\/blog\/wp-content\/uploads\/2014\/10\/2014-07-18-13.04.57.jpg?w=2340&amp;ssl=1 2340w\" sizes=\"auto, (max-width: 328px) 100vw, 328px\" \/><\/a>Celui qui part pour un long p\u00e8lerinage sait ce que veut dire \u00ab\u00a0choisir l\u2019essentiel\u00a0\u00bb. Et pourtant, m\u00eame le p\u00e8lerin avis\u00e9 portera dans son bagage certains objets dont il aurait pu se dispenser, mais qu\u2019il a apport\u00e9s malgr\u00e9 tout \u00ab\u00a0au cas o\u00f9\u00a0\u00bb. Depuis notre tout jeune \u00e2ge, nous \u00e9voluons dans une soci\u00e9t\u00e9 qui encourage la consommation, valorise l\u2019exc\u00e8s et entretient la peur du manque et du vide. Nous grandissons avec le d\u00e9sir de poss\u00e9der toujours plus\u00a0: plus grand, plus gros, plus puissant, plus rapide, plus beau, plus r\u00e9cent. L\u2019exp\u00e9rience du p\u00e8lerinage est un excellent exercice pour qui veut apprendre \u00e0 faire le m\u00e9nage de son sac \u00e0 dos. Mais quels sont les apprentissages que le chemin nous enseigne et que nous aurions avantage \u00e0 transposer dans notre vie quotidienne \u00e0 notre retour de voyage afin d\u2019all\u00e9ger notre sac de vie?<\/p>\n<p style=\"text-align: justify;\">Tout comme sur la route, dans notre vie, ce sont tous ces biens mat\u00e9riels que nous poss\u00e9dons qui alourdissent notre quotidien et nous \u00e9puisent. <img data-recalc-dims=\"1\" loading=\"lazy\" decoding=\"async\" data-attachment-id=\"929\" data-permalink=\"https:\/\/bottesetvelo.com\/blog\/2014\/10\/18\/liberer-mon-espace-de-vie\/2014-07-19-20-06-36\/\" data-orig-file=\"https:\/\/i0.wp.com\/bottesetvelo.com\/blog\/wp-content\/uploads\/2014\/10\/2014-07-19-20.06.36.jpg?fit=3236%2C2412&amp;ssl=1\" data-orig-size=\"3236,2412\" data-comments-opened=\"1\" data-image-meta=\"{&quot;aperture&quot;:&quot;2.6&quot;,&quot;credit&quot;:&quot;&quot;,&quot;camera&quot;:&quot;SGH-I747M&quot;,&quot;caption&quot;:&quot;&quot;,&quot;created_timestamp&quot;:&quot;1405800396&quot;,&quot;copyright&quot;:&quot;&quot;,&quot;focal_length&quot;:&quot;3.7&quot;,&quot;iso&quot;:&quot;50&quot;,&quot;shutter_speed&quot;:&quot;0.00641025641026&quot;,&quot;title&quot;:&quot;&quot;,&quot;orientation&quot;:&quot;1&quot;}\" data-image-title=\"2014-07-19 20.06.36\" data-image-description=\"\" data-image-caption=\"\" data-large-file=\"https:\/\/i0.wp.com\/bottesetvelo.com\/blog\/wp-content\/uploads\/2014\/10\/2014-07-19-20.06.36.jpg?fit=1024%2C763&amp;ssl=1\" class=\"alignright wp-image-929 \" src=\"https:\/\/i0.wp.com\/bottesetvelo.com\/blog\/wp-content\/uploads\/2014\/10\/2014-07-19-20.06.36.jpg?resize=328%2C244&#038;ssl=1\" alt=\"2014-07-19 20.06.36\" width=\"328\" height=\"244\" srcset=\"https:\/\/i0.wp.com\/bottesetvelo.com\/blog\/wp-content\/uploads\/2014\/10\/2014-07-19-20.06.36.jpg?resize=500%2C372&amp;ssl=1 500w, https:\/\/i0.wp.com\/bottesetvelo.com\/blog\/wp-content\/uploads\/2014\/10\/2014-07-19-20.06.36.jpg?resize=1024%2C763&amp;ssl=1 1024w, https:\/\/i0.wp.com\/bottesetvelo.com\/blog\/wp-content\/uploads\/2014\/10\/2014-07-19-20.06.36.jpg?resize=624%2C465&amp;ssl=1 624w, https:\/\/i0.wp.com\/bottesetvelo.com\/blog\/wp-content\/uploads\/2014\/10\/2014-07-19-20.06.36.jpg?w=2340&amp;ssl=1 2340w\" sizes=\"auto, (max-width: 328px) 100vw, 328px\" \/>Grande maison \u00e0 entretenir, piscine \u00e0 nettoyer, voiture \u00e0 r\u00e9parer, v\u00eatements capricieux \u00e0 faire nettoyer, vaisselle fragile \u00e0 laver \u00e0 la main, grande pelouse \u00e0 tondre durant une belle journ\u00e9e ensoleill\u00e9e, objets de toute sorte \u00e0 \u00e9pousseter et \u00e0 ranger&#8230; Promesses de bonheur et de mieux-\u00eatre, ces possessions drainent beaucoup de notre \u00e9nergie et de notre temps, et nous d\u00e9tournent sournoisement des r\u00e9els plaisirs de la vie. Vient un moment o\u00f9 nous r\u00e9alisons que nous sommes devenus esclaves de nos avoirs, oblig\u00e9s de travailler pour les payer et de consacrer le temps qui nous serait disponible, \u00e0 les entretenir. Se lib\u00e9rer de certains biens, c\u2019est marcher plus l\u00e9ger. Cela nous permet de r\u00e9cup\u00e9rer du temps pour vivre avec les n\u00f4tres, relaxer dans un bon bain, pr\u00e9parer un bon repas, avoir le choix d\u2019user de notre temps pour nous \u00e9panouir.<\/p>\n<p style=\"text-align: justify;\">Tout ce que nous poss\u00e9dons en plusieurs exemplaires ou que nous avons remis\u00e9 dans un coin pensant que cela pourrait \u00ab\u00a0un jour\u00a0\u00bb servir, nous pouvons choisir de le donner. Si vous h\u00e9sitez \u00e0 laisser aller un objet, demandez-vous si vous seriez pr\u00eat \u00e0 l\u2019acheter. Si la r\u00e9ponse est non, inutile d\u2019encombrer votre espace avec cet objet. Tout ce qui fonctionne mal et qui n\u00e9cessiterait un petit ajustement mais qui attend encore depuis plusieurs mois d\u2019\u00eatre vu, nous allons prendre une d\u00e9cision\u00a0: le r\u00e9parer ou le jeter. Exactement comme le p\u00e8lerin qui traine son bagage, nous choisissons d\u2019emporter avec nous dans notre vie quotidienne les biens mat\u00e9riels avec lesquels nous sommes confortables, ceux qui nous sont utiles, que nous aimons choisir pour travailler, qui sont de qualit\u00e9 et qui nous ressemblent.<\/p>\n<p style=\"text-align: justify;\">Tout comme le p\u00e8lerin qui se demande \u00e0 chaque pas qu\u2019il fait comment il pourrait all\u00e9ger son fardeau, nous devons dans notre quotidien identifier ce qui nous encombre la vie. Car vivre\u00a0 simplement ne signifie pas rejeter le confort mat\u00e9riel, mais vivre en harmonie avec la personne que nous sommes vraiment, en respectant nos valeurs et nos limites. <img data-recalc-dims=\"1\" loading=\"lazy\" decoding=\"async\" data-attachment-id=\"930\" data-permalink=\"https:\/\/bottesetvelo.com\/blog\/2014\/10\/18\/liberer-mon-espace-de-vie\/2014-08-01-05-21-50\/\" data-orig-file=\"https:\/\/i0.wp.com\/bottesetvelo.com\/blog\/wp-content\/uploads\/2014\/10\/2014-08-01-05.21.50.jpg?fit=2592%2C1936&amp;ssl=1\" data-orig-size=\"2592,1936\" data-comments-opened=\"1\" data-image-meta=\"{&quot;aperture&quot;:&quot;2.8&quot;,&quot;credit&quot;:&quot;&quot;,&quot;camera&quot;:&quot;iPhone 4&quot;,&quot;caption&quot;:&quot;&quot;,&quot;created_timestamp&quot;:&quot;1406870510&quot;,&quot;copyright&quot;:&quot;&quot;,&quot;focal_length&quot;:&quot;3.85&quot;,&quot;iso&quot;:&quot;80&quot;,&quot;shutter_speed&quot;:&quot;0.00116009280742&quot;,&quot;title&quot;:&quot;&quot;,&quot;orientation&quot;:&quot;1&quot;}\" data-image-title=\"2014-08-01 05.21.50\" data-image-description=\"\" data-image-caption=\"\" data-large-file=\"https:\/\/i0.wp.com\/bottesetvelo.com\/blog\/wp-content\/uploads\/2014\/10\/2014-08-01-05.21.50.jpg?fit=1024%2C764&amp;ssl=1\" class=\"alignright wp-image-930 \" src=\"https:\/\/i0.wp.com\/bottesetvelo.com\/blog\/wp-content\/uploads\/2014\/10\/2014-08-01-05.21.50.jpg?resize=331%2C247&#038;ssl=1\" alt=\"2014-08-01 05.21.50\" width=\"331\" height=\"247\" srcset=\"https:\/\/i0.wp.com\/bottesetvelo.com\/blog\/wp-content\/uploads\/2014\/10\/2014-08-01-05.21.50.jpg?resize=500%2C373&amp;ssl=1 500w, https:\/\/i0.wp.com\/bottesetvelo.com\/blog\/wp-content\/uploads\/2014\/10\/2014-08-01-05.21.50.jpg?resize=1024%2C764&amp;ssl=1 1024w, https:\/\/i0.wp.com\/bottesetvelo.com\/blog\/wp-content\/uploads\/2014\/10\/2014-08-01-05.21.50.jpg?resize=624%2C466&amp;ssl=1 624w, https:\/\/i0.wp.com\/bottesetvelo.com\/blog\/wp-content\/uploads\/2014\/10\/2014-08-01-05.21.50.jpg?w=2340&amp;ssl=1 2340w\" sizes=\"auto, (max-width: 331px) 100vw, 331px\" \/>C\u2019est ainsi que nous constaterons que pour faire un bon m\u00e9nage des biens superflus qui nous \u00e9touffent, il faut avant tout faire un m\u00e9nage int\u00e9rieur en nous. Il faut apprendre \u00e0 se conna\u00eetre et \u00e0 se d\u00e9finir clairement. Il faut accepter d\u2019\u00eatre fid\u00e8le \u00e0 nous-m\u00eame, et avoir une id\u00e9e claire de la vie que nous d\u00e9sirons mener. Nous devons mettre dans notre sac de vie ce qui contribue \u00e0 nous faire avancer sur la route que nous avons choisie et non sur celle qui est pr\u00e9-trac\u00e9e, celle trac\u00e9e depuis notre jeune enfance \u00e0 travers les yeux de nos parents, les valeurs sociales, ou l\u2019opinion de nos amis. Et pour bien conna\u00eetre cette route il nous faut de l\u2019espace. Se d\u00e9sencombrer mat\u00e9riellement c\u2019est aussi se d\u00e9sencombrer mentalement. Vous r\u00e9cup\u00e8rerez un espace non seulement physique, mais aussi spirituel, pour penser \u00e0 vous et \u00e0 ce que vous d\u00e9sirez vraiment de la vie. Vous d\u00e9couvrirez avec \u00e9tonnement, comme le p\u00e8lerin, qu\u2019il nous suffit de peu pour bien vivre et que le bonheur ne d\u00e9pend pas de ce que l\u2019on poss\u00e8de mais de ce que l\u2019on vit.<img data-recalc-dims=\"1\" loading=\"lazy\" decoding=\"async\" data-attachment-id=\"14\" data-permalink=\"https:\/\/bottesetvelo.com\/blog\/bottes-et-velo-le-blog\/bottes-et-velo-embleme\/\" data-orig-file=\"https:\/\/i0.wp.com\/bottesetvelo.com\/blog\/wp-content\/uploads\/2014\/01\/Bottes-et-V%C3%A9lo-Embl%C3%AAme-e1454083414631.jpg?fit=100%2C79&amp;ssl=1\" data-orig-size=\"100,79\" data-comments-opened=\"1\" data-image-meta=\"{&quot;aperture&quot;:&quot;0&quot;,&quot;credit&quot;:&quot;&quot;,&quot;camera&quot;:&quot;&quot;,&quot;caption&quot;:&quot;&quot;,&quot;created_timestamp&quot;:&quot;0&quot;,&quot;copyright&quot;:&quot;&quot;,&quot;focal_length&quot;:&quot;0&quot;,&quot;iso&quot;:&quot;0&quot;,&quot;shutter_speed&quot;:&quot;0&quot;,&quot;title&quot;:&quot;&quot;}\" data-image-title=\"Bottes et V\u00e9lo &amp;#8211; Embl\u00eame\" data-image-description=\"\" data-image-caption=\"\" data-large-file=\"https:\/\/i0.wp.com\/bottesetvelo.com\/blog\/wp-content\/uploads\/2014\/01\/Bottes-et-V%C3%A9lo-Embl%C3%AAme-e1454083414631.jpg?fit=100%2C79&amp;ssl=1\" class=\"alignright wp-image-14 \" src=\"https:\/\/i0.wp.com\/bottesetvelo.com\/blog\/wp-content\/uploads\/2014\/01\/Bottes-et-V%C3%A9lo-Embl%C3%AAme.jpg?resize=81%2C64&#038;ssl=1\" alt=\"Bottes et V\u00e9lo - Embl\u00eame\" width=\"81\" height=\"64\" \/><\/p>\n<p style=\"text-align: justify;\">Brigitte Harouni<\/p>\n","protected":false},"excerpt":{"rendered":"<p>L\u2019abus de biens et de consommation est un fardeau qui r\u00e9tr\u00e9cit l\u2019existence. L\u2019absence d&rsquo;encombrement procure de l\u2019espace pour penser, et sans doute m\u00eame pour comprendre. John Pawson Celui qui part pour un long p\u00e8lerinage sait ce que veut dire \u00ab\u00a0choisir l\u2019essentiel\u00a0\u00bb. Et pourtant, m\u00eame le p\u00e8lerin avis\u00e9 portera dans son bagage certains objets dont il&hellip;<\/p>\n","protected":false},"author":2,"featured_media":0,"comment_status":"open","ping_status":"open","sticky":false,"template":"","format":"standard","meta":{"jetpack_post_was_ever_published":false,"_jetpack_newsletter_access":"","_jetpack_dont_email_post_to_subs":false,"_jetpack_newsletter_tier_id":0,"_jetpack_memberships_contains_paywalled_content":false,"_jetpack_memberships_contains_paid_content":false,"footnotes":"","jetpack_publicize_message":"","jetpack_publicize_feature_enabled":true,"jetpack_social_post_already_shared":true,"jetpack_social_options":{"image_generator_settings":{"template":"highway","default_image_id":0,"font":"","enabled":false},"version":2}},"categories":[52,50,39],"tags":[275,97,40,95,96,38,99,98,94],"class_list":["post-927","post","type-post","status-publish","format-standard","hentry","category-alternatives-de-vie","category-art-de-vivre","category-croissance-personnelle","tag-art-de-vivre","tag-consommation","tag-croissance-personnelle-2","tag-desencombrer","tag-qualite-de-vie","tag-reflexion","tag-simplicite-volontaire","tag-surconsommation","tag-vivre-simplement"],"jetpack_publicize_connections":[],"jetpack_featured_media_url":"","jetpack_shortlink":"https:\/\/wp.me\/p4eY6z-eX","jetpack_sharing_enabled":true,"jetpack_likes_enabled":true,"jetpack-related-posts":[],"_links":{"self":[{"href":"https:\/\/bottesetvelo.com\/blog\/wp-json\/wp\/v2\/posts\/927","targetHints":{"allow":["GET"]}}],"collection":[{"href":"https:\/\/bottesetvelo.com\/blog\/wp-json\/wp\/v2\/posts"}],"about":[{"href":"https:\/\/bottesetvelo.com\/blog\/wp-json\/wp\/v2\/types\/post"}],"author":[{"embeddable":true,"href":"https:\/\/bottesetvelo.com\/blog\/wp-json\/wp\/v2\/users\/2"}],"replies":[{"embeddable":true,"href":"https:\/\/bottesetvelo.com\/blog\/wp-json\/wp\/v2\/comments?post=927"}],"version-history":[{"count":1,"href":"https:\/\/bottesetvelo.com\/blog\/wp-json\/wp\/v2\/posts\/927\/revisions"}],"predecessor-version":[{"id":931,"href":"https:\/\/bottesetvelo.com\/blog\/wp-json\/wp\/v2\/posts\/927\/revisions\/931"}],"wp:attachment":[{"href":"https:\/\/bottesetvelo.com\/blog\/wp-json\/wp\/v2\/media?parent=927"}],"wp:term":[{"taxonomy":"category","embeddable":true,"href":"https:\/\/bottesetvelo.com\/blog\/wp-json\/wp\/v2\/categories?post=927"},{"taxonomy":"post_tag","embeddable":true,"href":"https:\/\/bottesetvelo.com\/blog\/wp-json\/wp\/v2\/tags?post=927"}],"curies":[{"name":"wp","href":"https:\/\/api.w.org\/{rel}","templated":true}]}}