{"id":924,"date":"2014-10-11T08:49:58","date_gmt":"2014-10-11T12:49:58","guid":{"rendered":"http:\/\/bottesetvelo.com\/blog\/?p=924"},"modified":"2014-10-18T09:45:22","modified_gmt":"2014-10-18T13:45:22","slug":"vivre-avec-peu-vivre-plus-leger","status":"publish","type":"post","link":"https:\/\/bottesetvelo.com\/blog\/2014\/10\/11\/vivre-avec-peu-vivre-plus-leger\/","title":{"rendered":"Vivre avec peu, vivre plus l\u00e9ger!"},"content":{"rendered":"<p style=\"text-align: justify;\"><a href=\"https:\/\/i0.wp.com\/bottesetvelo.com\/blog\/wp-content\/uploads\/2014\/10\/2014-08-10-12.00.43.jpg?ssl=1\"><img data-recalc-dims=\"1\" loading=\"lazy\" decoding=\"async\" data-attachment-id=\"925\" data-permalink=\"https:\/\/bottesetvelo.com\/blog\/2014\/10\/11\/vivre-avec-peu-vivre-plus-leger\/2014-08-10-12-00-43\/\" data-orig-file=\"https:\/\/i0.wp.com\/bottesetvelo.com\/blog\/wp-content\/uploads\/2014\/10\/2014-08-10-12.00.43.jpg?fit=3264%2C2448&amp;ssl=1\" data-orig-size=\"3264,2448\" data-comments-opened=\"1\" data-image-meta=\"{&quot;aperture&quot;:&quot;2.6&quot;,&quot;credit&quot;:&quot;&quot;,&quot;camera&quot;:&quot;SGH-I747M&quot;,&quot;caption&quot;:&quot;&quot;,&quot;created_timestamp&quot;:&quot;1407672043&quot;,&quot;copyright&quot;:&quot;&quot;,&quot;focal_length&quot;:&quot;3.7&quot;,&quot;iso&quot;:&quot;50&quot;,&quot;shutter_speed&quot;:&quot;0.00054347826087&quot;,&quot;title&quot;:&quot;&quot;,&quot;orientation&quot;:&quot;1&quot;}\" data-image-title=\"2014-08-10 12.00.43\" data-image-description=\"\" data-image-caption=\"\" data-large-file=\"https:\/\/i0.wp.com\/bottesetvelo.com\/blog\/wp-content\/uploads\/2014\/10\/2014-08-10-12.00.43.jpg?fit=1024%2C768&amp;ssl=1\" class=\"alignright wp-image-925 \" src=\"https:\/\/i0.wp.com\/bottesetvelo.com\/blog\/wp-content\/uploads\/2014\/10\/2014-08-10-12.00.43.jpg?resize=304%2C228&#038;ssl=1\" alt=\"2014-08-10 12.00.43\" width=\"304\" height=\"228\" srcset=\"https:\/\/i0.wp.com\/bottesetvelo.com\/blog\/wp-content\/uploads\/2014\/10\/2014-08-10-12.00.43.jpg?resize=500%2C375&amp;ssl=1 500w, https:\/\/i0.wp.com\/bottesetvelo.com\/blog\/wp-content\/uploads\/2014\/10\/2014-08-10-12.00.43.jpg?w=2340&amp;ssl=1 2340w\" sizes=\"auto, (max-width: 304px) 100vw, 304px\" \/><\/a>C\u2019est une v\u00e9rit\u00e9 \u00e0 laquelle nous renvoie le p\u00e8lerinage : vivre avec peu, c\u2019est vivre plus l\u00e9ger! Et un certain bonheur s\u2019en suit qui n\u2019a rien \u00e0 voir avec ce que propose notre culture de consommation nord-am\u00e9ricaine! Au fil de nos p\u00e9r\u00e9grinations, le poids de notre sac \u00e0 dos en vient toujours \u00e0 nous sembler bien lourd et ce n\u2019est pas pour rien qu\u2019il nous remet sans cesse en question\u2026<\/p>\n<p style=\"text-align: justify;\">Mais, de quoi avons-nous tant besoin? Cette simple question, ce simple exercice, pratiqu\u00e9 r\u00e9guli\u00e8rement, nous ram\u00e8ne lentement au simple n\u00e9cessaire et nous met face \u00e0 l\u2019\u00e9vidence : nos besoins r\u00e9els n\u2019ont rien de fastidieux! Alors, pourquoi encombrons-nous nos vies d\u2019autant de choses? Qu\u2019est-ce que tout cela justifie? Serait-ce r\u00e9ellement pour des raisons de confort? On dirait que celui-ci n\u2019a plus de limite! \u00c0 force de tout vouloir satisfaire, serions-nous devenus de perp\u00e9tuels insatisfaits qui se gavent? Qu\u2019est-ce qui se cache derri\u00e8re tous ces objets, toutes ces possessions? Est-ce simplement un agir compulsif qui ferait maintenant figure de norme sociale? Est-il devenu tout simplement normal de consacrer sa vie \u00e0 consommer?<\/p>\n<p style=\"text-align: justify;\">La consommation est devenue un art sournois, une science sophistiqu\u00e9e. Elle se cache partout et nous tient dans ses filets. Vous achetez bio? Dites-vous bien que si nous le faisons, c\u2019est davantage pour ce que cela dit de nous que pour la qualit\u00e9 de ce que nous achetons. Acheter est devenu une mani\u00e8re de vivre qui donne un sens \u00e0 nos vies. Acheter est devenu une culture! Nous achetons plus souvent qu\u2019autrement une reconnaissance sociale, et nous consacrons la meilleure partie de nos journ\u00e9es \u00e0 nous \u00e9chiner pour cette r\u00e9compense. On court les sp\u00e9ciaux, on cherche les aubaines avec fiert\u00e9. Pendant qu\u2019\u00e0 l\u2019autre extr\u00eame certains se pavanent avec le plus dispendieux, le plus luxueux, comme si toute cette agitation \u00e9tait devenue une activit\u00e9 normale, la seule qui prenait sens dans nos vies. Des \u00e2nes qui courent derri\u00e8re leur carotte, voil\u00e0 ce que nous sommes devenus!<\/p>\n<p style=\"text-align: justify;\">Mes questions, et mon indignation, sont sans limite face \u00e0 ces comportements. (Et pourtant je ne suis pas un mod\u00e8le de vertu dans ce domaine! Je me laisse souvent prendre \u00e0 ce man\u00e8ge.) Je vous lance ces questions tout en vrac, sans y apporter de r\u00e9ponse, mais seulement pour mettre en lumi\u00e8re tout un pan de nos vies qui semble devenu le seul qui fasse sens : l\u2019achat. Un objectif social qui alourdit grandement nos sacs de vie. Qui rend la gratuit\u00e9 suspecte ou m\u00eame m\u00e9diocre. Nous avons enclench\u00e9 un cercle tellement vicieux entre travail, argent, consommation, estime de soi et appartenance, un cercle qui tourne \u00e0 toute allure, que nous ne prenons plus le temps de le remettre en question. Il est devenu plus ardu de s\u2019arr\u00eater de courir apr\u00e8s le train, que de le laisser filer!!!!<\/p>\n<p style=\"text-align: justify;\">Vivre avec peu, vivre plus l\u00e9ger. Cette le\u00e7on de p\u00e8lerinage aurait quel impact dans ma vie si je m\u2019y arr\u00eatais? Quel b\u00e9n\u00e9fice en tirer? Quelle allure prendrait ce \u00ab peu \u00bb, cette \u00ab l\u00e9g\u00e8ret\u00e9 \u00bb, concr\u00e8tement? Les b\u00e9n\u00e9fices, le p\u00e8lerin les connait. Il les \u00e9prouve chaque jour de sa marche. Chaque jour, il se les approprie un peu plus.<\/p>\n<p style=\"text-align: justify;\">Cependant, sur le chemin, c\u2019est plus facile, les conditions s\u2019y pr\u00eatent bien et nous oblige \u00e0 revenir \u00e0 nous-m\u00eames. Notre corps nous rappelle \u00e0 l\u2019ordre et la marche nous am\u00e8ne \u00e0 vivre en marge de ce mode de vie. Et c\u2019est l\u00e0 le premier pas \u00e0 faire au retour : apprendre \u00e0 se retirer de cette culture de consommation en prenant conscience des pi\u00e8ges qu\u2019elle nous tend! Et le plus grand est celui tendu par la relation emploi-plaisir. Les trop nombreuses heures pass\u00e9es au travail \u00e0 performer, produire, briller, nous laisse peu de temps pour prendre plaisir \u00e0 vivre. On veut vivre quelque chose rapidement qui nous fasse sentir que tout ce travail en vaut la peine. Le bonheur doit alors \u00eatre instantan\u00e9, l\u2019exp\u00e9rience rapide, car nous n\u2019avons pas beaucoup de temps pour les go\u00fbter. <a href=\"https:\/\/i0.wp.com\/bottesetvelo.com\/blog\/wp-content\/uploads\/2014\/08\/2014-08-06-10.42.051.jpg?ssl=1\"><img data-recalc-dims=\"1\" loading=\"lazy\" decoding=\"async\" data-attachment-id=\"811\" data-permalink=\"https:\/\/bottesetvelo.com\/blog\/2014\/08\/23\/observations-cocasses-non-scientifiquement-fondees\/2014-08-06-10-42-05-2\/\" data-orig-file=\"https:\/\/i0.wp.com\/bottesetvelo.com\/blog\/wp-content\/uploads\/2014\/08\/2014-08-06-10.42.051.jpg?fit=3264%2C2448&amp;ssl=1\" data-orig-size=\"3264,2448\" data-comments-opened=\"1\" data-image-meta=\"{&quot;aperture&quot;:&quot;2.6&quot;,&quot;credit&quot;:&quot;&quot;,&quot;camera&quot;:&quot;SGH-I747M&quot;,&quot;caption&quot;:&quot;&quot;,&quot;created_timestamp&quot;:&quot;1407321725&quot;,&quot;copyright&quot;:&quot;&quot;,&quot;focal_length&quot;:&quot;3.7&quot;,&quot;iso&quot;:&quot;50&quot;,&quot;shutter_speed&quot;:&quot;0.000564334085779&quot;,&quot;title&quot;:&quot;&quot;}\" data-image-title=\"2014-08-06 10.42.05\" data-image-description=\"\" data-image-caption=\"\" data-large-file=\"https:\/\/i0.wp.com\/bottesetvelo.com\/blog\/wp-content\/uploads\/2014\/08\/2014-08-06-10.42.051.jpg?fit=1024%2C768&amp;ssl=1\" class=\"alignright wp-image-811 \" src=\"https:\/\/i0.wp.com\/bottesetvelo.com\/blog\/wp-content\/uploads\/2014\/08\/2014-08-06-10.42.051.jpg?resize=316%2C237&#038;ssl=1\" alt=\"2014-08-06 10.42.05\" width=\"316\" height=\"237\" srcset=\"https:\/\/i0.wp.com\/bottesetvelo.com\/blog\/wp-content\/uploads\/2014\/08\/2014-08-06-10.42.051.jpg?resize=500%2C375&amp;ssl=1 500w, https:\/\/i0.wp.com\/bottesetvelo.com\/blog\/wp-content\/uploads\/2014\/08\/2014-08-06-10.42.051.jpg?w=2340&amp;ssl=1 2340w\" sizes=\"auto, (max-width: 316px) 100vw, 316px\" \/><\/a><\/p>\n<p style=\"text-align: justify;\">La lenteur, prendre le temps, est pourtant le secret de cette aventure. Un anthropologue de l\u2019Universit\u00e9 de Chicago, Marshall Sahlins, en est arriv\u00e9 \u00e0 la conclusion que l\u2019\u00eatre humain de toute son histoire n\u2019avait que tr\u00e8s r\u00e9cemment pass\u00e9 autant de temps \u00e0 travailler. En g\u00e9n\u00e9ral, l\u2019\u00eatre humain aurait consacr\u00e9 \u00e0 se loger, nourrir, v\u00eatir, chauffer et \u00e9clairer une moyenne de vingt-cinq heures par semaine. Le reste de son temps, il l\u2019employait \u00e0 vivre tout simplement : pratiquer un sport qu\u2019il aimait, d\u00e9velopper un art, exp\u00e9rimenter, faire des d\u00e9couvertes, contempler, s\u2019amuser. Il avait l\u2019esprit libre pour explorer. Apr\u00e8s une journ\u00e9e de fou au bureau, on n\u2019a pas vraiment le go\u00fbt de r\u00e9fl\u00e9chir sur notre condition de vie. On veut que ce soit agr\u00e9able maintenant, relaxer, se changer les id\u00e9es.<\/p>\n<p style=\"text-align: justify;\">Cependant, si on prenait le temps de s\u2019arr\u00eater, de s\u2019extirper de ce rythme, de reconsid\u00e9rer notre emploi du temps, de ralentir, on verrait tout le bien que nous pourrions en retirer. L\u2019esprit lib\u00e9r\u00e9 de toutes les pr\u00e9occupations engendr\u00e9es par notre culture de consommation permet de r\u00e9fl\u00e9chir; de s\u2019observer et discerner ce qui est bon pour soi, ce \u00e0 quoi nous aspirons r\u00e9ellement. Autrement, nous ne faisons que filer \u00e0 toute allure. Nous filons pour filer, la vitesse pour la vitesse, sans raison, sans besoin, et avec tout ce qu\u2019elle engendre comme d\u00e9sordre. Retrouver ce temps perdu \u00e0 courir dans l\u2019illusion d\u2019une obligation, se lib\u00e9rer l\u2019esprit, retrouver cet espace pour soi, se connecter \u00e0 soi, c\u2019est r\u00e9duire notre niveau de stress en d\u00e9couvrant un rythme de vie diff\u00e9rent. Le calme \u00e9prouv\u00e9 par ce virage int\u00e9gr\u00e9 dans nos vies aura un effet domino qui entra\u00eenera une multitude de bienfaits dans tout notre corps : sant\u00e9, \u00e9nergie, pr\u00e9sence d\u2019esprit, humeur, un bien-\u00eatre g\u00e9n\u00e9ralis\u00e9. Une qualit\u00e9 de vie qui n\u2019a pas de prix, puisqu\u2019elle est gratuite, et demande, \u00e9nerg\u00e9tiquement parlant, beaucoup moins d\u2019effort que notre mode de vie actuel pour atteindre ce sentiment qui, finalement, ne s\u2019apparente plus \u00e0 une course au bonheur, mais simplement \u00e0 un \u00e9tat de pl\u00e9nitude : se sentir bien.<\/p>\n<p style=\"text-align: justify;\">Bien entendu, tout ceci peut vous sembler bien beau, bien simple sur papier, mais d\u00e9trompez-vous : \u00e7a l\u2019est aussi en r\u00e9alit\u00e9! Le plus difficile sera de faire le choix de quitter cette mani\u00e8re de vivre, de d\u00e9laisser tout ce mat\u00e9riel et de faire le saut concr\u00e8tement, pour en arriver \u00e0 se laisser habiter par cet \u00e9lan de vie; pour go\u00fbter et savourer cette vie nouvelle et satisfaisante, sachant tr\u00e8s bien qu\u2019elle nous m\u00e8ne sur notre chemin.<\/p>\n<p style=\"text-align: justify;\"><a href=\"https:\/\/i0.wp.com\/bottesetvelo.com\/blog\/wp-content\/uploads\/2014\/08\/IMG_3416.jpg?ssl=1\"><img data-recalc-dims=\"1\" loading=\"lazy\" decoding=\"async\" data-attachment-id=\"821\" data-permalink=\"https:\/\/bottesetvelo.com\/blog\/2014\/08\/30\/le-tourisme-de-course\/img_3416\/\" data-orig-file=\"https:\/\/i0.wp.com\/bottesetvelo.com\/blog\/wp-content\/uploads\/2014\/08\/IMG_3416.jpg?fit=2048%2C1530&amp;ssl=1\" data-orig-size=\"2048,1530\" data-comments-opened=\"1\" data-image-meta=\"{&quot;aperture&quot;:&quot;2.8&quot;,&quot;credit&quot;:&quot;&quot;,&quot;camera&quot;:&quot;iPhone 4&quot;,&quot;caption&quot;:&quot;&quot;,&quot;created_timestamp&quot;:&quot;1407416268&quot;,&quot;copyright&quot;:&quot;&quot;,&quot;focal_length&quot;:&quot;3.85&quot;,&quot;iso&quot;:&quot;80&quot;,&quot;shutter_speed&quot;:&quot;0.00149253731343&quot;,&quot;title&quot;:&quot;&quot;}\" data-image-title=\"IMG_3416\" data-image-description=\"\" data-image-caption=\"\" data-large-file=\"https:\/\/i0.wp.com\/bottesetvelo.com\/blog\/wp-content\/uploads\/2014\/08\/IMG_3416.jpg?fit=1024%2C765&amp;ssl=1\" class=\"alignright wp-image-821\" src=\"https:\/\/i0.wp.com\/bottesetvelo.com\/blog\/wp-content\/uploads\/2014\/08\/IMG_3416.jpg?resize=331%2C247&#038;ssl=1\" alt=\"IMG_3416\" width=\"331\" height=\"247\" srcset=\"https:\/\/i0.wp.com\/bottesetvelo.com\/blog\/wp-content\/uploads\/2014\/08\/IMG_3416.jpg?resize=500%2C373&amp;ssl=1 500w, https:\/\/i0.wp.com\/bottesetvelo.com\/blog\/wp-content\/uploads\/2014\/08\/IMG_3416.jpg?resize=1024%2C765&amp;ssl=1 1024w, https:\/\/i0.wp.com\/bottesetvelo.com\/blog\/wp-content\/uploads\/2014\/08\/IMG_3416.jpg?resize=624%2C466&amp;ssl=1 624w, https:\/\/i0.wp.com\/bottesetvelo.com\/blog\/wp-content\/uploads\/2014\/08\/IMG_3416.jpg?w=2048&amp;ssl=1 2048w\" sizes=\"auto, (max-width: 331px) 100vw, 331px\" \/><\/a>Il y aura bient\u00f4t 10 ans que j\u2019ai fait le choix de me lancer sur cette voie et, bien que certains jours soient tr\u00e8s confrontants, je ne le regrette pas. Je ne travaille plus \u00e0 temps plein (3 ou 4 jours\/semaine), je profite de mes journ\u00e9es pour \u00e9crire, go\u00fbter les saisons, cuisiner, marcher, faire du v\u00e9lo, voyager, animer ma cr\u00e9ativit\u00e9, faire un retour aux \u00e9tudes ou simplement \u00eatre pr\u00e9sent \u00e0 la Vie qui m\u2019englobe de toute sa lenteur. Il en ressort que la douceur de ces journ\u00e9es me satisfait pleinement. L\u2019\u00e9tat \u00e9prouv\u00e9 m\u2019incite avec plaisir \u00e0 reprendre sur mes \u00e9paules mon sac de vie, car il est l\u00e9ger!, et de poursuivre sur cette voie. Ainsi, chaque jour, j\u2019avance faisant un peu plus de lumi\u00e8re en moi, de v\u00e9rit\u00e9 en moi. C\u2019est ce qui est bon et rend ma vie satisfaisante.<a href=\"https:\/\/i0.wp.com\/bottesetvelo.com\/blog\/wp-content\/uploads\/2014\/01\/Bottes-et-V%C3%A9lo-Embl%C3%AAme.jpg?ssl=1\"><img data-recalc-dims=\"1\" loading=\"lazy\" decoding=\"async\" data-attachment-id=\"14\" data-permalink=\"https:\/\/bottesetvelo.com\/blog\/bottes-et-velo-le-blog\/bottes-et-velo-embleme\/\" data-orig-file=\"https:\/\/i0.wp.com\/bottesetvelo.com\/blog\/wp-content\/uploads\/2014\/01\/Bottes-et-V%C3%A9lo-Embl%C3%AAme-e1454083414631.jpg?fit=100%2C79&amp;ssl=1\" data-orig-size=\"100,79\" data-comments-opened=\"1\" data-image-meta=\"{&quot;aperture&quot;:&quot;0&quot;,&quot;credit&quot;:&quot;&quot;,&quot;camera&quot;:&quot;&quot;,&quot;caption&quot;:&quot;&quot;,&quot;created_timestamp&quot;:&quot;0&quot;,&quot;copyright&quot;:&quot;&quot;,&quot;focal_length&quot;:&quot;0&quot;,&quot;iso&quot;:&quot;0&quot;,&quot;shutter_speed&quot;:&quot;0&quot;,&quot;title&quot;:&quot;&quot;}\" data-image-title=\"Bottes et V\u00e9lo &amp;#8211; Embl\u00eame\" data-image-description=\"\" data-image-caption=\"\" data-large-file=\"https:\/\/i0.wp.com\/bottesetvelo.com\/blog\/wp-content\/uploads\/2014\/01\/Bottes-et-V%C3%A9lo-Embl%C3%AAme-e1454083414631.jpg?fit=100%2C79&amp;ssl=1\" class=\"alignright wp-image-14\" src=\"https:\/\/i0.wp.com\/bottesetvelo.com\/blog\/wp-content\/uploads\/2014\/01\/Bottes-et-V%C3%A9lo-Embl%C3%AAme.jpg?resize=75%2C59&#038;ssl=1\" alt=\"Bottes et V\u00e9lo - Embl\u00eame\" width=\"75\" height=\"59\" \/><\/a><\/p>\n<p style=\"text-align: justify;\">\u00c9ric Lalibert\u00e9<\/p>\n","protected":false},"excerpt":{"rendered":"<p>C\u2019est une v\u00e9rit\u00e9 \u00e0 laquelle nous renvoie le p\u00e8lerinage : vivre avec peu, c\u2019est vivre plus l\u00e9ger! Et un certain bonheur s\u2019en suit qui n\u2019a rien \u00e0 voir avec ce que propose notre culture de consommation nord-am\u00e9ricaine! Au fil de nos p\u00e9r\u00e9grinations, le poids de notre sac \u00e0 dos en vient toujours \u00e0 nous sembler&hellip;<\/p>\n","protected":false},"author":3,"featured_media":0,"comment_status":"open","ping_status":"open","sticky":false,"template":"","format":"standard","meta":{"jetpack_post_was_ever_published":false,"_jetpack_newsletter_access":"","_jetpack_dont_email_post_to_subs":false,"_jetpack_newsletter_tier_id":0,"_jetpack_memberships_contains_paywalled_content":false,"_jetpack_memberships_contains_paid_content":false,"footnotes":"","jetpack_publicize_message":"","jetpack_publicize_feature_enabled":true,"jetpack_social_post_already_shared":true,"jetpack_social_options":{"image_generator_settings":{"template":"highway","default_image_id":0,"font":"","enabled":false},"version":2}},"categories":[52,50,39,37],"tags":[275,97,40,93,13,96,38,99,20,98,94],"class_list":["post-924","post","type-post","status-publish","format-standard","hentry","category-alternatives-de-vie","category-art-de-vivre","category-croissance-personnelle","category-spiritualite-2","tag-art-de-vivre","tag-consommation","tag-croissance-personnelle-2","tag-marshall-sahlins","tag-pelerinage","tag-qualite-de-vie","tag-reflexion","tag-simplicite-volontaire","tag-spiritualite","tag-surconsommation","tag-vivre-simplement"],"jetpack_publicize_connections":[],"jetpack_featured_media_url":"","jetpack_shortlink":"https:\/\/wp.me\/p4eY6z-eU","jetpack_sharing_enabled":true,"jetpack_likes_enabled":true,"jetpack-related-posts":[],"_links":{"self":[{"href":"https:\/\/bottesetvelo.com\/blog\/wp-json\/wp\/v2\/posts\/924","targetHints":{"allow":["GET"]}}],"collection":[{"href":"https:\/\/bottesetvelo.com\/blog\/wp-json\/wp\/v2\/posts"}],"about":[{"href":"https:\/\/bottesetvelo.com\/blog\/wp-json\/wp\/v2\/types\/post"}],"author":[{"embeddable":true,"href":"https:\/\/bottesetvelo.com\/blog\/wp-json\/wp\/v2\/users\/3"}],"replies":[{"embeddable":true,"href":"https:\/\/bottesetvelo.com\/blog\/wp-json\/wp\/v2\/comments?post=924"}],"version-history":[{"count":1,"href":"https:\/\/bottesetvelo.com\/blog\/wp-json\/wp\/v2\/posts\/924\/revisions"}],"predecessor-version":[{"id":926,"href":"https:\/\/bottesetvelo.com\/blog\/wp-json\/wp\/v2\/posts\/924\/revisions\/926"}],"wp:attachment":[{"href":"https:\/\/bottesetvelo.com\/blog\/wp-json\/wp\/v2\/media?parent=924"}],"wp:term":[{"taxonomy":"category","embeddable":true,"href":"https:\/\/bottesetvelo.com\/blog\/wp-json\/wp\/v2\/categories?post=924"},{"taxonomy":"post_tag","embeddable":true,"href":"https:\/\/bottesetvelo.com\/blog\/wp-json\/wp\/v2\/tags?post=924"}],"curies":[{"name":"wp","href":"https:\/\/api.w.org\/{rel}","templated":true}]}}