{"id":902,"date":"2014-10-03T18:07:46","date_gmt":"2014-10-03T22:07:46","guid":{"rendered":"http:\/\/bottesetvelo.com\/blog\/?p=902"},"modified":"2014-10-03T18:07:46","modified_gmt":"2014-10-03T22:07:46","slug":"suis-je-bottes-ou-velo","status":"publish","type":"post","link":"https:\/\/bottesetvelo.com\/blog\/2014\/10\/03\/suis-je-bottes-ou-velo\/","title":{"rendered":"Suis-je Bottes ou V\u00e9lo?"},"content":{"rendered":"<p style=\"text-align: justify;\">Faire un p\u00e8lerinage \u00e0 bicyclette est une aventure inoubliable, mais en faire un \u00e0 pied est bien plus marquant. Chaque mode de d\u00e9placement a ses avantages et ses inconv\u00e9nients. Et c\u2019est en effectuant la voie du Saint-Laurent \u00e0 v\u00e9lo, puis \u00e0 pied, que j\u2019ai pu r\u00e9aliser pleinement les diff\u00e9rences et me questionner sur ce qui d\u00e9finit r\u00e9ellement un p\u00e8lerinage.<\/p>\n<p style=\"text-align: justify;\">J\u2019ai toujours eu un penchant pour les tr\u00e8s longues randonn\u00e9es \u00e0 v\u00e9lo. Apr\u00e8s 1000 km, j\u2019en voulais encore! Voyager \u00e0 v\u00e9lo, pour moi, c\u2019est me sentir libre comme le vent. Ce moyen de transport me permet de parcourir de plus longues distances que la marche, en beaucoup moins de temps. <a href=\"https:\/\/i0.wp.com\/bottesetvelo.com\/blog\/wp-content\/uploads\/2014\/10\/2014-07-08-08.26.17.jpg?ssl=1\"><img data-recalc-dims=\"1\" loading=\"lazy\" decoding=\"async\" data-attachment-id=\"903\" data-permalink=\"https:\/\/bottesetvelo.com\/blog\/2014\/10\/03\/suis-je-bottes-ou-velo\/2014-07-08-08-26-17\/\" data-orig-file=\"https:\/\/i0.wp.com\/bottesetvelo.com\/blog\/wp-content\/uploads\/2014\/10\/2014-07-08-08.26.17.jpg?fit=2796%2C2100&amp;ssl=1\" data-orig-size=\"2796,2100\" data-comments-opened=\"1\" data-image-meta=\"{&quot;aperture&quot;:&quot;2.6&quot;,&quot;credit&quot;:&quot;&quot;,&quot;camera&quot;:&quot;SGH-I747M&quot;,&quot;caption&quot;:&quot;&quot;,&quot;created_timestamp&quot;:&quot;1404807977&quot;,&quot;copyright&quot;:&quot;&quot;,&quot;focal_length&quot;:&quot;3.7&quot;,&quot;iso&quot;:&quot;50&quot;,&quot;shutter_speed&quot;:&quot;0.00062656641604&quot;,&quot;title&quot;:&quot;&quot;,&quot;orientation&quot;:&quot;1&quot;}\" data-image-title=\"2014-07-08 08.26.17\" data-image-description=\"\" data-image-caption=\"\" data-large-file=\"https:\/\/i0.wp.com\/bottesetvelo.com\/blog\/wp-content\/uploads\/2014\/10\/2014-07-08-08.26.17.jpg?fit=1024%2C769&amp;ssl=1\" class=\"alignright wp-image-903 \" src=\"https:\/\/i0.wp.com\/bottesetvelo.com\/blog\/wp-content\/uploads\/2014\/10\/2014-07-08-08.26.17.jpg?resize=305%2C229&#038;ssl=1\" alt=\"2014-07-08 08.26.17\" width=\"305\" height=\"229\" srcset=\"https:\/\/i0.wp.com\/bottesetvelo.com\/blog\/wp-content\/uploads\/2014\/10\/2014-07-08-08.26.17.jpg?resize=500%2C375&amp;ssl=1 500w, https:\/\/i0.wp.com\/bottesetvelo.com\/blog\/wp-content\/uploads\/2014\/10\/2014-07-08-08.26.17.jpg?resize=1024%2C769&amp;ssl=1 1024w, https:\/\/i0.wp.com\/bottesetvelo.com\/blog\/wp-content\/uploads\/2014\/10\/2014-07-08-08.26.17.jpg?resize=624%2C468&amp;ssl=1 624w, https:\/\/i0.wp.com\/bottesetvelo.com\/blog\/wp-content\/uploads\/2014\/10\/2014-07-08-08.26.17.jpg?w=2340&amp;ssl=1 2340w\" sizes=\"auto, (max-width: 305px) 100vw, 305px\" \/><\/a>Et bien que je sois limit\u00e9e dans la quantit\u00e9 de mat\u00e9riel \u00e0 emporter, le poids total de mon bagage me pr\u00e9occupe beaucoup moins que lorsqu\u2019il est directement sur mes \u00e9paules. Contrairement \u00e0 la marche qui oblige \u00e0 \u00eatre constamment \u00e0 l\u2019effort, que ce soit dans les mont\u00e9es, les descentes ou m\u00eame sur un terrain plat, le v\u00e9lo m\u2019offre des moments de r\u00e9pit et de plaisir dans les descentes; et le jeu des vitesses me facilitent la t\u00e2che quand mes muscles commencent \u00e0 fatiguer. \u00c0 v\u00e9lo, les douleurs musculaires des premiers jours passent et le corps s\u2019adapte assez rapidement \u00e0 sa nouvelle r\u00e9alit\u00e9. Ce qui fait que j\u2019ai l\u2019\u00e9nergie de p\u00e9daler pour aller vers l\u2019h\u00e9bergement de mon choix ou pour repartir en soir\u00e9e faire un brin de tourisme.<\/p>\n<p style=\"text-align: justify;\">\u00c0 me lire, vous devinez rapidement que je suis clairement V\u00e9lo! Et pourtant&#8230;<\/p>\n<p style=\"text-align: justify;\">Apr\u00e8s 1500 km de v\u00e9lo, j\u2019avais h\u00e2te de commencer \u00e0 marcher. L\u2019id\u00e9e d\u2019un changement me plaisait. Mais je dois avouer que d\u00e8s les premiers jours de marche, j\u2019ai regrett\u00e9 vivement ma bicyclette! Tout \u00e9tait plus compliqu\u00e9, plus lourd et plus douloureux. M\u00eame si \u00e0 v\u00e9lo on semble se d\u00e9placer lentement, c\u2019est quand on se retrouve \u00e0 pied qu\u2019on r\u00e9alise \u00e0 quel point on allait vite! En fin de journ\u00e9e, je comptais les kilom\u00e8tres restants, les m\u00e8tres \u00e0 parcourir, mes pas jusqu\u2019\u00e0 l\u2019h\u00e9bergement! Mais graduellement encore, apr\u00e8s 3-4 jours environ, mon corps et mon esprit se sont ajust\u00e9s \u00e0 ce nouveau rythme et ont commenc\u00e9 \u00e0 y prendre plaisir. Ce n\u2019\u00e9tait pas mon premier p\u00e8lerinage \u00e0 pied, et je savais que j\u2019allais devoir traverser la p\u00e9riode d\u2019adaptation et d\u2019acceptation de la nouveaut\u00e9 pour acc\u00e9der au pallier suivant qui permet d\u2019entrer dans l\u2019esprit du chemin. En marchant, je me sens plus pr\u00e8s de tout : de ce qui m\u2019entoure, des gens que je croise, de moi. Pour bien vivre la marche, je dois accepter mes limites. <a href=\"https:\/\/i0.wp.com\/bottesetvelo.com\/blog\/wp-content\/uploads\/2014\/10\/2014-07-27-10.05.49.jpg?ssl=1\"><img data-recalc-dims=\"1\" loading=\"lazy\" decoding=\"async\" data-attachment-id=\"904\" data-permalink=\"https:\/\/bottesetvelo.com\/blog\/2014\/10\/03\/suis-je-bottes-ou-velo\/2014-07-27-10-05-49\/\" data-orig-file=\"https:\/\/i0.wp.com\/bottesetvelo.com\/blog\/wp-content\/uploads\/2014\/10\/2014-07-27-10.05.49.jpg?fit=3202%2C2364&amp;ssl=1\" data-orig-size=\"3202,2364\" data-comments-opened=\"1\" data-image-meta=\"{&quot;aperture&quot;:&quot;2.6&quot;,&quot;credit&quot;:&quot;&quot;,&quot;camera&quot;:&quot;SGH-I747M&quot;,&quot;caption&quot;:&quot;&quot;,&quot;created_timestamp&quot;:&quot;1406455549&quot;,&quot;copyright&quot;:&quot;&quot;,&quot;focal_length&quot;:&quot;3.7&quot;,&quot;iso&quot;:&quot;50&quot;,&quot;shutter_speed&quot;:&quot;0.000480769230769&quot;,&quot;title&quot;:&quot;&quot;,&quot;orientation&quot;:&quot;1&quot;}\" data-image-title=\"2014-07-27 10.05.49\" data-image-description=\"\" data-image-caption=\"\" data-large-file=\"https:\/\/i0.wp.com\/bottesetvelo.com\/blog\/wp-content\/uploads\/2014\/10\/2014-07-27-10.05.49.jpg?fit=1024%2C756&amp;ssl=1\" class=\"alignright wp-image-904 \" src=\"https:\/\/i0.wp.com\/bottesetvelo.com\/blog\/wp-content\/uploads\/2014\/10\/2014-07-27-10.05.49.jpg?resize=316%2C233&#038;ssl=1\" alt=\"2014-07-27 10.05.49\" width=\"316\" height=\"233\" srcset=\"https:\/\/i0.wp.com\/bottesetvelo.com\/blog\/wp-content\/uploads\/2014\/10\/2014-07-27-10.05.49.jpg?resize=500%2C369&amp;ssl=1 500w, https:\/\/i0.wp.com\/bottesetvelo.com\/blog\/wp-content\/uploads\/2014\/10\/2014-07-27-10.05.49.jpg?resize=624%2C460&amp;ssl=1 624w, https:\/\/i0.wp.com\/bottesetvelo.com\/blog\/wp-content\/uploads\/2014\/10\/2014-07-27-10.05.49.jpg?w=2340&amp;ssl=1 2340w\" sizes=\"auto, (max-width: 316px) 100vw, 316px\" \/><\/a>Accepter que mes pieds fassent facilement des ampoules et que je doive en prendre soins et faire des pauses. Accepter que mon genou gauche soit fragile et ne r\u00e9sistera pas aux grandes descentes si je ne prends pas le temps de prendre appui sur mes b\u00e2tons de marche. J\u2019accepte de ralentir et de profiter du paysage et du moment. Et c\u2019est alors que la magie op\u00e8re. Il est beaucoup plus facile d\u2019\u00e9changer avec les gens que l\u2019on croise lorsqu\u2019on est \u00e0 pied. On est beaucoup plus accessible et disponible. Et le temps d\u2019une jasette est aussi le temps d\u2019une petite pause. Sur le bord du fleuve, en Gasp\u00e9sie, des p\u00e8lerins il y en a si peu que je peux dire qu\u2019il n\u2019y en a pas. Les gens sont curieux, intrigu\u00e9s, encourageants, accueillants, aidants. \u00c0 pied, on d\u00e9couvre les vraies valeurs humaines d\u2019une r\u00e9gion. On a le temps de bien s\u2019impr\u00e9gner d\u2019un endroit et de vivre pleinement le pr\u00e9sent. Tout est plus prononc\u00e9, car tout dure plus longtemps. Marcher nous ram\u00e8ne \u00e0 la base de la vie. On est plus conscient de nos besoins de base : manger, se loger. Notre vitesse de d\u00e9placement \u00e9tant restreinte, il faut bien planifier et s\u2019organiser. Comme notre bagage alourdit chacun de nos pas, on apprend rapidement \u00e0 d\u00e9terminer ce qui nous est essentiel. Et m\u00eame dans ce que nous transportons qui semble minimaliste, on pourrait encore \u00e9liminer du poids pour se permettre de transporter de la nourriture ou de l\u2019eau. Contrairement au voyage \u00e0 v\u00e9lo, quand on voyage \u00e0 pied la douleur est pr\u00e9sente chaque jour, quelle que soit notre forme physique. Ce n\u2019est pas une douleur musculaire, mais une douleur de fatigue de fin de journ\u00e9e. Une douleur qui nous rappelle que notre corps a des limites tant au niveau du kilom\u00e9trage parcouru qu\u2019au niveau du temps.<\/p>\n<p style=\"text-align: justify;\">Alors, suis-je Bottes ou V\u00e9lo? Tout d\u00e9pend de ce que je veux vivre. Car, dans les deux cas on retrouve les m\u00eames d\u00e9fis : la r\u00e9p\u00e9tition, la dur\u00e9e, l\u2019endurance, la pers\u00e9v\u00e9rance, la lenteur, le d\u00e9pouillement. Mais pour vivre intens\u00e9ment un p\u00e8lerinage, rien ne vaut mieux que la marche car, moins on va vite et plus on profite du moment pr\u00e9sent.<a href=\"https:\/\/i0.wp.com\/bottesetvelo.com\/blog\/wp-content\/uploads\/2014\/01\/Bottes-et-V%C3%A9lo-Embl%C3%AAme.jpg?ssl=1\"><img data-recalc-dims=\"1\" loading=\"lazy\" decoding=\"async\" data-attachment-id=\"14\" data-permalink=\"https:\/\/bottesetvelo.com\/blog\/bottes-et-velo-le-blog\/bottes-et-velo-embleme\/\" data-orig-file=\"https:\/\/i0.wp.com\/bottesetvelo.com\/blog\/wp-content\/uploads\/2014\/01\/Bottes-et-V%C3%A9lo-Embl%C3%AAme-e1454083414631.jpg?fit=100%2C79&amp;ssl=1\" data-orig-size=\"100,79\" data-comments-opened=\"1\" data-image-meta=\"{&quot;aperture&quot;:&quot;0&quot;,&quot;credit&quot;:&quot;&quot;,&quot;camera&quot;:&quot;&quot;,&quot;caption&quot;:&quot;&quot;,&quot;created_timestamp&quot;:&quot;0&quot;,&quot;copyright&quot;:&quot;&quot;,&quot;focal_length&quot;:&quot;0&quot;,&quot;iso&quot;:&quot;0&quot;,&quot;shutter_speed&quot;:&quot;0&quot;,&quot;title&quot;:&quot;&quot;}\" data-image-title=\"Bottes et V\u00e9lo &amp;#8211; Embl\u00eame\" data-image-description=\"\" data-image-caption=\"\" data-large-file=\"https:\/\/i0.wp.com\/bottesetvelo.com\/blog\/wp-content\/uploads\/2014\/01\/Bottes-et-V%C3%A9lo-Embl%C3%AAme-e1454083414631.jpg?fit=100%2C79&amp;ssl=1\" class=\"alignright wp-image-14 \" src=\"https:\/\/i0.wp.com\/bottesetvelo.com\/blog\/wp-content\/uploads\/2014\/01\/Bottes-et-V%C3%A9lo-Embl%C3%AAme.jpg?resize=74%2C58&#038;ssl=1\" alt=\"Bottes et V\u00e9lo - Embl\u00eame\" width=\"74\" height=\"58\" \/><\/a><\/p>\n<p style=\"text-align: justify;\">Brigitte Harouni<\/p>\n","protected":false},"excerpt":{"rendered":"<p>Faire un p\u00e8lerinage \u00e0 bicyclette est une aventure inoubliable, mais en faire un \u00e0 pied est bien plus marquant. Chaque mode de d\u00e9placement a ses avantages et ses inconv\u00e9nients. Et c\u2019est en effectuant la voie du Saint-Laurent \u00e0 v\u00e9lo, puis \u00e0 pied, que j\u2019ai pu r\u00e9aliser pleinement les diff\u00e9rences et me questionner sur ce qui&hellip;<\/p>\n","protected":false},"author":2,"featured_media":0,"comment_status":"open","ping_status":"open","sticky":false,"template":"","format":"standard","meta":{"jetpack_post_was_ever_published":false,"_jetpack_newsletter_access":"","_jetpack_dont_email_post_to_subs":false,"_jetpack_newsletter_tier_id":0,"_jetpack_memberships_contains_paywalled_content":false,"_jetpack_memberships_contains_paid_content":false,"footnotes":"","jetpack_publicize_message":"","jetpack_publicize_feature_enabled":true,"jetpack_social_post_already_shared":true,"jetpack_social_options":{"image_generator_settings":{"template":"highway","default_image_id":0,"font":"","enabled":false},"version":2}},"categories":[50,3],"tags":[275,18,14,13,19,15],"class_list":["post-902","post","type-post","status-publish","format-standard","hentry","category-art-de-vivre","category-reflexions","tag-art-de-vivre","tag-bottes-et-velo","tag-marche","tag-pelerinage","tag-randonnee","tag-velo"],"jetpack_publicize_connections":[],"jetpack_featured_media_url":"","jetpack_shortlink":"https:\/\/wp.me\/p4eY6z-ey","jetpack_sharing_enabled":true,"jetpack_likes_enabled":true,"jetpack-related-posts":[],"_links":{"self":[{"href":"https:\/\/bottesetvelo.com\/blog\/wp-json\/wp\/v2\/posts\/902","targetHints":{"allow":["GET"]}}],"collection":[{"href":"https:\/\/bottesetvelo.com\/blog\/wp-json\/wp\/v2\/posts"}],"about":[{"href":"https:\/\/bottesetvelo.com\/blog\/wp-json\/wp\/v2\/types\/post"}],"author":[{"embeddable":true,"href":"https:\/\/bottesetvelo.com\/blog\/wp-json\/wp\/v2\/users\/2"}],"replies":[{"embeddable":true,"href":"https:\/\/bottesetvelo.com\/blog\/wp-json\/wp\/v2\/comments?post=902"}],"version-history":[{"count":3,"href":"https:\/\/bottesetvelo.com\/blog\/wp-json\/wp\/v2\/posts\/902\/revisions"}],"predecessor-version":[{"id":907,"href":"https:\/\/bottesetvelo.com\/blog\/wp-json\/wp\/v2\/posts\/902\/revisions\/907"}],"wp:attachment":[{"href":"https:\/\/bottesetvelo.com\/blog\/wp-json\/wp\/v2\/media?parent=902"}],"wp:term":[{"taxonomy":"category","embeddable":true,"href":"https:\/\/bottesetvelo.com\/blog\/wp-json\/wp\/v2\/categories?post=902"},{"taxonomy":"post_tag","embeddable":true,"href":"https:\/\/bottesetvelo.com\/blog\/wp-json\/wp\/v2\/tags?post=902"}],"curies":[{"name":"wp","href":"https:\/\/api.w.org\/{rel}","templated":true}]}}