{"id":884,"date":"2014-09-27T09:46:48","date_gmt":"2014-09-27T13:46:48","guid":{"rendered":"http:\/\/bottesetvelo.com\/blog\/?p=884"},"modified":"2014-09-27T09:46:48","modified_gmt":"2014-09-27T13:46:48","slug":"le-pelerinage-le-privilege-de-se-reapproprier-sa-vie","status":"publish","type":"post","link":"https:\/\/bottesetvelo.com\/blog\/2014\/09\/27\/le-pelerinage-le-privilege-de-se-reapproprier-sa-vie\/","title":{"rendered":"Le p\u00e8lerinage: le privil\u00e8ge de se r\u00e9approprier sa vie"},"content":{"rendered":"<h6 style=\"text-align: right;\"><em>L&rsquo;essentiel n&rsquo;est pas de vivre, mais de bien vivre.<\/em><br \/>\n<em>Platon<\/em><\/h6>\n<p style=\"text-align: justify;\"><a href=\"https:\/\/i0.wp.com\/bottesetvelo.com\/blog\/wp-content\/uploads\/2014\/09\/2014-07-03-11.10.09.jpg?ssl=1\"><img data-recalc-dims=\"1\" loading=\"lazy\" decoding=\"async\" data-attachment-id=\"885\" data-permalink=\"https:\/\/bottesetvelo.com\/blog\/2014\/09\/27\/le-pelerinage-le-privilege-de-se-reapproprier-sa-vie\/2014-07-03-11-10-09\/\" data-orig-file=\"https:\/\/i0.wp.com\/bottesetvelo.com\/blog\/wp-content\/uploads\/2014\/09\/2014-07-03-11.10.09.jpg?fit=3264%2C2448&amp;ssl=1\" data-orig-size=\"3264,2448\" data-comments-opened=\"1\" data-image-meta=\"{&quot;aperture&quot;:&quot;2.6&quot;,&quot;credit&quot;:&quot;&quot;,&quot;camera&quot;:&quot;SGH-I747M&quot;,&quot;caption&quot;:&quot;&quot;,&quot;created_timestamp&quot;:&quot;1404385809&quot;,&quot;copyright&quot;:&quot;&quot;,&quot;focal_length&quot;:&quot;3.7&quot;,&quot;iso&quot;:&quot;64&quot;,&quot;shutter_speed&quot;:&quot;0.0166666666667&quot;,&quot;title&quot;:&quot;&quot;,&quot;orientation&quot;:&quot;1&quot;}\" data-image-title=\"2014-07-03 11.10.09\" data-image-description=\"\" data-image-caption=\"\" data-large-file=\"https:\/\/i0.wp.com\/bottesetvelo.com\/blog\/wp-content\/uploads\/2014\/09\/2014-07-03-11.10.09.jpg?fit=1024%2C768&amp;ssl=1\" class=\"alignright wp-image-885 \" src=\"https:\/\/i0.wp.com\/bottesetvelo.com\/blog\/wp-content\/uploads\/2014\/09\/2014-07-03-11.10.09.jpg?resize=202%2C152&#038;ssl=1\" alt=\"2014-07-03 11.10.09\" width=\"202\" height=\"152\" srcset=\"https:\/\/i0.wp.com\/bottesetvelo.com\/blog\/wp-content\/uploads\/2014\/09\/2014-07-03-11.10.09.jpg?resize=500%2C375&amp;ssl=1 500w, https:\/\/i0.wp.com\/bottesetvelo.com\/blog\/wp-content\/uploads\/2014\/09\/2014-07-03-11.10.09.jpg?resize=1024%2C768&amp;ssl=1 1024w, https:\/\/i0.wp.com\/bottesetvelo.com\/blog\/wp-content\/uploads\/2014\/09\/2014-07-03-11.10.09.jpg?w=2340&amp;ssl=1 2340w\" sizes=\"auto, (max-width: 202px) 100vw, 202px\" \/><\/a> Lorsque je me lance sur un chemin de p\u00e8lerinage, je me sens privil\u00e9gi\u00e9. Pendant plusieurs jours, je retrouve ma libert\u00e9. Je sors de l\u2019agitation quotidienne, de cet esclavage moderne, pour entrer dans un monde riche de couleurs et de sensations. Je quitte un mode de vie dont je n\u2019ai plus conscience tellement tout va vite, tellement mon corps et mon esprit sont sollicit\u00e9s de partout. Un mode de vie qui ne me laisse plus le temps de penser. Pas le temps de me demander si c\u2019est normal de vivre ainsi\u2026<a href=\"https:\/\/i0.wp.com\/bottesetvelo.com\/blog\/wp-content\/uploads\/2014\/09\/2014-07-04-15.35.51.jpg?ssl=1\"><img data-recalc-dims=\"1\" loading=\"lazy\" decoding=\"async\" data-attachment-id=\"886\" data-permalink=\"https:\/\/bottesetvelo.com\/blog\/2014\/09\/27\/le-pelerinage-le-privilege-de-se-reapproprier-sa-vie\/2014-07-04-15-35-51\/\" data-orig-file=\"https:\/\/i0.wp.com\/bottesetvelo.com\/blog\/wp-content\/uploads\/2014\/09\/2014-07-04-15.35.51.jpg?fit=2592%2C1936&amp;ssl=1\" data-orig-size=\"2592,1936\" data-comments-opened=\"1\" data-image-meta=\"{&quot;aperture&quot;:&quot;2.8&quot;,&quot;credit&quot;:&quot;&quot;,&quot;camera&quot;:&quot;iPhone 4&quot;,&quot;caption&quot;:&quot;&quot;,&quot;created_timestamp&quot;:&quot;1404488151&quot;,&quot;copyright&quot;:&quot;&quot;,&quot;focal_length&quot;:&quot;3.85&quot;,&quot;iso&quot;:&quot;80&quot;,&quot;shutter_speed&quot;:&quot;0.00036469730124&quot;,&quot;title&quot;:&quot;&quot;,&quot;orientation&quot;:&quot;1&quot;}\" data-image-title=\"2014-07-04 15.35.51\" data-image-description=\"\" data-image-caption=\"\" data-large-file=\"https:\/\/i0.wp.com\/bottesetvelo.com\/blog\/wp-content\/uploads\/2014\/09\/2014-07-04-15.35.51.jpg?fit=1024%2C764&amp;ssl=1\" class=\"alignright wp-image-886 \" src=\"https:\/\/i0.wp.com\/bottesetvelo.com\/blog\/wp-content\/uploads\/2014\/09\/2014-07-04-15.35.51.jpg?resize=202%2C151&#038;ssl=1\" alt=\"2014-07-04 15.35.51\" width=\"202\" height=\"151\" srcset=\"https:\/\/i0.wp.com\/bottesetvelo.com\/blog\/wp-content\/uploads\/2014\/09\/2014-07-04-15.35.51.jpg?resize=500%2C373&amp;ssl=1 500w, https:\/\/i0.wp.com\/bottesetvelo.com\/blog\/wp-content\/uploads\/2014\/09\/2014-07-04-15.35.51.jpg?resize=1024%2C764&amp;ssl=1 1024w, https:\/\/i0.wp.com\/bottesetvelo.com\/blog\/wp-content\/uploads\/2014\/09\/2014-07-04-15.35.51.jpg?resize=624%2C466&amp;ssl=1 624w, https:\/\/i0.wp.com\/bottesetvelo.com\/blog\/wp-content\/uploads\/2014\/09\/2014-07-04-15.35.51.jpg?w=2340&amp;ssl=1 2340w\" sizes=\"auto, (max-width: 202px) 100vw, 202px\" \/><\/a><\/p>\n<p style=\"text-align: justify;\">Notre d\u00e9pendance aux technologies de communication, \u00e0 la t\u00e9l\u00e9vision, \u00e0 l\u2019internet, nous laisse envahir de partout. Nous le savons tous : le cellulaire encha\u00eene et est intrusif; les courriels et facebook rongent notre curiosit\u00e9; les \u00e9couteurs dans les oreilles, on ne se parle plus que tr\u00e8s peu, sinon quelques mots envoy\u00e9s par textos. Des mots envoy\u00e9s sans penser, des mots sans conscience&#8230; <a href=\"https:\/\/i0.wp.com\/bottesetvelo.com\/blog\/wp-content\/uploads\/2014\/09\/2014-07-06-06.56.35.jpg?ssl=1\"><img data-recalc-dims=\"1\" loading=\"lazy\" decoding=\"async\" data-attachment-id=\"887\" data-permalink=\"https:\/\/bottesetvelo.com\/blog\/2014\/09\/27\/le-pelerinage-le-privilege-de-se-reapproprier-sa-vie\/2014-07-06-06-56-35\/\" data-orig-file=\"https:\/\/i0.wp.com\/bottesetvelo.com\/blog\/wp-content\/uploads\/2014\/09\/2014-07-06-06.56.35.jpg?fit=3264%2C2448&amp;ssl=1\" data-orig-size=\"3264,2448\" data-comments-opened=\"1\" data-image-meta=\"{&quot;aperture&quot;:&quot;2.6&quot;,&quot;credit&quot;:&quot;&quot;,&quot;camera&quot;:&quot;SGH-I747M&quot;,&quot;caption&quot;:&quot;&quot;,&quot;created_timestamp&quot;:&quot;1404629795&quot;,&quot;copyright&quot;:&quot;&quot;,&quot;focal_length&quot;:&quot;3.7&quot;,&quot;iso&quot;:&quot;50&quot;,&quot;shutter_speed&quot;:&quot;0.000494071146245&quot;,&quot;title&quot;:&quot;&quot;,&quot;orientation&quot;:&quot;1&quot;}\" data-image-title=\"2014-07-06 06.56.35\" data-image-description=\"\" data-image-caption=\"\" data-large-file=\"https:\/\/i0.wp.com\/bottesetvelo.com\/blog\/wp-content\/uploads\/2014\/09\/2014-07-06-06.56.35.jpg?fit=1024%2C768&amp;ssl=1\" class=\"alignright wp-image-887 \" src=\"https:\/\/i0.wp.com\/bottesetvelo.com\/blog\/wp-content\/uploads\/2014\/09\/2014-07-06-06.56.35.jpg?resize=202%2C151&#038;ssl=1\" alt=\"2014-07-06 06.56.35\" width=\"202\" height=\"151\" srcset=\"https:\/\/i0.wp.com\/bottesetvelo.com\/blog\/wp-content\/uploads\/2014\/09\/2014-07-06-06.56.35.jpg?resize=500%2C375&amp;ssl=1 500w, https:\/\/i0.wp.com\/bottesetvelo.com\/blog\/wp-content\/uploads\/2014\/09\/2014-07-06-06.56.35.jpg?resize=1024%2C768&amp;ssl=1 1024w, https:\/\/i0.wp.com\/bottesetvelo.com\/blog\/wp-content\/uploads\/2014\/09\/2014-07-06-06.56.35.jpg?w=2340&amp;ssl=1 2340w\" sizes=\"auto, (max-width: 202px) 100vw, 202px\" \/><\/a>On ne s\u2019\u00e9coute plus, on ne s\u2019entend plus. On ne s\u2019entend m\u00eame plus penser. Notre sensibilit\u00e9 \u00e0 l\u2019autre s\u2019amenuise de jour en jour, pendant que notre intol\u00e9rance grandit. Insensible \u00e0 l\u2019autre, trop sensible \u00e0 soi\u2026<\/p>\n<p style=\"text-align: justify;\">Notre esprit, continuellement sollicit\u00e9, ne prends plus le temps de r\u00e9fl\u00e9chir sur notre condition. La t\u00eate pleine de mille et une pr\u00e9occupations mat\u00e9rielles et sociales, le sentiment de ne pas avoir de temps pour soi, nous ne remettons plus en question notre inscription \u00e0 la course folle d\u2019une vie performante. Une vie qui co\u00fbte de plus en plus cher!\u00a0<a href=\"https:\/\/i0.wp.com\/bottesetvelo.com\/blog\/wp-content\/uploads\/2014\/09\/2014-07-10-14.30.49.jpg?ssl=1\"><img data-recalc-dims=\"1\" loading=\"lazy\" decoding=\"async\" data-attachment-id=\"889\" data-permalink=\"https:\/\/bottesetvelo.com\/blog\/2014\/09\/27\/le-pelerinage-le-privilege-de-se-reapproprier-sa-vie\/2014-07-10-14-30-49\/\" data-orig-file=\"https:\/\/i0.wp.com\/bottesetvelo.com\/blog\/wp-content\/uploads\/2014\/09\/2014-07-10-14.30.49.jpg?fit=2592%2C1936&amp;ssl=1\" data-orig-size=\"2592,1936\" data-comments-opened=\"1\" data-image-meta=\"{&quot;aperture&quot;:&quot;2.8&quot;,&quot;credit&quot;:&quot;&quot;,&quot;camera&quot;:&quot;iPhone 4&quot;,&quot;caption&quot;:&quot;&quot;,&quot;created_timestamp&quot;:&quot;1405002649&quot;,&quot;copyright&quot;:&quot;&quot;,&quot;focal_length&quot;:&quot;3.85&quot;,&quot;iso&quot;:&quot;80&quot;,&quot;shutter_speed&quot;:&quot;0.000497265042268&quot;,&quot;title&quot;:&quot;&quot;,&quot;orientation&quot;:&quot;1&quot;}\" data-image-title=\"2014-07-10 14.30.49\" data-image-description=\"\" data-image-caption=\"\" data-large-file=\"https:\/\/i0.wp.com\/bottesetvelo.com\/blog\/wp-content\/uploads\/2014\/09\/2014-07-10-14.30.49.jpg?fit=1024%2C764&amp;ssl=1\" class=\"alignright wp-image-889 \" src=\"https:\/\/i0.wp.com\/bottesetvelo.com\/blog\/wp-content\/uploads\/2014\/09\/2014-07-10-14.30.49.jpg?resize=202%2C151&#038;ssl=1\" alt=\"2014-07-10 14.30.49\" width=\"202\" height=\"151\" srcset=\"https:\/\/i0.wp.com\/bottesetvelo.com\/blog\/wp-content\/uploads\/2014\/09\/2014-07-10-14.30.49.jpg?resize=500%2C373&amp;ssl=1 500w, https:\/\/i0.wp.com\/bottesetvelo.com\/blog\/wp-content\/uploads\/2014\/09\/2014-07-10-14.30.49.jpg?resize=1024%2C764&amp;ssl=1 1024w, https:\/\/i0.wp.com\/bottesetvelo.com\/blog\/wp-content\/uploads\/2014\/09\/2014-07-10-14.30.49.jpg?resize=624%2C466&amp;ssl=1 624w, https:\/\/i0.wp.com\/bottesetvelo.com\/blog\/wp-content\/uploads\/2014\/09\/2014-07-10-14.30.49.jpg?w=2340&amp;ssl=1 2340w\" sizes=\"auto, (max-width: 202px) 100vw, 202px\" \/><\/a><\/p>\n<p style=\"text-align: justify;\">Pour r\u00e9pondre \u00e0 ce rythme de vie, nous offrons le meilleur de nos journ\u00e9es \u00e0 un emploi qui nous prend la t\u00eate bien plus que 8 heures par jour. Un travail dont le salaire se voit amput\u00e9 de moiti\u00e9 pour soutenir des services sociaux qui ne font que diminuer, des \u00e9lus dont nous doutons de la droiture\u2026<\/p>\n<p style=\"text-align: justify;\">Le stress, la pression, la production, tout cela laisse mon corps et mon esprit compl\u00e8tement vid\u00e9s, avec un sentiment d\u2019impuissance.<a href=\"https:\/\/i0.wp.com\/bottesetvelo.com\/blog\/wp-content\/uploads\/2014\/09\/2014-07-25-08.36.31.jpg?ssl=1\"><img data-recalc-dims=\"1\" loading=\"lazy\" decoding=\"async\" data-attachment-id=\"890\" data-permalink=\"https:\/\/bottesetvelo.com\/blog\/2014\/09\/27\/le-pelerinage-le-privilege-de-se-reapproprier-sa-vie\/2014-07-25-08-36-31\/\" data-orig-file=\"https:\/\/i0.wp.com\/bottesetvelo.com\/blog\/wp-content\/uploads\/2014\/09\/2014-07-25-08.36.31.jpg?fit=3264%2C2448&amp;ssl=1\" data-orig-size=\"3264,2448\" data-comments-opened=\"1\" data-image-meta=\"{&quot;aperture&quot;:&quot;2.6&quot;,&quot;credit&quot;:&quot;&quot;,&quot;camera&quot;:&quot;SGH-I747M&quot;,&quot;caption&quot;:&quot;&quot;,&quot;created_timestamp&quot;:&quot;1406277391&quot;,&quot;copyright&quot;:&quot;&quot;,&quot;focal_length&quot;:&quot;3.7&quot;,&quot;iso&quot;:&quot;50&quot;,&quot;shutter_speed&quot;:&quot;0.000825082508251&quot;,&quot;title&quot;:&quot;&quot;,&quot;orientation&quot;:&quot;1&quot;}\" data-image-title=\"2014-07-25 08.36.31\" data-image-description=\"\" data-image-caption=\"\" data-large-file=\"https:\/\/i0.wp.com\/bottesetvelo.com\/blog\/wp-content\/uploads\/2014\/09\/2014-07-25-08.36.31.jpg?fit=1024%2C768&amp;ssl=1\" class=\"alignright wp-image-890 \" src=\"https:\/\/i0.wp.com\/bottesetvelo.com\/blog\/wp-content\/uploads\/2014\/09\/2014-07-25-08.36.31.jpg?resize=203%2C152&#038;ssl=1\" alt=\"2014-07-25 08.36.31\" width=\"203\" height=\"152\" srcset=\"https:\/\/i0.wp.com\/bottesetvelo.com\/blog\/wp-content\/uploads\/2014\/09\/2014-07-25-08.36.31.jpg?resize=500%2C375&amp;ssl=1 500w, https:\/\/i0.wp.com\/bottesetvelo.com\/blog\/wp-content\/uploads\/2014\/09\/2014-07-25-08.36.31.jpg?w=2340&amp;ssl=1 2340w\" sizes=\"auto, (max-width: 203px) 100vw, 203px\" \/><\/a> Press\u00e9 comme un citron, je me retrouve en fin de journ\u00e9e, fourbu, incapable de vivre dans le silence. Mes propres pens\u00e9es sont devenues angoissantes. Alors, je m\u2019\u00e9teins devant la t\u00e9l\u00e9 qui s\u2019allume. Le peu d\u2019espace que nous aurions pour nous donner de la perspective, nous le mettons sur la t\u00e9l\u00e9vision. Trop fatigu\u00e9s, d\u00e9sabus\u00e9s peut-\u00eatre, nous cherchons un sens \u00e0 tous cela et la t\u00e9l\u00e9vision nous en offre un, nous laisse le sentiment d\u2019\u00eatre en vie, nous fait r\u00eaver, nous incite \u00e0 croire que cette mani\u00e8re de vivre est extraordinaire\u2026<\/p>\n<p style=\"text-align: justify;\">Parfois, on critique, on s\u2019emporte, on manifeste m\u00eame. <a href=\"https:\/\/i0.wp.com\/bottesetvelo.com\/blog\/wp-content\/uploads\/2014\/09\/2014-07-27-11.43.12.jpg?ssl=1\"><img data-recalc-dims=\"1\" loading=\"lazy\" decoding=\"async\" data-attachment-id=\"892\" data-permalink=\"https:\/\/bottesetvelo.com\/blog\/2014\/09\/27\/le-pelerinage-le-privilege-de-se-reapproprier-sa-vie\/2014-07-27-11-43-12\/\" data-orig-file=\"https:\/\/i0.wp.com\/bottesetvelo.com\/blog\/wp-content\/uploads\/2014\/09\/2014-07-27-11.43.12.jpg?fit=3264%2C2448&amp;ssl=1\" data-orig-size=\"3264,2448\" data-comments-opened=\"1\" data-image-meta=\"{&quot;aperture&quot;:&quot;2.6&quot;,&quot;credit&quot;:&quot;&quot;,&quot;camera&quot;:&quot;SGH-I747M&quot;,&quot;caption&quot;:&quot;&quot;,&quot;created_timestamp&quot;:&quot;1406461392&quot;,&quot;copyright&quot;:&quot;&quot;,&quot;focal_length&quot;:&quot;3.7&quot;,&quot;iso&quot;:&quot;50&quot;,&quot;shutter_speed&quot;:&quot;0.000534188034188&quot;,&quot;title&quot;:&quot;&quot;,&quot;orientation&quot;:&quot;1&quot;}\" data-image-title=\"2014-07-27 11.43.12\" data-image-description=\"\" data-image-caption=\"\" data-large-file=\"https:\/\/i0.wp.com\/bottesetvelo.com\/blog\/wp-content\/uploads\/2014\/09\/2014-07-27-11.43.12.jpg?fit=1024%2C768&amp;ssl=1\" class=\"alignright wp-image-892 \" src=\"https:\/\/i0.wp.com\/bottesetvelo.com\/blog\/wp-content\/uploads\/2014\/09\/2014-07-27-11.43.12.jpg?resize=201%2C151&#038;ssl=1\" alt=\"2014-07-27 11.43.12\" width=\"201\" height=\"151\" srcset=\"https:\/\/i0.wp.com\/bottesetvelo.com\/blog\/wp-content\/uploads\/2014\/09\/2014-07-27-11.43.12.jpg?resize=500%2C375&amp;ssl=1 500w, https:\/\/i0.wp.com\/bottesetvelo.com\/blog\/wp-content\/uploads\/2014\/09\/2014-07-27-11.43.12.jpg?w=2340&amp;ssl=1 2340w\" sizes=\"auto, (max-width: 201px) 100vw, 201px\" \/><\/a>On fait des coups d\u2019\u00e9clats, on brise des vitrines, on brandit le poing, mais, au final, on ne laisse rien tomber. On ne remet rien en question. Esclave de ce mod\u00e8le de vie, on continue de faire plus de ce dont on a le moins besoin.<\/p>\n<p style=\"text-align: center;\">***<\/p>\n<p style=\"text-align: justify;\">Je sens encore le vent qui souffle et nous pousse plus en avant sur nos v\u00e9los. Je revois ce ciel d\u2019un bleu puissant et ce soleil aveuglant. Les verts sont plus verts, les ocres plus ocres. La terre sent bon. Il y avait ces canetons qui couraient sur la piste cyclable. Les plages de sable blond du lac Ontario qui s\u2019\u00e9tiraient \u00e0 perte de vue. Ces villages aux gens accueillants\u2026<a href=\"https:\/\/i0.wp.com\/bottesetvelo.com\/blog\/wp-content\/uploads\/2014\/09\/2014-08-01-05.18.06.jpg?ssl=1\"><img data-recalc-dims=\"1\" loading=\"lazy\" decoding=\"async\" data-attachment-id=\"897\" data-permalink=\"https:\/\/bottesetvelo.com\/blog\/2014\/09\/27\/le-pelerinage-le-privilege-de-se-reapproprier-sa-vie\/2014-08-01-05-18-06\/\" data-orig-file=\"https:\/\/i0.wp.com\/bottesetvelo.com\/blog\/wp-content\/uploads\/2014\/09\/2014-08-01-05.18.06.jpg?fit=3142%2C2278&amp;ssl=1\" data-orig-size=\"3142,2278\" data-comments-opened=\"1\" data-image-meta=\"{&quot;aperture&quot;:&quot;2.6&quot;,&quot;credit&quot;:&quot;&quot;,&quot;camera&quot;:&quot;SGH-I747M&quot;,&quot;caption&quot;:&quot;&quot;,&quot;created_timestamp&quot;:&quot;1406870286&quot;,&quot;copyright&quot;:&quot;&quot;,&quot;focal_length&quot;:&quot;3.7&quot;,&quot;iso&quot;:&quot;50&quot;,&quot;shutter_speed&quot;:&quot;0.00152905198777&quot;,&quot;title&quot;:&quot;&quot;,&quot;orientation&quot;:&quot;1&quot;}\" data-image-title=\"2014-08-01 05.18.06\" data-image-description=\"\" data-image-caption=\"\" data-large-file=\"https:\/\/i0.wp.com\/bottesetvelo.com\/blog\/wp-content\/uploads\/2014\/09\/2014-08-01-05.18.06.jpg?fit=1024%2C742&amp;ssl=1\" class=\"alignright wp-image-897 \" src=\"https:\/\/i0.wp.com\/bottesetvelo.com\/blog\/wp-content\/uploads\/2014\/09\/2014-08-01-05.18.06.jpg?resize=202%2C146&#038;ssl=1\" alt=\"2014-08-01 05.18.06\" width=\"202\" height=\"146\" srcset=\"https:\/\/i0.wp.com\/bottesetvelo.com\/blog\/wp-content\/uploads\/2014\/09\/2014-08-01-05.18.06.jpg?resize=500%2C362&amp;ssl=1 500w, https:\/\/i0.wp.com\/bottesetvelo.com\/blog\/wp-content\/uploads\/2014\/09\/2014-08-01-05.18.06.jpg?resize=1024%2C742&amp;ssl=1 1024w, https:\/\/i0.wp.com\/bottesetvelo.com\/blog\/wp-content\/uploads\/2014\/09\/2014-08-01-05.18.06.jpg?resize=624%2C452&amp;ssl=1 624w, https:\/\/i0.wp.com\/bottesetvelo.com\/blog\/wp-content\/uploads\/2014\/09\/2014-08-01-05.18.06.jpg?w=2340&amp;ssl=1 2340w\" sizes=\"auto, (max-width: 202px) 100vw, 202px\" \/><\/a><\/p>\n<p style=\"text-align: justify;\">Mes pas suivent des sentiers bord\u00e9s de rosiers sauvages. Mon regard se perd sur un fleuve immense. Des baleines suivent le rivage. Les hautes herbes, le long du chemin, s\u2019inclinent par vagues successives. Le soleil chauffe la terre humide. L\u2019air salin emplit mes narines. Les couleurs sont vives. Les odeurs sont pr\u00e9sentes. Mes yeux sont avides de voir, mon nez de sentir, mon corps d\u2019\u00e9prouver. <a href=\"https:\/\/i0.wp.com\/bottesetvelo.com\/blog\/wp-content\/uploads\/2014\/09\/2014-07-26-14.53.30.jpg?ssl=1\"><img data-recalc-dims=\"1\" loading=\"lazy\" decoding=\"async\" data-attachment-id=\"891\" data-permalink=\"https:\/\/bottesetvelo.com\/blog\/2014\/09\/27\/le-pelerinage-le-privilege-de-se-reapproprier-sa-vie\/2014-07-26-14-53-30\/\" data-orig-file=\"https:\/\/i0.wp.com\/bottesetvelo.com\/blog\/wp-content\/uploads\/2014\/09\/2014-07-26-14.53.30.jpg?fit=1936%2C2592&amp;ssl=1\" data-orig-size=\"1936,2592\" data-comments-opened=\"1\" data-image-meta=\"{&quot;aperture&quot;:&quot;2.8&quot;,&quot;credit&quot;:&quot;&quot;,&quot;camera&quot;:&quot;iPhone 4&quot;,&quot;caption&quot;:&quot;&quot;,&quot;created_timestamp&quot;:&quot;1406386410&quot;,&quot;copyright&quot;:&quot;&quot;,&quot;focal_length&quot;:&quot;3.85&quot;,&quot;iso&quot;:&quot;80&quot;,&quot;shutter_speed&quot;:&quot;0.000563697857948&quot;,&quot;title&quot;:&quot;&quot;,&quot;orientation&quot;:&quot;1&quot;}\" data-image-title=\"2014-07-26 14.53.30\" data-image-description=\"\" data-image-caption=\"\" data-large-file=\"https:\/\/i0.wp.com\/bottesetvelo.com\/blog\/wp-content\/uploads\/2014\/09\/2014-07-26-14.53.30.jpg?fit=764%2C1024&amp;ssl=1\" class=\"alignright wp-image-891 \" src=\"https:\/\/i0.wp.com\/bottesetvelo.com\/blog\/wp-content\/uploads\/2014\/09\/2014-07-26-14.53.30.jpg?resize=151%2C202&#038;ssl=1\" alt=\"2014-07-26 14.53.30\" width=\"151\" height=\"202\" srcset=\"https:\/\/i0.wp.com\/bottesetvelo.com\/blog\/wp-content\/uploads\/2014\/09\/2014-07-26-14.53.30.jpg?resize=373%2C500&amp;ssl=1 373w, https:\/\/i0.wp.com\/bottesetvelo.com\/blog\/wp-content\/uploads\/2014\/09\/2014-07-26-14.53.30.jpg?resize=764%2C1024&amp;ssl=1 764w, https:\/\/i0.wp.com\/bottesetvelo.com\/blog\/wp-content\/uploads\/2014\/09\/2014-07-26-14.53.30.jpg?resize=624%2C835&amp;ssl=1 624w, https:\/\/i0.wp.com\/bottesetvelo.com\/blog\/wp-content\/uploads\/2014\/09\/2014-07-26-14.53.30.jpg?w=1936&amp;ssl=1 1936w\" sizes=\"auto, (max-width: 151px) 100vw, 151px\" \/><\/a>J\u2019ai la poitrine qui se gonfle, trop petite pour contenir toutes les odeurs, tout le bonheur que je ressens en cet instant. Quel privil\u00e8ge que le p\u00e8lerinage! Ma t\u00eate se lib\u00e8re et je me retrouve enfin! C\u2019est \u00e7a vivre! Je le sais, je le sens. Chacune de mes cellules est marqu\u00e9e par cette exp\u00e9rience. Le p\u00e8lerinage lib\u00e8re. Il permet de nous r\u00e9approprier l\u2019exp\u00e9rience humaine dans toute sa splendeur, dans toute sa simplicit\u00e9 : sans fioriture, sans \u00e9clat, sans illusion.<\/p>\n<p style=\"text-align: justify;\">Lorsque je suis en p\u00e8lerinage, mon bagage est si petit qu\u2019il n\u2019est plus un souci. Mon bonheur d\u00e9pend de si peu que c\u2019est \u00e0 se demander : pourquoi poss\u00e9der autant? L\u2019essentiel tient dans deux sacoches de v\u00e9lo ou un sac \u00e0 dos! Je me lib\u00e8re des d\u00e9pendances mat\u00e9rielles. Je r\u00e9alise que deux chandails me suffisent et que le lavage devient une corv\u00e9e que l\u2019on r\u00e8gle en un tour de main. <a href=\"https:\/\/i0.wp.com\/bottesetvelo.com\/blog\/wp-content\/uploads\/2014\/09\/2014-08-09-16.00.41.jpg?ssl=1\"><img data-recalc-dims=\"1\" loading=\"lazy\" decoding=\"async\" data-attachment-id=\"894\" data-permalink=\"https:\/\/bottesetvelo.com\/blog\/2014\/09\/27\/le-pelerinage-le-privilege-de-se-reapproprier-sa-vie\/2014-08-09-16-00-41\/\" data-orig-file=\"https:\/\/i0.wp.com\/bottesetvelo.com\/blog\/wp-content\/uploads\/2014\/09\/2014-08-09-16.00.41.jpg?fit=3198%2C2356&amp;ssl=1\" data-orig-size=\"3198,2356\" data-comments-opened=\"1\" data-image-meta=\"{&quot;aperture&quot;:&quot;2.6&quot;,&quot;credit&quot;:&quot;&quot;,&quot;camera&quot;:&quot;SGH-I747M&quot;,&quot;caption&quot;:&quot;&quot;,&quot;created_timestamp&quot;:&quot;1407600041&quot;,&quot;copyright&quot;:&quot;&quot;,&quot;focal_length&quot;:&quot;3.7&quot;,&quot;iso&quot;:&quot;50&quot;,&quot;shutter_speed&quot;:&quot;0.00111607142857&quot;,&quot;title&quot;:&quot;&quot;,&quot;orientation&quot;:&quot;1&quot;}\" data-image-title=\"2014-08-09 16.00.41\" data-image-description=\"\" data-image-caption=\"\" data-large-file=\"https:\/\/i0.wp.com\/bottesetvelo.com\/blog\/wp-content\/uploads\/2014\/09\/2014-08-09-16.00.41.jpg?fit=1024%2C754&amp;ssl=1\" class=\"alignright wp-image-894 \" src=\"https:\/\/i0.wp.com\/bottesetvelo.com\/blog\/wp-content\/uploads\/2014\/09\/2014-08-09-16.00.41.jpg?resize=202%2C149&#038;ssl=1\" alt=\"2014-08-09 16.00.41\" width=\"202\" height=\"149\" srcset=\"https:\/\/i0.wp.com\/bottesetvelo.com\/blog\/wp-content\/uploads\/2014\/09\/2014-08-09-16.00.41.jpg?resize=500%2C368&amp;ssl=1 500w, https:\/\/i0.wp.com\/bottesetvelo.com\/blog\/wp-content\/uploads\/2014\/09\/2014-08-09-16.00.41.jpg?resize=624%2C459&amp;ssl=1 624w, https:\/\/i0.wp.com\/bottesetvelo.com\/blog\/wp-content\/uploads\/2014\/09\/2014-08-09-16.00.41.jpg?w=2340&amp;ssl=1 2340w\" sizes=\"auto, (max-width: 202px) 100vw, 202px\" \/><\/a>C\u2019est le contact avec la vie, la nature, les gens qui me procure le plus grand plaisir. Ce n\u2019est pas moi qui poss\u00e8de, c\u2019est la vie qui me poss\u00e8de!<\/p>\n<p style=\"text-align: justify;\">Lorsque je suis en p\u00e8lerinage, je redeviens attentif \u00e0 mon corps. J\u2019en prends soin. Je le soigne, il se soigne, \u00e0 travers cette activit\u00e9. J\u2019apprends \u00e0 \u00e9couter les signaux qu\u2019il m\u2019envoie. Je sais quand il en a assez. Je sais ce qui lui fera du bien. Ma t\u00eate se vide et je me retrouve. Conscient dans mon corps, je l\u2019habite et mes perceptions sensibles en sont accrues, mes sens plus aiguis\u00e9s. Je redeviens pr\u00e9sent \u00e0 moi-m\u00eame et par cons\u00e9quent conscient de l\u2019autre. Cette conscience du corps, conscience de soi, ouvre \u00e9trangement sur l\u2019empathie. Je me sens solidaire de l\u2019exp\u00e9rience humaine. <a href=\"https:\/\/i0.wp.com\/bottesetvelo.com\/blog\/wp-content\/uploads\/2014\/09\/2014-08-09-16.16.45.jpg?ssl=1\"><img data-recalc-dims=\"1\" loading=\"lazy\" decoding=\"async\" data-attachment-id=\"895\" data-permalink=\"https:\/\/bottesetvelo.com\/blog\/2014\/09\/27\/le-pelerinage-le-privilege-de-se-reapproprier-sa-vie\/2014-08-09-16-16-45\/\" data-orig-file=\"https:\/\/i0.wp.com\/bottesetvelo.com\/blog\/wp-content\/uploads\/2014\/09\/2014-08-09-16.16.45.jpg?fit=3264%2C2448&amp;ssl=1\" data-orig-size=\"3264,2448\" data-comments-opened=\"1\" data-image-meta=\"{&quot;aperture&quot;:&quot;2.6&quot;,&quot;credit&quot;:&quot;&quot;,&quot;camera&quot;:&quot;SGH-I747M&quot;,&quot;caption&quot;:&quot;&quot;,&quot;created_timestamp&quot;:&quot;1407601005&quot;,&quot;copyright&quot;:&quot;&quot;,&quot;focal_length&quot;:&quot;3.7&quot;,&quot;iso&quot;:&quot;50&quot;,&quot;shutter_speed&quot;:&quot;0.00111607142857&quot;,&quot;title&quot;:&quot;&quot;,&quot;orientation&quot;:&quot;1&quot;}\" data-image-title=\"2014-08-09 16.16.45\" data-image-description=\"\" data-image-caption=\"\" data-large-file=\"https:\/\/i0.wp.com\/bottesetvelo.com\/blog\/wp-content\/uploads\/2014\/09\/2014-08-09-16.16.45.jpg?fit=1024%2C768&amp;ssl=1\" class=\"alignright wp-image-895 \" src=\"https:\/\/i0.wp.com\/bottesetvelo.com\/blog\/wp-content\/uploads\/2014\/09\/2014-08-09-16.16.45.jpg?resize=203%2C152&#038;ssl=1\" alt=\"2014-08-09 16.16.45\" width=\"203\" height=\"152\" srcset=\"https:\/\/i0.wp.com\/bottesetvelo.com\/blog\/wp-content\/uploads\/2014\/09\/2014-08-09-16.16.45.jpg?resize=500%2C375&amp;ssl=1 500w, https:\/\/i0.wp.com\/bottesetvelo.com\/blog\/wp-content\/uploads\/2014\/09\/2014-08-09-16.16.45.jpg?w=2340&amp;ssl=1 2340w\" sizes=\"auto, (max-width: 203px) 100vw, 203px\" \/><\/a><\/p>\n<p style=\"text-align: justify;\">Lorsque je suis en p\u00e8lerinage, je reprends possession de mon temps, de ma vie. Je savoure chaque instant. Quel privil\u00e8ge dans notre monde moderne que de s\u2019accorder du temps pour soi! D\u00e9buter la journ\u00e9e quand bon nous semble. S\u2019arr\u00eater pour admirer. S\u2019\u00e9tendre sur un coin d\u2019herbe parce que c\u2019est bon. Pas d\u2019horaire, pas de pr\u00e9cipitation, seulement le temps d\u2019\u00eatre pr\u00e9sent. Je ne me presse plus, il n\u2019y a plus d\u2019urgence.<\/p>\n<p style=\"text-align: justify;\">Le privil\u00e8ge du p\u00e8lerin est de pouvoir se r\u00e9approprier sa vie. Lui redonner go\u00fbt et saveur, la rendre riche de sens, retrouver le plaisir des sens, celui qui nous met en contact avec le vivant, celui <a href=\"https:\/\/i0.wp.com\/bottesetvelo.com\/blog\/wp-content\/uploads\/2014\/09\/2014-08-10-14.42.58.jpg?ssl=1\"><img data-recalc-dims=\"1\" loading=\"lazy\" decoding=\"async\" data-attachment-id=\"896\" data-permalink=\"https:\/\/bottesetvelo.com\/blog\/2014\/09\/27\/le-pelerinage-le-privilege-de-se-reapproprier-sa-vie\/2014-08-10-14-42-58\/\" data-orig-file=\"https:\/\/i0.wp.com\/bottesetvelo.com\/blog\/wp-content\/uploads\/2014\/09\/2014-08-10-14.42.58.jpg?fit=3264%2C2448&amp;ssl=1\" data-orig-size=\"3264,2448\" data-comments-opened=\"1\" data-image-meta=\"{&quot;aperture&quot;:&quot;2.6&quot;,&quot;credit&quot;:&quot;&quot;,&quot;camera&quot;:&quot;SGH-I747M&quot;,&quot;caption&quot;:&quot;&quot;,&quot;created_timestamp&quot;:&quot;1407681778&quot;,&quot;copyright&quot;:&quot;&quot;,&quot;focal_length&quot;:&quot;3.7&quot;,&quot;iso&quot;:&quot;50&quot;,&quot;shutter_speed&quot;:&quot;0.000706214689266&quot;,&quot;title&quot;:&quot;&quot;,&quot;orientation&quot;:&quot;1&quot;}\" data-image-title=\"2014-08-10 14.42.58\" data-image-description=\"\" data-image-caption=\"\" data-large-file=\"https:\/\/i0.wp.com\/bottesetvelo.com\/blog\/wp-content\/uploads\/2014\/09\/2014-08-10-14.42.58.jpg?fit=1024%2C768&amp;ssl=1\" class=\"alignright wp-image-896 \" src=\"https:\/\/i0.wp.com\/bottesetvelo.com\/blog\/wp-content\/uploads\/2014\/09\/2014-08-10-14.42.58.jpg?resize=200%2C150&#038;ssl=1\" alt=\"2014-08-10 14.42.58\" width=\"200\" height=\"150\" srcset=\"https:\/\/i0.wp.com\/bottesetvelo.com\/blog\/wp-content\/uploads\/2014\/09\/2014-08-10-14.42.58.jpg?resize=500%2C375&amp;ssl=1 500w, https:\/\/i0.wp.com\/bottesetvelo.com\/blog\/wp-content\/uploads\/2014\/09\/2014-08-10-14.42.58.jpg?w=2340&amp;ssl=1 2340w\" sizes=\"auto, (max-width: 200px) 100vw, 200px\" \/><\/a>qui nous met au monde. Le p\u00e8lerinage, c\u2019est faire moins pour vivre plus! Moins de mat\u00e9riel, moins de pr\u00e9occupations; plus de temps, plus de qualit\u00e9 de vie. C\u2019est changer l\u2019orientation de nos journ\u00e9es, r\u00e9duire plut\u00f4t qu\u2019en rajouter.<\/p>\n<p style=\"text-align: justify;\">La vie est simple, laissez-vous prendre, saisissez-l\u00e0, habitez-l\u00e0!<a href=\"https:\/\/i0.wp.com\/bottesetvelo.com\/blog\/wp-content\/uploads\/2014\/01\/Bottes-et-V%C3%A9lo-Embl%C3%AAme.jpg?ssl=1\"><img data-recalc-dims=\"1\" loading=\"lazy\" decoding=\"async\" data-attachment-id=\"14\" data-permalink=\"https:\/\/bottesetvelo.com\/blog\/bottes-et-velo-le-blog\/bottes-et-velo-embleme\/\" data-orig-file=\"https:\/\/i0.wp.com\/bottesetvelo.com\/blog\/wp-content\/uploads\/2014\/01\/Bottes-et-V%C3%A9lo-Embl%C3%AAme-e1454083414631.jpg?fit=100%2C79&amp;ssl=1\" data-orig-size=\"100,79\" data-comments-opened=\"1\" data-image-meta=\"{&quot;aperture&quot;:&quot;0&quot;,&quot;credit&quot;:&quot;&quot;,&quot;camera&quot;:&quot;&quot;,&quot;caption&quot;:&quot;&quot;,&quot;created_timestamp&quot;:&quot;0&quot;,&quot;copyright&quot;:&quot;&quot;,&quot;focal_length&quot;:&quot;0&quot;,&quot;iso&quot;:&quot;0&quot;,&quot;shutter_speed&quot;:&quot;0&quot;,&quot;title&quot;:&quot;&quot;}\" data-image-title=\"Bottes et V\u00e9lo &amp;#8211; Embl\u00eame\" data-image-description=\"\" data-image-caption=\"\" data-large-file=\"https:\/\/i0.wp.com\/bottesetvelo.com\/blog\/wp-content\/uploads\/2014\/01\/Bottes-et-V%C3%A9lo-Embl%C3%AAme-e1454083414631.jpg?fit=100%2C79&amp;ssl=1\" class=\"alignright wp-image-14 \" src=\"https:\/\/i0.wp.com\/bottesetvelo.com\/blog\/wp-content\/uploads\/2014\/01\/Bottes-et-V%C3%A9lo-Embl%C3%AAme.jpg?resize=84%2C66&#038;ssl=1\" alt=\"Bottes et V\u00e9lo - Embl\u00eame\" width=\"84\" height=\"66\" \/><\/a><\/p>\n<p style=\"text-align: justify;\">\u00c9ric Lalibert\u00e9<\/p>\n","protected":false},"excerpt":{"rendered":"<p>L&rsquo;essentiel n&rsquo;est pas de vivre, mais de bien vivre. Platon Lorsque je me lance sur un chemin de p\u00e8lerinage, je me sens privil\u00e9gi\u00e9. Pendant plusieurs jours, je retrouve ma libert\u00e9. Je sors de l\u2019agitation quotidienne, de cet esclavage moderne, pour entrer dans un monde riche de couleurs et de sensations. Je quitte un mode de&hellip;<\/p>\n","protected":false},"author":3,"featured_media":0,"comment_status":"open","ping_status":"open","sticky":false,"template":"","format":"standard","meta":{"jetpack_post_was_ever_published":false,"_jetpack_newsletter_access":"","_jetpack_dont_email_post_to_subs":false,"_jetpack_newsletter_tier_id":0,"_jetpack_memberships_contains_paywalled_content":false,"_jetpack_memberships_contains_paid_content":false,"footnotes":"","jetpack_publicize_message":"Le p\u00e8lerinage: le privil\u00e8ge de se r\u00e9approprier sa vie","jetpack_publicize_feature_enabled":true,"jetpack_social_post_already_shared":true,"jetpack_social_options":{"image_generator_settings":{"template":"highway","default_image_id":0,"font":"","enabled":false},"version":2}},"categories":[50,3],"tags":[275,40,85,13,38,20,84],"class_list":["post-884","post","type-post","status-publish","format-standard","hentry","category-art-de-vivre","category-reflexions","tag-art-de-vivre","tag-croissance-personnelle-2","tag-humanite","tag-pelerinage","tag-reflexion","tag-spiritualite","tag-vie"],"jetpack_publicize_connections":[],"jetpack_featured_media_url":"","jetpack_shortlink":"https:\/\/wp.me\/p4eY6z-eg","jetpack_sharing_enabled":true,"jetpack_likes_enabled":true,"jetpack-related-posts":[],"_links":{"self":[{"href":"https:\/\/bottesetvelo.com\/blog\/wp-json\/wp\/v2\/posts\/884","targetHints":{"allow":["GET"]}}],"collection":[{"href":"https:\/\/bottesetvelo.com\/blog\/wp-json\/wp\/v2\/posts"}],"about":[{"href":"https:\/\/bottesetvelo.com\/blog\/wp-json\/wp\/v2\/types\/post"}],"author":[{"embeddable":true,"href":"https:\/\/bottesetvelo.com\/blog\/wp-json\/wp\/v2\/users\/3"}],"replies":[{"embeddable":true,"href":"https:\/\/bottesetvelo.com\/blog\/wp-json\/wp\/v2\/comments?post=884"}],"version-history":[{"count":1,"href":"https:\/\/bottesetvelo.com\/blog\/wp-json\/wp\/v2\/posts\/884\/revisions"}],"predecessor-version":[{"id":898,"href":"https:\/\/bottesetvelo.com\/blog\/wp-json\/wp\/v2\/posts\/884\/revisions\/898"}],"wp:attachment":[{"href":"https:\/\/bottesetvelo.com\/blog\/wp-json\/wp\/v2\/media?parent=884"}],"wp:term":[{"taxonomy":"category","embeddable":true,"href":"https:\/\/bottesetvelo.com\/blog\/wp-json\/wp\/v2\/categories?post=884"},{"taxonomy":"post_tag","embeddable":true,"href":"https:\/\/bottesetvelo.com\/blog\/wp-json\/wp\/v2\/tags?post=884"}],"curies":[{"name":"wp","href":"https:\/\/api.w.org\/{rel}","templated":true}]}}