{"id":877,"date":"2014-09-20T17:02:58","date_gmt":"2014-09-20T21:02:58","guid":{"rendered":"http:\/\/bottesetvelo.com\/blog\/?p=877"},"modified":"2014-09-20T17:02:58","modified_gmt":"2014-09-20T21:02:58","slug":"lingredient-essentiel-au-pelerinage","status":"publish","type":"post","link":"https:\/\/bottesetvelo.com\/blog\/2014\/09\/20\/lingredient-essentiel-au-pelerinage\/","title":{"rendered":"L\u2019ingr\u00e9dient essentiel au p\u00e8lerinage"},"content":{"rendered":"<h6 style=\"text-align: right;\"><em>Ce n\u2019est pas parce que les choses nous semblent inaccessibles que nous n\u2019osons pas;<\/em><br \/>\n<em>c\u2019est parce que nous n\u2019osons pas qu\u2019elles nous semblent inaccessibles.<\/em><br \/>\n<em>S\u00e9n\u00e8que<\/em><\/h6>\n<p style=\"text-align: justify;\"><a href=\"https:\/\/i0.wp.com\/bottesetvelo.com\/blog\/wp-content\/uploads\/2014\/09\/2014-07-28-10.31.00.jpg?ssl=1\"><img data-recalc-dims=\"1\" loading=\"lazy\" decoding=\"async\" data-attachment-id=\"878\" data-permalink=\"https:\/\/bottesetvelo.com\/blog\/2014\/09\/20\/lingredient-essentiel-au-pelerinage\/2014-07-28-10-31-00\/\" data-orig-file=\"https:\/\/i0.wp.com\/bottesetvelo.com\/blog\/wp-content\/uploads\/2014\/09\/2014-07-28-10.31.00.jpg?fit=2592%2C1936&amp;ssl=1\" data-orig-size=\"2592,1936\" data-comments-opened=\"1\" data-image-meta=\"{&quot;aperture&quot;:&quot;2.8&quot;,&quot;credit&quot;:&quot;&quot;,&quot;camera&quot;:&quot;iPhone 4&quot;,&quot;caption&quot;:&quot;&quot;,&quot;created_timestamp&quot;:&quot;1406543460&quot;,&quot;copyright&quot;:&quot;&quot;,&quot;focal_length&quot;:&quot;3.85&quot;,&quot;iso&quot;:&quot;80&quot;,&quot;shutter_speed&quot;:&quot;0.00185528756957&quot;,&quot;title&quot;:&quot;&quot;,&quot;orientation&quot;:&quot;1&quot;}\" data-image-title=\"2014-07-28 10.31.00\" data-image-description=\"\" data-image-caption=\"\" data-large-file=\"https:\/\/i0.wp.com\/bottesetvelo.com\/blog\/wp-content\/uploads\/2014\/09\/2014-07-28-10.31.00.jpg?fit=1024%2C764&amp;ssl=1\" class=\"alignright wp-image-878 \" src=\"https:\/\/i0.wp.com\/bottesetvelo.com\/blog\/wp-content\/uploads\/2014\/09\/2014-07-28-10.31.00.jpg?resize=288%2C215&#038;ssl=1\" alt=\"2014-07-28 10.31.00\" width=\"288\" height=\"215\" srcset=\"https:\/\/i0.wp.com\/bottesetvelo.com\/blog\/wp-content\/uploads\/2014\/09\/2014-07-28-10.31.00.jpg?resize=500%2C373&amp;ssl=1 500w, https:\/\/i0.wp.com\/bottesetvelo.com\/blog\/wp-content\/uploads\/2014\/09\/2014-07-28-10.31.00.jpg?resize=1024%2C764&amp;ssl=1 1024w, https:\/\/i0.wp.com\/bottesetvelo.com\/blog\/wp-content\/uploads\/2014\/09\/2014-07-28-10.31.00.jpg?resize=624%2C466&amp;ssl=1 624w, https:\/\/i0.wp.com\/bottesetvelo.com\/blog\/wp-content\/uploads\/2014\/09\/2014-07-28-10.31.00.jpg?w=2340&amp;ssl=1 2340w\" sizes=\"auto, (max-width: 288px) 100vw, 288px\" \/><\/a>Partir longtemps avec son sac \u00e0 dos pour unique bagage, traverser une r\u00e9gion jusqu\u2019alors inconnue, voyager seul et faire de nouvelles rencontres, vivre un jour \u00e0 la fois en se lib\u00e9rant de ses obligations de la vie moderne: tous les ingr\u00e9dients sont rassembl\u00e9s pour vivre un p\u00e8lerinage. Et bien que les voyages forment la jeunesse, peu importe l\u2019\u00e2ge du voyageur, il reviendra transform\u00e9 par cette \u00e9preuve de vie. De chaque p\u00e8lerinage, de nouveaux apprentissages se r\u00e9alisent. Il existe tout un monde de d\u00e9couvertes qui attend le p\u00e8lerin \u00e0 chacun de ses pas. Et ce qui diff\u00e9renciera le simple voyage du p\u00e8lerinage, c\u2019est que les d\u00e9couvertes les plus marquantes du p\u00e8lerinage ne se photographient pas. Elles sont int\u00e9rieures. Elles sont en moi.<\/p>\n<p style=\"text-align: justify;\">De tous les apprentissages que j\u2019ai pu faire sur le chemin et que j\u2019ai tent\u00e9 de mettre en application dans ma vie de tous les jours \u00e0 mon retour, la confiance est celui qui m\u2019est essentiel pour mieux vivre. Je me suis bien demand\u00e9e comment un simple chemin pouvait m\u2019avoir amen\u00e9e \u00e0 avoir confiance en moi et en ma propre route. Tout voyage ne favorisera pas un tel cheminement int\u00e9rieur. Alors quel est l&rsquo;ingr\u00e9dient essentiel au p\u00e8lerin pour qu\u2019il d\u00e9couvre en lui cette force? Je vous r\u00e9pondrais que pour le savoir, il faudra en premier lieu avoir le courage de se lancer vers un monde d\u2019inconnus et d\u2019impr\u00e9vus; un monde o\u00f9, contrairement \u00e0 nos habitudes, tout n\u2019est pas planifi\u00e9 et organis\u00e9 \u00e0 l\u2019avance. Chaque journ\u00e9e sur le chemin du p\u00e8lerin, nombreux et vari\u00e9s sont les obstacles et les impond\u00e9rables qui se pr\u00e9senteront : manque d\u2019eau, manque de nourriture, manque d\u2019h\u00e9bergement, erreur de <a href=\"https:\/\/i0.wp.com\/bottesetvelo.com\/blog\/wp-content\/uploads\/2014\/09\/2014-08-01-09.06.37-1.jpg?ssl=1\"><img data-recalc-dims=\"1\" loading=\"lazy\" decoding=\"async\" data-attachment-id=\"879\" data-permalink=\"https:\/\/bottesetvelo.com\/blog\/2014\/09\/20\/lingredient-essentiel-au-pelerinage\/2014-08-01-09-06-37-1\/\" data-orig-file=\"https:\/\/i0.wp.com\/bottesetvelo.com\/blog\/wp-content\/uploads\/2014\/09\/2014-08-01-09.06.37-1.jpg?fit=3108%2C2141&amp;ssl=1\" data-orig-size=\"3108,2141\" data-comments-opened=\"1\" data-image-meta=\"{&quot;aperture&quot;:&quot;2.6&quot;,&quot;credit&quot;:&quot;&quot;,&quot;camera&quot;:&quot;SGH-I747M&quot;,&quot;caption&quot;:&quot;&quot;,&quot;created_timestamp&quot;:&quot;0&quot;,&quot;copyright&quot;:&quot;&quot;,&quot;focal_length&quot;:&quot;3.7&quot;,&quot;iso&quot;:&quot;50&quot;,&quot;shutter_speed&quot;:&quot;0.0004&quot;,&quot;title&quot;:&quot;&quot;,&quot;orientation&quot;:&quot;1&quot;}\" data-image-title=\"2014-08-01 09.06.37-1\" data-image-description=\"\" data-image-caption=\"\" data-large-file=\"https:\/\/i0.wp.com\/bottesetvelo.com\/blog\/wp-content\/uploads\/2014\/09\/2014-08-01-09.06.37-1.jpg?fit=1024%2C705&amp;ssl=1\" class=\"alignright wp-image-879 \" src=\"https:\/\/i0.wp.com\/bottesetvelo.com\/blog\/wp-content\/uploads\/2014\/09\/2014-08-01-09.06.37-1.jpg?resize=276%2C190&#038;ssl=1\" alt=\"2014-08-01 09.06.37-1\" width=\"276\" height=\"190\" srcset=\"https:\/\/i0.wp.com\/bottesetvelo.com\/blog\/wp-content\/uploads\/2014\/09\/2014-08-01-09.06.37-1.jpg?resize=500%2C344&amp;ssl=1 500w, https:\/\/i0.wp.com\/bottesetvelo.com\/blog\/wp-content\/uploads\/2014\/09\/2014-08-01-09.06.37-1.jpg?resize=1024%2C705&amp;ssl=1 1024w, https:\/\/i0.wp.com\/bottesetvelo.com\/blog\/wp-content\/uploads\/2014\/09\/2014-08-01-09.06.37-1.jpg?resize=624%2C429&amp;ssl=1 624w, https:\/\/i0.wp.com\/bottesetvelo.com\/blog\/wp-content\/uploads\/2014\/09\/2014-08-01-09.06.37-1.jpg?w=2340&amp;ssl=1 2340w\" sizes=\"auto, (max-width: 276px) 100vw, 276px\" \/><\/a>chemin, pluie, froid, canicule, pertes, manque d\u2019argent, \u2026 Et nombreuses et heureuses seront les solutions! Mais \u00e7a, tant que nous ne l\u2019avons pas exp\u00e9riment\u00e9, nous ne pouvons pas le savoir. Ainsi, un grand nombre de personnes n\u2019oseront pas partir et sortir de leur zone de s\u00e9curit\u00e9, par crainte de ne pouvoir surmonter cet inconnu qui les attend et qu\u2019ils appr\u00e9hendent. L\u2019image qui me vient \u00e0 l\u2019esprit et qui illustre le mieux cette situation est celle de l\u2019enfant qui va na\u00eetre. Apr\u00e8s pr\u00e8s de neuf mois \u00e0 grandir, berc\u00e9 dans un environnement chaud et apaisant, il commence \u00e0 se sentir bien \u00e0 l\u2019\u00e9troit. Une solution s\u2019impose \u00e0 lui : na\u00eetre. Aurait-il le choix qu\u2019il retarderait certainement \u00e0 quitter ce nid douillet, malgr\u00e9 les inconforts. Mais voil\u00e0, il n\u2019a pas le choix : il doit sortir. Il va vivre le choc de l\u2019air, du froid, de la lumi\u00e8re et du bruit. Tout un monde qu\u2019il n\u2019imaginait pas et qu\u2019il aurait pu craindre. Puis, il se retrouvera rapidement r\u00e9chauff\u00e9 par les bras et l\u2019amour de sa m\u00e8re, et s\u2019habituera \u00e0 ce nouveau cadre de vie. Pour celui qui craint de se lancer sur un chemin p\u00e8lerin, je dirais : osez! Et ayez confiance. La vie ne vous laissera pas tomber. Et elle vous le prouvera.<\/p>\n<p style=\"text-align: justify;\">Marcher et p\u00e9daler les chemins des jours durant m\u2019a appris \u00e0 croire en la vie. Mais pour bien int\u00e9grer cet apprentissage et le vivre, il faut l\u00e2cher prise et sauter. Il faut accepter de vivre des \u00e9motions fortes et inconfortables : la peur, la crainte, l\u2019appr\u00e9hension. Il faut accepter de ne pas \u00eatre pleinement en contr\u00f4le. Il faut vivre dans cet \u00e9tat de brouillard et d\u2019apesanteur en ayant confiance. Car graduellement, comme l\u2019enfant \u00e0 sa naissance, nous retrouverons des points d\u2019appui, nous nous referons des rep\u00e8res dans ce nouveau monde. Nous apprendrons \u00e0 d\u00e9couvrir les nouveaux param\u00e8tres de cette r\u00e9alit\u00e9 et d\u00e9couvrirons que nous avons en nous tous les outils pour nous y adapter. Et c\u2019est en constatant notre potentiel d\u2019adaptation et en d\u00e9couvrant nos forces que nous prendrons confiance en nous. Et c\u2019est en r\u00e9alisant toutes les solutions possibles qui s\u2019offrent \u00e0 nous \u00e0 chaque emb\u00fbche, nous apprenons \u00e0 voir la vie sous un autre angle : celui de la foi. La foi qui est cette force qui nous permet de croire. Martin Luther King disait : avoir la foi, c\u2019est monter <a href=\"https:\/\/i0.wp.com\/bottesetvelo.com\/blog\/wp-content\/uploads\/2014\/09\/2014-08-10-11.29.59.jpg?ssl=1\"><img data-recalc-dims=\"1\" loading=\"lazy\" decoding=\"async\" data-attachment-id=\"880\" data-permalink=\"https:\/\/bottesetvelo.com\/blog\/2014\/09\/20\/lingredient-essentiel-au-pelerinage\/2014-08-10-11-29-59\/\" data-orig-file=\"https:\/\/i0.wp.com\/bottesetvelo.com\/blog\/wp-content\/uploads\/2014\/09\/2014-08-10-11.29.59.jpg?fit=3264%2C2448&amp;ssl=1\" data-orig-size=\"3264,2448\" data-comments-opened=\"1\" data-image-meta=\"{&quot;aperture&quot;:&quot;2.6&quot;,&quot;credit&quot;:&quot;&quot;,&quot;camera&quot;:&quot;SGH-I747M&quot;,&quot;caption&quot;:&quot;&quot;,&quot;created_timestamp&quot;:&quot;1407670199&quot;,&quot;copyright&quot;:&quot;&quot;,&quot;focal_length&quot;:&quot;3.7&quot;,&quot;iso&quot;:&quot;50&quot;,&quot;shutter_speed&quot;:&quot;0.000538793103448&quot;,&quot;title&quot;:&quot;&quot;,&quot;orientation&quot;:&quot;1&quot;}\" data-image-title=\"2014-08-10 11.29.59\" data-image-description=\"\" data-image-caption=\"\" data-large-file=\"https:\/\/i0.wp.com\/bottesetvelo.com\/blog\/wp-content\/uploads\/2014\/09\/2014-08-10-11.29.59.jpg?fit=1024%2C768&amp;ssl=1\" class=\"alignright wp-image-880 \" src=\"https:\/\/i0.wp.com\/bottesetvelo.com\/blog\/wp-content\/uploads\/2014\/09\/2014-08-10-11.29.59.jpg?resize=285%2C214&#038;ssl=1\" alt=\"2014-08-10 11.29.59\" width=\"285\" height=\"214\" srcset=\"https:\/\/i0.wp.com\/bottesetvelo.com\/blog\/wp-content\/uploads\/2014\/09\/2014-08-10-11.29.59.jpg?resize=500%2C375&amp;ssl=1 500w, https:\/\/i0.wp.com\/bottesetvelo.com\/blog\/wp-content\/uploads\/2014\/09\/2014-08-10-11.29.59.jpg?w=2340&amp;ssl=1 2340w\" sizes=\"auto, (max-width: 285px) 100vw, 285px\" \/><\/a>la premi\u00e8re marche m\u00eame quand on ne voit pas tout l\u2019escalier. Le p\u00e8lerin qui a d\u00e9j\u00e0 tous ses h\u00e9bergements r\u00e9serv\u00e9s \u00e0 l\u2019avance, qui voyage avec un groupe, qui sait qu\u2019il sera attendu et que son repas sera pr\u00e9par\u00e9, celui qui part en p\u00e8lerinage sans l\u00e2cher prise au niveau du contr\u00f4le serait comme ce parachutiste qui aura fait un tour d\u2019avion mais n\u2019aura pas fait le grand saut. Et pourtant c\u2019est dans ce saut que germe la confiance.<\/p>\n<p style=\"text-align: justify;\">De retour de p\u00e8lerinage, il faut alors mettre en application cet apprentissage. Il faut avoir foi en la vie et se permettre de sortir d\u2019une situation qui nous blesse et qui nuit \u00e0 notre bonheur, sans savoir ce qui nous attendra de l\u2019autre c\u00f4t\u00e9 de l\u2019\u00e9preuve mais en ayant confiance que nous saurons mettre en place de nouveaux param\u00e8tres et des moyens pour voguer lentement vers un mieux-\u00eatre. Le p\u00e8lerinage permet de prendre conscience de cette force qui est en nous et que souvent nous sous-estimons. Le bonheur d\u00e9pend de l\u2019attitude envers la vie et de la confiance int\u00e9rieure. Alors je vous laisse et je vous dis : osez la vie!<a href=\"https:\/\/i0.wp.com\/bottesetvelo.com\/blog\/wp-content\/uploads\/2014\/01\/Bottes-et-V%C3%A9lo-Embl%C3%AAme.jpg?ssl=1\"><img data-recalc-dims=\"1\" loading=\"lazy\" decoding=\"async\" data-attachment-id=\"14\" data-permalink=\"https:\/\/bottesetvelo.com\/blog\/bottes-et-velo-le-blog\/bottes-et-velo-embleme\/\" data-orig-file=\"https:\/\/i0.wp.com\/bottesetvelo.com\/blog\/wp-content\/uploads\/2014\/01\/Bottes-et-V%C3%A9lo-Embl%C3%AAme-e1454083414631.jpg?fit=100%2C79&amp;ssl=1\" data-orig-size=\"100,79\" data-comments-opened=\"1\" data-image-meta=\"{&quot;aperture&quot;:&quot;0&quot;,&quot;credit&quot;:&quot;&quot;,&quot;camera&quot;:&quot;&quot;,&quot;caption&quot;:&quot;&quot;,&quot;created_timestamp&quot;:&quot;0&quot;,&quot;copyright&quot;:&quot;&quot;,&quot;focal_length&quot;:&quot;0&quot;,&quot;iso&quot;:&quot;0&quot;,&quot;shutter_speed&quot;:&quot;0&quot;,&quot;title&quot;:&quot;&quot;}\" data-image-title=\"Bottes et V\u00e9lo &amp;#8211; Embl\u00eame\" data-image-description=\"\" data-image-caption=\"\" data-large-file=\"https:\/\/i0.wp.com\/bottesetvelo.com\/blog\/wp-content\/uploads\/2014\/01\/Bottes-et-V%C3%A9lo-Embl%C3%AAme-e1454083414631.jpg?fit=100%2C79&amp;ssl=1\" class=\"alignright wp-image-14 \" src=\"https:\/\/i0.wp.com\/bottesetvelo.com\/blog\/wp-content\/uploads\/2014\/01\/Bottes-et-V%C3%A9lo-Embl%C3%AAme.jpg?resize=79%2C62&#038;ssl=1\" alt=\"Bottes et V\u00e9lo - Embl\u00eame\" width=\"79\" height=\"62\" \/><\/a><\/p>\n<p style=\"text-align: justify;\">Brigitte Harouni<\/p>\n","protected":false},"excerpt":{"rendered":"<p>Ce n\u2019est pas parce que les choses nous semblent inaccessibles que nous n\u2019osons pas; c\u2019est parce que nous n\u2019osons pas qu\u2019elles nous semblent inaccessibles. S\u00e9n\u00e8que Partir longtemps avec son sac \u00e0 dos pour unique bagage, traverser une r\u00e9gion jusqu\u2019alors inconnue, voyager seul et faire de nouvelles rencontres, vivre un jour \u00e0 la fois en se&hellip;<\/p>\n","protected":false},"author":2,"featured_media":0,"comment_status":"open","ping_status":"open","sticky":false,"template":"","format":"standard","meta":{"jetpack_post_was_ever_published":false,"_jetpack_newsletter_access":"","_jetpack_dont_email_post_to_subs":false,"_jetpack_newsletter_tier_id":0,"_jetpack_memberships_contains_paywalled_content":false,"_jetpack_memberships_contains_paid_content":false,"footnotes":"","jetpack_publicize_message":"","jetpack_publicize_feature_enabled":true,"jetpack_social_post_already_shared":true,"jetpack_social_options":{"image_generator_settings":{"template":"highway","default_image_id":0,"font":"","enabled":false},"version":2}},"categories":[50,39,3,37],"tags":[40,43,13,38,20],"class_list":["post-877","post","type-post","status-publish","format-standard","hentry","category-art-de-vivre","category-croissance-personnelle","category-reflexions","category-spiritualite-2","tag-croissance-personnelle-2","tag-faire-confiance-a-la-vie","tag-pelerinage","tag-reflexion","tag-spiritualite"],"jetpack_publicize_connections":[],"jetpack_featured_media_url":"","jetpack_shortlink":"https:\/\/wp.me\/p4eY6z-e9","jetpack_sharing_enabled":true,"jetpack_likes_enabled":true,"jetpack-related-posts":[],"_links":{"self":[{"href":"https:\/\/bottesetvelo.com\/blog\/wp-json\/wp\/v2\/posts\/877","targetHints":{"allow":["GET"]}}],"collection":[{"href":"https:\/\/bottesetvelo.com\/blog\/wp-json\/wp\/v2\/posts"}],"about":[{"href":"https:\/\/bottesetvelo.com\/blog\/wp-json\/wp\/v2\/types\/post"}],"author":[{"embeddable":true,"href":"https:\/\/bottesetvelo.com\/blog\/wp-json\/wp\/v2\/users\/2"}],"replies":[{"embeddable":true,"href":"https:\/\/bottesetvelo.com\/blog\/wp-json\/wp\/v2\/comments?post=877"}],"version-history":[{"count":2,"href":"https:\/\/bottesetvelo.com\/blog\/wp-json\/wp\/v2\/posts\/877\/revisions"}],"predecessor-version":[{"id":882,"href":"https:\/\/bottesetvelo.com\/blog\/wp-json\/wp\/v2\/posts\/877\/revisions\/882"}],"wp:attachment":[{"href":"https:\/\/bottesetvelo.com\/blog\/wp-json\/wp\/v2\/media?parent=877"}],"wp:term":[{"taxonomy":"category","embeddable":true,"href":"https:\/\/bottesetvelo.com\/blog\/wp-json\/wp\/v2\/categories?post=877"},{"taxonomy":"post_tag","embeddable":true,"href":"https:\/\/bottesetvelo.com\/blog\/wp-json\/wp\/v2\/tags?post=877"}],"curies":[{"name":"wp","href":"https:\/\/api.w.org\/{rel}","templated":true}]}}