{"id":866,"date":"2014-09-13T17:14:37","date_gmt":"2014-09-13T21:14:37","guid":{"rendered":"http:\/\/bottesetvelo.com\/blog\/?p=866"},"modified":"2014-09-13T17:26:39","modified_gmt":"2014-09-13T21:26:39","slug":"le-confort-du-camino-quebecois","status":"publish","type":"post","link":"https:\/\/bottesetvelo.com\/blog\/2014\/09\/13\/le-confort-du-camino-quebecois\/","title":{"rendered":"Le confort du Camino qu\u00e9b\u00e9cois"},"content":{"rendered":"<p style=\"text-align: justify;\"><a href=\"https:\/\/i0.wp.com\/bottesetvelo.com\/blog\/wp-content\/uploads\/2014\/09\/2014-07-17-14.02.46.jpg?ssl=1\"><img data-recalc-dims=\"1\" loading=\"lazy\" decoding=\"async\" data-attachment-id=\"868\" data-permalink=\"https:\/\/bottesetvelo.com\/blog\/2014\/09\/13\/le-confort-du-camino-quebecois\/2014-07-17-14-02-46\/\" data-orig-file=\"https:\/\/i0.wp.com\/bottesetvelo.com\/blog\/wp-content\/uploads\/2014\/09\/2014-07-17-14.02.46.jpg?fit=3264%2C2448&amp;ssl=1\" data-orig-size=\"3264,2448\" data-comments-opened=\"1\" data-image-meta=\"{&quot;aperture&quot;:&quot;2.6&quot;,&quot;credit&quot;:&quot;&quot;,&quot;camera&quot;:&quot;SGH-I747M&quot;,&quot;caption&quot;:&quot;&quot;,&quot;created_timestamp&quot;:&quot;1405605766&quot;,&quot;copyright&quot;:&quot;&quot;,&quot;focal_length&quot;:&quot;3.7&quot;,&quot;iso&quot;:&quot;50&quot;,&quot;shutter_speed&quot;:&quot;0.0025974025974&quot;,&quot;title&quot;:&quot;&quot;,&quot;orientation&quot;:&quot;1&quot;}\" data-image-title=\"2014-07-17 14.02.46\" data-image-description=\"\" data-image-caption=\"\" data-large-file=\"https:\/\/i0.wp.com\/bottesetvelo.com\/blog\/wp-content\/uploads\/2014\/09\/2014-07-17-14.02.46.jpg?fit=1024%2C768&amp;ssl=1\" class=\"alignright wp-image-868\" src=\"https:\/\/i0.wp.com\/bottesetvelo.com\/blog\/wp-content\/uploads\/2014\/09\/2014-07-17-14.02.46.jpg?resize=271%2C203&#038;ssl=1\" alt=\"2014-07-17 14.02.46\" width=\"271\" height=\"203\" srcset=\"https:\/\/i0.wp.com\/bottesetvelo.com\/blog\/wp-content\/uploads\/2014\/09\/2014-07-17-14.02.46.jpg?resize=500%2C375&amp;ssl=1 500w, https:\/\/i0.wp.com\/bottesetvelo.com\/blog\/wp-content\/uploads\/2014\/09\/2014-07-17-14.02.46.jpg?w=2340&amp;ssl=1 2340w\" sizes=\"auto, (max-width: 271px) 100vw, 271px\" \/><\/a>Un jour ou l\u2019autre il faudra bien en finir avec les comparaisons entre le p\u00e8lerinage qu\u00e9b\u00e9cois et Compostelle! D\u2019ici l\u00e0, cependant, il faudra en avoir fait le tour pour pouvoir s\u2019en lib\u00e9rer. Comme Brigitte l\u2019\u00e9crivait la semaine derni\u00e8re, chaque p\u00e8lerinage a sa propre couleur et Compostelle n\u2019est pas Qu\u00e9b\u00e9cois. Ce qu\u2019il faut retenir par contre, c\u2019est que Compostelle est tr\u00e8s certainement une r\u00e9f\u00e9rence en mati\u00e8re de p\u00e8lerinage. Il est en ce moment le chemin le plus fr\u00e9quent\u00e9 et nous avons tout avantage \u00e0 nous servir de cette exp\u00e9rience pour baliser et qualifier celle du p\u00e8lerinage de la Voie du St-Laurent; et ceci vaut pour tous les p\u00e8lerinages nord-am\u00e9ricains. Aujourd\u2019hui, nous nous attarderons donc \u00e0 la question de l\u2019h\u00e9bergement le long du St-Laurent.<\/p>\n<p style=\"text-align: justify;\">L\u2019h\u00e9bergement p\u00e8lerin, tel que plusieurs d\u2019entre nous l\u2019ont connu sur le Camino, n\u2019existe pas au Qu\u00e9bec. Sur le Camino Frances, la voie la plus fr\u00e9quent\u00e9e de Compostelle, on y retrouve g\u00e9n\u00e9ralement un h\u00e9bergement de qualit\u00e9, du type auberge de jeunesse, tous les 5 \u00e0 10 km. Rarement plus de 15 km. D\u00e9velopper cette fr\u00e9quence d\u2019h\u00e9bergement p\u00e8lerin au Qu\u00e9bec rendrait tr\u00e8s certainement le p\u00e8lerinage en terre d\u2019Am\u00e9rique plus int\u00e9ressant mais, l\u2019exp\u00e9rience n\u2019en demeure pas moins confortable pour autant! Au contraire!<\/p>\n<p style=\"text-align: justify;\"><a href=\"https:\/\/i0.wp.com\/bottesetvelo.com\/blog\/wp-content\/uploads\/2014\/09\/2014-07-22-13.00.03.jpg?ssl=1\"><img data-recalc-dims=\"1\" loading=\"lazy\" decoding=\"async\" data-attachment-id=\"870\" data-permalink=\"https:\/\/bottesetvelo.com\/blog\/2014\/09\/13\/le-confort-du-camino-quebecois\/2014-07-22-13-00-03\/\" data-orig-file=\"https:\/\/i0.wp.com\/bottesetvelo.com\/blog\/wp-content\/uploads\/2014\/09\/2014-07-22-13.00.03.jpg?fit=3264%2C2448&amp;ssl=1\" data-orig-size=\"3264,2448\" data-comments-opened=\"1\" data-image-meta=\"{&quot;aperture&quot;:&quot;2.6&quot;,&quot;credit&quot;:&quot;&quot;,&quot;camera&quot;:&quot;SGH-I747M&quot;,&quot;caption&quot;:&quot;&quot;,&quot;created_timestamp&quot;:&quot;1406034003&quot;,&quot;copyright&quot;:&quot;&quot;,&quot;focal_length&quot;:&quot;3.7&quot;,&quot;iso&quot;:&quot;50&quot;,&quot;shutter_speed&quot;:&quot;0.000637755102041&quot;,&quot;title&quot;:&quot;&quot;,&quot;orientation&quot;:&quot;1&quot;}\" data-image-title=\"2014-07-22 13.00.03\" data-image-description=\"\" data-image-caption=\"\" data-large-file=\"https:\/\/i0.wp.com\/bottesetvelo.com\/blog\/wp-content\/uploads\/2014\/09\/2014-07-22-13.00.03.jpg?fit=1024%2C768&amp;ssl=1\" class=\"alignleft wp-image-870 \" src=\"https:\/\/i0.wp.com\/bottesetvelo.com\/blog\/wp-content\/uploads\/2014\/09\/2014-07-22-13.00.03.jpg?resize=279%2C209&#038;ssl=1\" alt=\"2014-07-22 13.00.03\" width=\"279\" height=\"209\" srcset=\"https:\/\/i0.wp.com\/bottesetvelo.com\/blog\/wp-content\/uploads\/2014\/09\/2014-07-22-13.00.03.jpg?resize=500%2C375&amp;ssl=1 500w, https:\/\/i0.wp.com\/bottesetvelo.com\/blog\/wp-content\/uploads\/2014\/09\/2014-07-22-13.00.03.jpg?w=2340&amp;ssl=1 2340w\" sizes=\"auto, (max-width: 279px) 100vw, 279px\" \/><\/a>Lors de notre p\u00e9riple de cet \u00e9t\u00e9, nous avons s\u00e9journ\u00e9 dans de magnifiques auberges, g\u00eetes ou cabines, et le camping s\u2019est av\u00e9r\u00e9 un choix plut\u00f4t qu\u2019une n\u00e9cessit\u00e9. Notre p\u00e8lerinage s\u2019est donc r\u00e9v\u00e9l\u00e9 aussi confortable que Compostelle puisse l\u2019\u00eatre. Le probl\u00e8me avec l\u2019h\u00e9bergement sur les chemins de p\u00e8lerinage, ce n\u2019est pas seulement d\u2019en trouver un qui soit confortable, mais un qui soit abordable (Ici, question tarifs, je crois que l\u2019on peut comparer la Voie du St-Laurent avec les h\u00e9bergements des voies fran\u00e7aises de Compostelle) et d\u2019avoir du choix sur une distance qui soit respectable. Par bonheur, la Voie du St-Laurent r\u00e9pond \u00e0 ces deux crit\u00e8res et pourrait m\u00eame avoir un avantage sur le Chemin de Compostelle!<\/p>\n<p style=\"text-align: justify;\">Tout au long de la Voie du St-Laurent, 5 types d\u2019h\u00e9bergement s\u2019offrent \u00e0 nous: 1) le g\u00eete du passant (bed and breakfast), 2) le motel ou les cabines, 3) les r\u00e9sidences \u00e9tudiantes, 4) les auberges de jeunesse et 5) le camping.<\/p>\n<p style=\"text-align: justify;\"><strong>1) Le g\u00eete du passant ou \u00ab Bed and Breakfast \u00bb<\/strong><\/p>\n<p style=\"text-align: justify;\">Les g\u00eetes du passant ont \u00e9t\u00e9 notre choix de derniers recours. \u00c9tant le plus dispendieux des h\u00e9bergements, nous n\u2019avons pas abus\u00e9 de cette solution sinon notre p\u00e8lerinage serait rapidement devenu hors de prix. Cet h\u00e9bergement, cependant, a l\u2019avantage d\u2019\u00eatre toujours de qualit\u00e9, d\u2019inclure le petit-d\u00e9jeuner dans son tarif et ne requiert pas de sac de couchage. Pour le p\u00e8lerin qui cherche toujours \u00e0 r\u00e9duire le poids de son sac \u00e0 dos, c\u2019est un s\u00e9rieux avantage!<br \/>\nPour ce qui est du prix, ceux-ci varient entre 80$ et 100$ la nuit\u00e9e pour deux personnes. C\u2019est du moins la limite de prix que nous nous autorisions. Il est \u00e9videmment possible de trouver de nombreux g\u00eetes au-del\u00e0 de ce prix.<\/p>\n<p style=\"text-align: justify;\"><strong>2) Le motel ou les cabines<\/strong><\/p>\n<p style=\"text-align: justify;\">Les motels ou cabines sont tr\u00e8s pr\u00e9sents tout au long de la voie du St-Laurent. Ils fonctionnent tous les deux sur le m\u00eame principe et demandent \u00e0 peu pr\u00e8s les m\u00eames tarifs. La cabine a cependant l\u2019avantage d\u2019offrir une cuisinette, ce qui permet une \u00e9conomie non-n\u00e9gligeable. Un service que l\u2019on pourra trouver occasionnellement dans certains motels. C\u00f4t\u00e9 qualit\u00e9, on peut s\u2019attendre \u00e0 un peu de tout. G\u00e9n\u00e9ralement, ces h\u00e9bergements offrent un espace simple, parfois rustique, mais qui convient tr\u00e8s bien pour une nuit de repos. Mais, cela d\u00e9pend aussi de votre degr\u00e9 de tol\u00e9rance\u2026 Un degr\u00e9 qui varie selon la fatigue \u00e9prouv\u00e9e! N\u00e9anmoins, vous aurez toujours la possibilit\u00e9 de visiter l\u2019endroit avant de le louer. Les tarifs pour ce type d\u2019h\u00e9bergement varient entre 45$ et 75$, pour deux personnes. Un tarif qui ressemble beaucoup au tarif des h\u00e9bergements p\u00e8lerin en France. Avantage sur Compostelle : la plupart d\u2019entre eux offrent le Wifi gratuit et, ici aussi, pas besoin de sac de couchage.<\/p>\n<p style=\"text-align: justify;\"><strong>3) Les r\u00e9sidences \u00e9tudiantes<\/strong><\/p>\n<p style=\"text-align: justify;\">Les r\u00e9sidences \u00e9tudiantes font partie de nos coups de c\u0153ur, tout comme les auberges de jeunesse. Du c\u00f4t\u00e9 de l\u2019Ontario, elles sont encore mieux qu\u2019au Qu\u00e9bec, m\u00eame si celles du Qu\u00e9bec font parfaitement l\u2019affaire.<br \/>\nToujours situ\u00e9es dans le quartier latin des grandes villes, elles sont \u00e0 proximit\u00e9 de tous les services et des points d\u2019int\u00e9r\u00eats. Facile d\u2019acc\u00e8s, propre, offrant la literie, un espace cuisine, un salon communautaire, une buanderie et l\u2019acc\u00e8s Wifi gratuit, la r\u00e9sidence \u00e9tudiante est un h\u00e9bergement de qualit\u00e9 \u00e0 tarif p\u00e8lerin. Un tarif qui varie entre 45$ et 65$ pour deux personnes, taxes comprises.<\/p>\n<p style=\"text-align: justify;\"><strong>4) Les auberges de jeunesse<\/strong><\/p>\n<p style=\"text-align: justify;\">L\u2019auberge de jeunesse est sans aucun doute l\u2019h\u00e9bergement qui ressemble le plus \u00e0 l\u2019albergue espagnole de par sa convivialit\u00e9 et son c\u00f4t\u00e9 internationale. Chaleureuses et accueillantes, chacune d\u2019entre elles nous a offert la chance de prendre un repas avec des gens provenant des quatre coins du monde. Des gens de tous les \u00e2ges qui partagent tous un go\u00fbt pour l\u2019aventure et la d\u00e9couverte. Point de vue services, les auberges de jeunesse offrent sensiblement les m\u00eames que les r\u00e9sidences \u00e9tudiantes. Il s\u2019agit cependant d\u2019un h\u00e9bergement en dortoir mais, en d\u00e9boursant un peu plus, vous pouvez avoir une chambre priv\u00e9e. Les tarifs en dortoir varient entre 25$ et 35$ par personne, taxes comprises, et inclus parfois le petit-d\u00e9jeuner. Ici aussi, vous b\u00e9n\u00e9ficierez d\u2019un acc\u00e8s Wifi gratuit et de la literie.<\/p>\n<p style=\"text-align: justify;\"><strong>5) Le camping<\/strong><\/p>\n<p style=\"text-align: justify;\">Le camping n\u2019est absolument pas n\u00e9cessaire pour le p\u00e8lerin cycliste sur tout le parcours de la Voie du St-Laurent, de Niagara Falls \u00e0 Perc\u00e9. Pour le p\u00e8lerin randonneur, entre Montr\u00e9al et Perc\u00e9, il ne sera pas n\u00e9cessaire non plus. (De Niagara Falls \u00e0 Montr\u00e9al, nous vous recommandions lors de notre premier bilan <strong>(1)<\/strong> de faire le parcours \u00e0 v\u00e9lo et non \u00e0 pied; les distances \u00e9tant trop souvent de plus de 40 km entre deux h\u00e9bergements potentiels.) Ceci dit, ceux et celles qui voudront rendre l\u2019exp\u00e9rience plus nature, ou encore plus \u00e9conomique, trouveront des campings partout et \u00e0 des tarifs beaucoup moindre au Qu\u00e9bec qu\u2019en Ontario. En Ontario, les tarifs varient entre 35$ et 45$ pour un terrain sans service. Au Qu\u00e9bec, il vous en co\u00fbtera entre 20$ et 35$ pour un terrain semblable. Hormis le tarif qui diff\u00e8re, vous trouverez des campings de m\u00eame qualit\u00e9 dans les deux provinces.<br \/>\n<a href=\"https:\/\/i0.wp.com\/bottesetvelo.com\/blog\/wp-content\/uploads\/2014\/09\/2014-08-10-19.54.10.jpg?ssl=1\"><img data-recalc-dims=\"1\" loading=\"lazy\" decoding=\"async\" data-attachment-id=\"871\" data-permalink=\"https:\/\/bottesetvelo.com\/blog\/2014\/09\/13\/le-confort-du-camino-quebecois\/2014-08-10-19-54-10\/\" data-orig-file=\"https:\/\/i0.wp.com\/bottesetvelo.com\/blog\/wp-content\/uploads\/2014\/09\/2014-08-10-19.54.10.jpg?fit=3264%2C2448&amp;ssl=1\" data-orig-size=\"3264,2448\" data-comments-opened=\"1\" data-image-meta=\"{&quot;aperture&quot;:&quot;2.6&quot;,&quot;credit&quot;:&quot;&quot;,&quot;camera&quot;:&quot;SGH-I747M&quot;,&quot;caption&quot;:&quot;&quot;,&quot;created_timestamp&quot;:&quot;1407700450&quot;,&quot;copyright&quot;:&quot;&quot;,&quot;focal_length&quot;:&quot;3.7&quot;,&quot;iso&quot;:&quot;400&quot;,&quot;shutter_speed&quot;:&quot;0.0333333333333&quot;,&quot;title&quot;:&quot;&quot;,&quot;orientation&quot;:&quot;1&quot;}\" data-image-title=\"2014-08-10 19.54.10\" data-image-description=\"\" data-image-caption=\"\" data-large-file=\"https:\/\/i0.wp.com\/bottesetvelo.com\/blog\/wp-content\/uploads\/2014\/09\/2014-08-10-19.54.10.jpg?fit=1024%2C768&amp;ssl=1\" class=\"alignright wp-image-871\" src=\"https:\/\/i0.wp.com\/bottesetvelo.com\/blog\/wp-content\/uploads\/2014\/09\/2014-08-10-19.54.10.jpg?resize=275%2C206&#038;ssl=1\" alt=\"2014-08-10 19.54.10\" width=\"275\" height=\"206\" srcset=\"https:\/\/i0.wp.com\/bottesetvelo.com\/blog\/wp-content\/uploads\/2014\/09\/2014-08-10-19.54.10.jpg?resize=500%2C375&amp;ssl=1 500w, https:\/\/i0.wp.com\/bottesetvelo.com\/blog\/wp-content\/uploads\/2014\/09\/2014-08-10-19.54.10.jpg?w=2340&amp;ssl=1 2340w\" sizes=\"auto, (max-width: 275px) 100vw, 275px\" \/><\/a>Au d\u00e9part, nous avions cru que le camping serait une solution \u00e0 l\u2019h\u00e9bergement p\u00e8lerin mais, s\u2019il en est une, elle est seulement et purement \u00e9conomique. Il n\u2019est donc pas n\u00e9cessaire de s\u2019alourdir le sac \u00e0 dos d\u2019une tente et d\u2019un matelas de sol comme je l\u2019ai fait! Les rares occasions o\u00f9 nous avons fait du camping \u00e9tant par choix, jamais par n\u00e9cessit\u00e9.<\/p>\n<p style=\"text-align: justify;\">Ce qu\u2019il faudra retenir du p\u00e8lerinage le long du St-Laurent : c\u2019est qu\u2019il est possible de se lancer sur les rives du fleuve aux grandes eaux en ayant l\u2019assurance de trouver un h\u00e9bergement abordable et confortable tout le long du parcours (environ 30$\/nuit\u00e9e\/personne); c\u2019est-\u00e0-dire un h\u00e9bergement \u00e9quivalent \u00e0 ce que l\u2019on pourrait trouver sur le chemin du Puy-en-Velay ou de V\u00e9zelay. Que certaines sections nous offrent m\u00eame de l\u2019h\u00e9bergement tous les 7 ou 8 km, rarement avons-nous march\u00e9 20 ou 25 km avant de croiser un h\u00e9bergement, une seule fois 30 km. Et, enfin, qu\u2019il est possible de le faire sans avoir \u00e0 s\u2019encombrer d\u2019un sac de couchage! Avantage que Compostelle n\u2019a pas! \ud83d\ude09<a href=\"https:\/\/i0.wp.com\/bottesetvelo.com\/blog\/wp-content\/uploads\/2014\/01\/Bottes-et-V%C3%A9lo-Embl%C3%AAme.jpg?ssl=1\"><img data-recalc-dims=\"1\" loading=\"lazy\" decoding=\"async\" data-attachment-id=\"14\" data-permalink=\"https:\/\/bottesetvelo.com\/blog\/bottes-et-velo-le-blog\/bottes-et-velo-embleme\/\" data-orig-file=\"https:\/\/i0.wp.com\/bottesetvelo.com\/blog\/wp-content\/uploads\/2014\/01\/Bottes-et-V%C3%A9lo-Embl%C3%AAme-e1454083414631.jpg?fit=100%2C79&amp;ssl=1\" data-orig-size=\"100,79\" data-comments-opened=\"1\" data-image-meta=\"{&quot;aperture&quot;:&quot;0&quot;,&quot;credit&quot;:&quot;&quot;,&quot;camera&quot;:&quot;&quot;,&quot;caption&quot;:&quot;&quot;,&quot;created_timestamp&quot;:&quot;0&quot;,&quot;copyright&quot;:&quot;&quot;,&quot;focal_length&quot;:&quot;0&quot;,&quot;iso&quot;:&quot;0&quot;,&quot;shutter_speed&quot;:&quot;0&quot;,&quot;title&quot;:&quot;&quot;}\" data-image-title=\"Bottes et V\u00e9lo &amp;#8211; Embl\u00eame\" data-image-description=\"\" data-image-caption=\"\" data-large-file=\"https:\/\/i0.wp.com\/bottesetvelo.com\/blog\/wp-content\/uploads\/2014\/01\/Bottes-et-V%C3%A9lo-Embl%C3%AAme-e1454083414631.jpg?fit=100%2C79&amp;ssl=1\" class=\"alignright wp-image-14\" src=\"https:\/\/i0.wp.com\/bottesetvelo.com\/blog\/wp-content\/uploads\/2014\/01\/Bottes-et-V%C3%A9lo-Embl%C3%AAme.jpg?resize=79%2C62&#038;ssl=1\" alt=\"Bottes et V\u00e9lo - Embl\u00eame\" width=\"79\" height=\"62\" \/><\/a><\/p>\n<p style=\"text-align: justify;\">\u00c9ric Lalibert\u00e9<\/p>\n<p style=\"text-align: justify;\"><strong>(1)<\/strong> Voir sur la cha\u00eene youtube de Bottes et V\u00e9lo, le vid\u00e9o intitul\u00e9 : <a href=\"http:\/\/youtu.be\/WyjQVqiDFec\">Bottes et V\u00e9lo &#8211; La Voie du St-Laurent &#8211; Bilan 1 (Ontario).<\/a><\/p>\n<p><span class=\"embed-youtube\" style=\"text-align:center; display: block;\"><iframe loading=\"lazy\" class=\"youtube-player\" width=\"1170\" height=\"659\" src=\"https:\/\/www.youtube.com\/embed\/VyFtYEIc5Ek?version=3&#038;rel=1&#038;showsearch=0&#038;showinfo=1&#038;iv_load_policy=1&#038;fs=1&#038;hl=fr-FR&#038;autohide=2&#038;wmode=transparent\" allowfullscreen=\"true\" style=\"border:0;\" sandbox=\"allow-scripts allow-same-origin allow-popups allow-presentation allow-popups-to-escape-sandbox\"><\/iframe><\/span><\/p>\n","protected":false},"excerpt":{"rendered":"<p>Un jour ou l\u2019autre il faudra bien en finir avec les comparaisons entre le p\u00e8lerinage qu\u00e9b\u00e9cois et Compostelle! D\u2019ici l\u00e0, cependant, il faudra en avoir fait le tour pour pouvoir s\u2019en lib\u00e9rer. Comme Brigitte l\u2019\u00e9crivait la semaine derni\u00e8re, chaque p\u00e8lerinage a sa propre couleur et Compostelle n\u2019est pas Qu\u00e9b\u00e9cois. Ce qu\u2019il faut retenir par contre,&hellip;<\/p>\n","protected":false},"author":3,"featured_media":0,"comment_status":"open","ping_status":"open","sticky":false,"template":"","format":"standard","meta":{"jetpack_post_was_ever_published":false,"_jetpack_newsletter_access":"","_jetpack_dont_email_post_to_subs":false,"_jetpack_newsletter_tier_id":0,"_jetpack_memberships_contains_paywalled_content":false,"_jetpack_memberships_contains_paid_content":false,"footnotes":"","jetpack_publicize_message":"Le confort du Camino qu\u00e9b\u00e9cois http:\/\/wp.me\/p4eY6z-dY","jetpack_publicize_feature_enabled":true,"jetpack_social_post_already_shared":true,"jetpack_social_options":{"image_generator_settings":{"template":"highway","default_image_id":0,"font":"","enabled":false},"version":2}},"categories":[24,22,74,79],"tags":[17,83,23,68,14,13,16,19,15],"class_list":["post-866","post","type-post","status-publish","format-standard","hentry","category-aspects-techniques","category-hebergement","category-la-voie-du-st-laurent","category-youtube","tag-amerique-du-nord","tag-gaspesie","tag-hebergement-2","tag-la-voie-du-saint-laurent","tag-marche","tag-pelerinage","tag-quebec","tag-randonnee","tag-velo"],"jetpack_publicize_connections":[],"jetpack_featured_media_url":"","jetpack_shortlink":"https:\/\/wp.me\/p4eY6z-dY","jetpack_sharing_enabled":true,"jetpack_likes_enabled":true,"jetpack-related-posts":[],"_links":{"self":[{"href":"https:\/\/bottesetvelo.com\/blog\/wp-json\/wp\/v2\/posts\/866","targetHints":{"allow":["GET"]}}],"collection":[{"href":"https:\/\/bottesetvelo.com\/blog\/wp-json\/wp\/v2\/posts"}],"about":[{"href":"https:\/\/bottesetvelo.com\/blog\/wp-json\/wp\/v2\/types\/post"}],"author":[{"embeddable":true,"href":"https:\/\/bottesetvelo.com\/blog\/wp-json\/wp\/v2\/users\/3"}],"replies":[{"embeddable":true,"href":"https:\/\/bottesetvelo.com\/blog\/wp-json\/wp\/v2\/comments?post=866"}],"version-history":[{"count":6,"href":"https:\/\/bottesetvelo.com\/blog\/wp-json\/wp\/v2\/posts\/866\/revisions"}],"predecessor-version":[{"id":875,"href":"https:\/\/bottesetvelo.com\/blog\/wp-json\/wp\/v2\/posts\/866\/revisions\/875"}],"wp:attachment":[{"href":"https:\/\/bottesetvelo.com\/blog\/wp-json\/wp\/v2\/media?parent=866"}],"wp:term":[{"taxonomy":"category","embeddable":true,"href":"https:\/\/bottesetvelo.com\/blog\/wp-json\/wp\/v2\/categories?post=866"},{"taxonomy":"post_tag","embeddable":true,"href":"https:\/\/bottesetvelo.com\/blog\/wp-json\/wp\/v2\/tags?post=866"}],"curies":[{"name":"wp","href":"https:\/\/api.w.org\/{rel}","templated":true}]}}