{"id":851,"date":"2014-09-06T10:14:19","date_gmt":"2014-09-06T14:14:19","guid":{"rendered":"http:\/\/bottesetvelo.com\/blog\/?p=851"},"modified":"2014-09-06T10:14:19","modified_gmt":"2014-09-06T14:14:19","slug":"un-compostelle-quebecois","status":"publish","type":"post","link":"https:\/\/bottesetvelo.com\/blog\/2014\/09\/06\/un-compostelle-quebecois\/","title":{"rendered":"Un Compostelle qu\u00e9b\u00e9cois ?"},"content":{"rendered":"<h6 style=\"text-align: right;\"><em>Les seuls chemins qui valent d&rsquo;\u00eatre emprunt\u00e9s sont ceux qui m\u00e8nent \u00e0 l&rsquo;int\u00e9rieur.<br \/>\nCharles Juliet<\/em><\/h6>\n<p style=\"text-align: justify;\"><a href=\"https:\/\/i0.wp.com\/bottesetvelo.com\/blog\/wp-content\/uploads\/2014\/09\/2014-07-29-13.05.21.jpg?ssl=1\"><img data-recalc-dims=\"1\" loading=\"lazy\" decoding=\"async\" data-attachment-id=\"856\" data-permalink=\"https:\/\/bottesetvelo.com\/blog\/2014\/09\/06\/un-compostelle-quebecois\/2014-07-29-13-05-21\/\" data-orig-file=\"https:\/\/i0.wp.com\/bottesetvelo.com\/blog\/wp-content\/uploads\/2014\/09\/2014-07-29-13.05.21.jpg?fit=2526%2C1846&amp;ssl=1\" data-orig-size=\"2526,1846\" data-comments-opened=\"1\" data-image-meta=\"{&quot;aperture&quot;:&quot;2.8&quot;,&quot;credit&quot;:&quot;&quot;,&quot;camera&quot;:&quot;iPhone 4&quot;,&quot;caption&quot;:&quot;&quot;,&quot;created_timestamp&quot;:&quot;1406639121&quot;,&quot;copyright&quot;:&quot;&quot;,&quot;focal_length&quot;:&quot;3.85&quot;,&quot;iso&quot;:&quot;80&quot;,&quot;shutter_speed&quot;:&quot;0.000596658711217&quot;,&quot;title&quot;:&quot;&quot;,&quot;orientation&quot;:&quot;1&quot;}\" data-image-title=\"2014-07-29 13.05.21\" data-image-description=\"\" data-image-caption=\"\" data-large-file=\"https:\/\/i0.wp.com\/bottesetvelo.com\/blog\/wp-content\/uploads\/2014\/09\/2014-07-29-13.05.21.jpg?fit=1024%2C748&amp;ssl=1\" class=\"alignright wp-image-856\" src=\"https:\/\/i0.wp.com\/bottesetvelo.com\/blog\/wp-content\/uploads\/2014\/09\/2014-07-29-13.05.21.jpg?resize=294%2C214&#038;ssl=1\" alt=\"2014-07-29 13.05.21\" width=\"294\" height=\"214\" srcset=\"https:\/\/i0.wp.com\/bottesetvelo.com\/blog\/wp-content\/uploads\/2014\/09\/2014-07-29-13.05.21.jpg?resize=500%2C365&amp;ssl=1 500w, https:\/\/i0.wp.com\/bottesetvelo.com\/blog\/wp-content\/uploads\/2014\/09\/2014-07-29-13.05.21.jpg?resize=1024%2C748&amp;ssl=1 1024w, https:\/\/i0.wp.com\/bottesetvelo.com\/blog\/wp-content\/uploads\/2014\/09\/2014-07-29-13.05.21.jpg?resize=624%2C456&amp;ssl=1 624w, https:\/\/i0.wp.com\/bottesetvelo.com\/blog\/wp-content\/uploads\/2014\/09\/2014-07-29-13.05.21.jpg?w=2340&amp;ssl=1 2340w\" sizes=\"auto, (max-width: 294px) 100vw, 294px\" \/><\/a>Ces derni\u00e8res ann\u00e9es, l\u2019expression \u00abCompostelle qu\u00e9b\u00e9cois\u00bb est fr\u00e9quemment employ\u00e9e. Ceci porte \u00e0 croire qu\u2019il existe donc une version comparable du chemin de Compostelle espagnol au Qu\u00e9bec. Cet \u00e9t\u00e9, nous avons parcouru un chemin en bottes et \u00e0 v\u00e9lo, dans le but de faire fleurir les joies du p\u00e8lerinage au Qu\u00e9bec. Mais avons-nous fait \u00ab un Compostelle\u00bb? Cette formulation m\u2019a pouss\u00e9e \u00e0 comparer ces deux parcours durant presque tout mon trajet.<\/p>\n<p style=\"text-align: justify;\">Durant la partie \u00ab v\u00e9lo\u00bb la recherche de comparaison \u00e9tait moins pr\u00e9sente car le mode de transport \u00e9tant tr\u00e8s diff\u00e9rent, la vie sur le chemin se comparait difficilement. Par contre, d\u00e8s les premiers pas sur le chemin gasp\u00e9sien, mon cerveau logico-math\u00e9matique s\u2019est mis \u00e0 tourner et retourner la question car tous les ingr\u00e9dients n\u00e9cessaires pour faire un parall\u00e8le \u00e9taient pr\u00e9sents.<\/p>\n<p style=\"text-align: justify;\"><a href=\"https:\/\/i0.wp.com\/bottesetvelo.com\/blog\/wp-content\/uploads\/2014\/09\/2014-07-27-09.52.05.jpg?ssl=1\"><img data-recalc-dims=\"1\" loading=\"lazy\" decoding=\"async\" data-attachment-id=\"857\" data-permalink=\"https:\/\/bottesetvelo.com\/blog\/2014\/09\/06\/un-compostelle-quebecois\/2014-07-27-09-52-05\/\" data-orig-file=\"https:\/\/i0.wp.com\/bottesetvelo.com\/blog\/wp-content\/uploads\/2014\/09\/2014-07-27-09.52.05.jpg?fit=3202%2C2362&amp;ssl=1\" data-orig-size=\"3202,2362\" data-comments-opened=\"1\" data-image-meta=\"{&quot;aperture&quot;:&quot;2.6&quot;,&quot;credit&quot;:&quot;&quot;,&quot;camera&quot;:&quot;SGH-I747M&quot;,&quot;caption&quot;:&quot;&quot;,&quot;created_timestamp&quot;:&quot;1406454725&quot;,&quot;copyright&quot;:&quot;&quot;,&quot;focal_length&quot;:&quot;3.7&quot;,&quot;iso&quot;:&quot;50&quot;,&quot;shutter_speed&quot;:&quot;0.000570776255708&quot;,&quot;title&quot;:&quot;&quot;,&quot;orientation&quot;:&quot;1&quot;}\" data-image-title=\"2014-07-27 09.52.05\" data-image-description=\"\" data-image-caption=\"\" data-large-file=\"https:\/\/i0.wp.com\/bottesetvelo.com\/blog\/wp-content\/uploads\/2014\/09\/2014-07-27-09.52.05.jpg?fit=1024%2C755&amp;ssl=1\" class=\"alignright wp-image-857\" src=\"https:\/\/i0.wp.com\/bottesetvelo.com\/blog\/wp-content\/uploads\/2014\/09\/2014-07-27-09.52.05.jpg?resize=292%2C215&#038;ssl=1\" alt=\"2014-07-27 09.52.05\" width=\"292\" height=\"215\" srcset=\"https:\/\/i0.wp.com\/bottesetvelo.com\/blog\/wp-content\/uploads\/2014\/09\/2014-07-27-09.52.05.jpg?resize=500%2C368&amp;ssl=1 500w, https:\/\/i0.wp.com\/bottesetvelo.com\/blog\/wp-content\/uploads\/2014\/09\/2014-07-27-09.52.05.jpg?resize=624%2C460&amp;ssl=1 624w, https:\/\/i0.wp.com\/bottesetvelo.com\/blog\/wp-content\/uploads\/2014\/09\/2014-07-27-09.52.05.jpg?w=2340&amp;ssl=1 2340w\" sizes=\"auto, (max-width: 292px) 100vw, 292px\" \/><\/a>Tout d\u2019abord les ressemblances : dans les deux cas, le p\u00e8lerin porte un bagage semblable, les temp\u00e9ratures de la Gasp\u00e9sie se rapprochant de celle que nous retrouvons dans les montagnes d\u2019Espagne. Et Bien que nous ayons transport\u00e9 notre mat\u00e9riel de base pour camper, tout le voyage peut ais\u00e9ment se faire en h\u00e9bergement. La route est \u00e9galement semblable, car pour les deux parcours elle traverse r\u00e9guli\u00e8rement des petits villages, parfois bien d\u00e9velopp\u00e9s et parfois plus d\u00e9pouill\u00e9s. Et voil\u00e0! C\u2019en est tout pour ce qui est des ressemblances !<\/p>\n<p style=\"text-align: justify;\">Bien que les deux soient des p\u00e8lerinages, on se rend rapidement \u00e0 l\u2019\u00e9vidence que la comparaison est impossible et inutile, les deux offrant des plaisirs fort diff\u00e9rents au marcheur.<\/p>\n<p style=\"text-align: justify;\"><a href=\"https:\/\/i0.wp.com\/bottesetvelo.com\/blog\/wp-content\/uploads\/2014\/09\/2014-08-02-14.39.43.jpg?ssl=1\"><img data-recalc-dims=\"1\" loading=\"lazy\" decoding=\"async\" data-attachment-id=\"855\" data-permalink=\"https:\/\/bottesetvelo.com\/blog\/2014\/09\/06\/un-compostelle-quebecois\/2014-08-02-14-39-43\/\" data-orig-file=\"https:\/\/i0.wp.com\/bottesetvelo.com\/blog\/wp-content\/uploads\/2014\/09\/2014-08-02-14.39.43.jpg?fit=1936%2C2592&amp;ssl=1\" data-orig-size=\"1936,2592\" data-comments-opened=\"1\" data-image-meta=\"{&quot;aperture&quot;:&quot;2.8&quot;,&quot;credit&quot;:&quot;&quot;,&quot;camera&quot;:&quot;iPhone 4&quot;,&quot;caption&quot;:&quot;&quot;,&quot;created_timestamp&quot;:&quot;1406990383&quot;,&quot;copyright&quot;:&quot;&quot;,&quot;focal_length&quot;:&quot;3.85&quot;,&quot;iso&quot;:&quot;80&quot;,&quot;shutter_speed&quot;:&quot;0.00046403712297&quot;,&quot;title&quot;:&quot;&quot;,&quot;orientation&quot;:&quot;1&quot;}\" data-image-title=\"2014-08-02 14.39.43\" data-image-description=\"\" data-image-caption=\"\" data-large-file=\"https:\/\/i0.wp.com\/bottesetvelo.com\/blog\/wp-content\/uploads\/2014\/09\/2014-08-02-14.39.43.jpg?fit=764%2C1024&amp;ssl=1\" class=\"alignright wp-image-855\" src=\"https:\/\/i0.wp.com\/bottesetvelo.com\/blog\/wp-content\/uploads\/2014\/09\/2014-08-02-14.39.43.jpg?resize=227%2C304&#038;ssl=1\" alt=\"2014-08-02 14.39.43\" width=\"227\" height=\"304\" srcset=\"https:\/\/i0.wp.com\/bottesetvelo.com\/blog\/wp-content\/uploads\/2014\/09\/2014-08-02-14.39.43.jpg?resize=373%2C500&amp;ssl=1 373w, https:\/\/i0.wp.com\/bottesetvelo.com\/blog\/wp-content\/uploads\/2014\/09\/2014-08-02-14.39.43.jpg?resize=764%2C1024&amp;ssl=1 764w, https:\/\/i0.wp.com\/bottesetvelo.com\/blog\/wp-content\/uploads\/2014\/09\/2014-08-02-14.39.43.jpg?resize=624%2C835&amp;ssl=1 624w, https:\/\/i0.wp.com\/bottesetvelo.com\/blog\/wp-content\/uploads\/2014\/09\/2014-08-02-14.39.43.jpg?w=1936&amp;ssl=1 1936w\" sizes=\"auto, (max-width: 227px) 100vw, 227px\" \/><\/a>Marcher la Gasp\u00e9sie, c\u2019est suivre le fleuve, puis la mer, durant des kilom\u00e8tres. C\u2019est marcher le visage caress\u00e9 par le vent frais du large et respirer l\u2019air parfum\u00e9 d\u2019iode et d\u2019algues. C\u2019est pouvoir s\u2019arr\u00eater \u00e0 tout moment sur un tronc d\u2019arbre rejet\u00e9 par la mer ou sur un rocher bien arrondi, pour profiter du silence et du calme, enlever ses bottes et se rafraichir dans l\u2019eau sal\u00e9e. On est loin des plaines chaudes de la Meseta et des champs de bl\u00e9 ou encore des odeurs de ferme de la Galice. Les paysages espagnols nous enivrent la vue avec les vignobles, les champs de tournesols et les collines verdoyantes parsem\u00e9es de coquelicots. Les haltes sont plus souvent dans de petits villages de pierre, sur une coquettes terrasse ou dans un petit parc.<\/p>\n<p style=\"text-align: justify;\">Marcher la Gasp\u00e9sie, c\u2019est vivre seul sur le chemin car la route n\u2019est pas encore fr\u00e9quent\u00e9e par les p\u00e8lerins. Les villageois sont encore sensibles \u00e0 la d\u00e9marche du p\u00e8lerin et sont charitables, g\u00e9n\u00e9reux, serviables et accueillants. Nombreux sont ceux qui viennent nous parler et nous encourager. Il est agr\u00e9able de partager un bout de vie avec chacun, d\u2019apprendre \u00e0 les conna\u00eetre et \u00e0 vivre avec eux un moment de Gasp\u00e9sie. En Espagne, nombreux sont les marcheurs sur la route, et rares sont les \u00e9changes avec les r\u00e9sidents locaux. Nous avons plut\u00f4t tendance \u00e0 nous retrouver avec d\u2019autres p\u00e8lerins. Nous partageons ensemble les repas, les h\u00e9bergements et parfois aussi un bout de route. Il se cr\u00e9e ainsi une vie sociale qui suit la route et qui lui donne une belle couleur.<\/p>\n<p style=\"text-align: justify;\"><a href=\"https:\/\/i0.wp.com\/bottesetvelo.com\/blog\/wp-content\/uploads\/2014\/09\/2014-07-25-12.47.25.jpg?ssl=1\"><img data-recalc-dims=\"1\" loading=\"lazy\" decoding=\"async\" data-attachment-id=\"853\" data-permalink=\"https:\/\/bottesetvelo.com\/blog\/2014\/09\/06\/un-compostelle-quebecois\/2014-07-25-12-47-25\/\" data-orig-file=\"https:\/\/i0.wp.com\/bottesetvelo.com\/blog\/wp-content\/uploads\/2014\/09\/2014-07-25-12.47.25.jpg?fit=2592%2C1936&amp;ssl=1\" data-orig-size=\"2592,1936\" data-comments-opened=\"1\" data-image-meta=\"{&quot;aperture&quot;:&quot;2.8&quot;,&quot;credit&quot;:&quot;&quot;,&quot;camera&quot;:&quot;iPhone 4&quot;,&quot;caption&quot;:&quot;&quot;,&quot;created_timestamp&quot;:&quot;1406292445&quot;,&quot;copyright&quot;:&quot;&quot;,&quot;focal_length&quot;:&quot;3.85&quot;,&quot;iso&quot;:&quot;80&quot;,&quot;shutter_speed&quot;:&quot;0.000762195121951&quot;,&quot;title&quot;:&quot;&quot;,&quot;orientation&quot;:&quot;1&quot;}\" data-image-title=\"2014-07-25 12.47.25\" data-image-description=\"\" data-image-caption=\"\" data-large-file=\"https:\/\/i0.wp.com\/bottesetvelo.com\/blog\/wp-content\/uploads\/2014\/09\/2014-07-25-12.47.25.jpg?fit=1024%2C764&amp;ssl=1\" class=\"alignright wp-image-853 \" src=\"https:\/\/i0.wp.com\/bottesetvelo.com\/blog\/wp-content\/uploads\/2014\/09\/2014-07-25-12.47.25.jpg?resize=311%2C232&#038;ssl=1\" alt=\"2014-07-25 12.47.25\" width=\"311\" height=\"232\" srcset=\"https:\/\/i0.wp.com\/bottesetvelo.com\/blog\/wp-content\/uploads\/2014\/09\/2014-07-25-12.47.25.jpg?resize=500%2C373&amp;ssl=1 500w, https:\/\/i0.wp.com\/bottesetvelo.com\/blog\/wp-content\/uploads\/2014\/09\/2014-07-25-12.47.25.jpg?resize=1024%2C764&amp;ssl=1 1024w, https:\/\/i0.wp.com\/bottesetvelo.com\/blog\/wp-content\/uploads\/2014\/09\/2014-07-25-12.47.25.jpg?resize=624%2C466&amp;ssl=1 624w, https:\/\/i0.wp.com\/bottesetvelo.com\/blog\/wp-content\/uploads\/2014\/09\/2014-07-25-12.47.25.jpg?w=2340&amp;ssl=1 2340w\" sizes=\"auto, (max-width: 311px) 100vw, 311px\" \/><\/a>Marcher la Gasp\u00e9sie c\u2019est aussi marcher le long de la seule route qui en traverse les villages c\u00f4tiers. Au d\u00e9but de la Gasp\u00e9sie, elle est plut\u00f4t achaland\u00e9e. Mais il est possible sur plus de la moiti\u00e9 du trajet de marcher loin de celle-ci : en passant par la plage qui est large et dont le sable est bien tass\u00e9, en passant sur les petites routes qui entrent dans chaque village, ou en marchant sur les sentiers am\u00e9nag\u00e9s. Ce chemin qui longe le fleuve a l\u2019avantage d\u2019\u00eatre doux pour les pieds et pour les genoux car le p\u00e8lerin marche g\u00e9n\u00e9ralement dans du sable, sur du gazon ou sur de la poussi\u00e8re de roche. Sur le chemin espagnol, la voie est facile \u00e0 suivre, clairement balis\u00e9e par les fl\u00e8ches jaunes et par le passage de milliers de pieds apr\u00e8s tant d\u2019ann\u00e9es. Le p\u00e8lerin est souvent sur des sentiers, loin du trafic, \u00e0 travers champs et montagnes, et parfois sur le bord de routes asphalt\u00e9es aux abords des villages et des villes. Mais ces beaux sentiers pittoresques sont exigeants physiquement et il nous faut une bonne botte et une bonne semelle pour les parcourir.<\/p>\n<p style=\"text-align: justify;\">Les comparaisons et les diff\u00e9rences sont nombreuses : terre-mer, fruit-poisson, ocre-bleu, chaud-frais, international-local, vers l\u2019ouest-vers l\u2019est, populeux-solitaire, historique-\u00e9cologique,&#8230; Le Qu\u00e9bec ne sera jamais l\u2019Espagne. La Voie du St-Laurent ne sera jamais Compostelle. Chaque p\u00e8lerinage a une couleur bien \u00e0 lui et offre au p\u00e8lerin un d\u00e9cor ext\u00e9rieur propice \u00e0 l\u2019\u00e9mergence et au d\u00e9veloppement de son chemin int\u00e9rieur, car finalement, dans les deux cas, l\u2019essentiel est la route que chacun fera en lui.<a href=\"https:\/\/i0.wp.com\/bottesetvelo.com\/blog\/wp-content\/uploads\/2014\/01\/Bottes-et-V%C3%A9lo-Embl%C3%AAme.jpg?ssl=1\"><img data-recalc-dims=\"1\" loading=\"lazy\" decoding=\"async\" data-attachment-id=\"14\" data-permalink=\"https:\/\/bottesetvelo.com\/blog\/bottes-et-velo-le-blog\/bottes-et-velo-embleme\/\" data-orig-file=\"https:\/\/i0.wp.com\/bottesetvelo.com\/blog\/wp-content\/uploads\/2014\/01\/Bottes-et-V%C3%A9lo-Embl%C3%AAme-e1454083414631.jpg?fit=100%2C79&amp;ssl=1\" data-orig-size=\"100,79\" data-comments-opened=\"1\" data-image-meta=\"{&quot;aperture&quot;:&quot;0&quot;,&quot;credit&quot;:&quot;&quot;,&quot;camera&quot;:&quot;&quot;,&quot;caption&quot;:&quot;&quot;,&quot;created_timestamp&quot;:&quot;0&quot;,&quot;copyright&quot;:&quot;&quot;,&quot;focal_length&quot;:&quot;0&quot;,&quot;iso&quot;:&quot;0&quot;,&quot;shutter_speed&quot;:&quot;0&quot;,&quot;title&quot;:&quot;&quot;}\" data-image-title=\"Bottes et V\u00e9lo &amp;#8211; Embl\u00eame\" data-image-description=\"\" data-image-caption=\"\" data-large-file=\"https:\/\/i0.wp.com\/bottesetvelo.com\/blog\/wp-content\/uploads\/2014\/01\/Bottes-et-V%C3%A9lo-Embl%C3%AAme-e1454083414631.jpg?fit=100%2C79&amp;ssl=1\" class=\"alignright wp-image-14 \" src=\"https:\/\/i0.wp.com\/bottesetvelo.com\/blog\/wp-content\/uploads\/2014\/01\/Bottes-et-V%C3%A9lo-Embl%C3%AAme.jpg?resize=71%2C56&#038;ssl=1\" alt=\"Bottes et V\u00e9lo - Embl\u00eame\" width=\"71\" height=\"56\" \/><\/a><\/p>\n<p style=\"text-align: justify;\">Brigitte Harouni<\/p>\n","protected":false},"excerpt":{"rendered":"<p>Les seuls chemins qui valent d&rsquo;\u00eatre emprunt\u00e9s sont ceux qui m\u00e8nent \u00e0 l&rsquo;int\u00e9rieur. Charles Juliet Ces derni\u00e8res ann\u00e9es, l\u2019expression \u00abCompostelle qu\u00e9b\u00e9cois\u00bb est fr\u00e9quemment employ\u00e9e. Ceci porte \u00e0 croire qu\u2019il existe donc une version comparable du chemin de Compostelle espagnol au Qu\u00e9bec. Cet \u00e9t\u00e9, nous avons parcouru un chemin en bottes et \u00e0 v\u00e9lo, dans le&hellip;<\/p>\n","protected":false},"author":2,"featured_media":0,"comment_status":"open","ping_status":"open","sticky":false,"template":"","format":"standard","meta":{"jetpack_post_was_ever_published":false,"_jetpack_newsletter_access":"","_jetpack_dont_email_post_to_subs":false,"_jetpack_newsletter_tier_id":0,"_jetpack_memberships_contains_paywalled_content":false,"_jetpack_memberships_contains_paid_content":false,"footnotes":"","jetpack_publicize_message":"","jetpack_publicize_feature_enabled":true,"jetpack_social_post_already_shared":true,"jetpack_social_options":{"image_generator_settings":{"template":"highway","default_image_id":0,"font":"","enabled":false},"version":2}},"categories":[74],"tags":[80,68,14,13,16,19],"class_list":["post-851","post","type-post","status-publish","format-standard","hentry","category-la-voie-du-st-laurent","tag-compostelle","tag-la-voie-du-saint-laurent","tag-marche","tag-pelerinage","tag-quebec","tag-randonnee"],"jetpack_publicize_connections":[],"jetpack_featured_media_url":"","jetpack_shortlink":"https:\/\/wp.me\/p4eY6z-dJ","jetpack_sharing_enabled":true,"jetpack_likes_enabled":true,"jetpack-related-posts":[],"_links":{"self":[{"href":"https:\/\/bottesetvelo.com\/blog\/wp-json\/wp\/v2\/posts\/851","targetHints":{"allow":["GET"]}}],"collection":[{"href":"https:\/\/bottesetvelo.com\/blog\/wp-json\/wp\/v2\/posts"}],"about":[{"href":"https:\/\/bottesetvelo.com\/blog\/wp-json\/wp\/v2\/types\/post"}],"author":[{"embeddable":true,"href":"https:\/\/bottesetvelo.com\/blog\/wp-json\/wp\/v2\/users\/2"}],"replies":[{"embeddable":true,"href":"https:\/\/bottesetvelo.com\/blog\/wp-json\/wp\/v2\/comments?post=851"}],"version-history":[{"count":2,"href":"https:\/\/bottesetvelo.com\/blog\/wp-json\/wp\/v2\/posts\/851\/revisions"}],"predecessor-version":[{"id":859,"href":"https:\/\/bottesetvelo.com\/blog\/wp-json\/wp\/v2\/posts\/851\/revisions\/859"}],"wp:attachment":[{"href":"https:\/\/bottesetvelo.com\/blog\/wp-json\/wp\/v2\/media?parent=851"}],"wp:term":[{"taxonomy":"category","embeddable":true,"href":"https:\/\/bottesetvelo.com\/blog\/wp-json\/wp\/v2\/categories?post=851"},{"taxonomy":"post_tag","embeddable":true,"href":"https:\/\/bottesetvelo.com\/blog\/wp-json\/wp\/v2\/tags?post=851"}],"curies":[{"name":"wp","href":"https:\/\/api.w.org\/{rel}","templated":true}]}}