{"id":848,"date":"2014-09-03T18:02:21","date_gmt":"2014-09-03T22:02:21","guid":{"rendered":"http:\/\/bottesetvelo.com\/blog\/?p=848"},"modified":"2014-09-03T18:02:21","modified_gmt":"2014-09-03T22:02:21","slug":"ressourcement-et-initiation-au-pelerinage","status":"publish","type":"post","link":"https:\/\/bottesetvelo.com\/blog\/2014\/09\/03\/ressourcement-et-initiation-au-pelerinage\/","title":{"rendered":"Ressourcement et Initiation au p\u00e8lerinage"},"content":{"rendered":"<h1 style=\"text-align: justify;\"><em><span class=\"userContent\" style=\"color: #993366;\">Il est encore temps de s&rsquo;inscrire!!!!<img data-recalc-dims=\"1\" loading=\"lazy\" decoding=\"async\" data-attachment-id=\"849\" data-permalink=\"https:\/\/bottesetvelo.com\/blog\/2014\/09\/03\/ressourcement-et-initiation-au-pelerinage\/venez-marcher-avec-nous-26-27-28-sept\/\" data-orig-file=\"https:\/\/i0.wp.com\/bottesetvelo.com\/blog\/wp-content\/uploads\/2014\/09\/Venez-marcher-avec-nous-26-27-28-sept.png?fit=576%2C427&amp;ssl=1\" data-orig-size=\"576,427\" data-comments-opened=\"1\" data-image-meta=\"{&quot;aperture&quot;:&quot;0&quot;,&quot;credit&quot;:&quot;&quot;,&quot;camera&quot;:&quot;&quot;,&quot;caption&quot;:&quot;&quot;,&quot;created_timestamp&quot;:&quot;0&quot;,&quot;copyright&quot;:&quot;&quot;,&quot;focal_length&quot;:&quot;0&quot;,&quot;iso&quot;:&quot;0&quot;,&quot;shutter_speed&quot;:&quot;0&quot;,&quot;title&quot;:&quot;&quot;}\" data-image-title=\"Venez marcher avec nous! 26-27-28 sept\" data-image-description=\"\" data-image-caption=\"\" data-large-file=\"https:\/\/i0.wp.com\/bottesetvelo.com\/blog\/wp-content\/uploads\/2014\/09\/Venez-marcher-avec-nous-26-27-28-sept.png?fit=576%2C427&amp;ssl=1\" class=\"alignright wp-image-849\" src=\"https:\/\/i0.wp.com\/bottesetvelo.com\/blog\/wp-content\/uploads\/2014\/09\/Venez-marcher-avec-nous-26-27-28-sept.png?resize=322%2C238&#038;ssl=1\" alt=\"Venez marcher avec nous! 26-27-28 sept\" width=\"322\" height=\"238\" srcset=\"https:\/\/i0.wp.com\/bottesetvelo.com\/blog\/wp-content\/uploads\/2014\/09\/Venez-marcher-avec-nous-26-27-28-sept.png?resize=500%2C370&amp;ssl=1 500w, https:\/\/i0.wp.com\/bottesetvelo.com\/blog\/wp-content\/uploads\/2014\/09\/Venez-marcher-avec-nous-26-27-28-sept.png?w=576&amp;ssl=1 576w\" sizes=\"auto, (max-width: 322px) 100vw, 322px\" \/><\/span><\/em><\/h1>\n<p style=\"text-align: justify;\"><span class=\"userContent\">Vous avez aim\u00e9 nous suivre sur la Voie du St-Laurent? Alors c&rsquo;est l&rsquo;occasion de tenter l&rsquo;exp\u00e9rience de mani\u00e8re simple et accessible. <strong><span style=\"color: #ff9900;\"><em>Venez marcher avec nous!<\/em><\/span><\/strong><\/span><\/p>\n<p style=\"text-align: justify;\">Cette automne,<strong> <span style=\"color: #993366;\">il n&rsquo;y aura qu&rsquo;un seul weekend ressourcement et initiation au p\u00e8lerinage les 26-27-28 septembre 2014.<\/span> <\/strong>Tarif: 250$<\/p>\n<p style=\"text-align: justify;\"><span class=\"userContent\"><span class=\"text_exposed_show\"> <span style=\"color: #993366;\"><span style=\"color: #000000;\">Th\u00e8me:<\/span> <strong>Calme et m\u00e9ditation &#8211; Terre et Mer &#8211; Un p\u00e8lerinage d&rsquo;ancrage<\/strong><\/span><\/p>\n<p>Le s\u00e9jour inclut : l\u2019h\u00e9bergement, les d\u00e9jeuners et soupers, la documentation, la formation et la pr\u00e9sence de 2 accompagnateurs tout au long du parcours.<\/p>\n<p>\u00c0 travers un circuit d\u2019une vingtaine de kilom\u00e8tres par jour, diff\u00e9rents ateliers vous sont propos\u00e9s pour approfondir l\u2019exp\u00e9rience du p\u00e8lerinage selon diff\u00e9rentes th\u00e9matiques: se recentrer, exp\u00e9rience des sens, s\u2019observer en action et en interaction, conscience de son corps, d\u00e9velopper un rapport au temps qui soit diff\u00e9rent, etc.<\/p>\n<p><a href=\"https:\/\/i0.wp.com\/bottesetvelo.com\/blog\/wp-content\/uploads\/2014\/01\/Bottes-et-V%C3%A9lo-Embl%C3%AAme.jpg?ssl=1\"><img data-recalc-dims=\"1\" loading=\"lazy\" decoding=\"async\" data-attachment-id=\"14\" data-permalink=\"https:\/\/bottesetvelo.com\/blog\/bottes-et-velo-le-blog\/bottes-et-velo-embleme\/\" data-orig-file=\"https:\/\/i0.wp.com\/bottesetvelo.com\/blog\/wp-content\/uploads\/2014\/01\/Bottes-et-V%C3%A9lo-Embl%C3%AAme-e1454083414631.jpg?fit=100%2C79&amp;ssl=1\" data-orig-size=\"100,79\" data-comments-opened=\"1\" data-image-meta=\"{&quot;aperture&quot;:&quot;0&quot;,&quot;credit&quot;:&quot;&quot;,&quot;camera&quot;:&quot;&quot;,&quot;caption&quot;:&quot;&quot;,&quot;created_timestamp&quot;:&quot;0&quot;,&quot;copyright&quot;:&quot;&quot;,&quot;focal_length&quot;:&quot;0&quot;,&quot;iso&quot;:&quot;0&quot;,&quot;shutter_speed&quot;:&quot;0&quot;,&quot;title&quot;:&quot;&quot;}\" data-image-title=\"Bottes et V\u00e9lo &amp;#8211; Embl\u00eame\" data-image-description=\"\" data-image-caption=\"\" data-large-file=\"https:\/\/i0.wp.com\/bottesetvelo.com\/blog\/wp-content\/uploads\/2014\/01\/Bottes-et-V%C3%A9lo-Embl%C3%AAme-e1454083414631.jpg?fit=100%2C79&amp;ssl=1\" class=\"alignright wp-image-14 \" src=\"https:\/\/i0.wp.com\/bottesetvelo.com\/blog\/wp-content\/uploads\/2014\/01\/Bottes-et-V%C3%A9lo-Embl%C3%AAme.jpg?resize=164%2C129&#038;ssl=1\" alt=\"Bottes et V\u00e9lo - Embl\u00eame\" width=\"164\" height=\"129\" \/><\/a>(Accueil le vendredi soir, 26 sept., \u00e0 19h00)<br \/>\nDate limite pour s&rsquo;inscrire: le 5 septembre<\/p>\n<p>Pour vous inscrire, visitez le site de Bottes et V\u00e9lo:<br \/>\n<a href=\"http:\/\/l.facebook.com\/l.php?u=http%3A%2F%2Fbottesetvelo.com%2Fbottes-et-v%C3%A9lo---ressourcement-et-p%C3%A8lerinage&amp;h=eAQG-z6dS&amp;enc=AZMXf7kkoQGUBlYQOa6jbgGBNSyEzfKpkgo5e8M_QR1arQpnyJOPgzUTI1XSReMmKiHTA17wwpFSvEIg_ylkED0tT56jJEFhe-qDtgnNlmH5tFrk9xDiHPfN4l3r0LX51fRNUiqzvH4CyB_yfE7bJsK6&amp;s=1\" target=\"_blank\" rel=\"nofollow nofollow\">http:\/\/bottesetvelo.com\/bottes-et-v\u00e9lo&#8212;ressourcement-et-p\u00e8lerinage<\/a><\/span><\/span><\/p>\n<p style=\"text-align: justify;\">\u00c9ric Lalibert\u00e9 et Brigitte Harouni<\/p>\n","protected":false},"excerpt":{"rendered":"<p>Il est encore temps de s&rsquo;inscrire!!!! Vous avez aim\u00e9 nous suivre sur la Voie du St-Laurent? Alors c&rsquo;est l&rsquo;occasion de tenter l&rsquo;exp\u00e9rience de mani\u00e8re simple et accessible. Venez marcher avec nous! Cette automne, il n&rsquo;y aura qu&rsquo;un seul weekend ressourcement et initiation au p\u00e8lerinage les 26-27-28 septembre 2014. Tarif: 250$ Th\u00e8me: Calme et m\u00e9ditation &#8211;&hellip;<\/p>\n","protected":false},"author":1,"featured_media":0,"comment_status":"open","ping_status":"open","sticky":false,"template":"","format":"standard","meta":{"jetpack_post_was_ever_published":false,"_jetpack_newsletter_access":"","_jetpack_dont_email_post_to_subs":false,"_jetpack_newsletter_tier_id":0,"_jetpack_memberships_contains_paywalled_content":false,"_jetpack_memberships_contains_paid_content":false,"footnotes":"","jetpack_publicize_message":"","jetpack_publicize_feature_enabled":true,"jetpack_social_post_already_shared":true,"jetpack_social_options":{"image_generator_settings":{"template":"highway","default_image_id":0,"font":"","enabled":false},"version":2}},"categories":[6],"tags":[41,13,19],"class_list":["post-848","post","type-post","status-publish","format-standard","hentry","category-formations","tag-formation","tag-pelerinage","tag-randonnee"],"jetpack_publicize_connections":[],"jetpack_featured_media_url":"","jetpack_shortlink":"https:\/\/wp.me\/p4eY6z-dG","jetpack_sharing_enabled":true,"jetpack_likes_enabled":true,"jetpack-related-posts":[],"_links":{"self":[{"href":"https:\/\/bottesetvelo.com\/blog\/wp-json\/wp\/v2\/posts\/848","targetHints":{"allow":["GET"]}}],"collection":[{"href":"https:\/\/bottesetvelo.com\/blog\/wp-json\/wp\/v2\/posts"}],"about":[{"href":"https:\/\/bottesetvelo.com\/blog\/wp-json\/wp\/v2\/types\/post"}],"author":[{"embeddable":true,"href":"https:\/\/bottesetvelo.com\/blog\/wp-json\/wp\/v2\/users\/1"}],"replies":[{"embeddable":true,"href":"https:\/\/bottesetvelo.com\/blog\/wp-json\/wp\/v2\/comments?post=848"}],"version-history":[{"count":1,"href":"https:\/\/bottesetvelo.com\/blog\/wp-json\/wp\/v2\/posts\/848\/revisions"}],"predecessor-version":[{"id":850,"href":"https:\/\/bottesetvelo.com\/blog\/wp-json\/wp\/v2\/posts\/848\/revisions\/850"}],"wp:attachment":[{"href":"https:\/\/bottesetvelo.com\/blog\/wp-json\/wp\/v2\/media?parent=848"}],"wp:term":[{"taxonomy":"category","embeddable":true,"href":"https:\/\/bottesetvelo.com\/blog\/wp-json\/wp\/v2\/categories?post=848"},{"taxonomy":"post_tag","embeddable":true,"href":"https:\/\/bottesetvelo.com\/blog\/wp-json\/wp\/v2\/tags?post=848"}],"curies":[{"name":"wp","href":"https:\/\/api.w.org\/{rel}","templated":true}]}}