{"id":817,"date":"2014-08-30T10:06:14","date_gmt":"2014-08-30T14:06:14","guid":{"rendered":"http:\/\/bottesetvelo.com\/blog\/?p=817"},"modified":"2014-08-30T10:06:14","modified_gmt":"2014-08-30T14:06:14","slug":"le-tourisme-de-course","status":"publish","type":"post","link":"https:\/\/bottesetvelo.com\/blog\/2014\/08\/30\/le-tourisme-de-course\/","title":{"rendered":"Le tourisme de course"},"content":{"rendered":"<h6 style=\"text-align: right;\"><em>\u00ab\u00a0C&rsquo;est le jouir, non le poss\u00e9der, qui nous rend heureux.\u00a0\u00bb<\/em><br \/>\n<em>Montaigne<\/em><\/h6>\n<p style=\"text-align: justify;\"><img data-recalc-dims=\"1\" loading=\"lazy\" decoding=\"async\" data-attachment-id=\"823\" data-permalink=\"https:\/\/bottesetvelo.com\/blog\/2014\/08\/30\/le-tourisme-de-course\/20140726_130922\/\" data-orig-file=\"https:\/\/i0.wp.com\/bottesetvelo.com\/blog\/wp-content\/uploads\/2014\/08\/20140726_130922.jpg?fit=3130%2C2258&amp;ssl=1\" data-orig-size=\"3130,2258\" data-comments-opened=\"1\" data-image-meta=\"{&quot;aperture&quot;:&quot;2.6&quot;,&quot;credit&quot;:&quot;&quot;,&quot;camera&quot;:&quot;SGH-I747M&quot;,&quot;caption&quot;:&quot;&quot;,&quot;created_timestamp&quot;:&quot;1406380161&quot;,&quot;copyright&quot;:&quot;&quot;,&quot;focal_length&quot;:&quot;3.7&quot;,&quot;iso&quot;:&quot;50&quot;,&quot;shutter_speed&quot;:&quot;0.000471698113208&quot;,&quot;title&quot;:&quot;&quot;}\" data-image-title=\"20140726_130922\" data-image-description=\"\" data-image-caption=\"\" data-large-file=\"https:\/\/i0.wp.com\/bottesetvelo.com\/blog\/wp-content\/uploads\/2014\/08\/20140726_130922.jpg?fit=1024%2C738&amp;ssl=1\" class=\"alignright wp-image-823 \" src=\"https:\/\/i0.wp.com\/bottesetvelo.com\/blog\/wp-content\/uploads\/2014\/08\/20140726_130922.jpg?resize=286%2C206&#038;ssl=1\" alt=\"20140726_130922\" width=\"286\" height=\"206\" srcset=\"https:\/\/i0.wp.com\/bottesetvelo.com\/blog\/wp-content\/uploads\/2014\/08\/20140726_130922.jpg?resize=500%2C360&amp;ssl=1 500w, https:\/\/i0.wp.com\/bottesetvelo.com\/blog\/wp-content\/uploads\/2014\/08\/20140726_130922.jpg?resize=1024%2C738&amp;ssl=1 1024w, https:\/\/i0.wp.com\/bottesetvelo.com\/blog\/wp-content\/uploads\/2014\/08\/20140726_130922.jpg?resize=624%2C450&amp;ssl=1 624w, https:\/\/i0.wp.com\/bottesetvelo.com\/blog\/wp-content\/uploads\/2014\/08\/20140726_130922.jpg?w=2340&amp;ssl=1 2340w\" sizes=\"auto, (max-width: 286px) 100vw, 286px\" \/>Pour poursuivre avec vous notre r\u00e9flexion sur le p\u00e8lerinage, et faire suite aux observations cocasses que Brigitte nous a faites la semaine derni\u00e8re, j\u2019y vais de cette observation que nous avons pu constater tous les deux : il existe un tourisme de course! Un tourisme o\u00f9 les vacances ont davantage l\u2019air d\u2019une corv\u00e9e \u00e0 abattre, d\u2019une course contre la montre. Comme quoi les vacances, ce n\u2019est pas toujours de tout repos. De notre point de vue, nous observions ces vacanciers comme si nous \u00e9tions hors du temps&#8230;<\/p>\n<p style=\"text-align: justify;\">Sur le chemin de p\u00e8lerinage, le marcheur a tout son temps pour s\u2019impr\u00e9gner du milieu. \u00c0\u00a0prendre le temps, on affine ses capacit\u00e9s \u00e0 lire <img data-recalc-dims=\"1\" loading=\"lazy\" decoding=\"async\" data-attachment-id=\"821\" data-permalink=\"https:\/\/bottesetvelo.com\/blog\/2014\/08\/30\/le-tourisme-de-course\/img_3416\/\" data-orig-file=\"https:\/\/i0.wp.com\/bottesetvelo.com\/blog\/wp-content\/uploads\/2014\/08\/IMG_3416.jpg?fit=2048%2C1530&amp;ssl=1\" data-orig-size=\"2048,1530\" data-comments-opened=\"1\" data-image-meta=\"{&quot;aperture&quot;:&quot;2.8&quot;,&quot;credit&quot;:&quot;&quot;,&quot;camera&quot;:&quot;iPhone 4&quot;,&quot;caption&quot;:&quot;&quot;,&quot;created_timestamp&quot;:&quot;1407416268&quot;,&quot;copyright&quot;:&quot;&quot;,&quot;focal_length&quot;:&quot;3.85&quot;,&quot;iso&quot;:&quot;80&quot;,&quot;shutter_speed&quot;:&quot;0.00149253731343&quot;,&quot;title&quot;:&quot;&quot;}\" data-image-title=\"IMG_3416\" data-image-description=\"\" data-image-caption=\"\" data-large-file=\"https:\/\/i0.wp.com\/bottesetvelo.com\/blog\/wp-content\/uploads\/2014\/08\/IMG_3416.jpg?fit=1024%2C765&amp;ssl=1\" class=\"alignright wp-image-821 \" src=\"https:\/\/i0.wp.com\/bottesetvelo.com\/blog\/wp-content\/uploads\/2014\/08\/IMG_3416.jpg?resize=281%2C210&#038;ssl=1\" alt=\"IMG_3416\" width=\"281\" height=\"210\" srcset=\"https:\/\/i0.wp.com\/bottesetvelo.com\/blog\/wp-content\/uploads\/2014\/08\/IMG_3416.jpg?resize=500%2C373&amp;ssl=1 500w, https:\/\/i0.wp.com\/bottesetvelo.com\/blog\/wp-content\/uploads\/2014\/08\/IMG_3416.jpg?resize=1024%2C765&amp;ssl=1 1024w, https:\/\/i0.wp.com\/bottesetvelo.com\/blog\/wp-content\/uploads\/2014\/08\/IMG_3416.jpg?resize=624%2C466&amp;ssl=1 624w, https:\/\/i0.wp.com\/bottesetvelo.com\/blog\/wp-content\/uploads\/2014\/08\/IMG_3416.jpg?w=2048&amp;ssl=1 2048w\" sizes=\"auto, (max-width: 281px) 100vw, 281px\" \/>les signes de la nature, on y prend go\u00fbt et une symbiose s\u2019installe. Ces signes deviennent peu \u00e0 peu une extension de nos sens : les Fous de Bassan nous indiquent les bancs de maquereaux, le vent et la couleur de l\u2019eau le temps qu\u2019il fera; les odeurs, les sons, m\u00eame la lune ont des choses \u00e0 nous raconter! Au c\u0153ur de ces observations, de ce rythme de vie, il y a tout un pan de la nature humaine qui soudain devient intriguant. L\u2019urgence des vacances nous a tout particuli\u00e8rement fait r\u00e9fl\u00e9chir&#8230;<\/p>\n<p style=\"text-align: justify;\">Le rivage est sculpt\u00e9 de pierres se h\u00e9rissant comme les pages d\u2019un livre entre-ouvert et s\u2019enfon\u00e7ant doucement dans une mer d\u2019un bleu m\u00e9tallique. Du haut d\u2019une falaise, une bande de guillemots \u00e0 miroir jouent les kamikazes, en se pr\u00e9cipitant maladroitement dans le vide, pour venir terminer leur course en rebondissant sur les premi\u00e8res v<a href=\"https:\/\/i0.wp.com\/bottesetvelo.com\/blog\/wp-content\/uploads\/2014\/08\/IMG_3265.jpg?ssl=1\"><img data-recalc-dims=\"1\" loading=\"lazy\" decoding=\"async\" data-attachment-id=\"825\" data-permalink=\"https:\/\/bottesetvelo.com\/blog\/2014\/08\/30\/le-tourisme-de-course\/img_3265\/\" data-orig-file=\"https:\/\/i0.wp.com\/bottesetvelo.com\/blog\/wp-content\/uploads\/2014\/08\/IMG_3265.jpg?fit=2048%2C1530&amp;ssl=1\" data-orig-size=\"2048,1530\" data-comments-opened=\"1\" data-image-meta=\"{&quot;aperture&quot;:&quot;2.8&quot;,&quot;credit&quot;:&quot;&quot;,&quot;camera&quot;:&quot;iPhone 4&quot;,&quot;caption&quot;:&quot;&quot;,&quot;created_timestamp&quot;:&quot;1406890492&quot;,&quot;copyright&quot;:&quot;&quot;,&quot;focal_length&quot;:&quot;3.85&quot;,&quot;iso&quot;:&quot;80&quot;,&quot;shutter_speed&quot;:&quot;0.00046403712297&quot;,&quot;title&quot;:&quot;&quot;}\" data-image-title=\"IMG_3265\" data-image-description=\"\" data-image-caption=\"\" data-large-file=\"https:\/\/i0.wp.com\/bottesetvelo.com\/blog\/wp-content\/uploads\/2014\/08\/IMG_3265.jpg?fit=1024%2C765&amp;ssl=1\" class=\"alignright wp-image-825 \" src=\"https:\/\/i0.wp.com\/bottesetvelo.com\/blog\/wp-content\/uploads\/2014\/08\/IMG_3265.jpg?resize=277%2C207&#038;ssl=1\" alt=\"IMG_3265\" width=\"277\" height=\"207\" srcset=\"https:\/\/i0.wp.com\/bottesetvelo.com\/blog\/wp-content\/uploads\/2014\/08\/IMG_3265.jpg?resize=500%2C373&amp;ssl=1 500w, https:\/\/i0.wp.com\/bottesetvelo.com\/blog\/wp-content\/uploads\/2014\/08\/IMG_3265.jpg?resize=1024%2C765&amp;ssl=1 1024w, https:\/\/i0.wp.com\/bottesetvelo.com\/blog\/wp-content\/uploads\/2014\/08\/IMG_3265.jpg?resize=624%2C466&amp;ssl=1 624w, https:\/\/i0.wp.com\/bottesetvelo.com\/blog\/wp-content\/uploads\/2014\/08\/IMG_3265.jpg?w=2048&amp;ssl=1 2048w\" sizes=\"auto, (max-width: 277px) 100vw, 277px\" \/><\/a>agues. Nous nous arr\u00eatons pour contempler le spectacle. Au m\u00eame instant, surgit un conducteur qui passe \u00e0 vive allure en brandissant son t\u00e9l\u00e9phone d\u2019une main et tenant le volant de l\u2019autre. Un \u0153il sur la route, l\u2019autre sur l\u2019appareil, il tente de cadrer sa photo du mieux qu\u2019il peut. Nos drapeaux claquent au vent sur son passage.<\/p>\n<p style=\"text-align: justify;\">Les nuages forment de grosses boules de ouate dans un ciel qui vient se confondre avec l\u2019eau sur la ligne d\u2019horizon. Le soleil descend lentement dans un d\u00e9grad\u00e9 de teintes roses et orang\u00e9es. L\u2019immensit\u00e9, l\u2019intensit\u00e9, les couleurs, tout est \u00e0 couper le souffle. On entend la voiture arriver \u00e0 toute vitesse. Lorsqu\u2019elle nous croise, nous avons \u00e0 peine le temps <a href=\"https:\/\/i0.wp.com\/bottesetvelo.com\/blog\/wp-content\/uploads\/2014\/08\/20140729_064407.jpg?ssl=1\"><img data-recalc-dims=\"1\" loading=\"lazy\" decoding=\"async\" data-attachment-id=\"826\" data-permalink=\"https:\/\/bottesetvelo.com\/blog\/2014\/08\/30\/le-tourisme-de-course\/20140729_064407\/\" data-orig-file=\"https:\/\/i0.wp.com\/bottesetvelo.com\/blog\/wp-content\/uploads\/2014\/08\/20140729_064407.jpg?fit=3264%2C2448&amp;ssl=1\" data-orig-size=\"3264,2448\" data-comments-opened=\"1\" data-image-meta=\"{&quot;aperture&quot;:&quot;2.6&quot;,&quot;credit&quot;:&quot;&quot;,&quot;camera&quot;:&quot;SGH-I747M&quot;,&quot;caption&quot;:&quot;&quot;,&quot;created_timestamp&quot;:&quot;1406616247&quot;,&quot;copyright&quot;:&quot;&quot;,&quot;focal_length&quot;:&quot;3.7&quot;,&quot;iso&quot;:&quot;50&quot;,&quot;shutter_speed&quot;:&quot;0.000919117647059&quot;,&quot;title&quot;:&quot;&quot;}\" data-image-title=\"20140729_064407\" data-image-description=\"\" data-image-caption=\"\" data-large-file=\"https:\/\/i0.wp.com\/bottesetvelo.com\/blog\/wp-content\/uploads\/2014\/08\/20140729_064407.jpg?fit=1024%2C768&amp;ssl=1\" class=\"alignright wp-image-826 \" src=\"https:\/\/i0.wp.com\/bottesetvelo.com\/blog\/wp-content\/uploads\/2014\/08\/20140729_064407.jpg?resize=277%2C208&#038;ssl=1\" alt=\"20140729_064407\" width=\"277\" height=\"208\" srcset=\"https:\/\/i0.wp.com\/bottesetvelo.com\/blog\/wp-content\/uploads\/2014\/08\/20140729_064407.jpg?resize=500%2C375&amp;ssl=1 500w, https:\/\/i0.wp.com\/bottesetvelo.com\/blog\/wp-content\/uploads\/2014\/08\/20140729_064407.jpg?w=2340&amp;ssl=1 2340w\" sizes=\"auto, (max-width: 277px) 100vw, 277px\" \/><\/a>d\u2019apercevoir la dame qui se contorsionne sur son si\u00e8ge pour capter cet instant en photo, pendant que l\u2019homme au volant s\u2019engage d\u00e9j\u00e0 dans la courbe suivante.<\/p>\n<p style=\"text-align: justify;\">Nous sommes en p\u00e9riph\u00e9rie de Gasp\u00e9. Il est tout pr\u00e8s de midi. Une dame \u00e0 bord d\u2019un Westfalia nous interpelle : \u00ab C\u2019est dans cette direction Qu\u00e9bec? \u00bb Le regard ahuri, je me\u00a0tourne vers Brigitte d\u00e9contenanc\u00e9 par la question : \u00ab C\u2019est qu\u2019on tourne en rond, ici, madame! Dans un sens ou dans l\u2019autre vous arriverez \u00e0 Qu\u00e9bec. Mais\u2026 vous n\u2019avez quand m\u00eame pas l\u2019intention d\u2019y \u00eatre aujourd\u2019hui? \u00bb Remettant le moteur en marche, elle me lance tout sourire : \u00ab Non, non! Seulement Ste-Anne-des-Monts! On fait le tour de la Gasp\u00e9sie! \u00bb Elle mettra 5 ou 6 heures pour franchir l\u2019une des plus belles sections de la Gasp\u00e9sie, alors que nous avons mis pr\u00e8s de deux semaines pour <img data-recalc-dims=\"1\" loading=\"lazy\" decoding=\"async\" data-attachment-id=\"819\" data-permalink=\"https:\/\/bottesetvelo.com\/blog\/2014\/08\/30\/le-tourisme-de-course\/20140804_084110\/\" data-orig-file=\"https:\/\/i0.wp.com\/bottesetvelo.com\/blog\/wp-content\/uploads\/2014\/08\/20140804_084110.jpg?fit=2048%2C1536&amp;ssl=1\" data-orig-size=\"2048,1536\" data-comments-opened=\"1\" data-image-meta=\"{&quot;aperture&quot;:&quot;0&quot;,&quot;credit&quot;:&quot;&quot;,&quot;camera&quot;:&quot;&quot;,&quot;caption&quot;:&quot;&quot;,&quot;created_timestamp&quot;:&quot;0&quot;,&quot;copyright&quot;:&quot;&quot;,&quot;focal_length&quot;:&quot;0&quot;,&quot;iso&quot;:&quot;0&quot;,&quot;shutter_speed&quot;:&quot;0&quot;,&quot;title&quot;:&quot;&quot;}\" data-image-title=\"20140804_084110\" data-image-description=\"\" data-image-caption=\"\" data-large-file=\"https:\/\/i0.wp.com\/bottesetvelo.com\/blog\/wp-content\/uploads\/2014\/08\/20140804_084110.jpg?fit=1024%2C768&amp;ssl=1\" class=\"alignright wp-image-819 \" src=\"https:\/\/i0.wp.com\/bottesetvelo.com\/blog\/wp-content\/uploads\/2014\/08\/20140804_084110.jpg?resize=274%2C205&#038;ssl=1\" alt=\"20140804_084110\" width=\"274\" height=\"205\" srcset=\"https:\/\/i0.wp.com\/bottesetvelo.com\/blog\/wp-content\/uploads\/2014\/08\/20140804_084110.jpg?resize=500%2C375&amp;ssl=1 500w, https:\/\/i0.wp.com\/bottesetvelo.com\/blog\/wp-content\/uploads\/2014\/08\/20140804_084110.jpg?resize=1024%2C768&amp;ssl=1 1024w, https:\/\/i0.wp.com\/bottesetvelo.com\/blog\/wp-content\/uploads\/2014\/08\/20140804_084110.jpg?resize=624%2C468&amp;ssl=1 624w, https:\/\/i0.wp.com\/bottesetvelo.com\/blog\/wp-content\/uploads\/2014\/08\/20140804_084110.jpg?w=2048&amp;ssl=1 2048w\" sizes=\"auto, (max-width: 274px) 100vw, 274px\" \/>faire le m\u00eame trajet\u2026 Qu\u2019est-ce qu\u2019elle verra de la Gasp\u00e9sie?<\/p>\n<p style=\"text-align: justify;\">Je pourrais vous raconter des dizaines d\u2019anecdotes de la sorte, la question resterait la m\u00eame : pourquoi nous comportons-nous ainsi? Qu\u2019est-ce qui nous pousse? Qu\u2019est-ce qui nous presse? Toujours cette vitesse, cette impatience. Prendre plaisir au chemin fait partie du voyage. Le chemin est le voyage! \u00c0 passer sa vie dans l\u2019urgence, on finit par manquer l\u2019essentiel. La vie ne devient plus qu\u2019une s\u00e9rie de clich\u00e9s pris \u00e0 la h\u00e2te parce qu\u2019on n\u2019avait pas le temps. Il n\u2019y a qu\u2019en s\u2019extrayant de cette course que nous pouvons parvenir \u00e0 concevoir la vie autrement. Le p\u00e8lerinage permet de prendre cette distance. Il permet de ralentir le rythme pour voir ce qui nous semblait invisible, d\u2019entendre ce qui passait sous silence.<img data-recalc-dims=\"1\" loading=\"lazy\" decoding=\"async\" data-attachment-id=\"820\" data-permalink=\"https:\/\/bottesetvelo.com\/blog\/2014\/08\/30\/le-tourisme-de-course\/20140803_153723\/\" data-orig-file=\"https:\/\/i0.wp.com\/bottesetvelo.com\/blog\/wp-content\/uploads\/2014\/08\/20140803_153723.jpg?fit=2048%2C1536&amp;ssl=1\" data-orig-size=\"2048,1536\" data-comments-opened=\"1\" data-image-meta=\"{&quot;aperture&quot;:&quot;0&quot;,&quot;credit&quot;:&quot;&quot;,&quot;camera&quot;:&quot;&quot;,&quot;caption&quot;:&quot;&quot;,&quot;created_timestamp&quot;:&quot;0&quot;,&quot;copyright&quot;:&quot;&quot;,&quot;focal_length&quot;:&quot;0&quot;,&quot;iso&quot;:&quot;0&quot;,&quot;shutter_speed&quot;:&quot;0&quot;,&quot;title&quot;:&quot;&quot;}\" data-image-title=\"20140803_153723\" data-image-description=\"\" data-image-caption=\"\" data-large-file=\"https:\/\/i0.wp.com\/bottesetvelo.com\/blog\/wp-content\/uploads\/2014\/08\/20140803_153723.jpg?fit=1024%2C768&amp;ssl=1\" class=\"alignright wp-image-820 \" src=\"https:\/\/i0.wp.com\/bottesetvelo.com\/blog\/wp-content\/uploads\/2014\/08\/20140803_153723.jpg?resize=272%2C204&#038;ssl=1\" alt=\"20140803_153723\" width=\"272\" height=\"204\" srcset=\"https:\/\/i0.wp.com\/bottesetvelo.com\/blog\/wp-content\/uploads\/2014\/08\/20140803_153723.jpg?resize=500%2C375&amp;ssl=1 500w, https:\/\/i0.wp.com\/bottesetvelo.com\/blog\/wp-content\/uploads\/2014\/08\/20140803_153723.jpg?resize=1024%2C768&amp;ssl=1 1024w, https:\/\/i0.wp.com\/bottesetvelo.com\/blog\/wp-content\/uploads\/2014\/08\/20140803_153723.jpg?resize=624%2C468&amp;ssl=1 624w, https:\/\/i0.wp.com\/bottesetvelo.com\/blog\/wp-content\/uploads\/2014\/08\/20140803_153723.jpg?w=2048&amp;ssl=1 2048w\" sizes=\"auto, (max-width: 272px) 100vw, 272px\" \/><\/p>\n<p style=\"text-align: justify;\">L\u2019automne arrive bient\u00f4t et j\u2019aime ce moment de l\u2019ann\u00e9e avec sa rentr\u00e9e scolaire et tous ces gens qui rentrent au boulot. Toute cette m\u00e9canique qui reprend son rythme et s\u2019agite. Je l\u2019aime car c\u2019est lorsqu\u2019on a eu la chance de ne pas y entrer, alors que tout le monde y va, que l\u2019on peut r\u00e9aliser que le plaisir de vivre est ailleurs.<\/p>\n<p style=\"text-align: justify;\">Ne plus courir d\u2019un train \u00e0 l\u2019autre, toujours press\u00e9 d\u2019arriver.<br \/>\nNe plus vivre la pression du faire, d\u2019un horaire surcharg\u00e9 de performance.<br \/>\nS\u2019arr\u00eater et laisser le brouhaha filer.<br \/>\nAvoir l\u2019impression de s\u2019\u00e9veiller \u00e0 un monde que nous avions presqu\u2019oubli\u00e9.<a href=\"https:\/\/i0.wp.com\/bottesetvelo.com\/blog\/wp-content\/uploads\/2014\/08\/20140806_1045301.jpg?ssl=1\"><img data-recalc-dims=\"1\" loading=\"lazy\" decoding=\"async\" data-attachment-id=\"828\" data-permalink=\"https:\/\/bottesetvelo.com\/blog\/2014\/08\/30\/le-tourisme-de-course\/20140806_104530-2\/\" data-orig-file=\"https:\/\/i0.wp.com\/bottesetvelo.com\/blog\/wp-content\/uploads\/2014\/08\/20140806_1045301.jpg?fit=2947%2C1067&amp;ssl=1\" data-orig-size=\"2947,1067\" data-comments-opened=\"1\" data-image-meta=\"{&quot;aperture&quot;:&quot;0&quot;,&quot;credit&quot;:&quot;&quot;,&quot;camera&quot;:&quot;SGH-I747M&quot;,&quot;caption&quot;:&quot;&quot;,&quot;created_timestamp&quot;:&quot;1407321929&quot;,&quot;copyright&quot;:&quot;&quot;,&quot;focal_length&quot;:&quot;0&quot;,&quot;iso&quot;:&quot;0&quot;,&quot;shutter_speed&quot;:&quot;0&quot;,&quot;title&quot;:&quot;&quot;}\" data-image-title=\"20140806_104530\" data-image-description=\"\" data-image-caption=\"\" data-large-file=\"https:\/\/i0.wp.com\/bottesetvelo.com\/blog\/wp-content\/uploads\/2014\/08\/20140806_1045301.jpg?fit=1024%2C370&amp;ssl=1\" class=\"aligncenter size-medium wp-image-828\" src=\"https:\/\/i0.wp.com\/bottesetvelo.com\/blog\/wp-content\/uploads\/2014\/08\/20140806_1045301.jpg?resize=500%2C181&#038;ssl=1\" alt=\"20140806_104530\" width=\"500\" height=\"181\" srcset=\"https:\/\/i0.wp.com\/bottesetvelo.com\/blog\/wp-content\/uploads\/2014\/08\/20140806_1045301.jpg?resize=500%2C181&amp;ssl=1 500w, https:\/\/i0.wp.com\/bottesetvelo.com\/blog\/wp-content\/uploads\/2014\/08\/20140806_1045301.jpg?resize=1024%2C370&amp;ssl=1 1024w, https:\/\/i0.wp.com\/bottesetvelo.com\/blog\/wp-content\/uploads\/2014\/08\/20140806_1045301.jpg?resize=624%2C225&amp;ssl=1 624w, https:\/\/i0.wp.com\/bottesetvelo.com\/blog\/wp-content\/uploads\/2014\/08\/20140806_1045301.jpg?w=2340&amp;ssl=1 2340w\" sizes=\"auto, (max-width: 500px) 100vw, 500px\" \/><\/a><\/p>\n<p style=\"text-align: justify;\">Ne pas faire la rentr\u00e9e donne ce sentiment. Le sentiment d\u2019\u00eatre saut\u00e9 en bas de ce train et de le regarder s\u2019\u00e9loigner \u00e0 vive allure le sourire aux l\u00e8vres. Le TGV des travailleurs-vacanciers que nous sommes est pass\u00e9! Le monde se vide de toute cette effervescence pour retrouver le calme qui lui est propre. L\u2019urgence et l\u2019agitation ont fil\u00e9! C\u2019est comme sortir d\u2019une discoth\u00e8que pour r\u00e9aliser combien la rue est silencieuse. On ne se rendait pas compte combien toute cette agitation nous oppressait. Hors du TGV, enfin, on peut respirer! Les retrait\u00e9s pourraient certainement nous en parler\u2026<\/p>\n<p style=\"text-align: justify;\">Sortez p\u00e8lerins de l\u2019automne! Profitez de ces espaces qui se sont lib\u00e9r\u00e9s, de ce temps retrouv\u00e9! <img data-recalc-dims=\"1\" loading=\"lazy\" decoding=\"async\" data-attachment-id=\"14\" data-permalink=\"https:\/\/bottesetvelo.com\/blog\/bottes-et-velo-le-blog\/bottes-et-velo-embleme\/\" data-orig-file=\"https:\/\/i0.wp.com\/bottesetvelo.com\/blog\/wp-content\/uploads\/2014\/01\/Bottes-et-V%C3%A9lo-Embl%C3%AAme-e1454083414631.jpg?fit=100%2C79&amp;ssl=1\" data-orig-size=\"100,79\" data-comments-opened=\"1\" data-image-meta=\"{&quot;aperture&quot;:&quot;0&quot;,&quot;credit&quot;:&quot;&quot;,&quot;camera&quot;:&quot;&quot;,&quot;caption&quot;:&quot;&quot;,&quot;created_timestamp&quot;:&quot;0&quot;,&quot;copyright&quot;:&quot;&quot;,&quot;focal_length&quot;:&quot;0&quot;,&quot;iso&quot;:&quot;0&quot;,&quot;shutter_speed&quot;:&quot;0&quot;,&quot;title&quot;:&quot;&quot;}\" data-image-title=\"Bottes et V\u00e9lo &amp;#8211; Embl\u00eame\" data-image-description=\"\" data-image-caption=\"\" data-large-file=\"https:\/\/i0.wp.com\/bottesetvelo.com\/blog\/wp-content\/uploads\/2014\/01\/Bottes-et-V%C3%A9lo-Embl%C3%AAme-e1454083414631.jpg?fit=100%2C79&amp;ssl=1\" class=\"alignright wp-image-14\" src=\"https:\/\/i0.wp.com\/bottesetvelo.com\/blog\/wp-content\/uploads\/2014\/01\/Bottes-et-V%C3%A9lo-Embl%C3%AAme.jpg?resize=79%2C62&#038;ssl=1\" alt=\"Bottes et V\u00e9lo - Embl\u00eame\" width=\"79\" height=\"62\" \/><\/p>\n<p style=\"text-align: justify;\">\u00c9ric Lalibert\u00e9<\/p>\n","protected":false},"excerpt":{"rendered":"<p>\u00ab\u00a0C&rsquo;est le jouir, non le poss\u00e9der, qui nous rend heureux.\u00a0\u00bb Montaigne Pour poursuivre avec vous notre r\u00e9flexion sur le p\u00e8lerinage, et faire suite aux observations cocasses que Brigitte nous a faites la semaine derni\u00e8re, j\u2019y vais de cette observation que nous avons pu constater tous les deux : il existe un tourisme de course! Un&hellip;<\/p>\n","protected":false},"author":3,"featured_media":0,"comment_status":"open","ping_status":"open","sticky":false,"template":"","format":"standard","meta":{"jetpack_post_was_ever_published":false,"_jetpack_newsletter_access":"","_jetpack_dont_email_post_to_subs":false,"_jetpack_newsletter_tier_id":0,"_jetpack_memberships_contains_paywalled_content":false,"_jetpack_memberships_contains_paid_content":false,"footnotes":"","jetpack_publicize_message":"Le tourisme de course http:\/\/wp.me\/p4eY6z-db","jetpack_publicize_feature_enabled":true,"jetpack_social_post_already_shared":true,"jetpack_social_options":{"image_generator_settings":{"template":"highway","default_image_id":0,"font":"","enabled":false},"version":2}},"categories":[50,39,3,37],"tags":[275,40,13,78,38,20,76,77],"class_list":["post-817","post","type-post","status-publish","format-standard","hentry","category-art-de-vivre","category-croissance-personnelle","category-reflexions","category-spiritualite-2","tag-art-de-vivre","tag-croissance-personnelle-2","tag-pelerinage","tag-ralentir","tag-reflexion","tag-spiritualite","tag-tourisme","tag-vitesse"],"jetpack_publicize_connections":[],"jetpack_featured_media_url":"","jetpack_shortlink":"https:\/\/wp.me\/p4eY6z-db","jetpack_sharing_enabled":true,"jetpack_likes_enabled":true,"jetpack-related-posts":[],"_links":{"self":[{"href":"https:\/\/bottesetvelo.com\/blog\/wp-json\/wp\/v2\/posts\/817","targetHints":{"allow":["GET"]}}],"collection":[{"href":"https:\/\/bottesetvelo.com\/blog\/wp-json\/wp\/v2\/posts"}],"about":[{"href":"https:\/\/bottesetvelo.com\/blog\/wp-json\/wp\/v2\/types\/post"}],"author":[{"embeddable":true,"href":"https:\/\/bottesetvelo.com\/blog\/wp-json\/wp\/v2\/users\/3"}],"replies":[{"embeddable":true,"href":"https:\/\/bottesetvelo.com\/blog\/wp-json\/wp\/v2\/comments?post=817"}],"version-history":[{"count":3,"href":"https:\/\/bottesetvelo.com\/blog\/wp-json\/wp\/v2\/posts\/817\/revisions"}],"predecessor-version":[{"id":824,"href":"https:\/\/bottesetvelo.com\/blog\/wp-json\/wp\/v2\/posts\/817\/revisions\/824"}],"wp:attachment":[{"href":"https:\/\/bottesetvelo.com\/blog\/wp-json\/wp\/v2\/media?parent=817"}],"wp:term":[{"taxonomy":"category","embeddable":true,"href":"https:\/\/bottesetvelo.com\/blog\/wp-json\/wp\/v2\/categories?post=817"},{"taxonomy":"post_tag","embeddable":true,"href":"https:\/\/bottesetvelo.com\/blog\/wp-json\/wp\/v2\/tags?post=817"}],"curies":[{"name":"wp","href":"https:\/\/api.w.org\/{rel}","templated":true}]}}