{"id":803,"date":"2014-08-23T08:09:59","date_gmt":"2014-08-23T12:09:59","guid":{"rendered":"http:\/\/bottesetvelo.com\/blog\/?p=803"},"modified":"2014-08-23T08:26:33","modified_gmt":"2014-08-23T12:26:33","slug":"observations-cocasses-non-scientifiquement-fondees","status":"publish","type":"post","link":"https:\/\/bottesetvelo.com\/blog\/2014\/08\/23\/observations-cocasses-non-scientifiquement-fondees\/","title":{"rendered":"Observations cocasses non scientifiquement fond\u00e9es"},"content":{"rendered":"<h6 style=\"text-align: right;\"><em>\u00ab La nature est un professeur universel et s\u00fbr pour celui qui l&rsquo;observe. \u00bb<\/em><br \/>\n<em> Carlo Goldoni<\/em><\/h6>\n<p style=\"text-align: justify;\">En attendant le prochain article s\u00e9rieux de Bottes et V\u00e9lo, voici une liste d\u2019observations et de constatations non scientifiquement prouv\u00e9es, relev\u00e9es au cours de nos 40 jours de p\u00e8lerinage sur la Voie du Saint-Laurent :<\/p>\n<ol>\n<li style=\"text-align: justify;\">Les chiens n\u2019ont pas l\u2019habitude de voir des p\u00e8lerins avec des b\u00e2tons de marche. 9 chiens sur 10 aboient sur notre passage. Tous les chiens qui voudraient traverser la route et se pr\u00e9cipiter sur nos mollets sont attach\u00e9s ou encag\u00e9s. Si le chien n\u2019est pas attach\u00e9, il ne jappera pas! (Pour cette observation, nous avons eu un tr\u00e8s grand \u00e9chantillon de population canine)<a href=\"https:\/\/i0.wp.com\/bottesetvelo.com\/blog\/wp-content\/uploads\/2014\/08\/2014-07-24-11.37.55.jpg?ssl=1\"><img data-recalc-dims=\"1\" loading=\"lazy\" decoding=\"async\" data-attachment-id=\"810\" data-permalink=\"https:\/\/bottesetvelo.com\/blog\/2014\/08\/23\/observations-cocasses-non-scientifiquement-fondees\/2014-07-24-11-37-55\/\" data-orig-file=\"https:\/\/i0.wp.com\/bottesetvelo.com\/blog\/wp-content\/uploads\/2014\/08\/2014-07-24-11.37.55.jpg?fit=3264%2C2448&amp;ssl=1\" data-orig-size=\"3264,2448\" data-comments-opened=\"1\" data-image-meta=\"{&quot;aperture&quot;:&quot;2.6&quot;,&quot;credit&quot;:&quot;&quot;,&quot;camera&quot;:&quot;SGH-I747M&quot;,&quot;caption&quot;:&quot;&quot;,&quot;created_timestamp&quot;:&quot;1406201875&quot;,&quot;copyright&quot;:&quot;&quot;,&quot;focal_length&quot;:&quot;3.7&quot;,&quot;iso&quot;:&quot;50&quot;,&quot;shutter_speed&quot;:&quot;0.000618811881188&quot;,&quot;title&quot;:&quot;&quot;}\" data-image-title=\"2014-07-24 11.37.55\" data-image-description=\"\" data-image-caption=\"\" data-large-file=\"https:\/\/i0.wp.com\/bottesetvelo.com\/blog\/wp-content\/uploads\/2014\/08\/2014-07-24-11.37.55.jpg?fit=1024%2C768&amp;ssl=1\" class=\"alignright wp-image-810 \" src=\"https:\/\/i0.wp.com\/bottesetvelo.com\/blog\/wp-content\/uploads\/2014\/08\/2014-07-24-11.37.55.jpg?resize=224%2C168&#038;ssl=1\" alt=\"2014-07-24 11.37.55\" width=\"224\" height=\"168\" srcset=\"https:\/\/i0.wp.com\/bottesetvelo.com\/blog\/wp-content\/uploads\/2014\/08\/2014-07-24-11.37.55.jpg?resize=500%2C375&amp;ssl=1 500w, https:\/\/i0.wp.com\/bottesetvelo.com\/blog\/wp-content\/uploads\/2014\/08\/2014-07-24-11.37.55.jpg?w=2340&amp;ssl=1 2340w\" sizes=\"auto, (max-width: 224px) 100vw, 224px\" \/><\/a><\/li>\n<li style=\"text-align: justify;\">Les chevaux sont curieux de voir des p\u00e8lerins. Ils cessent toute activit\u00e9 et suivent du regard les voyageurs jusqu\u2019au bout de leur route. R\u00eavent-ils de libert\u00e9 et de grands espaces?<\/li>\n<li style=\"text-align: justify;\">On retrouve des canards tout le long du fleuve St-Laurent. Certains vivent dans l\u2019eau douce et d\u2019autres dans l\u2019eau sal\u00e9e. Certains semblent s\u2019acclimater aux deux milieux. Ils sont toujours en groupe et sont plut\u00f4t craintifs.<\/li>\n<li style=\"text-align: justify;\">On observe des cormorans tout le long du fleuve St-Laurent, mais on constate qu\u2019ils aiment nettement plus l\u2019eau sal\u00e9e et l\u2019air du large, car ils y sont plus nombreux. Pas besoin d\u2019\u00eatre ornithologue pour reconna\u00eetre un cormoran, surtout quand il se fait s\u00e9cher.<\/li>\n<li style=\"text-align: justify;\">Le go\u00e9land est un gros oiseau. On le voit tout le long du St-Laurent, mais il semble pr\u00e9f\u00e9rer l\u2019eau sal\u00e9e. \u00c0 mar\u00e9e haute, il se laisse flotter sur les vagues, mais il pr\u00e9f\u00e8re \u00eatre au sec sur les rochers qui bordent l\u2019eau o\u00f9 il profite du bon temps entour\u00e9 de ses nombreux semblables. Il ne p\u00eache pas vraiment, il a plut\u00f4t tendance \u00e0 attendre qu\u2019un autre attrape une proie pour aller s\u2019en emparer.<\/li>\n<li style=\"text-align: justify;\">La corneille est l\u2019oiseau que l\u2019on observe tout le long du St-Laurent. Elle semble pleinement adapt\u00e9e \u00e0 tout climat et tout environnement. Eau sal\u00e9e ou douce, rivage ou montagne, chaleur ou temps frais, elle est partout! Petit rituel peu appr\u00e9ci\u00e9 des campeurs : elle se regroupe et craille all\u00e8grement pour accueillir le soleil qui se l\u00e8ve&#8230;.\u00e0 5h du matin!<\/li>\n<li style=\"text-align: justify;\">Du rivage, on peut observer les baleines \u00e0 partir de Rimouski. Mais il faut que le temps soit clair, que le fleuve soit calme et \u00eatre tr\u00e8s patient. Quand vous avez remarqu\u00e9 un dos de baleine au loin, vous pouvez calculer un long 8 minutes avant de revoir ce m\u00eame dos beaucoup plus loin.<img data-recalc-dims=\"1\" loading=\"lazy\" decoding=\"async\" data-attachment-id=\"806\" data-permalink=\"https:\/\/bottesetvelo.com\/blog\/2014\/08\/23\/observations-cocasses-non-scientifiquement-fondees\/2014-07-28-10-02-18\/\" data-orig-file=\"https:\/\/i0.wp.com\/bottesetvelo.com\/blog\/wp-content\/uploads\/2014\/08\/2014-07-28-10.02.18.jpg?fit=2592%2C1936&amp;ssl=1\" data-orig-size=\"2592,1936\" data-comments-opened=\"1\" data-image-meta=\"{&quot;aperture&quot;:&quot;2.8&quot;,&quot;credit&quot;:&quot;&quot;,&quot;camera&quot;:&quot;iPhone 4&quot;,&quot;caption&quot;:&quot;&quot;,&quot;created_timestamp&quot;:&quot;1406541738&quot;,&quot;copyright&quot;:&quot;&quot;,&quot;focal_length&quot;:&quot;3.85&quot;,&quot;iso&quot;:&quot;80&quot;,&quot;shutter_speed&quot;:&quot;0.00471698113208&quot;,&quot;title&quot;:&quot;&quot;}\" data-image-title=\"2014-07-28 10.02.18\" data-image-description=\"\" data-image-caption=\"\" data-large-file=\"https:\/\/i0.wp.com\/bottesetvelo.com\/blog\/wp-content\/uploads\/2014\/08\/2014-07-28-10.02.18.jpg?fit=1024%2C764&amp;ssl=1\" class=\"alignright wp-image-806 \" src=\"https:\/\/i0.wp.com\/bottesetvelo.com\/blog\/wp-content\/uploads\/2014\/08\/2014-07-28-10.02.18.jpg?resize=228%2C170&#038;ssl=1\" alt=\"2014-07-28 10.02.18\" width=\"228\" height=\"170\" srcset=\"https:\/\/i0.wp.com\/bottesetvelo.com\/blog\/wp-content\/uploads\/2014\/08\/2014-07-28-10.02.18.jpg?resize=500%2C373&amp;ssl=1 500w, https:\/\/i0.wp.com\/bottesetvelo.com\/blog\/wp-content\/uploads\/2014\/08\/2014-07-28-10.02.18.jpg?resize=1024%2C764&amp;ssl=1 1024w, https:\/\/i0.wp.com\/bottesetvelo.com\/blog\/wp-content\/uploads\/2014\/08\/2014-07-28-10.02.18.jpg?resize=624%2C466&amp;ssl=1 624w, https:\/\/i0.wp.com\/bottesetvelo.com\/blog\/wp-content\/uploads\/2014\/08\/2014-07-28-10.02.18.jpg?w=2340&amp;ssl=1 2340w\" sizes=\"auto, (max-width: 228px) 100vw, 228px\" \/><\/li>\n<li style=\"text-align: justify;\">On peut observer des phoques d\u00e8s le parc du Bic. Attention : on peut facilement confondre un phoque qui se fait chauffer au soleil avec une grosse roche surtout lorsqu\u2019il n\u2019a pas la queue recourb\u00e9e.<\/li>\n<li style=\"text-align: justify;\">Toutes les plages qui bordent le fleuve Saint-Laurent sont faites d\u2019un sable gris\u00e2tre. Mais rendu en Gasp\u00e9sie, on retrouve des plages de sable gris-ardoise, des plages de gros galets bien ronds, des plages de galets plats id\u00e9al pour les concours de ricochets, des plages de sable rougeoyant, des plages de roches ray\u00e9es noir et blanc, et des plages ambr\u00e9es. Comme quoi qu\u2019il n\u2019y a pas que la route de montagne qui nous en fait voir de toutes les couleurs.<img data-recalc-dims=\"1\" loading=\"lazy\" decoding=\"async\" data-attachment-id=\"805\" data-permalink=\"https:\/\/bottesetvelo.com\/blog\/2014\/08\/23\/observations-cocasses-non-scientifiquement-fondees\/2014-07-08-12-43-45\/\" data-orig-file=\"https:\/\/i0.wp.com\/bottesetvelo.com\/blog\/wp-content\/uploads\/2014\/08\/2014-07-08-12.43.45.jpg?fit=2592%2C1936&amp;ssl=1\" data-orig-size=\"2592,1936\" data-comments-opened=\"1\" data-image-meta=\"{&quot;aperture&quot;:&quot;2.8&quot;,&quot;credit&quot;:&quot;&quot;,&quot;camera&quot;:&quot;iPhone 4&quot;,&quot;caption&quot;:&quot;&quot;,&quot;created_timestamp&quot;:&quot;1404823425&quot;,&quot;copyright&quot;:&quot;&quot;,&quot;focal_length&quot;:&quot;3.85&quot;,&quot;iso&quot;:&quot;80&quot;,&quot;shutter_speed&quot;:&quot;0.000563697857948&quot;,&quot;title&quot;:&quot;&quot;}\" data-image-title=\"2014-07-08 12.43.45\" data-image-description=\"\" data-image-caption=\"\" data-large-file=\"https:\/\/i0.wp.com\/bottesetvelo.com\/blog\/wp-content\/uploads\/2014\/08\/2014-07-08-12.43.45.jpg?fit=1024%2C764&amp;ssl=1\" class=\"alignright wp-image-805 \" src=\"https:\/\/i0.wp.com\/bottesetvelo.com\/blog\/wp-content\/uploads\/2014\/08\/2014-07-08-12.43.45.jpg?resize=233%2C174&#038;ssl=1\" alt=\"2014-07-08 12.43.45\" width=\"233\" height=\"174\" srcset=\"https:\/\/i0.wp.com\/bottesetvelo.com\/blog\/wp-content\/uploads\/2014\/08\/2014-07-08-12.43.45.jpg?resize=500%2C373&amp;ssl=1 500w, https:\/\/i0.wp.com\/bottesetvelo.com\/blog\/wp-content\/uploads\/2014\/08\/2014-07-08-12.43.45.jpg?resize=1024%2C764&amp;ssl=1 1024w, https:\/\/i0.wp.com\/bottesetvelo.com\/blog\/wp-content\/uploads\/2014\/08\/2014-07-08-12.43.45.jpg?resize=624%2C466&amp;ssl=1 624w, https:\/\/i0.wp.com\/bottesetvelo.com\/blog\/wp-content\/uploads\/2014\/08\/2014-07-08-12.43.45.jpg?w=2340&amp;ssl=1 2340w\" sizes=\"auto, (max-width: 233px) 100vw, 233px\" \/><\/li>\n<li style=\"text-align: justify;\">Les automobilistes ontariens sont tellement courtois qu\u2019ils changent de voie pour garder un corridor de s\u00e9curit\u00e9 avec les cyclistes, m\u00eame lorsque ce n\u2019est pas n\u00e9cessaire.<\/li>\n<li style=\"text-align: justify;\">9 automobilistes qu\u00e9b\u00e9cois sur 10 consid\u00e8rent que la ligne blanche qui nous s\u00e9pare d\u2019eux est un espace largement suffisant et s\u00e9curitaire, ainsi qu\u2019apparemment \u00e9tanche car ils ne changent pas de voie,&#8230; m\u00eame lorsqu\u2019il pleut!<\/li>\n<li style=\"text-align: justify;\">Les camions de transport routier qu\u2019ils soient qu\u00e9b\u00e9cois ou ontariens ralentissent et nous contournent largement et de fa\u00e7on tr\u00e8s courtoise. Les cours de conduite pour ce genre de long v\u00e9hicule se donnent peut-\u00eatre uniquement en Ontario&#8230;?<img data-recalc-dims=\"1\" loading=\"lazy\" decoding=\"async\" data-attachment-id=\"785\" data-permalink=\"https:\/\/bottesetvelo.com\/blog\/2014\/08\/13\/la-voie-du-st-laurent-encore-mieux-que-nous-ne-lavions-imaginee\/2014-07-06-08-20-11\/\" data-orig-file=\"https:\/\/i0.wp.com\/bottesetvelo.com\/blog\/wp-content\/uploads\/2014\/08\/2014-07-06-08.20.11.jpg?fit=3264%2C2448&amp;ssl=1\" data-orig-size=\"3264,2448\" data-comments-opened=\"1\" data-image-meta=\"{&quot;aperture&quot;:&quot;2.6&quot;,&quot;credit&quot;:&quot;&quot;,&quot;camera&quot;:&quot;SGH-I747M&quot;,&quot;caption&quot;:&quot;&quot;,&quot;created_timestamp&quot;:&quot;1404634811&quot;,&quot;copyright&quot;:&quot;&quot;,&quot;focal_length&quot;:&quot;3.7&quot;,&quot;iso&quot;:&quot;50&quot;,&quot;shutter_speed&quot;:&quot;0.000675675675676&quot;,&quot;title&quot;:&quot;&quot;}\" data-image-title=\"2014-07-06 08.20.11\" data-image-description=\"\" data-image-caption=\"\" data-large-file=\"https:\/\/i0.wp.com\/bottesetvelo.com\/blog\/wp-content\/uploads\/2014\/08\/2014-07-06-08.20.11.jpg?fit=1024%2C768&amp;ssl=1\" class=\"alignright wp-image-785\" src=\"https:\/\/i0.wp.com\/bottesetvelo.com\/blog\/wp-content\/uploads\/2014\/08\/2014-07-06-08.20.11.jpg?resize=232%2C174&#038;ssl=1\" alt=\"2014-07-06 08.20.11\" width=\"232\" height=\"174\" srcset=\"https:\/\/i0.wp.com\/bottesetvelo.com\/blog\/wp-content\/uploads\/2014\/08\/2014-07-06-08.20.11.jpg?resize=500%2C375&amp;ssl=1 500w, https:\/\/i0.wp.com\/bottesetvelo.com\/blog\/wp-content\/uploads\/2014\/08\/2014-07-06-08.20.11.jpg?w=2340&amp;ssl=1 2340w\" sizes=\"auto, (max-width: 232px) 100vw, 232px\" \/><\/li>\n<li style=\"text-align: justify;\">Les Ontariens sont spontan\u00e9ment g\u00e9n\u00e9reux lorsqu\u2019il s\u2019agit de faire un don pour une cause, quelle que soit la cause.<\/li>\n<li style=\"text-align: justify;\">Les femmes sont spontan\u00e9ment plus g\u00e9n\u00e9reuses que les hommes lorsqu\u2019il s\u2019agit de faire un don. En effet, elles demandent spontan\u00e9ment \u00e0 leur conjoint, p\u00e8re ou ami de sortir de l\u2019argent car elles n\u2019en ont pas sur elles. \ud83d\ude42<\/li>\n<li style=\"text-align: justify;\">Lorsque vous portez un drapeau au-dessus de votre t\u00eate, les gens sont beaucoup plus curieux de venir vous parler que lorsque vous avez simplement un gros sac \u00e0 dos.<\/li>\n<li style=\"text-align: justify;\">\u00c9tonnamment, apr\u00e8s 1500 km de v\u00e9lo, certains muscles n\u2019ont toujours pas vraiment travaill\u00e9. On le constate rapidement lorsqu\u2019on se met \u00e0 marcher durant toute une journ\u00e9e avec un sac \u00e0 dos de 10 kg.<\/li>\n<li style=\"text-align: justify;\">Tout comme nous avons un pied plus grand que l\u2019autre et un \u0153il plus gros que l\u2019autre, les muscles ne sont pas d\u00e9velopp\u00e9s de fa\u00e7on \u00e9gale. C\u2019est ainsi que mon c\u00f4t\u00e9 gauche est moins efficace dans les mont\u00e9es que mon c\u00f4t\u00e9 droit. Et pour \u00e9viter de me blesser \u00e0 gauche ou de surd\u00e9velopper \u00e0 droite, j\u2019ai avantage \u00e0 ralentir pour que mon c\u00f4t\u00e9 droit respecte le rythme et les limites de mon c\u00f4t\u00e9 gauche, lui laissant ainsi le temps de se consolider.<\/li>\n<li style=\"text-align: justify;\"><img data-recalc-dims=\"1\" loading=\"lazy\" decoding=\"async\" data-attachment-id=\"807\" data-permalink=\"https:\/\/bottesetvelo.com\/blog\/2014\/08\/23\/observations-cocasses-non-scientifiquement-fondees\/2014-07-29-06-39-27\/\" data-orig-file=\"https:\/\/i0.wp.com\/bottesetvelo.com\/blog\/wp-content\/uploads\/2014\/08\/2014-07-29-06.39.27.jpg?fit=3264%2C2448&amp;ssl=1\" data-orig-size=\"3264,2448\" data-comments-opened=\"1\" data-image-meta=\"{&quot;aperture&quot;:&quot;2.6&quot;,&quot;credit&quot;:&quot;&quot;,&quot;camera&quot;:&quot;SGH-I747M&quot;,&quot;caption&quot;:&quot;&quot;,&quot;created_timestamp&quot;:&quot;1406615967&quot;,&quot;copyright&quot;:&quot;&quot;,&quot;focal_length&quot;:&quot;3.7&quot;,&quot;iso&quot;:&quot;50&quot;,&quot;shutter_speed&quot;:&quot;0.000739644970414&quot;,&quot;title&quot;:&quot;&quot;}\" data-image-title=\"2014-07-29 06.39.27\" data-image-description=\"\" data-image-caption=\"\" data-large-file=\"https:\/\/i0.wp.com\/bottesetvelo.com\/blog\/wp-content\/uploads\/2014\/08\/2014-07-29-06.39.27.jpg?fit=1024%2C768&amp;ssl=1\" class=\"alignright wp-image-807 \" src=\"https:\/\/i0.wp.com\/bottesetvelo.com\/blog\/wp-content\/uploads\/2014\/08\/2014-07-29-06.39.27.jpg?resize=233%2C175&#038;ssl=1\" alt=\"2014-07-29 06.39.27\" width=\"233\" height=\"175\" srcset=\"https:\/\/i0.wp.com\/bottesetvelo.com\/blog\/wp-content\/uploads\/2014\/08\/2014-07-29-06.39.27.jpg?resize=500%2C375&amp;ssl=1 500w, https:\/\/i0.wp.com\/bottesetvelo.com\/blog\/wp-content\/uploads\/2014\/08\/2014-07-29-06.39.27.jpg?w=2340&amp;ssl=1 2340w\" sizes=\"auto, (max-width: 233px) 100vw, 233px\" \/>Lorsqu\u2019une auberge de jeunesse se dit \u00ab festive \u00bb, il ne faut pas minimiser la signification du mot \u00ab festive \u00bb. Ainsi, si vous souhaitez socialiser et vous divertir sous un ciel \u00e9toil\u00e9 jusqu\u2019aux petites lueurs de l\u2019aube : c\u2019est assur\u00e9ment l\u2019endroit qu\u2019il vous faut! Mais si vous \u00eates \u00e0 la recherche d\u2019une bonne nuit de repos ressour\u00e7ante, je vous conseille tr\u00e8s fortement de poursuivre votre route vers le prochain h\u00e9bergement!<\/li>\n<li style=\"text-align: justify;\">Tout appareil cellulaire qui prend la pluie cesse de fonctionner. Mais un appareil sur deux qu\u2019on aura pris le temps de mettre dans du riz durant un minimum de 30 heures retrouvera toutes ses fonctions\u2026.. et malheureusement ce n\u2019\u00e9tait pas le mien!<img data-recalc-dims=\"1\" loading=\"lazy\" decoding=\"async\" data-attachment-id=\"808\" data-permalink=\"https:\/\/bottesetvelo.com\/blog\/2014\/08\/23\/observations-cocasses-non-scientifiquement-fondees\/2014-08-09-15-59-28\/\" data-orig-file=\"https:\/\/i0.wp.com\/bottesetvelo.com\/blog\/wp-content\/uploads\/2014\/08\/2014-08-09-15.59.28.jpg?fit=3264%2C2448&amp;ssl=1\" data-orig-size=\"3264,2448\" data-comments-opened=\"1\" data-image-meta=\"{&quot;aperture&quot;:&quot;2.6&quot;,&quot;credit&quot;:&quot;&quot;,&quot;camera&quot;:&quot;SGH-I747M&quot;,&quot;caption&quot;:&quot;&quot;,&quot;created_timestamp&quot;:&quot;1407599968&quot;,&quot;copyright&quot;:&quot;&quot;,&quot;focal_length&quot;:&quot;3.7&quot;,&quot;iso&quot;:&quot;50&quot;,&quot;shutter_speed&quot;:&quot;0.00105708245243&quot;,&quot;title&quot;:&quot;&quot;}\" data-image-title=\"2014-08-09 15.59.28\" data-image-description=\"\" data-image-caption=\"\" data-large-file=\"https:\/\/i0.wp.com\/bottesetvelo.com\/blog\/wp-content\/uploads\/2014\/08\/2014-08-09-15.59.28.jpg?fit=1024%2C768&amp;ssl=1\" class=\"alignright wp-image-808 \" src=\"https:\/\/i0.wp.com\/bottesetvelo.com\/blog\/wp-content\/uploads\/2014\/08\/2014-08-09-15.59.28.jpg?resize=232%2C174&#038;ssl=1\" alt=\"2014-08-09 15.59.28\" width=\"232\" height=\"174\" srcset=\"https:\/\/i0.wp.com\/bottesetvelo.com\/blog\/wp-content\/uploads\/2014\/08\/2014-08-09-15.59.28.jpg?resize=500%2C375&amp;ssl=1 500w, https:\/\/i0.wp.com\/bottesetvelo.com\/blog\/wp-content\/uploads\/2014\/08\/2014-08-09-15.59.28.jpg?w=2340&amp;ssl=1 2340w\" sizes=\"auto, (max-width: 232px) 100vw, 232px\" \/><\/li>\n<li style=\"text-align: justify;\">La dur\u00e9e de vie d\u2019un savon est d\u2019exactement 40 douches!<\/li>\n<\/ol>\n<p style=\"text-align: justify;\">Une petite derni\u00e8re : Pour plusieurs gasp\u00e9siens les b\u00e2tons de marche sont employ\u00e9s uniquement en hiver. C\u2019est pourquoi certains ont eu la gentillesse de nous pr\u00e9ciser : 1. qu\u2019il n\u2019y avait pas encore de neige, et 2. que nous avions oubli\u00e9 de mettre nos skis. \ud83d\ude42<img data-recalc-dims=\"1\" loading=\"lazy\" decoding=\"async\" data-attachment-id=\"14\" data-permalink=\"https:\/\/bottesetvelo.com\/blog\/bottes-et-velo-le-blog\/bottes-et-velo-embleme\/\" data-orig-file=\"https:\/\/i0.wp.com\/bottesetvelo.com\/blog\/wp-content\/uploads\/2014\/01\/Bottes-et-V%C3%A9lo-Embl%C3%AAme-e1454083414631.jpg?fit=100%2C79&amp;ssl=1\" data-orig-size=\"100,79\" data-comments-opened=\"1\" data-image-meta=\"{&quot;aperture&quot;:&quot;0&quot;,&quot;credit&quot;:&quot;&quot;,&quot;camera&quot;:&quot;&quot;,&quot;caption&quot;:&quot;&quot;,&quot;created_timestamp&quot;:&quot;0&quot;,&quot;copyright&quot;:&quot;&quot;,&quot;focal_length&quot;:&quot;0&quot;,&quot;iso&quot;:&quot;0&quot;,&quot;shutter_speed&quot;:&quot;0&quot;,&quot;title&quot;:&quot;&quot;}\" data-image-title=\"Bottes et V\u00e9lo &amp;#8211; Embl\u00eame\" data-image-description=\"\" data-image-caption=\"\" data-large-file=\"https:\/\/i0.wp.com\/bottesetvelo.com\/blog\/wp-content\/uploads\/2014\/01\/Bottes-et-V%C3%A9lo-Embl%C3%AAme-e1454083414631.jpg?fit=100%2C79&amp;ssl=1\" class=\"alignright wp-image-14 \" src=\"https:\/\/i0.wp.com\/bottesetvelo.com\/blog\/wp-content\/uploads\/2014\/01\/Bottes-et-V%C3%A9lo-Embl%C3%AAme.jpg?resize=70%2C55&#038;ssl=1\" alt=\"Bottes et V\u00e9lo - Embl\u00eame\" width=\"70\" height=\"55\" \/><\/p>\n<p style=\"text-align: justify;\">Brigitte Harouni<\/p>\n","protected":false},"excerpt":{"rendered":"<p>\u00ab La nature est un professeur universel et s\u00fbr pour celui qui l&rsquo;observe. \u00bb Carlo Goldoni En attendant le prochain article s\u00e9rieux de Bottes et V\u00e9lo, voici une liste d\u2019observations et de constatations non scientifiquement prouv\u00e9es, relev\u00e9es au cours de nos 40 jours de p\u00e8lerinage sur la Voie du Saint-Laurent : Les chiens n\u2019ont pas&hellip;<\/p>\n","protected":false},"author":2,"featured_media":0,"comment_status":"open","ping_status":"open","sticky":false,"template":"","format":"standard","meta":{"jetpack_post_was_ever_published":false,"_jetpack_newsletter_access":"","_jetpack_dont_email_post_to_subs":false,"_jetpack_newsletter_tier_id":0,"_jetpack_memberships_contains_paywalled_content":false,"_jetpack_memberships_contains_paid_content":false,"footnotes":"","jetpack_publicize_message":"Observations cocasses non scientifiquement fond\u00e9es http:\/\/wp.me\/p4eY6z-cX","jetpack_publicize_feature_enabled":true,"jetpack_social_post_already_shared":true,"jetpack_social_options":{"image_generator_settings":{"template":"highway","default_image_id":0,"font":"","enabled":false},"version":2}},"categories":[50,3],"tags":[68,14,13,38,15],"class_list":["post-803","post","type-post","status-publish","format-standard","hentry","category-art-de-vivre","category-reflexions","tag-la-voie-du-saint-laurent","tag-marche","tag-pelerinage","tag-reflexion","tag-velo"],"jetpack_publicize_connections":[],"jetpack_featured_media_url":"","jetpack_shortlink":"https:\/\/wp.me\/p4eY6z-cX","jetpack_sharing_enabled":true,"jetpack_likes_enabled":true,"jetpack-related-posts":[],"_links":{"self":[{"href":"https:\/\/bottesetvelo.com\/blog\/wp-json\/wp\/v2\/posts\/803","targetHints":{"allow":["GET"]}}],"collection":[{"href":"https:\/\/bottesetvelo.com\/blog\/wp-json\/wp\/v2\/posts"}],"about":[{"href":"https:\/\/bottesetvelo.com\/blog\/wp-json\/wp\/v2\/types\/post"}],"author":[{"embeddable":true,"href":"https:\/\/bottesetvelo.com\/blog\/wp-json\/wp\/v2\/users\/2"}],"replies":[{"embeddable":true,"href":"https:\/\/bottesetvelo.com\/blog\/wp-json\/wp\/v2\/comments?post=803"}],"version-history":[{"count":5,"href":"https:\/\/bottesetvelo.com\/blog\/wp-json\/wp\/v2\/posts\/803\/revisions"}],"predecessor-version":[{"id":816,"href":"https:\/\/bottesetvelo.com\/blog\/wp-json\/wp\/v2\/posts\/803\/revisions\/816"}],"wp:attachment":[{"href":"https:\/\/bottesetvelo.com\/blog\/wp-json\/wp\/v2\/media?parent=803"}],"wp:term":[{"taxonomy":"category","embeddable":true,"href":"https:\/\/bottesetvelo.com\/blog\/wp-json\/wp\/v2\/categories?post=803"},{"taxonomy":"post_tag","embeddable":true,"href":"https:\/\/bottesetvelo.com\/blog\/wp-json\/wp\/v2\/tags?post=803"}],"curies":[{"name":"wp","href":"https:\/\/api.w.org\/{rel}","templated":true}]}}