{"id":782,"date":"2014-08-13T09:43:41","date_gmt":"2014-08-13T13:43:41","guid":{"rendered":"http:\/\/bottesetvelo.com\/blog\/?p=782"},"modified":"2014-08-13T09:43:41","modified_gmt":"2014-08-13T13:43:41","slug":"la-voie-du-st-laurent-encore-mieux-que-nous-ne-lavions-imaginee","status":"publish","type":"post","link":"https:\/\/bottesetvelo.com\/blog\/2014\/08\/13\/la-voie-du-st-laurent-encore-mieux-que-nous-ne-lavions-imaginee\/","title":{"rendered":"La Voie du St-Laurent : encore mieux que nous ne l\u2019avions imagin\u00e9e!"},"content":{"rendered":"<h6 style=\"text-align: right;\"><em>\u00ab Le bonheur n&rsquo;est pas une destination, mais une fa\u00e7on de voyager. \u00bb<\/em><br \/>\n<em>Margaret Lee Runbeck<\/em><\/h6>\n<p style=\"text-align: justify;\"><a href=\"https:\/\/i0.wp.com\/bottesetvelo.com\/blog\/wp-content\/uploads\/2014\/08\/2014-07-03-07.14.02.jpg?ssl=1\"><img data-recalc-dims=\"1\" loading=\"lazy\" decoding=\"async\" data-attachment-id=\"783\" data-permalink=\"https:\/\/bottesetvelo.com\/blog\/2014\/08\/13\/la-voie-du-st-laurent-encore-mieux-que-nous-ne-lavions-imaginee\/2014-07-03-07-14-02\/\" data-orig-file=\"https:\/\/i0.wp.com\/bottesetvelo.com\/blog\/wp-content\/uploads\/2014\/08\/2014-07-03-07.14.02.jpg?fit=1280%2C960&amp;ssl=1\" data-orig-size=\"1280,960\" data-comments-opened=\"1\" data-image-meta=\"{&quot;aperture&quot;:&quot;2.8&quot;,&quot;credit&quot;:&quot;&quot;,&quot;camera&quot;:&quot;SGH-I747M&quot;,&quot;caption&quot;:&quot;&quot;,&quot;created_timestamp&quot;:&quot;1404371642&quot;,&quot;copyright&quot;:&quot;&quot;,&quot;focal_length&quot;:&quot;2.7&quot;,&quot;iso&quot;:&quot;100&quot;,&quot;shutter_speed&quot;:&quot;0.00324675324675&quot;,&quot;title&quot;:&quot;&quot;}\" data-image-title=\"2014-07-03 07.14.02\" data-image-description=\"\" data-image-caption=\"\" data-large-file=\"https:\/\/i0.wp.com\/bottesetvelo.com\/blog\/wp-content\/uploads\/2014\/08\/2014-07-03-07.14.02.jpg?fit=1024%2C768&amp;ssl=1\" class=\"alignright wp-image-783\" src=\"https:\/\/i0.wp.com\/bottesetvelo.com\/blog\/wp-content\/uploads\/2014\/08\/2014-07-03-07.14.02.jpg?resize=233%2C175&#038;ssl=1\" alt=\"2014-07-03 07.14.02\" width=\"233\" height=\"175\" srcset=\"https:\/\/i0.wp.com\/bottesetvelo.com\/blog\/wp-content\/uploads\/2014\/08\/2014-07-03-07.14.02.jpg?resize=500%2C375&amp;ssl=1 500w, https:\/\/i0.wp.com\/bottesetvelo.com\/blog\/wp-content\/uploads\/2014\/08\/2014-07-03-07.14.02.jpg?resize=1024%2C768&amp;ssl=1 1024w, https:\/\/i0.wp.com\/bottesetvelo.com\/blog\/wp-content\/uploads\/2014\/08\/2014-07-03-07.14.02.jpg?resize=624%2C468&amp;ssl=1 624w, https:\/\/i0.wp.com\/bottesetvelo.com\/blog\/wp-content\/uploads\/2014\/08\/2014-07-03-07.14.02.jpg?w=1280&amp;ssl=1 1280w\" sizes=\"auto, (max-width: 233px) 100vw, 233px\" \/><\/a> Nous connaissions le parcours. Nous l\u2019avions fait en partie \u00e0 v\u00e9lo, \u00e0 pied ou en auto. Mais ce que nous venons de vivre est compl\u00e8tement diff\u00e9rent! La Voie du St-Laurent se r\u00e9v\u00e8le \u00eatre un chemin d\u2019une richesse inimaginable. Un chemin digne des grands p\u00e8lerinages de ce monde! Une richesse qui s\u2019exprime dans la beaut\u00e9 et la diversit\u00e9 de ses paysages, tout comme dans les gens qui peuplent ses rives.<\/p>\n<p style=\"text-align: justify;\">De Niagara Falls \u00e0 Perc\u00e9, nous avons parcouru 2000 km <img data-recalc-dims=\"1\" loading=\"lazy\" decoding=\"async\" data-attachment-id=\"784\" data-permalink=\"https:\/\/bottesetvelo.com\/blog\/2014\/08\/13\/la-voie-du-st-laurent-encore-mieux-que-nous-ne-lavions-imaginee\/2014-07-03-10-53-43\/\" data-orig-file=\"https:\/\/i0.wp.com\/bottesetvelo.com\/blog\/wp-content\/uploads\/2014\/08\/2014-07-03-10.53.43.jpg?fit=3264%2C2448&amp;ssl=1\" data-orig-size=\"3264,2448\" data-comments-opened=\"1\" data-image-meta=\"{&quot;aperture&quot;:&quot;2.6&quot;,&quot;credit&quot;:&quot;&quot;,&quot;camera&quot;:&quot;SGH-I747M&quot;,&quot;caption&quot;:&quot;&quot;,&quot;created_timestamp&quot;:&quot;1404384823&quot;,&quot;copyright&quot;:&quot;&quot;,&quot;focal_length&quot;:&quot;3.7&quot;,&quot;iso&quot;:&quot;50&quot;,&quot;shutter_speed&quot;:&quot;0.0010775862069&quot;,&quot;title&quot;:&quot;&quot;}\" data-image-title=\"2014-07-03 10.53.43\" data-image-description=\"\" data-image-caption=\"\" data-large-file=\"https:\/\/i0.wp.com\/bottesetvelo.com\/blog\/wp-content\/uploads\/2014\/08\/2014-07-03-10.53.43.jpg?fit=1024%2C768&amp;ssl=1\" class=\"alignright wp-image-784\" src=\"https:\/\/i0.wp.com\/bottesetvelo.com\/blog\/wp-content\/uploads\/2014\/08\/2014-07-03-10.53.43.jpg?resize=209%2C157&#038;ssl=1\" alt=\"2014-07-03 10.53.43\" width=\"209\" height=\"157\" srcset=\"https:\/\/i0.wp.com\/bottesetvelo.com\/blog\/wp-content\/uploads\/2014\/08\/2014-07-03-10.53.43.jpg?resize=500%2C375&amp;ssl=1 500w, https:\/\/i0.wp.com\/bottesetvelo.com\/blog\/wp-content\/uploads\/2014\/08\/2014-07-03-10.53.43.jpg?w=2340&amp;ssl=1 2340w\" sizes=\"auto, (max-width: 209px) 100vw, 209px\" \/>de paysages \u00e0 couper le souffle. Nous avons fait des rencontres inoubliables. Nous avons v\u00e9cu de longs moments de solitude, des moments de promiscuit\u00e9, des moments de pure contemplation, des moments de d\u00e9couragement, d\u2019\u00e9merveillement et de joie intense. Au cours de ces quarante jours, nous avons ainsi travers\u00e9 une fois de plus la multitude des <img data-recalc-dims=\"1\" loading=\"lazy\" decoding=\"async\" data-attachment-id=\"788\" data-permalink=\"https:\/\/bottesetvelo.com\/blog\/2014\/08\/13\/la-voie-du-st-laurent-encore-mieux-que-nous-ne-lavions-imaginee\/2014-07-24-10-43-13\/\" data-orig-file=\"https:\/\/i0.wp.com\/bottesetvelo.com\/blog\/wp-content\/uploads\/2014\/08\/2014-07-24-10.43.13.jpg?fit=2592%2C1936&amp;ssl=1\" data-orig-size=\"2592,1936\" data-comments-opened=\"1\" data-image-meta=\"{&quot;aperture&quot;:&quot;2.8&quot;,&quot;credit&quot;:&quot;&quot;,&quot;camera&quot;:&quot;iPhone 4&quot;,&quot;caption&quot;:&quot;&quot;,&quot;created_timestamp&quot;:&quot;1406198593&quot;,&quot;copyright&quot;:&quot;&quot;,&quot;focal_length&quot;:&quot;3.85&quot;,&quot;iso&quot;:&quot;80&quot;,&quot;shutter_speed&quot;:&quot;0.00053050397878&quot;,&quot;title&quot;:&quot;&quot;}\" data-image-title=\"2014-07-24 10.43.13\" data-image-description=\"\" data-image-caption=\"\" data-large-file=\"https:\/\/i0.wp.com\/bottesetvelo.com\/blog\/wp-content\/uploads\/2014\/08\/2014-07-24-10.43.13.jpg?fit=1024%2C764&amp;ssl=1\" class=\"alignright wp-image-788\" src=\"https:\/\/i0.wp.com\/bottesetvelo.com\/blog\/wp-content\/uploads\/2014\/08\/2014-07-24-10.43.13.jpg?resize=239%2C178&#038;ssl=1\" alt=\"2014-07-24 10.43.13\" width=\"239\" height=\"178\" srcset=\"https:\/\/i0.wp.com\/bottesetvelo.com\/blog\/wp-content\/uploads\/2014\/08\/2014-07-24-10.43.13.jpg?resize=500%2C373&amp;ssl=1 500w, https:\/\/i0.wp.com\/bottesetvelo.com\/blog\/wp-content\/uploads\/2014\/08\/2014-07-24-10.43.13.jpg?resize=1024%2C764&amp;ssl=1 1024w, https:\/\/i0.wp.com\/bottesetvelo.com\/blog\/wp-content\/uploads\/2014\/08\/2014-07-24-10.43.13.jpg?resize=624%2C466&amp;ssl=1 624w, https:\/\/i0.wp.com\/bottesetvelo.com\/blog\/wp-content\/uploads\/2014\/08\/2014-07-24-10.43.13.jpg?w=2340&amp;ssl=1 2340w\" sizes=\"auto, (max-width: 239px) 100vw, 239px\" \/>\u00e9tats du p\u00e8lerin. Et c\u2019est ce nombre de jours qui fait toute la diff\u00e9rence, c\u2019est cette dur\u00e9e qui permet d\u2019aller au fond de l\u2019exp\u00e9rience. Un p\u00e8lerinage n\u2019est plus seulement une longue randonn\u00e9e d\u00e8s l\u2019instant o\u00f9 il s\u2019inscrit dans la dur\u00e9e. Faire la Voie du St-Laurent, c\u2019est se laisser porter par le temps sur un chemin qui nous entra\u00eene, tout comme ses eaux, dans un voyage int\u00e9rieur fa\u00e7onnant le corps et l\u2019esprit au rythme des rencontres.<\/p>\n<p style=\"text-align: justify;\"><img data-recalc-dims=\"1\" loading=\"lazy\" decoding=\"async\" data-attachment-id=\"789\" data-permalink=\"https:\/\/bottesetvelo.com\/blog\/2014\/08\/13\/la-voie-du-st-laurent-encore-mieux-que-nous-ne-lavions-imaginee\/2014-08-06-10-42-05\/\" data-orig-file=\"https:\/\/i0.wp.com\/bottesetvelo.com\/blog\/wp-content\/uploads\/2014\/08\/2014-08-06-10.42.05.jpg?fit=3264%2C2448&amp;ssl=1\" data-orig-size=\"3264,2448\" data-comments-opened=\"1\" data-image-meta=\"{&quot;aperture&quot;:&quot;2.6&quot;,&quot;credit&quot;:&quot;&quot;,&quot;camera&quot;:&quot;SGH-I747M&quot;,&quot;caption&quot;:&quot;&quot;,&quot;created_timestamp&quot;:&quot;1407321725&quot;,&quot;copyright&quot;:&quot;&quot;,&quot;focal_length&quot;:&quot;3.7&quot;,&quot;iso&quot;:&quot;50&quot;,&quot;shutter_speed&quot;:&quot;0.000564334085779&quot;,&quot;title&quot;:&quot;&quot;}\" data-image-title=\"2014-08-06 10.42.05\" data-image-description=\"\" data-image-caption=\"\" data-large-file=\"https:\/\/i0.wp.com\/bottesetvelo.com\/blog\/wp-content\/uploads\/2014\/08\/2014-08-06-10.42.05.jpg?fit=1024%2C768&amp;ssl=1\" class=\"alignright wp-image-789\" src=\"https:\/\/i0.wp.com\/bottesetvelo.com\/blog\/wp-content\/uploads\/2014\/08\/2014-08-06-10.42.05.jpg?resize=228%2C171&#038;ssl=1\" alt=\"2014-08-06 10.42.05\" width=\"228\" height=\"171\" srcset=\"https:\/\/i0.wp.com\/bottesetvelo.com\/blog\/wp-content\/uploads\/2014\/08\/2014-08-06-10.42.05.jpg?resize=500%2C375&amp;ssl=1 500w, https:\/\/i0.wp.com\/bottesetvelo.com\/blog\/wp-content\/uploads\/2014\/08\/2014-08-06-10.42.05.jpg?w=2340&amp;ssl=1 2340w\" sizes=\"auto, (max-width: 228px) 100vw, 228px\" \/>Au cours des prochaines semaines, Brigitte et moi, nous vous partagerons les forces et les faiblesses de notre p\u00e8lerinage. Nous vous partagerons \u00e9galement nos observations et recommandations techniques dans la r\u00e9alisation de ce voyage. Tour \u00e0 tour, nous prendrons le temps de vous livrer notre d\u00e9cantation personnelle de ce long p\u00e9riple. Avant d\u2019en arriver l\u00e0 cependant, nous prendrons soin de laisser se d\u00e9poser en nous tout ce que nous avons \u00e0 retirer de cette <img data-recalc-dims=\"1\" loading=\"lazy\" decoding=\"async\" data-attachment-id=\"790\" data-permalink=\"https:\/\/bottesetvelo.com\/blog\/2014\/08\/13\/la-voie-du-st-laurent-encore-mieux-que-nous-ne-lavions-imaginee\/2014-08-06-14-58-43\/\" data-orig-file=\"https:\/\/i0.wp.com\/bottesetvelo.com\/blog\/wp-content\/uploads\/2014\/08\/2014-08-06-14.58.43.jpg?fit=2448%2C3264&amp;ssl=1\" data-orig-size=\"2448,3264\" data-comments-opened=\"1\" data-image-meta=\"{&quot;aperture&quot;:&quot;2.6&quot;,&quot;credit&quot;:&quot;&quot;,&quot;camera&quot;:&quot;SGH-I747M&quot;,&quot;caption&quot;:&quot;&quot;,&quot;created_timestamp&quot;:&quot;1407337123&quot;,&quot;copyright&quot;:&quot;&quot;,&quot;focal_length&quot;:&quot;3.7&quot;,&quot;iso&quot;:&quot;50&quot;,&quot;shutter_speed&quot;:&quot;0.00119331742243&quot;,&quot;title&quot;:&quot;&quot;}\" data-image-title=\"2014-08-06 14.58.43\" data-image-description=\"\" data-image-caption=\"\" data-large-file=\"https:\/\/i0.wp.com\/bottesetvelo.com\/blog\/wp-content\/uploads\/2014\/08\/2014-08-06-14.58.43.jpg?fit=768%2C1024&amp;ssl=1\" class=\"alignright wp-image-790\" src=\"https:\/\/i0.wp.com\/bottesetvelo.com\/blog\/wp-content\/uploads\/2014\/08\/2014-08-06-14.58.43.jpg?resize=163%2C218&#038;ssl=1\" alt=\"2014-08-06 14.58.43\" width=\"163\" height=\"218\" srcset=\"https:\/\/i0.wp.com\/bottesetvelo.com\/blog\/wp-content\/uploads\/2014\/08\/2014-08-06-14.58.43.jpg?resize=375%2C500&amp;ssl=1 375w, https:\/\/i0.wp.com\/bottesetvelo.com\/blog\/wp-content\/uploads\/2014\/08\/2014-08-06-14.58.43.jpg?resize=624%2C832&amp;ssl=1 624w, https:\/\/i0.wp.com\/bottesetvelo.com\/blog\/wp-content\/uploads\/2014\/08\/2014-08-06-14.58.43.jpg?w=2340&amp;ssl=1 2340w\" sizes=\"auto, (max-width: 163px) 100vw, 163px\" \/>premi\u00e8re exp\u00e9rience. Le temps restant l\u2019\u00e9l\u00e9ment cl\u00e9 du p\u00e8lerinage, il jouera un r\u00f4le important dans l\u2019assimilation d\u2019un tel parcours et ce n\u2019est qu\u2019avec du recul que nous pourrons en percevoir toute l\u2019\u00e9tendue de sa richesse.<\/p>\n<p style=\"text-align: justify;\">En terminant, merci \u00e0 vous tous qui nous avez suivis et \u00e0 toute l&rsquo;\u00e9quipe de la Fondation \u00c9lan et de l&rsquo;IRDPQ, usagers et employ\u00e9s. Votre pr\u00e9sence encourageante et soutenante sur le chemin a fait de vous des compagnons de route extraordinaires!<img data-recalc-dims=\"1\" loading=\"lazy\" decoding=\"async\" data-attachment-id=\"792\" data-permalink=\"https:\/\/bottesetvelo.com\/blog\/2014\/08\/13\/la-voie-du-st-laurent-encore-mieux-que-nous-ne-lavions-imaginee\/2014-08-10-11-58-25\/\" data-orig-file=\"https:\/\/i0.wp.com\/bottesetvelo.com\/blog\/wp-content\/uploads\/2014\/08\/2014-08-10-11.58.25.jpg?fit=3264%2C2448&amp;ssl=1\" data-orig-size=\"3264,2448\" data-comments-opened=\"1\" data-image-meta=\"{&quot;aperture&quot;:&quot;2.6&quot;,&quot;credit&quot;:&quot;&quot;,&quot;camera&quot;:&quot;SGH-I747M&quot;,&quot;caption&quot;:&quot;&quot;,&quot;created_timestamp&quot;:&quot;1407671905&quot;,&quot;copyright&quot;:&quot;&quot;,&quot;focal_length&quot;:&quot;3.7&quot;,&quot;iso&quot;:&quot;50&quot;,&quot;shutter_speed&quot;:&quot;0.000672043010753&quot;,&quot;title&quot;:&quot;&quot;}\" data-image-title=\"2014-08-10 11.58.25\" data-image-description=\"\" data-image-caption=\"\" data-large-file=\"https:\/\/i0.wp.com\/bottesetvelo.com\/blog\/wp-content\/uploads\/2014\/08\/2014-08-10-11.58.25.jpg?fit=1024%2C768&amp;ssl=1\" class=\"alignright wp-image-792\" src=\"https:\/\/i0.wp.com\/bottesetvelo.com\/blog\/wp-content\/uploads\/2014\/08\/2014-08-10-11.58.25.jpg?resize=228%2C171&#038;ssl=1\" alt=\"2014-08-10 11.58.25\" width=\"228\" height=\"171\" srcset=\"https:\/\/i0.wp.com\/bottesetvelo.com\/blog\/wp-content\/uploads\/2014\/08\/2014-08-10-11.58.25.jpg?resize=500%2C375&amp;ssl=1 500w, https:\/\/i0.wp.com\/bottesetvelo.com\/blog\/wp-content\/uploads\/2014\/08\/2014-08-10-11.58.25.jpg?w=2340&amp;ssl=1 2340w\" sizes=\"auto, (max-width: 228px) 100vw, 228px\" \/> Vous \u00eates les p\u00e8lerins virtuels que nous avons c\u00f4toy\u00e9s au cours de notre p\u00e8lerinage. Vous faites partie de ces rencontres qui laissent leur trace sur la route du p\u00e8lerin. Merci!<img data-recalc-dims=\"1\" loading=\"lazy\" decoding=\"async\" data-attachment-id=\"14\" data-permalink=\"https:\/\/bottesetvelo.com\/blog\/bottes-et-velo-le-blog\/bottes-et-velo-embleme\/\" data-orig-file=\"https:\/\/i0.wp.com\/bottesetvelo.com\/blog\/wp-content\/uploads\/2014\/01\/Bottes-et-V%C3%A9lo-Embl%C3%AAme-e1454083414631.jpg?fit=100%2C79&amp;ssl=1\" data-orig-size=\"100,79\" data-comments-opened=\"1\" data-image-meta=\"{&quot;aperture&quot;:&quot;0&quot;,&quot;credit&quot;:&quot;&quot;,&quot;camera&quot;:&quot;&quot;,&quot;caption&quot;:&quot;&quot;,&quot;created_timestamp&quot;:&quot;0&quot;,&quot;copyright&quot;:&quot;&quot;,&quot;focal_length&quot;:&quot;0&quot;,&quot;iso&quot;:&quot;0&quot;,&quot;shutter_speed&quot;:&quot;0&quot;,&quot;title&quot;:&quot;&quot;}\" data-image-title=\"Bottes et V\u00e9lo &amp;#8211; Embl\u00eame\" data-image-description=\"\" data-image-caption=\"\" data-large-file=\"https:\/\/i0.wp.com\/bottesetvelo.com\/blog\/wp-content\/uploads\/2014\/01\/Bottes-et-V%C3%A9lo-Embl%C3%AAme-e1454083414631.jpg?fit=100%2C79&amp;ssl=1\" class=\"alignright wp-image-14 \" src=\"https:\/\/i0.wp.com\/bottesetvelo.com\/blog\/wp-content\/uploads\/2014\/01\/Bottes-et-V%C3%A9lo-Embl%C3%AAme.jpg?resize=64%2C50&#038;ssl=1\" alt=\"Bottes et V\u00e9lo - Embl\u00eame\" width=\"64\" height=\"50\" \/><\/p>\n<p style=\"text-align: justify;\">\u00c9ric Lalibert\u00e9<a href=\"http:\/\/www.fondationelan.com\/Evenement-8-La_voie_du_St-Laurent,_le_chemin_qui_marche_!\"><img data-recalc-dims=\"1\" loading=\"lazy\" decoding=\"async\" data-attachment-id=\"633\" data-permalink=\"https:\/\/bottesetvelo.com\/blog\/2014\/06\/14\/la-fondation-elan-de-lirdpq-et-les-pelerins-du-chemin-de-la-vie\/fondation-elan-logo\/\" data-orig-file=\"https:\/\/i0.wp.com\/bottesetvelo.com\/blog\/wp-content\/uploads\/2014\/06\/Fondation-%C3%89lan-logo.png?fit=323%2C112&amp;ssl=1\" data-orig-size=\"323,112\" data-comments-opened=\"1\" data-image-meta=\"{&quot;aperture&quot;:&quot;0&quot;,&quot;credit&quot;:&quot;&quot;,&quot;camera&quot;:&quot;&quot;,&quot;caption&quot;:&quot;&quot;,&quot;created_timestamp&quot;:&quot;0&quot;,&quot;copyright&quot;:&quot;&quot;,&quot;focal_length&quot;:&quot;0&quot;,&quot;iso&quot;:&quot;0&quot;,&quot;shutter_speed&quot;:&quot;0&quot;,&quot;title&quot;:&quot;&quot;}\" data-image-title=\"Fondation \u00c9lan- logo\" data-image-description=\"\" data-image-caption=\"\" data-large-file=\"https:\/\/i0.wp.com\/bottesetvelo.com\/blog\/wp-content\/uploads\/2014\/06\/Fondation-%C3%89lan-logo.png?fit=323%2C112&amp;ssl=1\" class=\"alignleft wp-image-633 size-full\" src=\"https:\/\/i0.wp.com\/bottesetvelo.com\/blog\/wp-content\/uploads\/2014\/06\/Fondation-%C3%89lan-logo.png?resize=323%2C112&#038;ssl=1\" alt=\"Fondation \u00c9lan- logo\" width=\"323\" height=\"112\" \/><\/a><\/p>\n","protected":false},"excerpt":{"rendered":"<p>\u00ab Le bonheur n&rsquo;est pas une destination, mais une fa\u00e7on de voyager. \u00bb Margaret Lee Runbeck Nous connaissions le parcours. Nous l\u2019avions fait en partie \u00e0 v\u00e9lo, \u00e0 pied ou en auto. Mais ce que nous venons de vivre est compl\u00e8tement diff\u00e9rent! La Voie du St-Laurent se r\u00e9v\u00e8le \u00eatre un chemin d\u2019une richesse inimaginable. Un&hellip;<\/p>\n","protected":false},"author":3,"featured_media":0,"comment_status":"open","ping_status":"open","sticky":false,"template":"","format":"standard","meta":{"jetpack_post_was_ever_published":false,"_jetpack_newsletter_access":"","_jetpack_dont_email_post_to_subs":false,"_jetpack_newsletter_tier_id":0,"_jetpack_memberships_contains_paywalled_content":false,"_jetpack_memberships_contains_paid_content":false,"footnotes":"","jetpack_publicize_message":"","jetpack_publicize_feature_enabled":true,"jetpack_social_post_already_shared":false,"jetpack_social_options":{"image_generator_settings":{"template":"highway","default_image_id":0,"font":"","enabled":false},"version":2}},"categories":[9,74],"tags":[68,14,13,16,19,15],"class_list":["post-782","post","type-post","status-publish","format-standard","hentry","category-chemins-de-pelerinage","category-la-voie-du-st-laurent","tag-la-voie-du-saint-laurent","tag-marche","tag-pelerinage","tag-quebec","tag-randonnee","tag-velo"],"jetpack_publicize_connections":[],"jetpack_featured_media_url":"","jetpack_shortlink":"https:\/\/wp.me\/p4eY6z-cC","jetpack_sharing_enabled":true,"jetpack_likes_enabled":true,"jetpack-related-posts":[],"_links":{"self":[{"href":"https:\/\/bottesetvelo.com\/blog\/wp-json\/wp\/v2\/posts\/782","targetHints":{"allow":["GET"]}}],"collection":[{"href":"https:\/\/bottesetvelo.com\/blog\/wp-json\/wp\/v2\/posts"}],"about":[{"href":"https:\/\/bottesetvelo.com\/blog\/wp-json\/wp\/v2\/types\/post"}],"author":[{"embeddable":true,"href":"https:\/\/bottesetvelo.com\/blog\/wp-json\/wp\/v2\/users\/3"}],"replies":[{"embeddable":true,"href":"https:\/\/bottesetvelo.com\/blog\/wp-json\/wp\/v2\/comments?post=782"}],"version-history":[{"count":3,"href":"https:\/\/bottesetvelo.com\/blog\/wp-json\/wp\/v2\/posts\/782\/revisions"}],"predecessor-version":[{"id":795,"href":"https:\/\/bottesetvelo.com\/blog\/wp-json\/wp\/v2\/posts\/782\/revisions\/795"}],"wp:attachment":[{"href":"https:\/\/bottesetvelo.com\/blog\/wp-json\/wp\/v2\/media?parent=782"}],"wp:term":[{"taxonomy":"category","embeddable":true,"href":"https:\/\/bottesetvelo.com\/blog\/wp-json\/wp\/v2\/categories?post=782"},{"taxonomy":"post_tag","embeddable":true,"href":"https:\/\/bottesetvelo.com\/blog\/wp-json\/wp\/v2\/tags?post=782"}],"curies":[{"name":"wp","href":"https:\/\/api.w.org\/{rel}","templated":true}]}}