{"id":763,"date":"2014-07-24T08:20:21","date_gmt":"2014-07-24T12:20:21","guid":{"rendered":"http:\/\/bottesetvelo.com\/blog\/?p=763"},"modified":"2014-07-26T20:05:42","modified_gmt":"2014-07-27T00:05:42","slug":"la-voie-du-st-laurent-jour-23-comme-une-envolee-de-sauterelles","status":"publish","type":"post","link":"https:\/\/bottesetvelo.com\/blog\/2014\/07\/24\/la-voie-du-st-laurent-jour-23-comme-une-envolee-de-sauterelles\/","title":{"rendered":"La Voie du St-Laurent (jour 23) &#8211; Comme une envol\u00e9e de sauterelles"},"content":{"rendered":"<p style=\"text-align: justify;\"><img data-recalc-dims=\"1\" loading=\"lazy\" decoding=\"async\" data-attachment-id=\"775\" data-permalink=\"https:\/\/bottesetvelo.com\/blog\/2014\/07\/24\/la-voie-du-st-laurent-jour-23-comme-une-envolee-de-sauterelles\/2014-07-22-11-30-21\/\" data-orig-file=\"https:\/\/i0.wp.com\/bottesetvelo.com\/blog\/wp-content\/uploads\/2014\/07\/2014-07-22-11.30.21.jpg?fit=2592%2C1936&amp;ssl=1\" data-orig-size=\"2592,1936\" data-comments-opened=\"1\" data-image-meta=\"{&quot;aperture&quot;:&quot;2.8&quot;,&quot;credit&quot;:&quot;&quot;,&quot;camera&quot;:&quot;iPhone 4&quot;,&quot;caption&quot;:&quot;&quot;,&quot;created_timestamp&quot;:&quot;1406028621&quot;,&quot;copyright&quot;:&quot;&quot;,&quot;focal_length&quot;:&quot;3.85&quot;,&quot;iso&quot;:&quot;80&quot;,&quot;shutter_speed&quot;:&quot;0.000629722921914&quot;,&quot;title&quot;:&quot;&quot;}\" data-image-title=\"2014-07-22 11.30.21\" data-image-description=\"\" data-image-caption=\"\" data-large-file=\"https:\/\/i0.wp.com\/bottesetvelo.com\/blog\/wp-content\/uploads\/2014\/07\/2014-07-22-11.30.21.jpg?fit=1024%2C764&amp;ssl=1\" class=\"alignright wp-image-775 \" src=\"https:\/\/i0.wp.com\/bottesetvelo.com\/blog\/wp-content\/uploads\/2014\/07\/2014-07-22-11.30.21.jpg?resize=318%2C237&#038;ssl=1\" alt=\"2014-07-22 11.30.21\" width=\"318\" height=\"237\" srcset=\"https:\/\/i0.wp.com\/bottesetvelo.com\/blog\/wp-content\/uploads\/2014\/07\/2014-07-22-11.30.21.jpg?resize=500%2C373&amp;ssl=1 500w, https:\/\/i0.wp.com\/bottesetvelo.com\/blog\/wp-content\/uploads\/2014\/07\/2014-07-22-11.30.21.jpg?resize=1024%2C764&amp;ssl=1 1024w, https:\/\/i0.wp.com\/bottesetvelo.com\/blog\/wp-content\/uploads\/2014\/07\/2014-07-22-11.30.21.jpg?resize=624%2C466&amp;ssl=1 624w, https:\/\/i0.wp.com\/bottesetvelo.com\/blog\/wp-content\/uploads\/2014\/07\/2014-07-22-11.30.21.jpg?w=2340&amp;ssl=1 2340w\" sizes=\"auto, (max-width: 318px) 100vw, 318px\" \/>Lorsque l&rsquo;on passe a v\u00e9lo, il y a de ces choses que l&rsquo;on ne remarque pas, comme ces envol\u00e9es de sauterelles. En marchant le long de la route, pr\u00e8s des hautes herbes, \u00e0 chaque pas que nous faisons une nu\u00e9e de sauterelles s&rsquo;envole et se pose un peu plus loin. \u00c0 chaque pas, elles se donnent des allures de papillons et vont se poser un peu loin devant nous. Et d\u00e8s que nous arrivons, elles s&rsquo;envolent \u00e0 nouveau&#8230;\u00c7a n&rsquo;arr\u00eate pas! Tout bouge continuellement!<\/p>\n<p style=\"text-align: justify;\">Depuis que nous avons commenc\u00e9 \u00e0 marcher, nous sommes plus fatigu\u00e9s. La marche est plus exigeante que le v\u00e9lo. Tout notre corps est continuellement sollicit\u00e9. En v\u00e9lo, nous <img data-recalc-dims=\"1\" loading=\"lazy\" decoding=\"async\" data-attachment-id=\"776\" data-permalink=\"https:\/\/bottesetvelo.com\/blog\/2014\/07\/24\/la-voie-du-st-laurent-jour-23-comme-une-envolee-de-sauterelles\/2014-07-22-12-03-52\/\" data-orig-file=\"https:\/\/i0.wp.com\/bottesetvelo.com\/blog\/wp-content\/uploads\/2014\/07\/2014-07-22-12.03.52.jpg?fit=2592%2C1936&amp;ssl=1\" data-orig-size=\"2592,1936\" data-comments-opened=\"1\" data-image-meta=\"{&quot;aperture&quot;:&quot;2.8&quot;,&quot;credit&quot;:&quot;&quot;,&quot;camera&quot;:&quot;iPhone 4&quot;,&quot;caption&quot;:&quot;&quot;,&quot;created_timestamp&quot;:&quot;1406030632&quot;,&quot;copyright&quot;:&quot;&quot;,&quot;focal_length&quot;:&quot;3.85&quot;,&quot;iso&quot;:&quot;80&quot;,&quot;shutter_speed&quot;:&quot;0.00053050397878&quot;,&quot;title&quot;:&quot;&quot;}\" data-image-title=\"2014-07-22 12.03.52\" data-image-description=\"\" data-image-caption=\"\" data-large-file=\"https:\/\/i0.wp.com\/bottesetvelo.com\/blog\/wp-content\/uploads\/2014\/07\/2014-07-22-12.03.52.jpg?fit=1024%2C764&amp;ssl=1\" class=\"alignright wp-image-776 \" src=\"https:\/\/i0.wp.com\/bottesetvelo.com\/blog\/wp-content\/uploads\/2014\/07\/2014-07-22-12.03.52.jpg?resize=318%2C237&#038;ssl=1\" alt=\"2014-07-22 12.03.52\" width=\"318\" height=\"237\" srcset=\"https:\/\/i0.wp.com\/bottesetvelo.com\/blog\/wp-content\/uploads\/2014\/07\/2014-07-22-12.03.52.jpg?resize=500%2C373&amp;ssl=1 500w, https:\/\/i0.wp.com\/bottesetvelo.com\/blog\/wp-content\/uploads\/2014\/07\/2014-07-22-12.03.52.jpg?resize=1024%2C764&amp;ssl=1 1024w, https:\/\/i0.wp.com\/bottesetvelo.com\/blog\/wp-content\/uploads\/2014\/07\/2014-07-22-12.03.52.jpg?resize=624%2C466&amp;ssl=1 624w, https:\/\/i0.wp.com\/bottesetvelo.com\/blog\/wp-content\/uploads\/2014\/07\/2014-07-22-12.03.52.jpg?w=2340&amp;ssl=1 2340w\" sizes=\"auto, (max-width: 318px) 100vw, 318px\" \/>n&rsquo;avions aucun poids \u00e0 porter sur nos \u00e9paules et il y avait toujours un moment o\u00f9 l&rsquo;on\u00a0pouvait se laisser aller dans une descente. La marche ne donne pas ce genre de r\u00e9pit. \u00c0 pied, je continue de marcher en montant, tout comme en descendant. Et parfois, les descentes peuvent \u00eatre assez dures sur les genoux&#8230; Le seul moyen de s&rsquo;offrir une pause est de d\u00e9cider de s&rsquo;arr\u00eater. Mais, si je m&rsquo;arr\u00eate, je n&rsquo;avance plus&#8230;\u00a0La marche est tr\u00e8s diff\u00e9rente en tant qu&rsquo;effort \u00e0 fournir. Elle sollicite des muscles diff\u00e9rents et tient le corps en action continuellement. C&rsquo;est pourtant dans cet effort constant qu&rsquo;elle a beaucoup \u00e0 enseigner.<\/p>\n<p style=\"text-align: justify;\">L&rsquo;outil incite \u00e0 faire toujours plus, plus vite. C&rsquo;est l&rsquo;outil qui a toujours contribu\u00e9 \u00e0 augmenter la t\u00e2che. Plut\u00f4t que de voir en l&rsquo;outil un moyen de se lib\u00e9rer du temps, nous avons augment\u00e9 la capacit\u00e9 de production par app\u00e2t du gain. Cette mani\u00e8re de faire, nous l&rsquo;avons transpos\u00e9e dans plusieurs domaines de la vie et m\u00eame l&rsquo;exercice physique a pris cette allure&#8230;<a href=\"https:\/\/i0.wp.com\/bottesetvelo.com\/blog\/wp-content\/uploads\/2014\/07\/2014-07-23-07.34.33.jpg?ssl=1\"><img data-recalc-dims=\"1\" loading=\"lazy\" decoding=\"async\" data-attachment-id=\"777\" data-permalink=\"https:\/\/bottesetvelo.com\/blog\/2014\/07\/24\/la-voie-du-st-laurent-jour-23-comme-une-envolee-de-sauterelles\/2014-07-23-07-34-33\/\" data-orig-file=\"https:\/\/i0.wp.com\/bottesetvelo.com\/blog\/wp-content\/uploads\/2014\/07\/2014-07-23-07.34.33.jpg?fit=1936%2C2592&amp;ssl=1\" data-orig-size=\"1936,2592\" data-comments-opened=\"1\" data-image-meta=\"{&quot;aperture&quot;:&quot;2.8&quot;,&quot;credit&quot;:&quot;&quot;,&quot;camera&quot;:&quot;iPhone 4&quot;,&quot;caption&quot;:&quot;&quot;,&quot;created_timestamp&quot;:&quot;1406100873&quot;,&quot;copyright&quot;:&quot;&quot;,&quot;focal_length&quot;:&quot;3.85&quot;,&quot;iso&quot;:&quot;80&quot;,&quot;shutter_speed&quot;:&quot;0.00053050397878&quot;,&quot;title&quot;:&quot;&quot;}\" data-image-title=\"2014-07-23 07.34.33\" data-image-description=\"\" data-image-caption=\"\" data-large-file=\"https:\/\/i0.wp.com\/bottesetvelo.com\/blog\/wp-content\/uploads\/2014\/07\/2014-07-23-07.34.33.jpg?fit=764%2C1024&amp;ssl=1\" class=\"alignright wp-image-777 \" src=\"https:\/\/i0.wp.com\/bottesetvelo.com\/blog\/wp-content\/uploads\/2014\/07\/2014-07-23-07.34.33.jpg?resize=269%2C360&#038;ssl=1\" alt=\"2014-07-23 07.34.33\" width=\"269\" height=\"360\" srcset=\"https:\/\/i0.wp.com\/bottesetvelo.com\/blog\/wp-content\/uploads\/2014\/07\/2014-07-23-07.34.33.jpg?resize=373%2C500&amp;ssl=1 373w, https:\/\/i0.wp.com\/bottesetvelo.com\/blog\/wp-content\/uploads\/2014\/07\/2014-07-23-07.34.33.jpg?resize=764%2C1024&amp;ssl=1 764w, https:\/\/i0.wp.com\/bottesetvelo.com\/blog\/wp-content\/uploads\/2014\/07\/2014-07-23-07.34.33.jpg?resize=624%2C835&amp;ssl=1 624w, https:\/\/i0.wp.com\/bottesetvelo.com\/blog\/wp-content\/uploads\/2014\/07\/2014-07-23-07.34.33.jpg?w=1936&amp;ssl=1 1936w\" sizes=\"auto, (max-width: 269px) 100vw, 269px\" \/><\/a><\/p>\n<p style=\"text-align: justify;\">Il faut bien comprendre\u00a0que ce n&rsquo;est pas l&rsquo;outil qui est mauvais, mais l&rsquo;utilisation que nous en faisons. Nous avons un emploi qui offre un meilleur salaire et prend une grande part de notre temps, mais nous compensons en achetant ce dont nous prive ce manque de temps. Nous n&rsquo;avons pas le temps de cuisiner, alors nous mangeons au restaurant. Pas le temps de relaxer, on se paye un voyage dans le sud. Avant, nous allions travailler \u00e0 pied. Maintenant, nous y allions en voiture et nous nous inscrivons au centre de conditionnement physique en soir\u00e9e&#8230; Et nous trouvons normal d&rsquo;augmenter le rythme ainsi jour apr\u00e8s jour. Nous trouverons m\u00eame paresseux celui qui n&rsquo;en fera pas autant! Mais ce rythme d&rsquo;enfer n&rsquo;est que tr\u00e8s r\u00e9cent dans l&rsquo;histoire de l&rsquo;humanit\u00e9. Encore plusieurs pays n&rsquo;ouvrent pas leurs commerces le dimanche et s&rsquo;offrent de longues heures de d\u00eener&#8230; Le travail n&rsquo;est pas le centre de leur vie. Comp\u00e9tition et performance ne sont pas des priorit\u00e9s. On oublie trop souvent que la vie se construit avec pers\u00e9v\u00e9rance et endurance. Un travail qui s&rsquo;effectue dans la dur\u00e9e et la lenteur&#8230; Le travail vise \u00e0 entretenir la vie, la susciter, pas l&rsquo;\u00e9puiser.<img data-recalc-dims=\"1\" loading=\"lazy\" decoding=\"async\" data-attachment-id=\"774\" data-permalink=\"https:\/\/bottesetvelo.com\/blog\/2014\/07\/24\/la-voie-du-st-laurent-jour-23-comme-une-envolee-de-sauterelles\/20140721_140113-effects\/\" data-orig-file=\"https:\/\/i0.wp.com\/bottesetvelo.com\/blog\/wp-content\/uploads\/2014\/07\/20140721_140113-EFFECTS.jpg?fit=3000%2C2250&amp;ssl=1\" data-orig-size=\"3000,2250\" data-comments-opened=\"1\" data-image-meta=\"{&quot;aperture&quot;:&quot;0&quot;,&quot;credit&quot;:&quot;&quot;,&quot;camera&quot;:&quot;SGH-I747M&quot;,&quot;caption&quot;:&quot;&quot;,&quot;created_timestamp&quot;:&quot;1405951272&quot;,&quot;copyright&quot;:&quot;&quot;,&quot;focal_length&quot;:&quot;3.70000004768&quot;,&quot;iso&quot;:&quot;0&quot;,&quot;shutter_speed&quot;:&quot;0&quot;,&quot;title&quot;:&quot;&quot;}\" data-image-title=\"20140721_140113-EFFECTS\" data-image-description=\"\" data-image-caption=\"\" data-large-file=\"https:\/\/i0.wp.com\/bottesetvelo.com\/blog\/wp-content\/uploads\/2014\/07\/20140721_140113-EFFECTS.jpg?fit=1024%2C768&amp;ssl=1\" class=\"alignright wp-image-774 \" src=\"https:\/\/i0.wp.com\/bottesetvelo.com\/blog\/wp-content\/uploads\/2014\/07\/20140721_140113-EFFECTS-500x375.jpg?resize=347%2C260&#038;ssl=1\" alt=\"20140721_140113-EFFECTS\" width=\"347\" height=\"260\" srcset=\"https:\/\/i0.wp.com\/bottesetvelo.com\/blog\/wp-content\/uploads\/2014\/07\/20140721_140113-EFFECTS.jpg?resize=500%2C375&amp;ssl=1 500w, https:\/\/i0.wp.com\/bottesetvelo.com\/blog\/wp-content\/uploads\/2014\/07\/20140721_140113-EFFECTS.jpg?resize=1024%2C768&amp;ssl=1 1024w, https:\/\/i0.wp.com\/bottesetvelo.com\/blog\/wp-content\/uploads\/2014\/07\/20140721_140113-EFFECTS.jpg?resize=624%2C468&amp;ssl=1 624w, https:\/\/i0.wp.com\/bottesetvelo.com\/blog\/wp-content\/uploads\/2014\/07\/20140721_140113-EFFECTS.jpg?w=2340&amp;ssl=1 2340w\" sizes=\"auto, (max-width: 347px) 100vw, 347px\" \/><\/p>\n<p style=\"text-align: justify;\">Le passage du v\u00e9lo \u00e0 la marche nous permet de voir cette diff\u00e9rence. L&rsquo;absence d&rsquo;outil pouraccomplir la t\u00e2che oblige \u00e0 une meilleure pr\u00e9sence \u00e0 soi. On se doit de respecter la capacit\u00e9 de notre corps. Il nous oblige \u00e0 des temps d&rsquo;arr\u00eat plus fr\u00e9quents et ces temps d&rsquo;arr\u00eat permettent un mieux-vivre. Ils permettent de se lier d&rsquo;amiti\u00e9 avec notre corps et de le traiter avec bont\u00e9. Plut\u00f4t que de le percevoir comme un \u00a0outil qui ne performe pas autant qu&rsquo;on le voudrait, consid\u00e9rons-le comme l&rsquo;ami qui nous porte et prenons en soin.<\/p>\n<p style=\"text-align: justify;\">La marche nous a permis de voir ces envol\u00e9es de sauterelles que nous n&rsquo;avions jamais remarqu\u00e9es \u00e0 v\u00e9lo. La marche nous a fait rencontrer des gens d&rsquo;une grande bont\u00e9. Des gens avec qui nous n&rsquo;aurions pas pris le temps autrement. Le v\u00e9lo \u00e9tait trop rapide&#8230; Par leur\u00a0attitude, nous avons pu voir que le cycliste n&rsquo;est pas per\u00e7u de la m\u00eame mani\u00e8re que le <img data-recalc-dims=\"1\" loading=\"lazy\" decoding=\"async\" data-attachment-id=\"771\" data-permalink=\"https:\/\/bottesetvelo.com\/blog\/2014\/07\/24\/la-voie-du-st-laurent-jour-23-comme-une-envolee-de-sauterelles\/2014-07-23-08-32-35\/\" data-orig-file=\"https:\/\/i0.wp.com\/bottesetvelo.com\/blog\/wp-content\/uploads\/2014\/07\/2014-07-23-08.32.35.jpg?fit=3264%2C2448&amp;ssl=1\" data-orig-size=\"3264,2448\" data-comments-opened=\"1\" data-image-meta=\"{&quot;aperture&quot;:&quot;2.6&quot;,&quot;credit&quot;:&quot;&quot;,&quot;camera&quot;:&quot;SGH-I747M&quot;,&quot;caption&quot;:&quot;&quot;,&quot;created_timestamp&quot;:&quot;1406104355&quot;,&quot;copyright&quot;:&quot;&quot;,&quot;focal_length&quot;:&quot;3.7&quot;,&quot;iso&quot;:&quot;50&quot;,&quot;shutter_speed&quot;:&quot;0.000663129973475&quot;,&quot;title&quot;:&quot;&quot;}\" data-image-title=\"2014-07-23 08.32.35\" data-image-description=\"\" data-image-caption=\"\" data-large-file=\"https:\/\/i0.wp.com\/bottesetvelo.com\/blog\/wp-content\/uploads\/2014\/07\/2014-07-23-08.32.35.jpg?fit=1024%2C768&amp;ssl=1\" class=\"alignright wp-image-771 \" src=\"https:\/\/i0.wp.com\/bottesetvelo.com\/blog\/wp-content\/uploads\/2014\/07\/2014-07-23-08.32.35.jpg?resize=333%2C250&#038;ssl=1\" alt=\"2014-07-23 08.32.35\" width=\"333\" height=\"250\" srcset=\"https:\/\/i0.wp.com\/bottesetvelo.com\/blog\/wp-content\/uploads\/2014\/07\/2014-07-23-08.32.35.jpg?resize=500%2C375&amp;ssl=1 500w, https:\/\/i0.wp.com\/bottesetvelo.com\/blog\/wp-content\/uploads\/2014\/07\/2014-07-23-08.32.35.jpg?w=2340&amp;ssl=1 2340w\" sizes=\"auto, (max-width: 333px) 100vw, 333px\" \/>p\u00e8lerin. Les gens viennent au devant de nous, nous offrent de l&rsquo;eau, \u00e0 manger, s&rsquo;informent de notre \u00e9tat, s&rsquo;int\u00e9ressent \u00e0 notre aventure. La marche offre cette proximit\u00e9 de par sa lenteur. Il est facile d&rsquo;interpeller le marcheur. Le cycliste? Il est d\u00e9j\u00e0 pass\u00e9. La marche a donc permis ces belles rencontres mais, elle nous a aussi fait descendre\u00a0sur cette plage et profiter de son sable chaud. Plus loin, elle nous a permis d&rsquo;avoir le temps de remarquer que, sur ce rocher, dans la mer, quelque chose bougeait. Nous avons alors quitt\u00e9 notre route, cess\u00e9 notre activit\u00e9, pour voir ce que c&rsquo;\u00e9tait. Ce fut pour nous l&rsquo;occasion d&rsquo;approcher une maman phoque et son petit&#8230;<\/p>\n<p style=\"text-align: justify;\">La marche permet cette pr\u00e9sence \u00e0 la vie qui nous entoure. Un monde qui passe souvent inaper\u00e7u \u00e0 force de vouloir tout faire trop vite. Et le soir venu, je n&rsquo;ai nul besoin d&rsquo;aller m&rsquo;entra\u00eener. \ud83d\ude09<\/p>\n<p style=\"text-align: justify;\"><img data-recalc-dims=\"1\" loading=\"lazy\" decoding=\"async\" data-attachment-id=\"14\" data-permalink=\"https:\/\/bottesetvelo.com\/blog\/bottes-et-velo-le-blog\/bottes-et-velo-embleme\/\" data-orig-file=\"https:\/\/i0.wp.com\/bottesetvelo.com\/blog\/wp-content\/uploads\/2014\/01\/Bottes-et-V%C3%A9lo-Embl%C3%AAme-e1454083414631.jpg?fit=100%2C79&amp;ssl=1\" data-orig-size=\"100,79\" data-comments-opened=\"1\" data-image-meta=\"{&quot;aperture&quot;:&quot;0&quot;,&quot;credit&quot;:&quot;&quot;,&quot;camera&quot;:&quot;&quot;,&quot;caption&quot;:&quot;&quot;,&quot;created_timestamp&quot;:&quot;0&quot;,&quot;copyright&quot;:&quot;&quot;,&quot;focal_length&quot;:&quot;0&quot;,&quot;iso&quot;:&quot;0&quot;,&quot;shutter_speed&quot;:&quot;0&quot;,&quot;title&quot;:&quot;&quot;}\" data-image-title=\"Bottes et V\u00e9lo &amp;#8211; Embl\u00eame\" data-image-description=\"\" data-image-caption=\"\" data-large-file=\"https:\/\/i0.wp.com\/bottesetvelo.com\/blog\/wp-content\/uploads\/2014\/01\/Bottes-et-V%C3%A9lo-Embl%C3%AAme-e1454083414631.jpg?fit=100%2C79&amp;ssl=1\" class=\"alignright wp-image-14 \" src=\"https:\/\/i0.wp.com\/bottesetvelo.com\/blog\/wp-content\/uploads\/2014\/01\/Bottes-et-V%C3%A9lo-Embl%C3%AAme.jpg?resize=100%2C79&#038;ssl=1\" alt=\"Bottes et V\u00e9lo - Embl\u00eame\" width=\"100\" height=\"79\" \/><\/p>\n<p style=\"text-align: justify;\">\u00c9ric Lalibert\u00e9<\/p>\n<p style=\"text-align: justify;\">\n","protected":false},"excerpt":{"rendered":"<p>Lorsque l&rsquo;on passe a v\u00e9lo, il y a de ces choses que l&rsquo;on ne remarque pas, comme ces envol\u00e9es de sauterelles. En marchant le long de la route, pr\u00e8s des hautes herbes, \u00e0 chaque pas que nous faisons une nu\u00e9e de sauterelles s&rsquo;envole et se pose un peu plus loin. \u00c0 chaque pas, elles se&hellip;<\/p>\n","protected":false},"author":3,"featured_media":0,"comment_status":"open","ping_status":"open","sticky":false,"template":"","format":"standard","meta":{"jetpack_post_was_ever_published":false,"_jetpack_newsletter_access":"","_jetpack_dont_email_post_to_subs":false,"_jetpack_newsletter_tier_id":0,"_jetpack_memberships_contains_paywalled_content":false,"_jetpack_memberships_contains_paid_content":false,"footnotes":"","jetpack_publicize_message":"","jetpack_publicize_feature_enabled":true,"jetpack_social_post_already_shared":true,"jetpack_social_options":{"image_generator_settings":{"template":"highway","default_image_id":0,"font":"","enabled":false},"version":2}},"categories":[74],"tags":[68,14,13,19],"class_list":["post-763","post","type-post","status-publish","format-standard","hentry","category-la-voie-du-st-laurent","tag-la-voie-du-saint-laurent","tag-marche","tag-pelerinage","tag-randonnee"],"jetpack_publicize_connections":[],"jetpack_featured_media_url":"","jetpack_shortlink":"https:\/\/wp.me\/p4eY6z-cj","jetpack_sharing_enabled":true,"jetpack_likes_enabled":true,"jetpack-related-posts":[],"_links":{"self":[{"href":"https:\/\/bottesetvelo.com\/blog\/wp-json\/wp\/v2\/posts\/763","targetHints":{"allow":["GET"]}}],"collection":[{"href":"https:\/\/bottesetvelo.com\/blog\/wp-json\/wp\/v2\/posts"}],"about":[{"href":"https:\/\/bottesetvelo.com\/blog\/wp-json\/wp\/v2\/types\/post"}],"author":[{"embeddable":true,"href":"https:\/\/bottesetvelo.com\/blog\/wp-json\/wp\/v2\/users\/3"}],"replies":[{"embeddable":true,"href":"https:\/\/bottesetvelo.com\/blog\/wp-json\/wp\/v2\/comments?post=763"}],"version-history":[{"count":9,"href":"https:\/\/bottesetvelo.com\/blog\/wp-json\/wp\/v2\/posts\/763\/revisions"}],"predecessor-version":[{"id":780,"href":"https:\/\/bottesetvelo.com\/blog\/wp-json\/wp\/v2\/posts\/763\/revisions\/780"}],"wp:attachment":[{"href":"https:\/\/bottesetvelo.com\/blog\/wp-json\/wp\/v2\/media?parent=763"}],"wp:term":[{"taxonomy":"category","embeddable":true,"href":"https:\/\/bottesetvelo.com\/blog\/wp-json\/wp\/v2\/categories?post=763"},{"taxonomy":"post_tag","embeddable":true,"href":"https:\/\/bottesetvelo.com\/blog\/wp-json\/wp\/v2\/tags?post=763"}],"curies":[{"name":"wp","href":"https:\/\/api.w.org\/{rel}","templated":true}]}}