{"id":757,"date":"2014-07-18T19:07:04","date_gmt":"2014-07-18T23:07:04","guid":{"rendered":"http:\/\/bottesetvelo.com\/blog\/?p=757"},"modified":"2014-07-19T06:56:58","modified_gmt":"2014-07-19T10:56:58","slug":"surveillez-notre-page-facebook","status":"publish","type":"post","link":"https:\/\/bottesetvelo.com\/blog\/2014\/07\/18\/surveillez-notre-page-facebook\/","title":{"rendered":"Surveillez notre page facebook!"},"content":{"rendered":"<h2 style=\"text-align: justify;\"><span style=\"color: #993300;\">Pour avoir un suivi plus direct de notre p\u00e8lerinage sur la Voie du St-Laurent, rendez-vous sur notre page\u00a0<span style=\"color: #0000ff;\">facebook<\/span>. Nul besoin de s&rsquo;abonner \u00e0 <span style=\"color: #0000ff;\">facebook<\/span> pour visionner notre page! <a href=\"https:\/\/www.facebook.com\/bottesetvelo\"><img data-recalc-dims=\"1\" loading=\"lazy\" decoding=\"async\" data-attachment-id=\"758\" data-permalink=\"https:\/\/bottesetvelo.com\/blog\/2014\/07\/18\/surveillez-notre-page-facebook\/facebook\/\" data-orig-file=\"https:\/\/i0.wp.com\/bottesetvelo.com\/blog\/wp-content\/uploads\/2014\/07\/facebook.png?fit=309%2C119&amp;ssl=1\" data-orig-size=\"309,119\" data-comments-opened=\"1\" data-image-meta=\"{&quot;aperture&quot;:&quot;0&quot;,&quot;credit&quot;:&quot;&quot;,&quot;camera&quot;:&quot;&quot;,&quot;caption&quot;:&quot;&quot;,&quot;created_timestamp&quot;:&quot;0&quot;,&quot;copyright&quot;:&quot;&quot;,&quot;focal_length&quot;:&quot;0&quot;,&quot;iso&quot;:&quot;0&quot;,&quot;shutter_speed&quot;:&quot;0&quot;,&quot;title&quot;:&quot;&quot;}\" data-image-title=\"facebook\" data-image-description=\"\" data-image-caption=\"\" data-large-file=\"https:\/\/i0.wp.com\/bottesetvelo.com\/blog\/wp-content\/uploads\/2014\/07\/facebook.png?fit=309%2C119&amp;ssl=1\" class=\"alignright wp-image-758\" src=\"https:\/\/i0.wp.com\/bottesetvelo.com\/blog\/wp-content\/uploads\/2014\/07\/facebook.png?resize=278%2C107&#038;ssl=1\" alt=\"facebook\" width=\"278\" height=\"107\" \/><\/a>Et vous aurez acc\u00e8s \u00e0 toute l&rsquo;actualit\u00e9 de notre parcours. <span style=\"color: #008000;\"><em>Venez nous retrouver!<\/em> <\/span>\ud83d\ude42<br \/>\n<\/span><\/h2>\n<h1><span style=\"color: #993300;\"><img data-recalc-dims=\"1\" loading=\"lazy\" decoding=\"async\" data-attachment-id=\"14\" data-permalink=\"https:\/\/bottesetvelo.com\/blog\/bottes-et-velo-le-blog\/bottes-et-velo-embleme\/\" data-orig-file=\"https:\/\/i0.wp.com\/bottesetvelo.com\/blog\/wp-content\/uploads\/2014\/01\/Bottes-et-V%C3%A9lo-Embl%C3%AAme-e1454083414631.jpg?fit=100%2C79&amp;ssl=1\" data-orig-size=\"100,79\" data-comments-opened=\"1\" data-image-meta=\"{&quot;aperture&quot;:&quot;0&quot;,&quot;credit&quot;:&quot;&quot;,&quot;camera&quot;:&quot;&quot;,&quot;caption&quot;:&quot;&quot;,&quot;created_timestamp&quot;:&quot;0&quot;,&quot;copyright&quot;:&quot;&quot;,&quot;focal_length&quot;:&quot;0&quot;,&quot;iso&quot;:&quot;0&quot;,&quot;shutter_speed&quot;:&quot;0&quot;,&quot;title&quot;:&quot;&quot;}\" data-image-title=\"Bottes et V\u00e9lo &amp;#8211; Embl\u00eame\" data-image-description=\"\" data-image-caption=\"\" data-large-file=\"https:\/\/i0.wp.com\/bottesetvelo.com\/blog\/wp-content\/uploads\/2014\/01\/Bottes-et-V%C3%A9lo-Embl%C3%AAme-e1454083414631.jpg?fit=100%2C79&amp;ssl=1\" class=\"alignright wp-image-14 \" src=\"https:\/\/i0.wp.com\/bottesetvelo.com\/blog\/wp-content\/uploads\/2014\/01\/Bottes-et-V%C3%A9lo-Embl%C3%AAme.jpg?resize=93%2C73&#038;ssl=1\" alt=\"Bottes et V\u00e9lo - Embl\u00eame\" width=\"93\" height=\"73\" \/>\u00c9ric Lalibert\u00e9 et Brigitte Harouni<\/span><\/h1>\n<p>&nbsp;<\/p>\n<h1><em><span style=\"color: #ff0000;\">Faites un don \u00e0 la Fondation \u00c9lan<\/span><\/em><\/h1>\n<p><a href=\"http:\/\/www.fondationelan.com\/Evenement-8-La_voie_du_St-Laurent,_le_chemin_qui_marche_!\"><img data-recalc-dims=\"1\" loading=\"lazy\" decoding=\"async\" data-attachment-id=\"638\" data-permalink=\"https:\/\/bottesetvelo.com\/blog\/2014\/06\/19\/le-courage-des-pelerins-de-lirdpq\/bouton-faire-un-don\/\" data-orig-file=\"https:\/\/i0.wp.com\/bottesetvelo.com\/blog\/wp-content\/uploads\/2014\/06\/Bouton-faire-un-don.png?fit=649%2C326&amp;ssl=1\" data-orig-size=\"649,326\" data-comments-opened=\"1\" data-image-meta=\"{&quot;aperture&quot;:&quot;0&quot;,&quot;credit&quot;:&quot;&quot;,&quot;camera&quot;:&quot;&quot;,&quot;caption&quot;:&quot;&quot;,&quot;created_timestamp&quot;:&quot;0&quot;,&quot;copyright&quot;:&quot;&quot;,&quot;focal_length&quot;:&quot;0&quot;,&quot;iso&quot;:&quot;0&quot;,&quot;shutter_speed&quot;:&quot;0&quot;,&quot;title&quot;:&quot;&quot;}\" data-image-title=\"Bouton- faire un don\" data-image-description=\"\" data-image-caption=\"\" data-large-file=\"https:\/\/i0.wp.com\/bottesetvelo.com\/blog\/wp-content\/uploads\/2014\/06\/Bouton-faire-un-don.png?fit=649%2C326&amp;ssl=1\" class=\"aligncenter wp-image-638 size-medium\" src=\"https:\/\/i0.wp.com\/bottesetvelo.com\/blog\/wp-content\/uploads\/2014\/06\/Bouton-faire-un-don.png?resize=500%2C251&#038;ssl=1\" alt=\"Bouton- faire un don\" width=\"500\" height=\"251\" srcset=\"https:\/\/i0.wp.com\/bottesetvelo.com\/blog\/wp-content\/uploads\/2014\/06\/Bouton-faire-un-don.png?resize=500%2C251&amp;ssl=1 500w, https:\/\/i0.wp.com\/bottesetvelo.com\/blog\/wp-content\/uploads\/2014\/06\/Bouton-faire-un-don.png?resize=624%2C313&amp;ssl=1 624w, https:\/\/i0.wp.com\/bottesetvelo.com\/blog\/wp-content\/uploads\/2014\/06\/Bouton-faire-un-don.png?w=649&amp;ssl=1 649w\" sizes=\"auto, (max-width: 500px) 100vw, 500px\" \/><\/a><\/p>\n","protected":false},"excerpt":{"rendered":"<p>Pour avoir un suivi plus direct de notre p\u00e8lerinage sur la Voie du St-Laurent, rendez-vous sur notre page\u00a0facebook. Nul besoin de s&rsquo;abonner \u00e0 facebook pour visionner notre page! Et vous aurez acc\u00e8s \u00e0 toute l&rsquo;actualit\u00e9 de notre parcours. Venez nous retrouver! \ud83d\ude42 \u00c9ric Lalibert\u00e9 et Brigitte Harouni &nbsp; Faites un don \u00e0 la Fondation \u00c9lan<\/p>\n","protected":false},"author":1,"featured_media":0,"comment_status":"open","ping_status":"open","sticky":false,"template":"","format":"standard","meta":{"jetpack_post_was_ever_published":false,"_jetpack_newsletter_access":"","_jetpack_dont_email_post_to_subs":false,"_jetpack_newsletter_tier_id":0,"_jetpack_memberships_contains_paywalled_content":false,"_jetpack_memberships_contains_paid_content":false,"footnotes":"","jetpack_publicize_message":"Surveillez notre page facebook!","jetpack_publicize_feature_enabled":true,"jetpack_social_post_already_shared":true,"jetpack_social_options":{"image_generator_settings":{"template":"highway","default_image_id":0,"font":"","enabled":false},"version":2}},"categories":[56,65,66,74],"tags":[18,75,276,277],"class_list":["post-757","post","type-post","status-publish","format-standard","hentry","category-activites","category-fondation-elan","category-irdpq","category-la-voie-du-st-laurent","tag-bottes-et-velo","tag-facebook","tag-fondation-elan","tag-irdpq"],"jetpack_publicize_connections":[],"jetpack_featured_media_url":"","jetpack_shortlink":"https:\/\/wp.me\/p4eY6z-cd","jetpack_sharing_enabled":true,"jetpack_likes_enabled":true,"jetpack-related-posts":[],"_links":{"self":[{"href":"https:\/\/bottesetvelo.com\/blog\/wp-json\/wp\/v2\/posts\/757","targetHints":{"allow":["GET"]}}],"collection":[{"href":"https:\/\/bottesetvelo.com\/blog\/wp-json\/wp\/v2\/posts"}],"about":[{"href":"https:\/\/bottesetvelo.com\/blog\/wp-json\/wp\/v2\/types\/post"}],"author":[{"embeddable":true,"href":"https:\/\/bottesetvelo.com\/blog\/wp-json\/wp\/v2\/users\/1"}],"replies":[{"embeddable":true,"href":"https:\/\/bottesetvelo.com\/blog\/wp-json\/wp\/v2\/comments?post=757"}],"version-history":[{"count":3,"href":"https:\/\/bottesetvelo.com\/blog\/wp-json\/wp\/v2\/posts\/757\/revisions"}],"predecessor-version":[{"id":762,"href":"https:\/\/bottesetvelo.com\/blog\/wp-json\/wp\/v2\/posts\/757\/revisions\/762"}],"wp:attachment":[{"href":"https:\/\/bottesetvelo.com\/blog\/wp-json\/wp\/v2\/media?parent=757"}],"wp:term":[{"taxonomy":"category","embeddable":true,"href":"https:\/\/bottesetvelo.com\/blog\/wp-json\/wp\/v2\/categories?post=757"},{"taxonomy":"post_tag","embeddable":true,"href":"https:\/\/bottesetvelo.com\/blog\/wp-json\/wp\/v2\/tags?post=757"}],"curies":[{"name":"wp","href":"https:\/\/api.w.org\/{rel}","templated":true}]}}