{"id":732,"date":"2014-07-10T07:23:33","date_gmt":"2014-07-10T11:23:33","guid":{"rendered":"http:\/\/bottesetvelo.com\/blog\/?p=732"},"modified":"2014-07-10T07:23:33","modified_gmt":"2014-07-10T11:23:33","slug":"la-voie-du-st-laurent-jour-9-le-chemin-qui-transforme","status":"publish","type":"post","link":"https:\/\/bottesetvelo.com\/blog\/2014\/07\/10\/la-voie-du-st-laurent-jour-9-le-chemin-qui-transforme\/","title":{"rendered":"La Voie du St-Laurent (jour 9): Le chemin qui transforme"},"content":{"rendered":"<p style=\"text-align: justify;\">Il <img data-recalc-dims=\"1\" loading=\"lazy\" decoding=\"async\" data-attachment-id=\"742\" data-permalink=\"https:\/\/bottesetvelo.com\/blog\/2014\/07\/10\/la-voie-du-st-laurent-jour-9-le-chemin-qui-transforme\/20140709_092611\/\" data-orig-file=\"https:\/\/i0.wp.com\/bottesetvelo.com\/blog\/wp-content\/uploads\/2014\/07\/20140709_092611.jpg?fit=3264%2C2448&amp;ssl=1\" data-orig-size=\"3264,2448\" data-comments-opened=\"1\" data-image-meta=\"{&quot;aperture&quot;:&quot;2.6&quot;,&quot;credit&quot;:&quot;&quot;,&quot;camera&quot;:&quot;SGH-I747M&quot;,&quot;caption&quot;:&quot;&quot;,&quot;created_timestamp&quot;:&quot;1404897971&quot;,&quot;copyright&quot;:&quot;&quot;,&quot;focal_length&quot;:&quot;3.7&quot;,&quot;iso&quot;:&quot;50&quot;,&quot;shutter_speed&quot;:&quot;0.000566893424036&quot;,&quot;title&quot;:&quot;&quot;}\" data-image-title=\"20140709_092611\" data-image-description=\"\" data-image-caption=\"\" data-large-file=\"https:\/\/i0.wp.com\/bottesetvelo.com\/blog\/wp-content\/uploads\/2014\/07\/20140709_092611.jpg?fit=1024%2C768&amp;ssl=1\" class=\"alignright wp-image-742 \" src=\"https:\/\/i0.wp.com\/bottesetvelo.com\/blog\/wp-content\/uploads\/2014\/07\/20140709_092611.jpg?resize=298%2C223&#038;ssl=1\" alt=\"20140709_092611\" width=\"298\" height=\"223\" srcset=\"https:\/\/i0.wp.com\/bottesetvelo.com\/blog\/wp-content\/uploads\/2014\/07\/20140709_092611.jpg?resize=500%2C375&amp;ssl=1 500w, https:\/\/i0.wp.com\/bottesetvelo.com\/blog\/wp-content\/uploads\/2014\/07\/20140709_092611.jpg?resize=1024%2C768&amp;ssl=1 1024w, https:\/\/i0.wp.com\/bottesetvelo.com\/blog\/wp-content\/uploads\/2014\/07\/20140709_092611.jpg?w=2340&amp;ssl=1 2340w\" sizes=\"auto, (max-width: 298px) 100vw, 298px\" \/>y a plus d&rsquo;une semaine que nous nous sommes lanc\u00e9s dans cette aventure. Plus d&rsquo;une\u00a0semaine o\u00f9 chaque jour nous refaisons nos bagages, enfourchons nos v\u00e9los et partons sur les rives du \u00ab\u00a0chemin qui marche\u00a0\u00bb. L&rsquo;\u00e9merveillement, les plaisirs de la route, le go\u00fbt du d\u00e9passement, les pertes de rep\u00e8res, le poids des bagages, les rencontres, les blessures&#8230; Plus d&rsquo;une semaine \u00e0 traverser les nombreux \u00e9tats du p\u00e8lerins. Et ce n&rsquo;est pas fini!<\/p>\n<p style=\"text-align: justify;\">Cependant, sur le chemin, les\u00a0souffrances de certains jours en viennent parfois \u00e0 prendre le dessus&#8230; On ne se le cachera pas, l&rsquo;exigence physique d&rsquo;une telle entreprise, peu importe notre \u00e2ge, peu importe le nombre de kilom\u00e8tres que nous faisons par jour, peu importe la qualit\u00e9 de notre condition physique, nous \u00e9prouvons tous les courbatures quotidiennes\u00a0\u00e0 un moment o\u00f9 \u00e0 un autre. Et c&rsquo;est normal, notre corps se transforme. D\u00e9j\u00e0, apr\u00e8s huit jours, nous percevons des changements dans nos capacit\u00e9s physiques: perte de poids, plus <a href=\"https:\/\/i0.wp.com\/bottesetvelo.com\/blog\/wp-content\/uploads\/2014\/07\/20140709_124947.jpg?ssl=1\"><img data-recalc-dims=\"1\" loading=\"lazy\" decoding=\"async\" data-attachment-id=\"741\" data-permalink=\"https:\/\/bottesetvelo.com\/blog\/2014\/07\/10\/la-voie-du-st-laurent-jour-9-le-chemin-qui-transforme\/20140709_124947\/\" data-orig-file=\"https:\/\/i0.wp.com\/bottesetvelo.com\/blog\/wp-content\/uploads\/2014\/07\/20140709_124947.jpg?fit=1280%2C960&amp;ssl=1\" data-orig-size=\"1280,960\" data-comments-opened=\"1\" data-image-meta=\"{&quot;aperture&quot;:&quot;2.8&quot;,&quot;credit&quot;:&quot;&quot;,&quot;camera&quot;:&quot;SGH-I747M&quot;,&quot;caption&quot;:&quot;&quot;,&quot;created_timestamp&quot;:&quot;1404910187&quot;,&quot;copyright&quot;:&quot;&quot;,&quot;focal_length&quot;:&quot;2.7&quot;,&quot;iso&quot;:&quot;100&quot;,&quot;shutter_speed&quot;:&quot;0.00220264317181&quot;,&quot;title&quot;:&quot;&quot;}\" data-image-title=\"20140709_124947\" data-image-description=\"\" data-image-caption=\"\" data-large-file=\"https:\/\/i0.wp.com\/bottesetvelo.com\/blog\/wp-content\/uploads\/2014\/07\/20140709_124947.jpg?fit=1024%2C768&amp;ssl=1\" class=\"alignright wp-image-741 \" src=\"https:\/\/i0.wp.com\/bottesetvelo.com\/blog\/wp-content\/uploads\/2014\/07\/20140709_124947.jpg?resize=312%2C234&#038;ssl=1\" alt=\"20140709_124947\" width=\"312\" height=\"234\" srcset=\"https:\/\/i0.wp.com\/bottesetvelo.com\/blog\/wp-content\/uploads\/2014\/07\/20140709_124947.jpg?resize=500%2C375&amp;ssl=1 500w, https:\/\/i0.wp.com\/bottesetvelo.com\/blog\/wp-content\/uploads\/2014\/07\/20140709_124947.jpg?resize=1024%2C768&amp;ssl=1 1024w, https:\/\/i0.wp.com\/bottesetvelo.com\/blog\/wp-content\/uploads\/2014\/07\/20140709_124947.jpg?resize=624%2C468&amp;ssl=1 624w, https:\/\/i0.wp.com\/bottesetvelo.com\/blog\/wp-content\/uploads\/2014\/07\/20140709_124947.jpg?w=1280&amp;ssl=1 1280w\" sizes=\"auto, (max-width: 312px) 100vw, 312px\" \/><\/a>d&rsquo;endurance, plus fort, moins fatigu\u00e9&#8230; Physiquement, la transformation s&rsquo;exp\u00e9rimente assez rapidement et les r\u00e9sultats se per\u00e7oivent ais\u00e9ment.\u00a0Ainsi, malgr\u00e9 ces courbatures et ces douleurs plus ou moins intenses, le chemin nous porte, le chemin nous transporte. Il continue de nous interpeller et nous fait passer par des\u00a0\u00e9tats qui vont parfois d&rsquo;un extr\u00eame \u00e0 un autre. Alors que notre cheville, notre genou, notre hanche&#8230; peut nous faire souffrir, il nous fera, malgr\u00e9 tout, tomber en extase \u00e0 la vue d&rsquo;un papillon qui danse dans les premi\u00e8res lueurs du matin. Il nous fera fermer les yeux et inspirer \u00e0 plein poumon pour nous impr\u00e9gner\u00a0du parfum de ces fleurs. Il nous fera sourire en voyant cet \u00e9cureuil qui nargue le chien. Et c&rsquo;est dans ces petits \u00e9v\u00e9nements que le miracle se produit: on oublie tout pour quelques instants. Il n&rsquo;y a plus rien d&rsquo;autre qui compte. Cet instant, nous<img data-recalc-dims=\"1\" loading=\"lazy\" decoding=\"async\" data-attachment-id=\"740\" data-permalink=\"https:\/\/bottesetvelo.com\/blog\/2014\/07\/10\/la-voie-du-st-laurent-jour-9-le-chemin-qui-transforme\/20140708_185637\/\" data-orig-file=\"https:\/\/i0.wp.com\/bottesetvelo.com\/blog\/wp-content\/uploads\/2014\/07\/20140708_185637.jpg?fit=1280%2C960&amp;ssl=1\" data-orig-size=\"1280,960\" data-comments-opened=\"1\" data-image-meta=\"{&quot;aperture&quot;:&quot;2.8&quot;,&quot;credit&quot;:&quot;&quot;,&quot;camera&quot;:&quot;SGH-I747M&quot;,&quot;caption&quot;:&quot;&quot;,&quot;created_timestamp&quot;:&quot;1404845797&quot;,&quot;copyright&quot;:&quot;&quot;,&quot;focal_length&quot;:&quot;2.7&quot;,&quot;iso&quot;:&quot;1100&quot;,&quot;shutter_speed&quot;:&quot;0.0666666666667&quot;,&quot;title&quot;:&quot;&quot;}\" data-image-title=\"20140708_185637\" data-image-description=\"\" data-image-caption=\"\" data-large-file=\"https:\/\/i0.wp.com\/bottesetvelo.com\/blog\/wp-content\/uploads\/2014\/07\/20140708_185637.jpg?fit=1024%2C768&amp;ssl=1\" class=\"alignright wp-image-740 \" src=\"https:\/\/i0.wp.com\/bottesetvelo.com\/blog\/wp-content\/uploads\/2014\/07\/20140708_185637.jpg?resize=309%2C232&#038;ssl=1\" alt=\"20140708_185637\" width=\"309\" height=\"232\" srcset=\"https:\/\/i0.wp.com\/bottesetvelo.com\/blog\/wp-content\/uploads\/2014\/07\/20140708_185637.jpg?resize=500%2C375&amp;ssl=1 500w, https:\/\/i0.wp.com\/bottesetvelo.com\/blog\/wp-content\/uploads\/2014\/07\/20140708_185637.jpg?resize=1024%2C768&amp;ssl=1 1024w, https:\/\/i0.wp.com\/bottesetvelo.com\/blog\/wp-content\/uploads\/2014\/07\/20140708_185637.jpg?resize=624%2C468&amp;ssl=1 624w, https:\/\/i0.wp.com\/bottesetvelo.com\/blog\/wp-content\/uploads\/2014\/07\/20140708_185637.jpg?w=1280&amp;ssl=1 1280w\" sizes=\"auto, (max-width: 309px) 100vw, 309px\" \/> l&rsquo;\u00e9prouvons pleinement. Combien de fois accordons-nous de l&rsquo;importance et du temps\u00a0\u00e0 ces moments pour nous perdre en contemplation,\u00a0nous laisser absorber? Tout arr\u00eater pour \u00eatre l\u00e0, conscient de la vie qui se joue en nous et autour de nous? Ici, chaque jour est fait pour \u00eatre contempl\u00e9 et savour\u00e9. Chaque jour nous r\u00e9serve son lot de surprises et de petits bonheurs. Personnellement, c&rsquo;est ce qui nous incite \u00e0 poursuivre. C&rsquo;est ce qui nous fait vibrer au rythme du p\u00e8lerinage.<\/p>\n<p style=\"text-align: justify;\">Dans le cadre du projet Bottes et V\u00e9lo et de la Fondation \u00c9lan, c&rsquo;est autre chose&#8230;<\/p>\n<p style=\"text-align: justify;\">Ce matin, nous quitterons l&rsquo;Ontario pour revenir en territoire qu\u00e9b\u00e9cois. Une premi\u00e8re \u00e9tape de notre p\u00e8lerinage se termine et nous nous pr\u00e9parons \u00e0 venir vous rencontrer sur les abords du fleuve.<\/p>\n<p style=\"text-align: justify;\">En entreprenant ce p\u00e9riple, nous avions deux buts : faire la promotion du p\u00e8lerinage au Qu\u00e9bec en d\u00e9veloppant la Voie du St-Laurent et soutenir la Fondation \u00c9lan de l&rsquo;IRDPQ. Chaque jour, nous vous parlons de notre exp\u00e9rience de p\u00e8lerinage et vous \u00eates nombreux \u00e0 nous suivre. Par cette \u00e9change et ce contact, nous atteignons ainsi notre objectif de promotion.\u00a0Soutenir\u00a0la Fondation, demande un peu plus cependant et en ce moment le thermom\u00e8tre de la campagne ne bouge pas beaucoup&#8230;<\/p>\n<p style=\"text-align: justify;\">Soutenir la Fondation, c&rsquo;est contribuer financi\u00e8rement \u00e0 la construction d&rsquo;un chemin nouveau pour les p\u00e8lerins de l&rsquo;IRDPQ. Un chemin qui permet de transformer des vies, de redonner une qualit\u00e9 de vie, une autonomie, dans l&rsquo;adaptation de leur environnement. La Fondation offre r\u00e9guli\u00e8rement du soutien \u00e0 un niveau o\u00f9 les usagers n&rsquo;auraient aucune aide autrement. Chacun de vos dons compte dans l&rsquo;\u00e9laboration de ce projet.<\/p>\n<p style=\"text-align: justify;\"><img data-recalc-dims=\"1\" loading=\"lazy\" decoding=\"async\" data-attachment-id=\"633\" data-permalink=\"https:\/\/bottesetvelo.com\/blog\/2014\/06\/14\/la-fondation-elan-de-lirdpq-et-les-pelerins-du-chemin-de-la-vie\/fondation-elan-logo\/\" data-orig-file=\"https:\/\/i0.wp.com\/bottesetvelo.com\/blog\/wp-content\/uploads\/2014\/06\/Fondation-%C3%89lan-logo.png?fit=323%2C112&amp;ssl=1\" data-orig-size=\"323,112\" data-comments-opened=\"1\" data-image-meta=\"{&quot;aperture&quot;:&quot;0&quot;,&quot;credit&quot;:&quot;&quot;,&quot;camera&quot;:&quot;&quot;,&quot;caption&quot;:&quot;&quot;,&quot;created_timestamp&quot;:&quot;0&quot;,&quot;copyright&quot;:&quot;&quot;,&quot;focal_length&quot;:&quot;0&quot;,&quot;iso&quot;:&quot;0&quot;,&quot;shutter_speed&quot;:&quot;0&quot;,&quot;title&quot;:&quot;&quot;}\" data-image-title=\"Fondation \u00c9lan- logo\" data-image-description=\"\" data-image-caption=\"\" data-large-file=\"https:\/\/i0.wp.com\/bottesetvelo.com\/blog\/wp-content\/uploads\/2014\/06\/Fondation-%C3%89lan-logo.png?fit=323%2C112&amp;ssl=1\" class=\"alignright wp-image-633 \" src=\"https:\/\/i0.wp.com\/bottesetvelo.com\/blog\/wp-content\/uploads\/2014\/06\/Fondation-%C3%89lan-logo.png?resize=311%2C108&#038;ssl=1\" alt=\"Fondation \u00c9lan- logo\" width=\"311\" height=\"108\" \/>Le premier rassemblement de notre parcours en terre qu\u00e9b\u00e9coise\u00a0aura lieu demain (11\u00a0juillet) dans le Vieux-Montr\u00e9al, Place Jacques-Cartier, \u00e0 14 h. Ce sera l&rsquo;occasion de venir \u00e9changer avec nous sur le p\u00e8lerinage et d&rsquo;offrir votre soutien \u00e0 la Fondation \u00c9lan. Nous vous attendons nombreux et g\u00e9n\u00e9reux! (Pour faire un don en ligne, visitez le site de la Fondation \u00c9lan:<\/p>\n<p style=\"text-align: justify;\"><a href=\"http:\/\/www.fondationelan.com\/Evenement-8-La_voie_du_St-Laurent,_le_chemin_qui_marche_!\">http:\/\/www.fondationelan.com\/Evenement-8-La_voie_du_St-Laurent,_le_chemin_qui_marche_!<\/a><\/p>\n<p style=\"text-align: justify;\"><img data-recalc-dims=\"1\" loading=\"lazy\" decoding=\"async\" data-attachment-id=\"14\" data-permalink=\"https:\/\/bottesetvelo.com\/blog\/bottes-et-velo-le-blog\/bottes-et-velo-embleme\/\" data-orig-file=\"https:\/\/i0.wp.com\/bottesetvelo.com\/blog\/wp-content\/uploads\/2014\/01\/Bottes-et-V%C3%A9lo-Embl%C3%AAme-e1454083414631.jpg?fit=100%2C79&amp;ssl=1\" data-orig-size=\"100,79\" data-comments-opened=\"1\" data-image-meta=\"{&quot;aperture&quot;:&quot;0&quot;,&quot;credit&quot;:&quot;&quot;,&quot;camera&quot;:&quot;&quot;,&quot;caption&quot;:&quot;&quot;,&quot;created_timestamp&quot;:&quot;0&quot;,&quot;copyright&quot;:&quot;&quot;,&quot;focal_length&quot;:&quot;0&quot;,&quot;iso&quot;:&quot;0&quot;,&quot;shutter_speed&quot;:&quot;0&quot;,&quot;title&quot;:&quot;&quot;}\" data-image-title=\"Bottes et V\u00e9lo &amp;#8211; Embl\u00eame\" data-image-description=\"\" data-image-caption=\"\" data-large-file=\"https:\/\/i0.wp.com\/bottesetvelo.com\/blog\/wp-content\/uploads\/2014\/01\/Bottes-et-V%C3%A9lo-Embl%C3%AAme-e1454083414631.jpg?fit=100%2C79&amp;ssl=1\" class=\"alignright wp-image-14\" src=\"https:\/\/i0.wp.com\/bottesetvelo.com\/blog\/wp-content\/uploads\/2014\/01\/Bottes-et-V%C3%A9lo-Embl%C3%AAme.jpg?resize=83%2C65&#038;ssl=1\" alt=\"Bottes et V\u00e9lo - Embl\u00eame\" width=\"83\" height=\"65\" \/><\/p>\n<p style=\"text-align: justify;\">\u00c9ric Lalibert\u00e9<\/p>\n<p style=\"text-align: justify;\">\n","protected":false},"excerpt":{"rendered":"<p>Il y a plus d&rsquo;une semaine que nous nous sommes lanc\u00e9s dans cette aventure. Plus d&rsquo;une\u00a0semaine o\u00f9 chaque jour nous refaisons nos bagages, enfourchons nos v\u00e9los et partons sur les rives du \u00ab\u00a0chemin qui marche\u00a0\u00bb. L&rsquo;\u00e9merveillement, les plaisirs de la route, le go\u00fbt du d\u00e9passement, les pertes de rep\u00e8res, le poids des bagages, les rencontres,&hellip;<\/p>\n","protected":false},"author":3,"featured_media":0,"comment_status":"open","ping_status":"open","sticky":false,"template":"","format":"standard","meta":{"jetpack_post_was_ever_published":false,"_jetpack_newsletter_access":"","_jetpack_dont_email_post_to_subs":false,"_jetpack_newsletter_tier_id":0,"_jetpack_memberships_contains_paywalled_content":false,"_jetpack_memberships_contains_paid_content":false,"footnotes":"","jetpack_publicize_message":"","jetpack_publicize_feature_enabled":true,"jetpack_social_post_already_shared":true,"jetpack_social_options":{"image_generator_settings":{"template":"highway","default_image_id":0,"font":"","enabled":false},"version":2}},"categories":[65,66,74],"tags":[18,276,277,68],"class_list":["post-732","post","type-post","status-publish","format-standard","hentry","category-fondation-elan","category-irdpq","category-la-voie-du-st-laurent","tag-bottes-et-velo","tag-fondation-elan","tag-irdpq","tag-la-voie-du-saint-laurent"],"jetpack_publicize_connections":[],"jetpack_featured_media_url":"","jetpack_shortlink":"https:\/\/wp.me\/p4eY6z-bO","jetpack_sharing_enabled":true,"jetpack_likes_enabled":true,"jetpack-related-posts":[],"_links":{"self":[{"href":"https:\/\/bottesetvelo.com\/blog\/wp-json\/wp\/v2\/posts\/732","targetHints":{"allow":["GET"]}}],"collection":[{"href":"https:\/\/bottesetvelo.com\/blog\/wp-json\/wp\/v2\/posts"}],"about":[{"href":"https:\/\/bottesetvelo.com\/blog\/wp-json\/wp\/v2\/types\/post"}],"author":[{"embeddable":true,"href":"https:\/\/bottesetvelo.com\/blog\/wp-json\/wp\/v2\/users\/3"}],"replies":[{"embeddable":true,"href":"https:\/\/bottesetvelo.com\/blog\/wp-json\/wp\/v2\/comments?post=732"}],"version-history":[{"count":10,"href":"https:\/\/bottesetvelo.com\/blog\/wp-json\/wp\/v2\/posts\/732\/revisions"}],"predecessor-version":[{"id":746,"href":"https:\/\/bottesetvelo.com\/blog\/wp-json\/wp\/v2\/posts\/732\/revisions\/746"}],"wp:attachment":[{"href":"https:\/\/bottesetvelo.com\/blog\/wp-json\/wp\/v2\/media?parent=732"}],"wp:term":[{"taxonomy":"category","embeddable":true,"href":"https:\/\/bottesetvelo.com\/blog\/wp-json\/wp\/v2\/categories?post=732"},{"taxonomy":"post_tag","embeddable":true,"href":"https:\/\/bottesetvelo.com\/blog\/wp-json\/wp\/v2\/tags?post=732"}],"curies":[{"name":"wp","href":"https:\/\/api.w.org\/{rel}","templated":true}]}}