{"id":687,"date":"2014-07-02T08:01:28","date_gmt":"2014-07-02T12:01:28","guid":{"rendered":"http:\/\/bottesetvelo.com\/blog\/?p=687"},"modified":"2014-07-02T08:01:51","modified_gmt":"2014-07-02T12:01:51","slug":"la-voie-du-st-laurent-quand-commence-le-pelerinage","status":"publish","type":"post","link":"https:\/\/bottesetvelo.com\/blog\/2014\/07\/02\/la-voie-du-st-laurent-quand-commence-le-pelerinage\/","title":{"rendered":"La Voie du St-Laurent: Quand commence le p\u00e8lerinage?"},"content":{"rendered":"<h6 style=\"text-align: right;\"><em>Quand commence le p\u00e8lerinage? D\u00e8s l\u2019instant o\u00f9 l\u2019id\u00e9e germe en toi.<\/em><br \/>\n<em>Bottes et V\u00e9lo<\/em><\/h6>\n<p style=\"text-align: justify;\">Ces jours-ci, on nous pose souvent la question : \u00ab Quelle date partez-vous en p\u00e8lerinage? \u00bb In\u00e9vitablement, cette question nous pousse \u00e0 la r\u00e9flexion\u2026<\/p>\n<p style=\"text-align: justify;\">\u00c0 quel moment un p\u00e8lerinage d\u00e9bute-t-il r\u00e9ellement? Le jour o\u00f9 je commence \u00e0 marcher? \u00c0 rouler? Le jour o\u00f9 j\u2019ach\u00e8te mon billet d\u2019avion? Le jour o\u00f9 je prends la d\u00e9cision de partir? Le jour o\u00f9 un ami me parle de son exp\u00e9rience de p\u00e8lerinage? \u00c0 quel moment exactement est-ce que mon chemin commence?<\/p>\n<p style=\"text-align: justify;\"><a href=\"https:\/\/i0.wp.com\/bottesetvelo.com\/blog\/wp-content\/uploads\/2014\/02\/2010-525.jpg?ssl=1\"><img data-recalc-dims=\"1\" loading=\"lazy\" decoding=\"async\" data-attachment-id=\"261\" data-permalink=\"https:\/\/bottesetvelo.com\/blog\/galerie-photos-le-waterfront-trail\/2010-525\/\" data-orig-file=\"https:\/\/i0.wp.com\/bottesetvelo.com\/blog\/wp-content\/uploads\/2014\/02\/2010-525.jpg?fit=3648%2C2736&amp;ssl=1\" data-orig-size=\"3648,2736\" data-comments-opened=\"1\" data-image-meta=\"{&quot;aperture&quot;:&quot;9&quot;,&quot;credit&quot;:&quot;&quot;,&quot;camera&quot;:&quot;Canon PowerShot SD890 IS&quot;,&quot;caption&quot;:&quot;&quot;,&quot;created_timestamp&quot;:&quot;1281178384&quot;,&quot;copyright&quot;:&quot;&quot;,&quot;focal_length&quot;:&quot;6.6&quot;,&quot;iso&quot;:&quot;80&quot;,&quot;shutter_speed&quot;:&quot;0.0025&quot;,&quot;title&quot;:&quot;&quot;}\" data-image-title=\"2010 525\" data-image-description=\"\" data-image-caption=\"\" data-large-file=\"https:\/\/i0.wp.com\/bottesetvelo.com\/blog\/wp-content\/uploads\/2014\/02\/2010-525.jpg?fit=1024%2C768&amp;ssl=1\" class=\"alignright wp-image-261 \" src=\"https:\/\/i0.wp.com\/bottesetvelo.com\/blog\/wp-content\/uploads\/2014\/02\/2010-525.jpg?resize=252%2C189&#038;ssl=1\" alt=\"2010 525\" width=\"252\" height=\"189\" srcset=\"https:\/\/i0.wp.com\/bottesetvelo.com\/blog\/wp-content\/uploads\/2014\/02\/2010-525.jpg?resize=500%2C375&amp;ssl=1 500w, https:\/\/i0.wp.com\/bottesetvelo.com\/blog\/wp-content\/uploads\/2014\/02\/2010-525.jpg?resize=1024%2C768&amp;ssl=1 1024w, https:\/\/i0.wp.com\/bottesetvelo.com\/blog\/wp-content\/uploads\/2014\/02\/2010-525.jpg?resize=624%2C468&amp;ssl=1 624w, https:\/\/i0.wp.com\/bottesetvelo.com\/blog\/wp-content\/uploads\/2014\/02\/2010-525.jpg?w=2340&amp;ssl=1 2340w, https:\/\/i0.wp.com\/bottesetvelo.com\/blog\/wp-content\/uploads\/2014\/02\/2010-525.jpg?w=3510&amp;ssl=1 3510w\" sizes=\"auto, (max-width: 252px) 100vw, 252px\" \/><\/a>Plus on sonde la question, plus on recule dans le temps fouillant les replis de notre m\u00e9moire, et plus nous r\u00e9alisons que nous nous sommes mis en route d\u00e8s l\u2019instant o\u00f9 l\u2019id\u00e9e a germ\u00e9 en nous. La route commence tout en douceur comme un l\u00e9ger frisson, un pincement au c\u0153ur. Il a suffi d\u2019une fraction de seconde \u00e0 un moment de notre vie et tout notre \u00eatre s\u2019est mis en marche. Sans le savoir, presqu\u2019inconsciemment, nous savons qu\u2019il y a eu un tr\u00e8s bref instant \u00e0 l\u2019int\u00e9rieur duquel tout s\u2019est jou\u00e9. D\u00e8s cet instant, le chemin a commenc\u00e9 de nous questionner et ce ne sera qu\u2019en faisant une relecture des \u00e9v\u00e9nements que nous pourrons affirmer que le chemin est commenc\u00e9 depuis longtemps.<\/p>\n<p style=\"text-align: justify;\">Encore aujourd\u2019hui, nous vivons la m\u00eame exp\u00e9rience. En d\u00e9marrant le projet Bottes et V\u00e9lo, nous n\u2019avions l\u2019intention que de construire un site qui ferait la promotion du p\u00e8lerinage au Qu\u00e9bec et en Am\u00e9rique du Nord, qui offrirait des guides pour rendre le p\u00e8lerin autonome et partager notre exp\u00e9rience. De fil en aiguille, nous avons \u00e9t\u00e9 attentifs aux signes sur notre route et nous avons fait des choix de direction. On nous a demand\u00e9 des s\u00e9jours d\u2019initiation au p\u00e8lerinage, des ressourcements et on a pris cette route. On nous a parl\u00e9 de mettre en place un p\u00e8lerinage couvrant la Gasp\u00e9sie. On a aim\u00e9 l\u2019id\u00e9e et on a fait un peu plus\u2026<\/p>\n<p style=\"text-align: justify;\">Depuis ce moment o\u00f9 le projet de la Voie du St-Laurent s\u2019est point\u00e9 le bout du nez, une autre id\u00e9e a commenc\u00e9 de germer en nous : Et si on le faisait en soutien \u00e0 un groupe de personnes? Une id\u00e9e que l\u2019on mettait toujours de c\u00f4t\u00e9. On ne se sentait pas pr\u00eat. Mais, comme elle revenait sans cesse cogner \u00e0 notre porte, on a fini par comprendre qu\u2019il y avait l\u00e0 <img data-recalc-dims=\"1\" loading=\"lazy\" decoding=\"async\" data-attachment-id=\"691\" data-permalink=\"https:\/\/bottesetvelo.com\/blog\/2014\/07\/02\/la-voie-du-st-laurent-quand-commence-le-pelerinage\/img_0045\/\" data-orig-file=\"https:\/\/i0.wp.com\/bottesetvelo.com\/blog\/wp-content\/uploads\/2014\/07\/IMG_0045.jpg?fit=4608%2C3456&amp;ssl=1\" data-orig-size=\"4608,3456\" data-comments-opened=\"1\" data-image-meta=\"{&quot;aperture&quot;:&quot;4&quot;,&quot;credit&quot;:&quot;&quot;,&quot;camera&quot;:&quot;Canon PowerShot SX170 IS&quot;,&quot;caption&quot;:&quot;&quot;,&quot;created_timestamp&quot;:&quot;1371925748&quot;,&quot;copyright&quot;:&quot;&quot;,&quot;focal_length&quot;:&quot;8.858&quot;,&quot;iso&quot;:&quot;200&quot;,&quot;shutter_speed&quot;:&quot;0.0025&quot;,&quot;title&quot;:&quot;&quot;}\" data-image-title=\"IMG_0045\" data-image-description=\"\" data-image-caption=\"\" data-large-file=\"https:\/\/i0.wp.com\/bottesetvelo.com\/blog\/wp-content\/uploads\/2014\/07\/IMG_0045.jpg?fit=1024%2C768&amp;ssl=1\" class=\"alignright wp-image-691 \" src=\"https:\/\/i0.wp.com\/bottesetvelo.com\/blog\/wp-content\/uploads\/2014\/07\/IMG_0045.jpg?resize=244%2C183&#038;ssl=1\" alt=\"IMG_0045\" width=\"244\" height=\"183\" srcset=\"https:\/\/i0.wp.com\/bottesetvelo.com\/blog\/wp-content\/uploads\/2014\/07\/IMG_0045.jpg?resize=500%2C375&amp;ssl=1 500w, https:\/\/i0.wp.com\/bottesetvelo.com\/blog\/wp-content\/uploads\/2014\/07\/IMG_0045.jpg?resize=1024%2C768&amp;ssl=1 1024w, https:\/\/i0.wp.com\/bottesetvelo.com\/blog\/wp-content\/uploads\/2014\/07\/IMG_0045.jpg?resize=624%2C467&amp;ssl=1 624w, https:\/\/i0.wp.com\/bottesetvelo.com\/blog\/wp-content\/uploads\/2014\/07\/IMG_0045.jpg?w=2340&amp;ssl=1 2340w, https:\/\/i0.wp.com\/bottesetvelo.com\/blog\/wp-content\/uploads\/2014\/07\/IMG_0045.jpg?w=3510&amp;ssl=1 3510w\" sizes=\"auto, (max-width: 244px) 100vw, 244px\" \/>un signe important qui s\u2019annon\u00e7ait sur notre route et qu\u2019on ne pouvait le remettre \u00e0 plus tard. La question \u00e9tait maintenant : Avec qui ferons-nous ce chemin?<\/p>\n<p style=\"text-align: justify;\">En cherchant, l\u2019Institut de R\u00e9adaptation en D\u00e9ficience Physique de Qu\u00e9bec (IRDPQ) est rapidement apparu comme le groupe dont la d\u00e9marche s\u2019apparente le plus au p\u00e8lerinage. Faire la route avec les p\u00e8lerins de l\u2019IRDPQ, c\u2019est vivre avec eux une exp\u00e9rience qui nous sort de notre zone de confort pour vivre intens\u00e9ment une exp\u00e9rience qui s\u2019inscrit physiquement dans tout le corps. Une exp\u00e9rience qui nous affectera au plan spirituel, restructurant nos sch\u00e8mes de valeurs. Une exp\u00e9rience qui demande du d\u00e9passement et qui transforme \u00e0 long terme; traversant des \u00e9tats de souffrances, de d\u00e9couragements, mais aussi de <img data-recalc-dims=\"1\" loading=\"lazy\" decoding=\"async\" data-attachment-id=\"689\" data-permalink=\"https:\/\/bottesetvelo.com\/blog\/2014\/07\/02\/la-voie-du-st-laurent-quand-commence-le-pelerinage\/bv-recto\/\" data-orig-file=\"https:\/\/i0.wp.com\/bottesetvelo.com\/blog\/wp-content\/uploads\/2014\/07\/BV-recto.png?fit=4500%2C3000&amp;ssl=1\" data-orig-size=\"4500,3000\" data-comments-opened=\"1\" data-image-meta=\"{&quot;aperture&quot;:&quot;0&quot;,&quot;credit&quot;:&quot;&quot;,&quot;camera&quot;:&quot;&quot;,&quot;caption&quot;:&quot;&quot;,&quot;created_timestamp&quot;:&quot;0&quot;,&quot;copyright&quot;:&quot;&quot;,&quot;focal_length&quot;:&quot;0&quot;,&quot;iso&quot;:&quot;0&quot;,&quot;shutter_speed&quot;:&quot;0&quot;,&quot;title&quot;:&quot;&quot;}\" data-image-title=\"B&amp;#038;V recto\" data-image-description=\"\" data-image-caption=\"\" data-large-file=\"https:\/\/i0.wp.com\/bottesetvelo.com\/blog\/wp-content\/uploads\/2014\/07\/BV-recto.png?fit=1024%2C682&amp;ssl=1\" class=\"alignleft wp-image-689 \" src=\"https:\/\/i0.wp.com\/bottesetvelo.com\/blog\/wp-content\/uploads\/2014\/07\/BV-recto.png?resize=387%2C258&#038;ssl=1\" alt=\"B&amp;V recto\" width=\"387\" height=\"258\" srcset=\"https:\/\/i0.wp.com\/bottesetvelo.com\/blog\/wp-content\/uploads\/2014\/07\/BV-recto.png?resize=500%2C333&amp;ssl=1 500w, https:\/\/i0.wp.com\/bottesetvelo.com\/blog\/wp-content\/uploads\/2014\/07\/BV-recto.png?resize=1024%2C682&amp;ssl=1 1024w, https:\/\/i0.wp.com\/bottesetvelo.com\/blog\/wp-content\/uploads\/2014\/07\/BV-recto.png?resize=624%2C416&amp;ssl=1 624w, https:\/\/i0.wp.com\/bottesetvelo.com\/blog\/wp-content\/uploads\/2014\/07\/BV-recto.png?w=2340&amp;ssl=1 2340w, https:\/\/i0.wp.com\/bottesetvelo.com\/blog\/wp-content\/uploads\/2014\/07\/BV-recto.png?w=3510&amp;ssl=1 3510w\" sizes=\"auto, (max-width: 387px) 100vw, 387px\" \/>joies extr\u00eames face aux victoires remport\u00e9es. Une d\u00e9couverte du bonheur dans l\u2019accomplissement de gestes tout simples\u2026 Une conscience de sa propre vuln\u00e9rabilit\u00e9 et de l\u2019importance de se supporter les uns les autres. Une conscience qui s\u2019aiguise et nous offre un regard neuf sur la vie, sur le pr\u00e9cieux de la Vie!<\/p>\n<p style=\"text-align: justify;\">En cela, le p\u00e8lerin de l\u2019IRDPQ ne se distingue pas des autres p\u00e8lerins. Dans la fraction de seconde o\u00f9 sa vie a chavir\u00e9, le chemin qui allait le sortir de sa zone de confort, le d\u00e9stabiliser, a commenc\u00e9 \u00e0 se dessiner. Un chemin diff\u00e9rent, plus intense certainement dans l\u2019\u00e9preuve, mais au parcours semblable. Avec du recul face \u00e0 l&rsquo;\u00e9preuve, tous les p\u00e8lerins peuvent t\u00e9moigner que leur exp\u00e9rience de vie les avait en quelque sorte pr\u00e9par\u00e9s; leur donnant la force et le courage de surmonter cette perte de rep\u00e8res. Ceux et celles qui se rel\u00e8vent trouvent la force et l\u2019\u00e9nergie en eux et autour d\u2019eux <img data-recalc-dims=\"1\" loading=\"lazy\" decoding=\"async\" data-attachment-id=\"690\" data-permalink=\"https:\/\/bottesetvelo.com\/blog\/2014\/07\/02\/la-voie-du-st-laurent-quand-commence-le-pelerinage\/bv-verso\/\" data-orig-file=\"https:\/\/i0.wp.com\/bottesetvelo.com\/blog\/wp-content\/uploads\/2014\/07\/BV-verso.png?fit=4500%2C3000&amp;ssl=1\" data-orig-size=\"4500,3000\" data-comments-opened=\"1\" data-image-meta=\"{&quot;aperture&quot;:&quot;0&quot;,&quot;credit&quot;:&quot;&quot;,&quot;camera&quot;:&quot;&quot;,&quot;caption&quot;:&quot;&quot;,&quot;created_timestamp&quot;:&quot;0&quot;,&quot;copyright&quot;:&quot;&quot;,&quot;focal_length&quot;:&quot;0&quot;,&quot;iso&quot;:&quot;0&quot;,&quot;shutter_speed&quot;:&quot;0&quot;,&quot;title&quot;:&quot;&quot;}\" data-image-title=\"B&amp;#038;V verso\" data-image-description=\"\" data-image-caption=\"\" data-large-file=\"https:\/\/i0.wp.com\/bottesetvelo.com\/blog\/wp-content\/uploads\/2014\/07\/BV-verso.png?fit=1024%2C682&amp;ssl=1\" class=\"alignright wp-image-690\" src=\"https:\/\/i0.wp.com\/bottesetvelo.com\/blog\/wp-content\/uploads\/2014\/07\/BV-verso.png?resize=356%2C237&#038;ssl=1\" alt=\"B&amp;V verso\" width=\"356\" height=\"237\" srcset=\"https:\/\/i0.wp.com\/bottesetvelo.com\/blog\/wp-content\/uploads\/2014\/07\/BV-verso.png?resize=500%2C333&amp;ssl=1 500w, https:\/\/i0.wp.com\/bottesetvelo.com\/blog\/wp-content\/uploads\/2014\/07\/BV-verso.png?resize=1024%2C682&amp;ssl=1 1024w, https:\/\/i0.wp.com\/bottesetvelo.com\/blog\/wp-content\/uploads\/2014\/07\/BV-verso.png?resize=624%2C416&amp;ssl=1 624w, https:\/\/i0.wp.com\/bottesetvelo.com\/blog\/wp-content\/uploads\/2014\/07\/BV-verso.png?w=2340&amp;ssl=1 2340w, https:\/\/i0.wp.com\/bottesetvelo.com\/blog\/wp-content\/uploads\/2014\/07\/BV-verso.png?w=3510&amp;ssl=1 3510w\" sizes=\"auto, (max-width: 356px) 100vw, 356px\" \/>pour se d\u00e9passer. Nous ne sommes pas seuls! Il y a toujours une rencontre inattendue sur notre route, un ange qui passe, pour nous soutenir, nous aider \u00e0 poursuivre notre chemin.<\/p>\n<p style=\"text-align: justify;\">Nos bagages sont maintenant pr\u00eats et, ce matin, 2 juillet 2014, \u00e0 11h35 depuis l\u2019a\u00e9roport de Qu\u00e9bec, nous prenons l\u2019avion en direction des Chutes du Niagara. C\u2019est avec vous tous, p\u00e8lerins de l\u2019IRDPQ, p\u00e8lerins des grands chemins, que nous poursuivons notre route; prenant avec nous un peu de chacun de vous dans nos bagages, dans nos c\u0153urs. Votre courage et votre puissance de r\u00e9silience nous accompagne. C\u2019est avec vous <a href=\"http:\/\/www.fondationelan.com\/Evenement-8-La_voie_du_St-Laurent,_le_chemin_qui_marche_!\"><img data-recalc-dims=\"1\" loading=\"lazy\" decoding=\"async\" data-attachment-id=\"638\" data-permalink=\"https:\/\/bottesetvelo.com\/blog\/2014\/06\/19\/le-courage-des-pelerins-de-lirdpq\/bouton-faire-un-don\/\" data-orig-file=\"https:\/\/i0.wp.com\/bottesetvelo.com\/blog\/wp-content\/uploads\/2014\/06\/Bouton-faire-un-don.png?fit=649%2C326&amp;ssl=1\" data-orig-size=\"649,326\" data-comments-opened=\"1\" data-image-meta=\"{&quot;aperture&quot;:&quot;0&quot;,&quot;credit&quot;:&quot;&quot;,&quot;camera&quot;:&quot;&quot;,&quot;caption&quot;:&quot;&quot;,&quot;created_timestamp&quot;:&quot;0&quot;,&quot;copyright&quot;:&quot;&quot;,&quot;focal_length&quot;:&quot;0&quot;,&quot;iso&quot;:&quot;0&quot;,&quot;shutter_speed&quot;:&quot;0&quot;,&quot;title&quot;:&quot;&quot;}\" data-image-title=\"Bouton- faire un don\" data-image-description=\"\" data-image-caption=\"\" data-large-file=\"https:\/\/i0.wp.com\/bottesetvelo.com\/blog\/wp-content\/uploads\/2014\/06\/Bouton-faire-un-don.png?fit=649%2C326&amp;ssl=1\" class=\"alignright wp-image-638\" src=\"https:\/\/i0.wp.com\/bottesetvelo.com\/blog\/wp-content\/uploads\/2014\/06\/Bouton-faire-un-don.png?resize=295%2C148&#038;ssl=1\" alt=\"Bouton- faire un don\" width=\"295\" height=\"148\" srcset=\"https:\/\/i0.wp.com\/bottesetvelo.com\/blog\/wp-content\/uploads\/2014\/06\/Bouton-faire-un-don.png?resize=500%2C251&amp;ssl=1 500w, https:\/\/i0.wp.com\/bottesetvelo.com\/blog\/wp-content\/uploads\/2014\/06\/Bouton-faire-un-don.png?resize=624%2C313&amp;ssl=1 624w, https:\/\/i0.wp.com\/bottesetvelo.com\/blog\/wp-content\/uploads\/2014\/06\/Bouton-faire-un-don.png?w=649&amp;ssl=1 649w\" sizes=\"auto, (max-width: 295px) 100vw, 295px\" \/><\/a>que nous entreprenons la route de la Voie du St-Laurent, le Chemin qui Marche. Nous esp\u00e9rons que vous serez nombreux p\u00e8lerins en tout genre \u00e0 venir nous saluer sur ce chemin et que cette exp\u00e9rience sera un moment charni\u00e8re dans l\u2019histoire du p\u00e8lerinage au Qu\u00e9bec.<\/p>\n<p style=\"text-align: justify;\">On se retrouve ce soir aux Chutes du Niagara!<img data-recalc-dims=\"1\" loading=\"lazy\" decoding=\"async\" data-attachment-id=\"14\" data-permalink=\"https:\/\/bottesetvelo.com\/blog\/bottes-et-velo-le-blog\/bottes-et-velo-embleme\/\" data-orig-file=\"https:\/\/i0.wp.com\/bottesetvelo.com\/blog\/wp-content\/uploads\/2014\/01\/Bottes-et-V%C3%A9lo-Embl%C3%AAme-e1454083414631.jpg?fit=100%2C79&amp;ssl=1\" data-orig-size=\"100,79\" data-comments-opened=\"1\" data-image-meta=\"{&quot;aperture&quot;:&quot;0&quot;,&quot;credit&quot;:&quot;&quot;,&quot;camera&quot;:&quot;&quot;,&quot;caption&quot;:&quot;&quot;,&quot;created_timestamp&quot;:&quot;0&quot;,&quot;copyright&quot;:&quot;&quot;,&quot;focal_length&quot;:&quot;0&quot;,&quot;iso&quot;:&quot;0&quot;,&quot;shutter_speed&quot;:&quot;0&quot;,&quot;title&quot;:&quot;&quot;}\" data-image-title=\"Bottes et V\u00e9lo &amp;#8211; Embl\u00eame\" data-image-description=\"\" data-image-caption=\"\" data-large-file=\"https:\/\/i0.wp.com\/bottesetvelo.com\/blog\/wp-content\/uploads\/2014\/01\/Bottes-et-V%C3%A9lo-Embl%C3%AAme-e1454083414631.jpg?fit=100%2C79&amp;ssl=1\" class=\"alignright wp-image-14 \" src=\"https:\/\/i0.wp.com\/bottesetvelo.com\/blog\/wp-content\/uploads\/2014\/01\/Bottes-et-V%C3%A9lo-Embl%C3%AAme.jpg?resize=80%2C63&#038;ssl=1\" alt=\"Bottes et V\u00e9lo - Embl\u00eame\" width=\"80\" height=\"63\" \/><\/p>\n<p style=\"text-align: justify;\">\u00c9ric Lalibert\u00e9 et Brigitte Harouni<\/p>\n","protected":false},"excerpt":{"rendered":"<p>Quand commence le p\u00e8lerinage? D\u00e8s l\u2019instant o\u00f9 l\u2019id\u00e9e germe en toi. Bottes et V\u00e9lo Ces jours-ci, on nous pose souvent la question : \u00ab Quelle date partez-vous en p\u00e8lerinage? \u00bb In\u00e9vitablement, cette question nous pousse \u00e0 la r\u00e9flexion\u2026 \u00c0 quel moment un p\u00e8lerinage d\u00e9bute-t-il r\u00e9ellement? Le jour o\u00f9 je commence \u00e0 marcher? \u00c0 rouler? Le&hellip;<\/p>\n","protected":false},"author":3,"featured_media":0,"comment_status":"open","ping_status":"open","sticky":false,"template":"","format":"standard","meta":{"jetpack_post_was_ever_published":false,"_jetpack_newsletter_access":"","_jetpack_dont_email_post_to_subs":false,"_jetpack_newsletter_tier_id":0,"_jetpack_memberships_contains_paywalled_content":false,"_jetpack_memberships_contains_paid_content":false,"footnotes":"","jetpack_publicize_message":"","jetpack_publicize_feature_enabled":true,"jetpack_social_post_already_shared":true,"jetpack_social_options":{"image_generator_settings":{"template":"highway","default_image_id":0,"font":"","enabled":false},"version":2}},"categories":[11,9,3],"tags":[18,276,277,68,13,38],"class_list":["post-687","post","type-post","status-publish","format-standard","hentry","category-bien-etre-physique","category-chemins-de-pelerinage","category-reflexions","tag-bottes-et-velo","tag-fondation-elan","tag-irdpq","tag-la-voie-du-saint-laurent","tag-pelerinage","tag-reflexion"],"jetpack_publicize_connections":[],"jetpack_featured_media_url":"","jetpack_shortlink":"https:\/\/wp.me\/p4eY6z-b5","jetpack_sharing_enabled":true,"jetpack_likes_enabled":true,"jetpack-related-posts":[],"_links":{"self":[{"href":"https:\/\/bottesetvelo.com\/blog\/wp-json\/wp\/v2\/posts\/687","targetHints":{"allow":["GET"]}}],"collection":[{"href":"https:\/\/bottesetvelo.com\/blog\/wp-json\/wp\/v2\/posts"}],"about":[{"href":"https:\/\/bottesetvelo.com\/blog\/wp-json\/wp\/v2\/types\/post"}],"author":[{"embeddable":true,"href":"https:\/\/bottesetvelo.com\/blog\/wp-json\/wp\/v2\/users\/3"}],"replies":[{"embeddable":true,"href":"https:\/\/bottesetvelo.com\/blog\/wp-json\/wp\/v2\/comments?post=687"}],"version-history":[{"count":1,"href":"https:\/\/bottesetvelo.com\/blog\/wp-json\/wp\/v2\/posts\/687\/revisions"}],"predecessor-version":[{"id":692,"href":"https:\/\/bottesetvelo.com\/blog\/wp-json\/wp\/v2\/posts\/687\/revisions\/692"}],"wp:attachment":[{"href":"https:\/\/bottesetvelo.com\/blog\/wp-json\/wp\/v2\/media?parent=687"}],"wp:term":[{"taxonomy":"category","embeddable":true,"href":"https:\/\/bottesetvelo.com\/blog\/wp-json\/wp\/v2\/categories?post=687"},{"taxonomy":"post_tag","embeddable":true,"href":"https:\/\/bottesetvelo.com\/blog\/wp-json\/wp\/v2\/tags?post=687"}],"curies":[{"name":"wp","href":"https:\/\/api.w.org\/{rel}","templated":true}]}}