{"id":679,"date":"2014-06-30T21:47:47","date_gmt":"2014-07-01T01:47:47","guid":{"rendered":"http:\/\/bottesetvelo.com\/blog\/?p=679"},"modified":"2014-06-30T21:47:47","modified_gmt":"2014-07-01T01:47:47","slug":"juillet-la-librairie-du-pelerin-vous-propose-trois-titres","status":"publish","type":"post","link":"https:\/\/bottesetvelo.com\/blog\/2014\/06\/30\/juillet-la-librairie-du-pelerin-vous-propose-trois-titres\/","title":{"rendered":"Juillet: La librairie du p\u00e8lerin vous propose trois titres"},"content":{"rendered":"<p style=\"text-align: justify;\">Chaque mois, Bottes et V\u00e9lo vous propose trois titres que nous avons s\u00e9lectionn\u00e9s afin d&rsquo;alimenter votre r\u00e9flexion sur le p\u00e8lerinage de longue randonn\u00e9e. Ces livres se veulent des outils permettant de contribuer graduellement \u00e0 l&rsquo;int\u00e9gration du p\u00e8lerinage dans nos vies. Exercice d&rsquo;un mode de vie sain, le p\u00e8lerinage est un art de vivre qui tient compte des multiples facettes de notre humanit\u00e9.<\/p>\n<p style=\"text-align: justify;\"><span style=\"color: #800000;\"><strong>Nous profitons de l&rsquo;occasion pour vous aviser que la librairie du p\u00e8lerin fera rel\u00e2che pour le mois d&rsquo;ao\u00fbt.<\/strong><\/span><\/p>\n<p style=\"text-align: justify;\">Voici les trois titres que nous avons retenus pour vous ce mois-ci:<\/p>\n<p><img data-recalc-dims=\"1\" loading=\"lazy\" decoding=\"async\" data-attachment-id=\"680\" data-permalink=\"https:\/\/bottesetvelo.com\/blog\/2014\/06\/30\/juillet-la-librairie-du-pelerin-vous-propose-trois-titres\/selection-juillet-2014\/\" data-orig-file=\"https:\/\/i0.wp.com\/bottesetvelo.com\/blog\/wp-content\/uploads\/2014\/06\/S%C3%A9lection-juillet-2014.png?fit=1108%2C507&amp;ssl=1\" data-orig-size=\"1108,507\" data-comments-opened=\"1\" data-image-meta=\"{&quot;aperture&quot;:&quot;0&quot;,&quot;credit&quot;:&quot;&quot;,&quot;camera&quot;:&quot;&quot;,&quot;caption&quot;:&quot;&quot;,&quot;created_timestamp&quot;:&quot;0&quot;,&quot;copyright&quot;:&quot;&quot;,&quot;focal_length&quot;:&quot;0&quot;,&quot;iso&quot;:&quot;0&quot;,&quot;shutter_speed&quot;:&quot;0&quot;,&quot;title&quot;:&quot;&quot;}\" data-image-title=\"S\u00e9lection &amp;#8211; juillet 2014\" data-image-description=\"\" data-image-caption=\"\" data-large-file=\"https:\/\/i0.wp.com\/bottesetvelo.com\/blog\/wp-content\/uploads\/2014\/06\/S%C3%A9lection-juillet-2014.png?fit=1024%2C468&amp;ssl=1\" class=\"aligncenter wp-image-680\" src=\"https:\/\/i0.wp.com\/bottesetvelo.com\/blog\/wp-content\/uploads\/2014\/06\/S%C3%A9lection-juillet-2014.png?resize=632%2C288&#038;ssl=1\" alt=\"S\u00e9lection - juillet 2014\" width=\"632\" height=\"288\" srcset=\"https:\/\/i0.wp.com\/bottesetvelo.com\/blog\/wp-content\/uploads\/2014\/06\/S%C3%A9lection-juillet-2014.png?resize=500%2C228&amp;ssl=1 500w, https:\/\/i0.wp.com\/bottesetvelo.com\/blog\/wp-content\/uploads\/2014\/06\/S%C3%A9lection-juillet-2014.png?resize=1024%2C468&amp;ssl=1 1024w, https:\/\/i0.wp.com\/bottesetvelo.com\/blog\/wp-content\/uploads\/2014\/06\/S%C3%A9lection-juillet-2014.png?resize=624%2C285&amp;ssl=1 624w, https:\/\/i0.wp.com\/bottesetvelo.com\/blog\/wp-content\/uploads\/2014\/06\/S%C3%A9lection-juillet-2014.png?w=1108&amp;ssl=1 1108w\" sizes=\"auto, (max-width: 632px) 100vw, 632px\" \/><\/p>\n<h1 class=\"parseasinTitle\"><\/h1>\n<h1 class=\"parseasinTitle\"><span id=\"btAsinTitle\"><span style=\"padding-left: 0;\">L&rsquo;assise et la marche<a href=\"http:\/\/bottesetvelo.com\/bottes-et-velo-librairie\"><img data-recalc-dims=\"1\" loading=\"lazy\" decoding=\"async\" data-attachment-id=\"682\" data-permalink=\"https:\/\/bottesetvelo.com\/blog\/2014\/06\/30\/juillet-la-librairie-du-pelerin-vous-propose-trois-titres\/leloup-lassise-et-la-marche\/\" data-orig-file=\"https:\/\/i0.wp.com\/bottesetvelo.com\/blog\/wp-content\/uploads\/2014\/06\/Leloup-Lassise-et-la-marche.png?fit=201%2C308&amp;ssl=1\" data-orig-size=\"201,308\" data-comments-opened=\"1\" data-image-meta=\"{&quot;aperture&quot;:&quot;0&quot;,&quot;credit&quot;:&quot;&quot;,&quot;camera&quot;:&quot;&quot;,&quot;caption&quot;:&quot;&quot;,&quot;created_timestamp&quot;:&quot;0&quot;,&quot;copyright&quot;:&quot;&quot;,&quot;focal_length&quot;:&quot;0&quot;,&quot;iso&quot;:&quot;0&quot;,&quot;shutter_speed&quot;:&quot;0&quot;,&quot;title&quot;:&quot;&quot;}\" data-image-title=\"Leloup &amp;#8211; L&amp;rsquo;assise et la marche\" data-image-description=\"\" data-image-caption=\"\" data-large-file=\"https:\/\/i0.wp.com\/bottesetvelo.com\/blog\/wp-content\/uploads\/2014\/06\/Leloup-Lassise-et-la-marche.png?fit=201%2C308&amp;ssl=1\" class=\"alignright wp-image-682 size-full\" src=\"https:\/\/i0.wp.com\/bottesetvelo.com\/blog\/wp-content\/uploads\/2014\/06\/Leloup-Lassise-et-la-marche.png?resize=201%2C308&#038;ssl=1\" alt=\"Leloup - L'assise et la marche\" width=\"201\" height=\"308\" \/><\/a><\/span><\/span><\/h1>\n<p style=\"text-align: justify;\">L&rsquo;assise et la marche sont deux postures compl\u00e9mentaires face \u00e0 la vie. M\u00e9diter, pour ne pas\u00a0se laisser disperser, mais rester au contraire en connexion avec soi-m\u00eame. Marcher, pour ne pas rester prisonniers des liens qui nous entravent, mais \u00eatre toujours reli\u00e9 au mouvement de la vie. Jean-Yves Leloup n&rsquo;a jamais interrompu cette recherche int\u00e9rieure, faite de m\u00e9ditations inspir\u00e9es des traditions chr\u00e9tiennes et orientales, et de marches, des sommets du mont Kailach aux dunes du d\u00e9sert. Puisant \u00e0 la source de la mystique et des grands textes sacr\u00e9s, il nous livre ici un v\u00e9ritable \u00e9loge du voyage int\u00e9rieur&#8230;<\/p>\n<h1 class=\"parseasinTitle\"><span id=\"btAsinTitle\"><span style=\"padding-left: 0;\">Marche avant: Vade-mecum \u00e0 l&rsquo;usage des aventuriers de grand chemin et des voyageurs immobiles<\/span><\/span><\/h1>\n<p style=\"text-align: justify;\"><a href=\"http:\/\/bottesetvelo.com\/bottes-et-velo-librairie\"><img data-recalc-dims=\"1\" loading=\"lazy\" decoding=\"async\" data-attachment-id=\"683\" data-permalink=\"https:\/\/bottesetvelo.com\/blog\/2014\/06\/30\/juillet-la-librairie-du-pelerin-vous-propose-trois-titres\/poussin-marche-avant\/\" data-orig-file=\"https:\/\/i0.wp.com\/bottesetvelo.com\/blog\/wp-content\/uploads\/2014\/06\/Poussin-Marche-avant.png?fit=315%2C464&amp;ssl=1\" data-orig-size=\"315,464\" data-comments-opened=\"1\" data-image-meta=\"{&quot;aperture&quot;:&quot;0&quot;,&quot;credit&quot;:&quot;&quot;,&quot;camera&quot;:&quot;&quot;,&quot;caption&quot;:&quot;&quot;,&quot;created_timestamp&quot;:&quot;0&quot;,&quot;copyright&quot;:&quot;&quot;,&quot;focal_length&quot;:&quot;0&quot;,&quot;iso&quot;:&quot;0&quot;,&quot;shutter_speed&quot;:&quot;0&quot;,&quot;title&quot;:&quot;&quot;}\" data-image-title=\"Poussin &amp;#8211; Marche avant\" data-image-description=\"\" data-image-caption=\"\" data-large-file=\"https:\/\/i0.wp.com\/bottesetvelo.com\/blog\/wp-content\/uploads\/2014\/06\/Poussin-Marche-avant.png?fit=315%2C464&amp;ssl=1\" class=\"alignright wp-image-683\" src=\"https:\/\/i0.wp.com\/bottesetvelo.com\/blog\/wp-content\/uploads\/2014\/06\/Poussin-Marche-avant.png?resize=206%2C303&#038;ssl=1\" alt=\"Poussin - Marche avant\" width=\"206\" height=\"303\" \/><\/a>Qu&rsquo;est-ce qui fait courir les Poussin ? Qu&rsquo;est-ce qui les fait chaque fois partir et repousser les limites de leur monde ? Dans ce livre, \u00e0 la fois pratique et philosophique, personnel et universel, Alexandre Poussin \u00e9voque sa vie d&rsquo;aventurier, de p\u00e8re de famille et sa curiosit\u00e9 insatiable pour notre plan\u00e8te. C&rsquo;est au Canada, o\u00f9 il a pass\u00e9 ses premi\u00e8res ann\u00e9es, qu&rsquo;il a attrap\u00e9 le virus des grands espaces. Encore enfant, \u00e0 la suite d&rsquo;un grave accident, il a pass\u00e9 une ann\u00e9e \u00e0 Garches, immobile : le voyage int\u00e9rieur a pr\u00e9c\u00e9d\u00e9 l&rsquo;aventure physique. La famille, le sport, le scoutisme, l&rsquo;ont pr\u00e9par\u00e9 \u00e0 ses premi\u00e8res aventures avec Sylvain Tesson, puis avec Sonia. Aujourd&rsquo;hui, il ne con\u00e7oit pas de partir sans ses enfants, et c&rsquo;est aussi avec eux que se fera le prochain grand voyage. Toujours \u00e0 pied ! Alexandre Poussin est en effet un passionn\u00e9 de la marche, qui poss\u00e8de \u00e0 ses yeux des pouvoirs insoup\u00e7onn\u00e9s. Jusqu&rsquo;\u00e0 celui de changer le monde, car elle permet de consommer moins, de voyager utile et de pr\u00e9server la plan\u00e8te. Un livre \u00e0 lire assis&#8230; ou en marchant.<\/p>\n<h1 class=\"parseasinTitle\"><span id=\"btAsinTitle\"><span style=\"padding-left: 0;\">VA VERS TOI-M\u00caME OU L&rsquo;IMPORTANCE DE SE REMETTRE EN MARCHE<\/span><\/span><\/h1>\n<p style=\"text-align: justify;\">Aller vers soi-m\u00eame ou Comment se <a href=\"http:\/\/bottesetvelo.com\/bottes-et-velo-librairie\"><img data-recalc-dims=\"1\" loading=\"lazy\" decoding=\"async\" data-attachment-id=\"684\" data-permalink=\"https:\/\/bottesetvelo.com\/blog\/2014\/06\/30\/juillet-la-librairie-du-pelerin-vous-propose-trois-titres\/angelard-va-vers-toi-meme\/\" data-orig-file=\"https:\/\/i0.wp.com\/bottesetvelo.com\/blog\/wp-content\/uploads\/2014\/06\/Angelard-Va-vers-toi-m%C3%AAme.png?fit=262%2C304&amp;ssl=1\" data-orig-size=\"262,304\" data-comments-opened=\"1\" data-image-meta=\"{&quot;aperture&quot;:&quot;0&quot;,&quot;credit&quot;:&quot;&quot;,&quot;camera&quot;:&quot;&quot;,&quot;caption&quot;:&quot;&quot;,&quot;created_timestamp&quot;:&quot;0&quot;,&quot;copyright&quot;:&quot;&quot;,&quot;focal_length&quot;:&quot;0&quot;,&quot;iso&quot;:&quot;0&quot;,&quot;shutter_speed&quot;:&quot;0&quot;,&quot;title&quot;:&quot;&quot;}\" data-image-title=\"Angelard &amp;#8211; Va vers toi-m\u00eame\" data-image-description=\"\" data-image-caption=\"\" data-large-file=\"https:\/\/i0.wp.com\/bottesetvelo.com\/blog\/wp-content\/uploads\/2014\/06\/Angelard-Va-vers-toi-m%C3%AAme.png?fit=262%2C304&amp;ssl=1\" class=\"alignright wp-image-684 size-full\" src=\"https:\/\/i0.wp.com\/bottesetvelo.com\/blog\/wp-content\/uploads\/2014\/06\/Angelard-Va-vers-toi-m%C3%AAme.png?resize=262%2C304&#038;ssl=1\" alt=\"Angelard - Va vers toi-m\u00eame\" width=\"262\" height=\"304\" \/><\/a>remettre en marche propose une r\u00e9flexion sur une approche m\u00e9ditative pour retrouver, dans le mouvement de la marche, le chemin vers soi-m\u00eame. Le mouvement bio-m\u00e9canique de la marche qui d\u00e9gage une \u00e9nergie particuli\u00e8re influen\u00e7ant le corps et l\u2019esprit est associ\u00e9 \u00e0 une forme de m\u00e9ditation. Marcher, c\u2019est remettre le corps en mouvement, m\u00eame dans ses dimensions spirituelles. L\u2019auteure passe en revue diff\u00e9rents types de marche (la marche lente, la promenade, la marche athl\u00e9tique, la marche-visite) en fonction des effets particuliers de chacun sur le corps et l\u2019esprit.<\/p>\n","protected":false},"excerpt":{"rendered":"<p>Chaque mois, Bottes et V\u00e9lo vous propose trois titres que nous avons s\u00e9lectionn\u00e9s afin d&rsquo;alimenter votre r\u00e9flexion sur le p\u00e8lerinage de longue randonn\u00e9e. Ces livres se veulent des outils permettant de contribuer graduellement \u00e0 l&rsquo;int\u00e9gration du p\u00e8lerinage dans nos vies. Exercice d&rsquo;un mode de vie sain, le p\u00e8lerinage est un art de vivre qui tient&hellip;<\/p>\n","protected":false},"author":1,"featured_media":0,"comment_status":"open","ping_status":"open","sticky":false,"template":"","format":"standard","meta":{"jetpack_post_was_ever_published":false,"_jetpack_newsletter_access":"","_jetpack_dont_email_post_to_subs":false,"_jetpack_newsletter_tier_id":0,"_jetpack_memberships_contains_paywalled_content":false,"_jetpack_memberships_contains_paid_content":false,"footnotes":"","jetpack_publicize_message":"","jetpack_publicize_feature_enabled":true,"jetpack_social_post_already_shared":true,"jetpack_social_options":{"image_generator_settings":{"template":"highway","default_image_id":0,"font":"","enabled":false},"version":2}},"categories":[8,1],"tags":[73,275,72,40,71,35,70],"class_list":["post-679","post","type-post","status-publish","format-standard","hentry","category-revue-litteraire","category-uncategorized","tag-alexandre-poussin","tag-art-de-vivre","tag-christine-angelard","tag-croissance-personnelle-2","tag-jean-yves-leloup","tag-livre","tag-recit-de-voyage"],"jetpack_publicize_connections":[],"jetpack_featured_media_url":"","jetpack_shortlink":"https:\/\/wp.me\/p4eY6z-aX","jetpack_sharing_enabled":true,"jetpack_likes_enabled":true,"jetpack-related-posts":[],"_links":{"self":[{"href":"https:\/\/bottesetvelo.com\/blog\/wp-json\/wp\/v2\/posts\/679","targetHints":{"allow":["GET"]}}],"collection":[{"href":"https:\/\/bottesetvelo.com\/blog\/wp-json\/wp\/v2\/posts"}],"about":[{"href":"https:\/\/bottesetvelo.com\/blog\/wp-json\/wp\/v2\/types\/post"}],"author":[{"embeddable":true,"href":"https:\/\/bottesetvelo.com\/blog\/wp-json\/wp\/v2\/users\/1"}],"replies":[{"embeddable":true,"href":"https:\/\/bottesetvelo.com\/blog\/wp-json\/wp\/v2\/comments?post=679"}],"version-history":[{"count":3,"href":"https:\/\/bottesetvelo.com\/blog\/wp-json\/wp\/v2\/posts\/679\/revisions"}],"predecessor-version":[{"id":686,"href":"https:\/\/bottesetvelo.com\/blog\/wp-json\/wp\/v2\/posts\/679\/revisions\/686"}],"wp:attachment":[{"href":"https:\/\/bottesetvelo.com\/blog\/wp-json\/wp\/v2\/media?parent=679"}],"wp:term":[{"taxonomy":"category","embeddable":true,"href":"https:\/\/bottesetvelo.com\/blog\/wp-json\/wp\/v2\/categories?post=679"},{"taxonomy":"post_tag","embeddable":true,"href":"https:\/\/bottesetvelo.com\/blog\/wp-json\/wp\/v2\/tags?post=679"}],"curies":[{"name":"wp","href":"https:\/\/api.w.org\/{rel}","templated":true}]}}