{"id":668,"date":"2014-06-27T19:52:39","date_gmt":"2014-06-27T23:52:39","guid":{"rendered":"http:\/\/bottesetvelo.com\/blog\/?p=668"},"modified":"2014-06-27T19:52:39","modified_gmt":"2014-06-27T23:52:39","slug":"notre-essentiel-pour-un-pelerinage-a-velo","status":"publish","type":"post","link":"https:\/\/bottesetvelo.com\/blog\/2014\/06\/27\/notre-essentiel-pour-un-pelerinage-a-velo\/","title":{"rendered":"Notre essentiel pour un p\u00e8lerinage \u00e0 v\u00e9lo"},"content":{"rendered":"<h6 style=\"text-align: right;\"><em>Voyager c\u2019est partir et quitter ce qui nous encombre pour aller vers un mieux-\u00eatre.<\/em><br \/>\n<em>Bottes et V\u00e9lo<\/em><\/h6>\n<p style=\"text-align: justify;\"><a href=\"https:\/\/i0.wp.com\/bottesetvelo.com\/blog\/wp-content\/uploads\/2014\/06\/2010-325.jpg?ssl=1\"><img data-recalc-dims=\"1\" loading=\"lazy\" decoding=\"async\" data-attachment-id=\"674\" data-permalink=\"https:\/\/bottesetvelo.com\/blog\/2014\/06\/27\/notre-essentiel-pour-un-pelerinage-a-velo\/2010-325-2\/\" data-orig-file=\"https:\/\/i0.wp.com\/bottesetvelo.com\/blog\/wp-content\/uploads\/2014\/06\/2010-325.jpg?fit=2736%2C3648&amp;ssl=1\" data-orig-size=\"2736,3648\" data-comments-opened=\"1\" data-image-meta=\"{&quot;aperture&quot;:&quot;5.6&quot;,&quot;credit&quot;:&quot;&quot;,&quot;camera&quot;:&quot;Canon PowerShot SD890 IS&quot;,&quot;caption&quot;:&quot;&quot;,&quot;created_timestamp&quot;:&quot;1280224711&quot;,&quot;copyright&quot;:&quot;&quot;,&quot;focal_length&quot;:&quot;27.969&quot;,&quot;iso&quot;:&quot;80&quot;,&quot;shutter_speed&quot;:&quot;0.004&quot;,&quot;title&quot;:&quot;&quot;}\" data-image-title=\"2010 325\" data-image-description=\"\" data-image-caption=\"\" data-large-file=\"https:\/\/i0.wp.com\/bottesetvelo.com\/blog\/wp-content\/uploads\/2014\/06\/2010-325.jpg?fit=768%2C1024&amp;ssl=1\" class=\"alignright wp-image-674 \" src=\"https:\/\/i0.wp.com\/bottesetvelo.com\/blog\/wp-content\/uploads\/2014\/06\/2010-325.jpg?resize=193%2C258&#038;ssl=1\" alt=\"2010 325\" width=\"193\" height=\"258\" srcset=\"https:\/\/i0.wp.com\/bottesetvelo.com\/blog\/wp-content\/uploads\/2014\/06\/2010-325.jpg?resize=375%2C500&amp;ssl=1 375w, https:\/\/i0.wp.com\/bottesetvelo.com\/blog\/wp-content\/uploads\/2014\/06\/2010-325.jpg?resize=768%2C1024&amp;ssl=1 768w, https:\/\/i0.wp.com\/bottesetvelo.com\/blog\/wp-content\/uploads\/2014\/06\/2010-325.jpg?resize=624%2C832&amp;ssl=1 624w, https:\/\/i0.wp.com\/bottesetvelo.com\/blog\/wp-content\/uploads\/2014\/06\/2010-325.jpg?w=2340&amp;ssl=1 2340w\" sizes=\"auto, (max-width: 193px) 100vw, 193px\" \/><\/a>Les premiers kilom\u00e8tres de notre p\u00e8lerinage, nous les ferons \u00e0 v\u00e9lo. Cette fa\u00e7on de voyager permet de transporter plus de bagage et de progresser plus rapidement. Mais apr\u00e8s une dizaine de jours, que le p\u00e8lerin soit \u00e0 pieds ou \u00e0 v\u00e9lo, il sera confront\u00e9 aux m\u00eames d\u00e9fis int\u00e9rieurs. Et s\u2019il traine trop de poids, celui-ci commencera s\u00e9rieusement \u00e0 se faire sentir. Grandes mont\u00e9es, faux plats, chemin sablonneux ou boueux, et grands vents am\u00e8neront le p\u00e8lerin cycliste \u00e0 faire le tri de son bagage pour ne garder que l\u2019essentiel.<\/p>\n<p style=\"text-align: justify;\">Lors de notre premier p\u00e8lerinage \u00e0 v\u00e9lo, nous avions chacun nos sacoches bien remplies et nous trainions une petite remorque contenant d\u2019autre mat\u00e9riel pouvant \u00eatre pratique. Apr\u00e8s quelques jours, notre bilan \u00e9tait clair : nous n\u2019avions pas besoin de la glaci\u00e8re, ni d\u2019autant de v\u00eatements, ni du grand po\u00eale de camping&#8230; Bref, pour notre second p\u00e8lerinage \u00e0 v\u00e9lo, nous n\u2019avons emport\u00e9 que ce qui nous avait r\u00e9ellement servi la premi\u00e8re fois. Puis pour le suivant, nous nous sommes procur\u00e9s de l\u2019\u00e9quipement plus adapt\u00e9 pour notre type de voyage, sans d\u00e9penser une fortune et tomber dans le pi\u00e8ge de l\u2019image du parfait petit p\u00e8lerin cycliste que l\u2019on<img data-recalc-dims=\"1\" loading=\"lazy\" decoding=\"async\" data-attachment-id=\"238\" data-permalink=\"https:\/\/bottesetvelo.com\/blog\/galerie-photos-le-waterfront-trail\/2010-329\/\" data-orig-file=\"https:\/\/i0.wp.com\/bottesetvelo.com\/blog\/wp-content\/uploads\/2014\/02\/2010-329.jpg?fit=3648%2C2736&amp;ssl=1\" data-orig-size=\"3648,2736\" data-comments-opened=\"1\" data-image-meta=\"{&quot;aperture&quot;:&quot;9&quot;,&quot;credit&quot;:&quot;&quot;,&quot;camera&quot;:&quot;Canon PowerShot SD890 IS&quot;,&quot;caption&quot;:&quot;&quot;,&quot;created_timestamp&quot;:&quot;1280303371&quot;,&quot;copyright&quot;:&quot;&quot;,&quot;focal_length&quot;:&quot;6.6&quot;,&quot;iso&quot;:&quot;80&quot;,&quot;shutter_speed&quot;:&quot;0.01&quot;,&quot;title&quot;:&quot;&quot;}\" data-image-title=\"2010 329\" data-image-description=\"\" data-image-caption=\"\" data-large-file=\"https:\/\/i0.wp.com\/bottesetvelo.com\/blog\/wp-content\/uploads\/2014\/02\/2010-329.jpg?fit=1024%2C768&amp;ssl=1\" class=\"alignright wp-image-238\" src=\"https:\/\/i0.wp.com\/bottesetvelo.com\/blog\/wp-content\/uploads\/2014\/02\/2010-329.jpg?resize=283%2C213&#038;ssl=1\" alt=\"2010 329\" width=\"283\" height=\"213\" srcset=\"https:\/\/i0.wp.com\/bottesetvelo.com\/blog\/wp-content\/uploads\/2014\/02\/2010-329.jpg?resize=500%2C375&amp;ssl=1 500w, https:\/\/i0.wp.com\/bottesetvelo.com\/blog\/wp-content\/uploads\/2014\/02\/2010-329.jpg?resize=1024%2C768&amp;ssl=1 1024w, https:\/\/i0.wp.com\/bottesetvelo.com\/blog\/wp-content\/uploads\/2014\/02\/2010-329.jpg?resize=624%2C468&amp;ssl=1 624w, https:\/\/i0.wp.com\/bottesetvelo.com\/blog\/wp-content\/uploads\/2014\/02\/2010-329.jpg?w=2340&amp;ssl=1 2340w, https:\/\/i0.wp.com\/bottesetvelo.com\/blog\/wp-content\/uploads\/2014\/02\/2010-329.jpg?w=3510&amp;ssl=1 3510w\" sizes=\"auto, (max-width: 283px) 100vw, 283px\" \/> cherche \u00e0 tout prix \u00e0 nous vendre. Et ainsi de suite jusqu\u2019\u00e0 aujourd\u2019hui, chaque p\u00e8lerinage nous a permis de d\u00e9finir \u00ab notre essentiel \u00bb et la fa\u00e7on dont nous souhaitions vivre cette aventure.<\/p>\n<p style=\"text-align: justify;\">Aujourd\u2019hui, je vous partage la liste actuelle d\u00e9taill\u00e9e du mat\u00e9riel que nous allons avoir avec nous pour nos premiers 1400 km \u00e0 v\u00e9lo. En r\u00e9sum\u00e9, le p\u00e8lerin cycliste doit penser : l\u00e9ger, pratique, durable et compact, sans oublier confortable! Et tout comme le p\u00e8lerin \u00e0 pieds, nous transportons l\u2019essentiel, sachant que tout au long de notre route nous trouverons le reste.<a href=\"https:\/\/i0.wp.com\/bottesetvelo.com\/blog\/wp-content\/uploads\/2014\/06\/Liste-des-bagages-de-notre-p%C3%A8lerinage.png?ssl=1\"><img data-recalc-dims=\"1\" loading=\"lazy\" decoding=\"async\" data-attachment-id=\"672\" data-permalink=\"https:\/\/bottesetvelo.com\/blog\/2014\/06\/27\/notre-essentiel-pour-un-pelerinage-a-velo\/liste-des-bagages-de-notre-pelerinage\/\" data-orig-file=\"https:\/\/i0.wp.com\/bottesetvelo.com\/blog\/wp-content\/uploads\/2014\/06\/Liste-des-bagages-de-notre-p%C3%A8lerinage.png?fit=5000%2C6150&amp;ssl=1\" data-orig-size=\"5000,6150\" data-comments-opened=\"1\" data-image-meta=\"{&quot;aperture&quot;:&quot;0&quot;,&quot;credit&quot;:&quot;&quot;,&quot;camera&quot;:&quot;&quot;,&quot;caption&quot;:&quot;&quot;,&quot;created_timestamp&quot;:&quot;0&quot;,&quot;copyright&quot;:&quot;&quot;,&quot;focal_length&quot;:&quot;0&quot;,&quot;iso&quot;:&quot;0&quot;,&quot;shutter_speed&quot;:&quot;0&quot;,&quot;title&quot;:&quot;&quot;}\" data-image-title=\"Liste des bagages de notre p\u00e8lerinage\" data-image-description=\"\" data-image-caption=\"\" data-large-file=\"https:\/\/i0.wp.com\/bottesetvelo.com\/blog\/wp-content\/uploads\/2014\/06\/Liste-des-bagages-de-notre-p%C3%A8lerinage.png?fit=832%2C1024&amp;ssl=1\" class=\"aligncenter  wp-image-672\" src=\"https:\/\/i0.wp.com\/bottesetvelo.com\/blog\/wp-content\/uploads\/2014\/06\/Liste-des-bagages-de-notre-p%C3%A8lerinage.png?resize=601%2C740&#038;ssl=1\" alt=\"Liste des bagages de notre p\u00e8lerinage\" width=\"601\" height=\"740\" srcset=\"https:\/\/i0.wp.com\/bottesetvelo.com\/blog\/wp-content\/uploads\/2014\/06\/Liste-des-bagages-de-notre-p%C3%A8lerinage.png?resize=406%2C500&amp;ssl=1 406w, https:\/\/i0.wp.com\/bottesetvelo.com\/blog\/wp-content\/uploads\/2014\/06\/Liste-des-bagages-de-notre-p%C3%A8lerinage.png?resize=832%2C1024&amp;ssl=1 832w, https:\/\/i0.wp.com\/bottesetvelo.com\/blog\/wp-content\/uploads\/2014\/06\/Liste-des-bagages-de-notre-p%C3%A8lerinage.png?resize=624%2C767&amp;ssl=1 624w, https:\/\/i0.wp.com\/bottesetvelo.com\/blog\/wp-content\/uploads\/2014\/06\/Liste-des-bagages-de-notre-p%C3%A8lerinage.png?w=2340&amp;ssl=1 2340w, https:\/\/i0.wp.com\/bottesetvelo.com\/blog\/wp-content\/uploads\/2014\/06\/Liste-des-bagages-de-notre-p%C3%A8lerinage.png?w=3510&amp;ssl=1 3510w\" sizes=\"auto, (max-width: 601px) 100vw, 601px\" \/><\/a>Ainsi, sur nos v\u00e9los nous avons deux sacoches de voyage et une sacoche au guidon chacun. Nous avons deux sacoches chambre- salle de bain, une sacoche cuisine, une sacoche garage et bureau (au guidon) et une sacoche vide qui nous sert de frigo et de garde-manger. Les sacs de couchage, les matelas de sol et la tente sont sur les porte-bagages.<\/p>\n<p style=\"text-align: justify;\">De p\u00e8lerinage en p\u00e8lerinage nous avons <img data-recalc-dims=\"1\" loading=\"lazy\" decoding=\"async\" data-attachment-id=\"620\" data-permalink=\"https:\/\/bottesetvelo.com\/blog\/2014\/06\/06\/un-pelerinage-la-voie-du-saint-laurent-le-chemin-qui-marche\/attachment\/015\/\" data-orig-file=\"https:\/\/i0.wp.com\/bottesetvelo.com\/blog\/wp-content\/uploads\/2014\/06\/015.jpg?fit=2592%2C1936&amp;ssl=1\" data-orig-size=\"2592,1936\" data-comments-opened=\"1\" data-image-meta=\"{&quot;aperture&quot;:&quot;2.8&quot;,&quot;credit&quot;:&quot;&quot;,&quot;camera&quot;:&quot;iPhone 4&quot;,&quot;caption&quot;:&quot;&quot;,&quot;created_timestamp&quot;:&quot;1310546607&quot;,&quot;copyright&quot;:&quot;&quot;,&quot;focal_length&quot;:&quot;3.85&quot;,&quot;iso&quot;:&quot;80&quot;,&quot;shutter_speed&quot;:&quot;0.000663129973475&quot;,&quot;title&quot;:&quot;&quot;}\" data-image-title=\"015\" data-image-description=\"\" data-image-caption=\"\" data-large-file=\"https:\/\/i0.wp.com\/bottesetvelo.com\/blog\/wp-content\/uploads\/2014\/06\/015.jpg?fit=1024%2C764&amp;ssl=1\" class=\"alignright wp-image-620\" src=\"https:\/\/i0.wp.com\/bottesetvelo.com\/blog\/wp-content\/uploads\/2014\/06\/015.jpg?resize=317%2C237&#038;ssl=1\" alt=\"015\" width=\"317\" height=\"237\" srcset=\"https:\/\/i0.wp.com\/bottesetvelo.com\/blog\/wp-content\/uploads\/2014\/06\/015.jpg?resize=500%2C373&amp;ssl=1 500w, https:\/\/i0.wp.com\/bottesetvelo.com\/blog\/wp-content\/uploads\/2014\/06\/015.jpg?resize=1024%2C764&amp;ssl=1 1024w, https:\/\/i0.wp.com\/bottesetvelo.com\/blog\/wp-content\/uploads\/2014\/06\/015.jpg?resize=624%2C466&amp;ssl=1 624w, https:\/\/i0.wp.com\/bottesetvelo.com\/blog\/wp-content\/uploads\/2014\/06\/015.jpg?w=2340&amp;ssl=1 2340w\" sizes=\"auto, (max-width: 317px) 100vw, 317px\" \/>pr\u00e9cis\u00e9 et ajust\u00e9 le tir afin d\u2019obtenir cet \u00e9quilibre qui repr\u00e9sente pour nous notre zone minimale de confort pour voyager en nomades. En cours de p\u00e8lerinage, chacun saura d\u00e9finir \u00ab son essentiel \u00bb. Et de pas en pas, de jour en jour, de coup de p\u00e9dale en coup de p\u00e9dale, cet essentiel sera retravaill\u00e9 et red\u00e9fini. Il importe de savoir se respecter et respecter son rythme de changement. Exactement comme nous devons le faire lorsque nous souhaitons faire un m\u00e9nage de ce qui nous encombre dans notre vie de tous les jours.<img data-recalc-dims=\"1\" loading=\"lazy\" decoding=\"async\" data-attachment-id=\"14\" data-permalink=\"https:\/\/bottesetvelo.com\/blog\/bottes-et-velo-le-blog\/bottes-et-velo-embleme\/\" data-orig-file=\"https:\/\/i0.wp.com\/bottesetvelo.com\/blog\/wp-content\/uploads\/2014\/01\/Bottes-et-V%C3%A9lo-Embl%C3%AAme-e1454083414631.jpg?fit=100%2C79&amp;ssl=1\" data-orig-size=\"100,79\" data-comments-opened=\"1\" data-image-meta=\"{&quot;aperture&quot;:&quot;0&quot;,&quot;credit&quot;:&quot;&quot;,&quot;camera&quot;:&quot;&quot;,&quot;caption&quot;:&quot;&quot;,&quot;created_timestamp&quot;:&quot;0&quot;,&quot;copyright&quot;:&quot;&quot;,&quot;focal_length&quot;:&quot;0&quot;,&quot;iso&quot;:&quot;0&quot;,&quot;shutter_speed&quot;:&quot;0&quot;,&quot;title&quot;:&quot;&quot;}\" data-image-title=\"Bottes et V\u00e9lo &amp;#8211; Embl\u00eame\" data-image-description=\"\" data-image-caption=\"\" data-large-file=\"https:\/\/i0.wp.com\/bottesetvelo.com\/blog\/wp-content\/uploads\/2014\/01\/Bottes-et-V%C3%A9lo-Embl%C3%AAme-e1454083414631.jpg?fit=100%2C79&amp;ssl=1\" class=\"alignright wp-image-14 \" src=\"https:\/\/i0.wp.com\/bottesetvelo.com\/blog\/wp-content\/uploads\/2014\/01\/Bottes-et-V%C3%A9lo-Embl%C3%AAme.jpg?resize=72%2C57&#038;ssl=1\" alt=\"Bottes et V\u00e9lo - Embl\u00eame\" width=\"72\" height=\"57\" \/><\/p>\n<p style=\"text-align: justify;\">Brigitte Harouni<\/p>\n","protected":false},"excerpt":{"rendered":"<p>Voyager c\u2019est partir et quitter ce qui nous encombre pour aller vers un mieux-\u00eatre. Bottes et V\u00e9lo Les premiers kilom\u00e8tres de notre p\u00e8lerinage, nous les ferons \u00e0 v\u00e9lo. Cette fa\u00e7on de voyager permet de transporter plus de bagage et de progresser plus rapidement. Mais apr\u00e8s une dizaine de jours, que le p\u00e8lerin soit \u00e0 pieds&hellip;<\/p>\n","protected":false},"author":2,"featured_media":0,"comment_status":"open","ping_status":"open","sticky":false,"template":"","format":"standard","meta":{"jetpack_post_was_ever_published":false,"_jetpack_newsletter_access":"","_jetpack_dont_email_post_to_subs":false,"_jetpack_newsletter_tier_id":0,"_jetpack_memberships_contains_paywalled_content":false,"_jetpack_memberships_contains_paid_content":false,"footnotes":"","jetpack_publicize_message":"","jetpack_publicize_feature_enabled":true,"jetpack_social_post_already_shared":true,"jetpack_social_options":{"image_generator_settings":{"template":"highway","default_image_id":0,"font":"","enabled":false},"version":2}},"categories":[24,10],"tags":[36,68,15],"class_list":["post-668","post","type-post","status-publish","format-standard","hentry","category-aspects-techniques","category-equipements-et-materiel","tag-equipement","tag-la-voie-du-saint-laurent","tag-velo"],"jetpack_publicize_connections":[],"jetpack_featured_media_url":"","jetpack_shortlink":"https:\/\/wp.me\/p4eY6z-aM","jetpack_sharing_enabled":true,"jetpack_likes_enabled":true,"jetpack-related-posts":[],"_links":{"self":[{"href":"https:\/\/bottesetvelo.com\/blog\/wp-json\/wp\/v2\/posts\/668","targetHints":{"allow":["GET"]}}],"collection":[{"href":"https:\/\/bottesetvelo.com\/blog\/wp-json\/wp\/v2\/posts"}],"about":[{"href":"https:\/\/bottesetvelo.com\/blog\/wp-json\/wp\/v2\/types\/post"}],"author":[{"embeddable":true,"href":"https:\/\/bottesetvelo.com\/blog\/wp-json\/wp\/v2\/users\/2"}],"replies":[{"embeddable":true,"href":"https:\/\/bottesetvelo.com\/blog\/wp-json\/wp\/v2\/comments?post=668"}],"version-history":[{"count":4,"href":"https:\/\/bottesetvelo.com\/blog\/wp-json\/wp\/v2\/posts\/668\/revisions"}],"predecessor-version":[{"id":676,"href":"https:\/\/bottesetvelo.com\/blog\/wp-json\/wp\/v2\/posts\/668\/revisions\/676"}],"wp:attachment":[{"href":"https:\/\/bottesetvelo.com\/blog\/wp-json\/wp\/v2\/media?parent=668"}],"wp:term":[{"taxonomy":"category","embeddable":true,"href":"https:\/\/bottesetvelo.com\/blog\/wp-json\/wp\/v2\/categories?post=668"},{"taxonomy":"post_tag","embeddable":true,"href":"https:\/\/bottesetvelo.com\/blog\/wp-json\/wp\/v2\/tags?post=668"}],"curies":[{"name":"wp","href":"https:\/\/api.w.org\/{rel}","templated":true}]}}