{"id":651,"date":"2014-06-25T18:07:29","date_gmt":"2014-06-25T22:07:29","guid":{"rendered":"http:\/\/bottesetvelo.com\/blog\/?p=651"},"modified":"2014-06-25T18:09:14","modified_gmt":"2014-06-25T22:09:14","slug":"faites-courir-la-rumeur-de-la-voie-du-st-laurent","status":"publish","type":"post","link":"https:\/\/bottesetvelo.com\/blog\/2014\/06\/25\/faites-courir-la-rumeur-de-la-voie-du-st-laurent\/","title":{"rendered":"Faites courir la rumeur de la Voie du St-Laurent!"},"content":{"rendered":"<p style=\"text-align: justify;\">Pour que le projet de p\u00e8lerinage \u00ab la Voie du Saint-Laurent \u00bb prenne de l\u2019ampleur et devienne \u00ab le chemin qui marche \u00bb dans le c\u0153ur de nombreux p\u00e8lerins, nous sollicitons <img data-recalc-dims=\"1\" loading=\"lazy\" decoding=\"async\" data-attachment-id=\"652\" data-permalink=\"https:\/\/bottesetvelo.com\/blog\/2014\/06\/25\/faites-courir-la-rumeur-de-la-voie-du-st-laurent\/2010-323\/\" data-orig-file=\"https:\/\/i0.wp.com\/bottesetvelo.com\/blog\/wp-content\/uploads\/2014\/06\/2010-323.jpg?fit=3648%2C2736&amp;ssl=1\" data-orig-size=\"3648,2736\" data-comments-opened=\"1\" data-image-meta=\"{&quot;aperture&quot;:&quot;9&quot;,&quot;credit&quot;:&quot;&quot;,&quot;camera&quot;:&quot;Canon PowerShot SD890 IS&quot;,&quot;caption&quot;:&quot;&quot;,&quot;created_timestamp&quot;:&quot;1280224675&quot;,&quot;copyright&quot;:&quot;&quot;,&quot;focal_length&quot;:&quot;6.6&quot;,&quot;iso&quot;:&quot;80&quot;,&quot;shutter_speed&quot;:&quot;0.0125&quot;,&quot;title&quot;:&quot;&quot;}\" data-image-title=\"2010 323\" data-image-description=\"\" data-image-caption=\"\" data-large-file=\"https:\/\/i0.wp.com\/bottesetvelo.com\/blog\/wp-content\/uploads\/2014\/06\/2010-323.jpg?fit=1024%2C768&amp;ssl=1\" class=\"alignright wp-image-652\" src=\"https:\/\/i0.wp.com\/bottesetvelo.com\/blog\/wp-content\/uploads\/2014\/06\/2010-323.jpg?resize=317%2C238&#038;ssl=1\" alt=\"2010 323\" width=\"317\" height=\"238\" srcset=\"https:\/\/i0.wp.com\/bottesetvelo.com\/blog\/wp-content\/uploads\/2014\/06\/2010-323.jpg?resize=500%2C375&amp;ssl=1 500w, https:\/\/i0.wp.com\/bottesetvelo.com\/blog\/wp-content\/uploads\/2014\/06\/2010-323.jpg?resize=1024%2C768&amp;ssl=1 1024w, https:\/\/i0.wp.com\/bottesetvelo.com\/blog\/wp-content\/uploads\/2014\/06\/2010-323.jpg?resize=624%2C468&amp;ssl=1 624w, https:\/\/i0.wp.com\/bottesetvelo.com\/blog\/wp-content\/uploads\/2014\/06\/2010-323.jpg?w=2340&amp;ssl=1 2340w, https:\/\/i0.wp.com\/bottesetvelo.com\/blog\/wp-content\/uploads\/2014\/06\/2010-323.jpg?w=3510&amp;ssl=1 3510w\" sizes=\"auto, (max-width: 317px) 100vw, 317px\" \/>votre aide afin de diffuser l\u2019information dans vos milieux. D\u2019autant plus si vous \u00eates sur le parcours! \ud83d\ude09<\/p>\n<p style=\"text-align: justify;\">Notre p\u00e8lerinage a deux objectifs : 1) faire conna\u00eetre les p\u00e8lerinages qu\u00e9b\u00e9cois, particuli\u00e8rement la Voie du St-Laurent; et 2) soutenir la Fondation \u00c9lan de l\u2019Institut de R\u00e9adaptation en D\u00e9ficience Physique de Qu\u00e9bec (IRDPQ); il serait donc important qu\u2019un maximum de gens soient avis\u00e9s de notre passage. Nous avons fait un premier contact avec les municipalit\u00e9s (seuls Cap-Chat et Mont-Louis n\u2019ont pu \u00eatre rejointes), mais plus nous serons nombreux \u00e0 manifester de l\u2019int\u00e9r\u00eat pour le projet, plus de gens seront inform\u00e9s et interpel\u00e9s et plus nombreux nous seront \u00e0 oser tenter l\u2019exp\u00e9rience du Chemin qui Marche et soutenir la Fondation \u00c9lan!<\/p>\n<p style=\"text-align: justify;\">Alors, faites circuler le message dans votre entourage, diffusez l\u2019information, regroupez-vous et soyez des n\u00f4tres en venant \u00e0 notre rencontre sur la Voie du St-Laurent! Des rassemblements sont pr\u00e9vus dans chacune des grandes villes qu\u00e9b\u00e9coises que nous traverserons et dans tous les villages de la Gasp\u00e9sie. Ces rencontres sont pour nous des moments privil\u00e9gi\u00e9s o\u00f9 il nous fera plaisir de vous retrouver et d\u2019\u00e9changer avec vous. Si le plaisir vous en dit, nous vous invitons \u00e0 faire un bout de route avec nous.<a href=\"https:\/\/i0.wp.com\/bottesetvelo.com\/blog\/wp-content\/uploads\/2014\/06\/2011-121.jpg?ssl=1\"><img data-recalc-dims=\"1\" loading=\"lazy\" decoding=\"async\" data-attachment-id=\"653\" data-permalink=\"https:\/\/bottesetvelo.com\/blog\/2014\/06\/25\/faites-courir-la-rumeur-de-la-voie-du-st-laurent\/2011-121-2\/\" data-orig-file=\"https:\/\/i0.wp.com\/bottesetvelo.com\/blog\/wp-content\/uploads\/2014\/06\/2011-121.jpg?fit=3648%2C2736&amp;ssl=1\" data-orig-size=\"3648,2736\" data-comments-opened=\"1\" data-image-meta=\"{&quot;aperture&quot;:&quot;4&quot;,&quot;credit&quot;:&quot;&quot;,&quot;camera&quot;:&quot;Canon PowerShot SD890 IS&quot;,&quot;caption&quot;:&quot;&quot;,&quot;created_timestamp&quot;:&quot;1310584491&quot;,&quot;copyright&quot;:&quot;&quot;,&quot;focal_length&quot;:&quot;11.922&quot;,&quot;iso&quot;:&quot;100&quot;,&quot;shutter_speed&quot;:&quot;0.01&quot;,&quot;title&quot;:&quot;&quot;}\" data-image-title=\"2011 121\" data-image-description=\"\" data-image-caption=\"\" data-large-file=\"https:\/\/i0.wp.com\/bottesetvelo.com\/blog\/wp-content\/uploads\/2014\/06\/2011-121.jpg?fit=1024%2C768&amp;ssl=1\" class=\"alignleft wp-image-653\" src=\"https:\/\/i0.wp.com\/bottesetvelo.com\/blog\/wp-content\/uploads\/2014\/06\/2011-121.jpg?resize=313%2C235&#038;ssl=1\" alt=\"2011 121\" width=\"313\" height=\"235\" srcset=\"https:\/\/i0.wp.com\/bottesetvelo.com\/blog\/wp-content\/uploads\/2014\/06\/2011-121.jpg?resize=500%2C375&amp;ssl=1 500w, https:\/\/i0.wp.com\/bottesetvelo.com\/blog\/wp-content\/uploads\/2014\/06\/2011-121.jpg?resize=1024%2C768&amp;ssl=1 1024w, https:\/\/i0.wp.com\/bottesetvelo.com\/blog\/wp-content\/uploads\/2014\/06\/2011-121.jpg?resize=624%2C468&amp;ssl=1 624w, https:\/\/i0.wp.com\/bottesetvelo.com\/blog\/wp-content\/uploads\/2014\/06\/2011-121.jpg?w=2340&amp;ssl=1 2340w, https:\/\/i0.wp.com\/bottesetvelo.com\/blog\/wp-content\/uploads\/2014\/06\/2011-121.jpg?w=3510&amp;ssl=1 3510w\" sizes=\"auto, (max-width: 313px) 100vw, 313px\" \/><\/a><\/p>\n<p style=\"text-align: justify;\">Deux \u00e9v\u00e9nements importants sont pr\u00e9vus sur notre parcours. Lors de notre passage \u00e0 Gasp\u00e9, nous d\u00e9poserons les messages et intentions personnelles des usagers de l\u2019IRDPQ au pied de la croix de Jacques-Cartier, messages que nous aurons port\u00e9s avec nous depuis les Chutes Niagara. \u00c0 notre arriv\u00e9e \u00e0 Perc\u00e9, il y aura un rassemblement au quai et une envol\u00e9e de ballons pour souligner la f\u00eate du St-Laurent (10 ao\u00fbt) et l\u2019accomplissement de ce premier p\u00e8lerinage en soutien \u00e0 la Fondation \u00c9lan. Il serait vraiment bien que par votre pr\u00e9sence nous faisions de ces moments, des moments grandioses qui contribueront \u00e0 faire de la Voie du St-Laurent, le chemin qui marche, un p\u00e8lerinage notoire!<\/p>\n<div id=\"attachment_655\" style=\"width: 123px\" class=\"wp-caption alignright\"><a href=\"https:\/\/bottesetvelo.com\/blog\/wp-content\/uploads\/2014\/06\/Bottes-et-V\u00e9lo-La-voie-du-Saint-Laurent-Calendrier-2014.pdf\"><img data-recalc-dims=\"1\" loading=\"lazy\" decoding=\"async\" aria-describedby=\"caption-attachment-655\" data-attachment-id=\"655\" data-permalink=\"https:\/\/bottesetvelo.com\/blog\/2014\/06\/25\/faites-courir-la-rumeur-de-la-voie-du-st-laurent\/calendrier\/\" data-orig-file=\"https:\/\/i0.wp.com\/bottesetvelo.com\/blog\/wp-content\/uploads\/2014\/06\/calendrier.png?fit=113%2C113&amp;ssl=1\" data-orig-size=\"113,113\" data-comments-opened=\"1\" data-image-meta=\"{&quot;aperture&quot;:&quot;0&quot;,&quot;credit&quot;:&quot;&quot;,&quot;camera&quot;:&quot;&quot;,&quot;caption&quot;:&quot;&quot;,&quot;created_timestamp&quot;:&quot;0&quot;,&quot;copyright&quot;:&quot;&quot;,&quot;focal_length&quot;:&quot;0&quot;,&quot;iso&quot;:&quot;0&quot;,&quot;shutter_speed&quot;:&quot;0&quot;,&quot;title&quot;:&quot;&quot;}\" data-image-title=\"calendrier\" data-image-description=\"\" data-image-caption=\"\" data-large-file=\"https:\/\/i0.wp.com\/bottesetvelo.com\/blog\/wp-content\/uploads\/2014\/06\/calendrier.png?fit=113%2C113&amp;ssl=1\" class=\"wp-image-655\" src=\"https:\/\/i0.wp.com\/bottesetvelo.com\/blog\/wp-content\/uploads\/2014\/06\/calendrier.png?resize=113%2C112&#038;ssl=1\" alt=\"calendrier\" width=\"113\" height=\"112\" \/><\/a><p id=\"caption-attachment-655\" class=\"wp-caption-text\">Calendrier de Bottes et V\u00e9lo sur la Voie du St-Laurent du 2 juillet au 10 ao\u00fbt<\/p><\/div>\n<p style=\"text-align: justify;\">Lors de notre passage, nous sollicitons \u00e9galement votre soutien pour trouver de l\u2019h\u00e9bergement. Si sur notre parcours, vous aviez une chambre ou un coin de terrain disponible pour planter notre tente, ce serait fort appr\u00e9ci\u00e9. Communiquez avec nous pour nous le laisser savoir : <a href=\"%20infos@bottesetvelo.com\">infos@bottesetvelo.com<\/a><\/p>\n<div id=\"attachment_658\" style=\"width: 130px\" class=\"wp-caption alignright\"><a href=\"https:\/\/bottesetvelo.com\/blog\/wp-content\/uploads\/2014\/06\/Affiche-La-voie-du-St-Laurent-Bottes-et-V\u00e9lo-pour-la-Fondation-\u00c9lan.pdf\"><img data-recalc-dims=\"1\" loading=\"lazy\" decoding=\"async\" aria-describedby=\"caption-attachment-658\" data-attachment-id=\"658\" data-permalink=\"https:\/\/bottesetvelo.com\/blog\/2014\/06\/25\/faites-courir-la-rumeur-de-la-voie-du-st-laurent\/affiche\/\" data-orig-file=\"https:\/\/i0.wp.com\/bottesetvelo.com\/blog\/wp-content\/uploads\/2014\/06\/affiche.png?fit=91%2C92&amp;ssl=1\" data-orig-size=\"91,92\" data-comments-opened=\"1\" data-image-meta=\"{&quot;aperture&quot;:&quot;0&quot;,&quot;credit&quot;:&quot;&quot;,&quot;camera&quot;:&quot;&quot;,&quot;caption&quot;:&quot;&quot;,&quot;created_timestamp&quot;:&quot;0&quot;,&quot;copyright&quot;:&quot;&quot;,&quot;focal_length&quot;:&quot;0&quot;,&quot;iso&quot;:&quot;0&quot;,&quot;shutter_speed&quot;:&quot;0&quot;,&quot;title&quot;:&quot;&quot;}\" data-image-title=\"affiche\" data-image-description=\"\" data-image-caption=\"\" data-large-file=\"https:\/\/i0.wp.com\/bottesetvelo.com\/blog\/wp-content\/uploads\/2014\/06\/affiche.png?fit=91%2C92&amp;ssl=1\" class=\"wp-image-658\" src=\"https:\/\/i0.wp.com\/bottesetvelo.com\/blog\/wp-content\/uploads\/2014\/06\/affiche.png?resize=120%2C121&#038;ssl=1\" alt=\"affiche\" width=\"120\" height=\"121\" \/><\/a><p id=\"caption-attachment-658\" class=\"wp-caption-text\">Affiche du p\u00e8lerinage Bottes et V\u00e9lo: La Voie du St-Laurent<\/p><\/div>\n<p style=\"text-align: justify;\">En lien sur cette page, vous trouverez \u00e9galement le calendrier de notre parcours et les heures pr\u00e9vues d\u2019arriv\u00e9e dans chaque municipalit\u00e9. Vous trouverez aussi une affiche que vous pourrez imprimer et mettre en vue dans votre localit\u00e9.<\/p>\n<p style=\"text-align: justify;\">Au plaisir de vous rencontrer sous peu!<img data-recalc-dims=\"1\" loading=\"lazy\" decoding=\"async\" data-attachment-id=\"14\" data-permalink=\"https:\/\/bottesetvelo.com\/blog\/bottes-et-velo-le-blog\/bottes-et-velo-embleme\/\" data-orig-file=\"https:\/\/i0.wp.com\/bottesetvelo.com\/blog\/wp-content\/uploads\/2014\/01\/Bottes-et-V%C3%A9lo-Embl%C3%AAme-e1454083414631.jpg?fit=100%2C79&amp;ssl=1\" data-orig-size=\"100,79\" data-comments-opened=\"1\" data-image-meta=\"{&quot;aperture&quot;:&quot;0&quot;,&quot;credit&quot;:&quot;&quot;,&quot;camera&quot;:&quot;&quot;,&quot;caption&quot;:&quot;&quot;,&quot;created_timestamp&quot;:&quot;0&quot;,&quot;copyright&quot;:&quot;&quot;,&quot;focal_length&quot;:&quot;0&quot;,&quot;iso&quot;:&quot;0&quot;,&quot;shutter_speed&quot;:&quot;0&quot;,&quot;title&quot;:&quot;&quot;}\" data-image-title=\"Bottes et V\u00e9lo &amp;#8211; Embl\u00eame\" data-image-description=\"\" data-image-caption=\"\" data-large-file=\"https:\/\/i0.wp.com\/bottesetvelo.com\/blog\/wp-content\/uploads\/2014\/01\/Bottes-et-V%C3%A9lo-Embl%C3%AAme-e1454083414631.jpg?fit=100%2C79&amp;ssl=1\" class=\"alignright wp-image-14\" src=\"https:\/\/i0.wp.com\/bottesetvelo.com\/blog\/wp-content\/uploads\/2014\/01\/Bottes-et-V%C3%A9lo-Embl%C3%AAme.jpg?resize=70%2C55&#038;ssl=1\" alt=\"Bottes et V\u00e9lo - Embl\u00eame\" width=\"70\" height=\"55\" \/><\/p>\n<p style=\"text-align: justify;\">\u00c9ric Lalibert\u00e9<br \/>\net Brigitte Harouni<\/p>\n","protected":false},"excerpt":{"rendered":"<p>Pour que le projet de p\u00e8lerinage \u00ab la Voie du Saint-Laurent \u00bb prenne de l\u2019ampleur et devienne \u00ab le chemin qui marche \u00bb dans le c\u0153ur de nombreux p\u00e8lerins, nous sollicitons votre aide afin de diffuser l\u2019information dans vos milieux. D\u2019autant plus si vous \u00eates sur le parcours! \ud83d\ude09 Notre p\u00e8lerinage a deux objectifs :&hellip;<\/p>\n","protected":false},"author":1,"featured_media":0,"comment_status":"open","ping_status":"open","sticky":false,"template":"","format":"standard","meta":{"jetpack_post_was_ever_published":false,"_jetpack_newsletter_access":"","_jetpack_dont_email_post_to_subs":false,"_jetpack_newsletter_tier_id":0,"_jetpack_memberships_contains_paywalled_content":false,"_jetpack_memberships_contains_paid_content":false,"footnotes":"","jetpack_publicize_message":"","jetpack_publicize_feature_enabled":true,"jetpack_social_post_already_shared":true,"jetpack_social_options":{"image_generator_settings":{"template":"highway","default_image_id":0,"font":"","enabled":false},"version":2}},"categories":[56],"tags":[18,276,277,68,13,16],"class_list":["post-651","post","type-post","status-publish","format-standard","hentry","category-activites","tag-bottes-et-velo","tag-fondation-elan","tag-irdpq","tag-la-voie-du-saint-laurent","tag-pelerinage","tag-quebec"],"jetpack_publicize_connections":[],"jetpack_featured_media_url":"","jetpack_shortlink":"https:\/\/wp.me\/p4eY6z-av","jetpack_sharing_enabled":true,"jetpack_likes_enabled":true,"jetpack-related-posts":[],"_links":{"self":[{"href":"https:\/\/bottesetvelo.com\/blog\/wp-json\/wp\/v2\/posts\/651","targetHints":{"allow":["GET"]}}],"collection":[{"href":"https:\/\/bottesetvelo.com\/blog\/wp-json\/wp\/v2\/posts"}],"about":[{"href":"https:\/\/bottesetvelo.com\/blog\/wp-json\/wp\/v2\/types\/post"}],"author":[{"embeddable":true,"href":"https:\/\/bottesetvelo.com\/blog\/wp-json\/wp\/v2\/users\/1"}],"replies":[{"embeddable":true,"href":"https:\/\/bottesetvelo.com\/blog\/wp-json\/wp\/v2\/comments?post=651"}],"version-history":[{"count":10,"href":"https:\/\/bottesetvelo.com\/blog\/wp-json\/wp\/v2\/posts\/651\/revisions"}],"predecessor-version":[{"id":667,"href":"https:\/\/bottesetvelo.com\/blog\/wp-json\/wp\/v2\/posts\/651\/revisions\/667"}],"wp:attachment":[{"href":"https:\/\/bottesetvelo.com\/blog\/wp-json\/wp\/v2\/media?parent=651"}],"wp:term":[{"taxonomy":"category","embeddable":true,"href":"https:\/\/bottesetvelo.com\/blog\/wp-json\/wp\/v2\/categories?post=651"},{"taxonomy":"post_tag","embeddable":true,"href":"https:\/\/bottesetvelo.com\/blog\/wp-json\/wp\/v2\/tags?post=651"}],"curies":[{"name":"wp","href":"https:\/\/api.w.org\/{rel}","templated":true}]}}