{"id":642,"date":"2014-06-20T20:12:28","date_gmt":"2014-06-21T00:12:28","guid":{"rendered":"http:\/\/bottesetvelo.com\/blog\/?p=642"},"modified":"2014-06-20T20:12:28","modified_gmt":"2014-06-21T00:12:28","slug":"les-etats-du-pelerin","status":"publish","type":"post","link":"https:\/\/bottesetvelo.com\/blog\/2014\/06\/20\/les-etats-du-pelerin\/","title":{"rendered":"Les \u00e9tats du p\u00e8lerin"},"content":{"rendered":"<h6 style=\"text-align: right;\">Ce que nous accomplissons \u00e0 l&rsquo;int\u00e9rieur modifie la r\u00e9alit\u00e9 ext\u00e9rieure.<br \/>\nOtto Rank<\/h6>\n<p style=\"text-align: justify;\"><img data-recalc-dims=\"1\" loading=\"lazy\" decoding=\"async\" data-attachment-id=\"644\" data-permalink=\"https:\/\/bottesetvelo.com\/blog\/2014\/06\/20\/les-etats-du-pelerin\/2010-493\/\" data-orig-file=\"https:\/\/i0.wp.com\/bottesetvelo.com\/blog\/wp-content\/uploads\/2014\/06\/2010-493.jpg?fit=3648%2C2736&amp;ssl=1\" data-orig-size=\"3648,2736\" data-comments-opened=\"1\" data-image-meta=\"{&quot;aperture&quot;:&quot;5.6&quot;,&quot;credit&quot;:&quot;&quot;,&quot;camera&quot;:&quot;Canon PowerShot SD890 IS&quot;,&quot;caption&quot;:&quot;&quot;,&quot;created_timestamp&quot;:&quot;1281093075&quot;,&quot;copyright&quot;:&quot;&quot;,&quot;focal_length&quot;:&quot;27.969&quot;,&quot;iso&quot;:&quot;80&quot;,&quot;shutter_speed&quot;:&quot;0.005&quot;,&quot;title&quot;:&quot;&quot;}\" data-image-title=\"2010 493\" data-image-description=\"\" data-image-caption=\"\" data-large-file=\"https:\/\/i0.wp.com\/bottesetvelo.com\/blog\/wp-content\/uploads\/2014\/06\/2010-493.jpg?fit=1024%2C768&amp;ssl=1\" class=\"alignright wp-image-644 \" src=\"https:\/\/i0.wp.com\/bottesetvelo.com\/blog\/wp-content\/uploads\/2014\/06\/2010-493.jpg?resize=351%2C264&#038;ssl=1\" alt=\"2010 493\" width=\"351\" height=\"264\" srcset=\"https:\/\/i0.wp.com\/bottesetvelo.com\/blog\/wp-content\/uploads\/2014\/06\/2010-493.jpg?resize=500%2C375&amp;ssl=1 500w, https:\/\/i0.wp.com\/bottesetvelo.com\/blog\/wp-content\/uploads\/2014\/06\/2010-493.jpg?resize=1024%2C768&amp;ssl=1 1024w, https:\/\/i0.wp.com\/bottesetvelo.com\/blog\/wp-content\/uploads\/2014\/06\/2010-493.jpg?resize=624%2C468&amp;ssl=1 624w, https:\/\/i0.wp.com\/bottesetvelo.com\/blog\/wp-content\/uploads\/2014\/06\/2010-493.jpg?w=2340&amp;ssl=1 2340w, https:\/\/i0.wp.com\/bottesetvelo.com\/blog\/wp-content\/uploads\/2014\/06\/2010-493.jpg?w=3510&amp;ssl=1 3510w\" sizes=\"auto, (max-width: 351px) 100vw, 351px\" \/>Nous nous pr\u00e9parons \u00e0 partir. Comme vous le savez, nous n\u2019en sommes pas \u00e0 notre premi\u00e8re exp\u00e9rience. Pourtant, chaque fois que nous reprenons la route, les \u00e9tats du p\u00e8lerin me reviennent en t\u00eate. Je sais ce qui nous attend! J\u2019anticipe ces \u00e9tats dans un m\u00e9lange de joie et de crainte. Je sais que nous ferons un voyage magnifique. Un voyage qui nous r\u00e9serve son lot de surprises et de rencontres inoubliables. Mais, je sais aussi que ce sera difficile. Que certains jours j\u2019aurai envie de tout abandonner. Que je serai une fois de plus d\u00e9stabilis\u00e9, extrait de ma zone de confort pour me reconstruire autrement. Les chamans vous diraient que le p\u00e8lerinage ressemble \u00e0 une exp\u00e9rience de \u00ab d\u00e9membrement \u00bb, un voyage int\u00e9rieur au cours duquel le corps est d\u00e9truit puis reconstruit. \u00c0 travers ce d\u00e9membrement, l\u2019ego se dissout. C\u2019est un peu mourir \u00e0 soi-m\u00eame. Cesser de se croire si important\u2026 Le p\u00e8lerinage nous fait vivre ce passage, cette travers\u00e9e. Les athl\u00e8tes de haut niveau ou adeptes de long trekking vous diraient rompre le corps, rompre ses r\u00e9sistances, pour atteindre cet espace en soi, toucher cette dimension qui nous met en contact avec le r\u00e9el d\u2019une mani\u00e8re totalement diff\u00e9rente, plus lucide. Une mani\u00e8re qui relativise bon nombre de nos habitudes de vie, de nos n\u00e9cessit\u00e9s, de nos d\u00e9pendances \u2026<\/p>\n<p style=\"text-align: justify;\">Au cours de ce long p\u00e9riple, sept grandes rencontres nous attendent. Des rencontres qui invitent \u00e0 un \u00e9veil de la conscience :<\/p>\n<p style=\"text-align: justify;\"><strong>1) L\u2019appel :<\/strong> La premi\u00e8re rencontre, celle qui nous met en route. Il s\u2019agit de cette petite voix int\u00e9rieure que l\u2019on se prend \u00e0 \u00e9couter tout \u00e0 coup et qui nous provoque \u00e0 prendre la route. Cette parole int\u00e9rieure peut \u00eatre induite par un profond malaise\/mal-\u00eatre, ou encore, par un profond d\u00e9sir de s\u2019ouvrir \u00e0 une exp\u00e9rience nouvelle. Comme un appel \u00e0 accomplir une mission personnelle. Cet appel, ou ce signal d\u2019alarme, se fera de plus en plus intense jusqu\u2019\u00e0 ce qu\u2019on ne puisse plus y r\u00e9sister. C\u2019est alors que nous passerons \u00e0 l\u2019action : nous nous mettrons en route.<img data-recalc-dims=\"1\" loading=\"lazy\" decoding=\"async\" data-attachment-id=\"643\" data-permalink=\"https:\/\/bottesetvelo.com\/blog\/2014\/06\/20\/les-etats-du-pelerin\/2010-486\/\" data-orig-file=\"https:\/\/i0.wp.com\/bottesetvelo.com\/blog\/wp-content\/uploads\/2014\/06\/2010-486.jpg?fit=2736%2C3648&amp;ssl=1\" data-orig-size=\"2736,3648\" data-comments-opened=\"1\" data-image-meta=\"{&quot;aperture&quot;:&quot;3.2&quot;,&quot;credit&quot;:&quot;&quot;,&quot;camera&quot;:&quot;Canon PowerShot SD890 IS&quot;,&quot;caption&quot;:&quot;&quot;,&quot;created_timestamp&quot;:&quot;1281003817&quot;,&quot;copyright&quot;:&quot;&quot;,&quot;focal_length&quot;:&quot;6.6&quot;,&quot;iso&quot;:&quot;80&quot;,&quot;shutter_speed&quot;:&quot;0.0125&quot;,&quot;title&quot;:&quot;&quot;}\" data-image-title=\"2010 486\" data-image-description=\"\" data-image-caption=\"\" data-large-file=\"https:\/\/i0.wp.com\/bottesetvelo.com\/blog\/wp-content\/uploads\/2014\/06\/2010-486.jpg?fit=768%2C1024&amp;ssl=1\" class=\"alignright wp-image-643 \" src=\"https:\/\/i0.wp.com\/bottesetvelo.com\/blog\/wp-content\/uploads\/2014\/06\/2010-486.jpg?resize=215%2C287&#038;ssl=1\" alt=\"2010 486\" width=\"215\" height=\"287\" srcset=\"https:\/\/i0.wp.com\/bottesetvelo.com\/blog\/wp-content\/uploads\/2014\/06\/2010-486.jpg?resize=375%2C500&amp;ssl=1 375w, https:\/\/i0.wp.com\/bottesetvelo.com\/blog\/wp-content\/uploads\/2014\/06\/2010-486.jpg?resize=768%2C1024&amp;ssl=1 768w, https:\/\/i0.wp.com\/bottesetvelo.com\/blog\/wp-content\/uploads\/2014\/06\/2010-486.jpg?resize=624%2C832&amp;ssl=1 624w, https:\/\/i0.wp.com\/bottesetvelo.com\/blog\/wp-content\/uploads\/2014\/06\/2010-486.jpg?w=2340&amp;ssl=1 2340w\" sizes=\"auto, (max-width: 215px) 100vw, 215px\" \/><br \/>\n<strong>2) La d\u00e9stabilisation :<\/strong> Sur la route, extrait de notre routine, nous vivrons la d\u00e9stabilisation. \u00c0 travers la perte des rep\u00e8res quotidiens, nous ressentirons une ins\u00e9curit\u00e9 plus ou moins intense selon chacun. Les besoins de base prendront alors une plus grande importance et deviendront prioritaires : O\u00f9 vais-je dormir? Que vais-je manger? Est-ce que j\u2019aurai suffisamment d\u2019eau? Des questions qu\u2019on ne se pose pas habituellement. C\u2019est par cette d\u00e9stabilisation que je prendrai conscience de mes craintes, de mes peurs.<br \/>\n<strong>3) La souffrance :<\/strong> La rencontre avec ma souffrance, autant physique que spirituelle, viendra de la prise de conscience de mes peurs. Me mettre \u00e0 l\u2019\u00e9coute de cette souffrance m\u2019apprendra \u00e0 baliser mon bonheur. Lors d\u2019un p\u00e8lerinage, nos souffrances physiques viennent souvent de la perception que nous entretenons de nous-m\u00eames ou de l\u2019image que nous d\u00e9sirons projeter. Par exemple, certains p\u00e8lerins, \u00e0 vouloir trop performer, ou par esprit de comp\u00e9titivit\u00e9, en viennent \u00e0 se blesser. La rencontre avec notre propre souffrance nous apprend donc l\u2019importance d\u2019\u00eatre attentif aux signes de notre corps. Ces blessures en disent souvent long sur notre \u00e9tat d\u2019esprit. \u00c0 notre \u00e9poque, nous avons tendance \u00e0 anesth\u00e9sier la douleur pour repousser les limites de notre corps. En faisant cela, nous ne faisons qu\u2019aggraver la situation. Rencontrer sa souffrance signifiera : m\u00e9nager sa monture, apprendre \u00e0 s\u2019arr\u00eater quand il le faut, apprendre \u00e0 faire les choses \u00e0 sa propre mesure.<br \/>\n<strong>4) Le l\u00e2cher-prise :<\/strong> La souffrance apprivois\u00e9e, nous serons \u00e0 m\u00eame de faire la rencontre avec le l\u00e2cher-prise. Une rencontre qui nous permettra de laisser aller ce qui nous retenait dans cette souffrance. Pendant cette p\u00e9riode, le parall\u00e8le se fera souvent avec notre sac \u00e0 dos et son contenu : Qu\u2019est-ce qui me p\u00e8se si lourd? \u00c0 quelles id\u00e9es, perceptions de moi-m\u00eame, des autres suis-je accroch\u00e9? Quelles obligations? Quel deuil est-ce que je refuse de faire? Lentement, notre conscience s\u2019\u00e9veille et nous arrivons \u00e0 nous d\u00e9faire de ces poids que nous portons. Lentement, notre sac de vie s\u2019all\u00e8ge.<br \/>\n<strong>5) La confiance :<\/strong> Le c\u0153ur plus l\u00e9ger, je pourrai accueillir la confiance : en soi, en l\u2019autre, en ce chemin que je choisis. Une confiance qui grandira et me rassurera les jours difficiles. Une confiance qui me permettra d\u2019appr\u00e9cier mon chemin et de m\u2019y sentir bien malgr\u00e9 l\u2019absence de ce qui m\u2019\u00e9tait pr\u00e9cieux. D\u00e9couvrir que ce pr\u00e9cieux n\u2019\u00e9tait finalement pas essentiel \u00e0 ma vie\u2026<br \/>\n<strong>6) L\u2019int\u00e9riorisation :<\/strong> La rencontre avec soi. L\u2019\u00e9tat de confiance dans lequel j\u2019avance permet cette descente en soi de mani\u00e8re paisible. C\u2019est la capacit\u00e9 de contemplation qui s\u2019approfondit. Une sensibilit\u00e9 diff\u00e9rente. Un \u00e9tat de b\u00e9atitude qui se fait sentir \u00e0 fleur de peau et qui pourtant semble jaillir du plus profond de soi-m\u00eame. C\u2019est dans cet espace que je peux trouver la force d\u2019aller au-del\u00e0 des limites que je m\u2019\u00e9tais fix\u00e9es, de briser les r\u00e8gles qui \u00e9touffent ma vie.<br \/>\n<strong><a href=\"https:\/\/i0.wp.com\/bottesetvelo.com\/blog\/wp-content\/uploads\/2014\/06\/2010-437.jpg?ssl=1\"><img data-recalc-dims=\"1\" loading=\"lazy\" decoding=\"async\" data-attachment-id=\"645\" data-permalink=\"https:\/\/bottesetvelo.com\/blog\/2014\/06\/20\/les-etats-du-pelerin\/2010-437-2\/\" data-orig-file=\"https:\/\/i0.wp.com\/bottesetvelo.com\/blog\/wp-content\/uploads\/2014\/06\/2010-437.jpg?fit=3648%2C2736&amp;ssl=1\" data-orig-size=\"3648,2736\" data-comments-opened=\"1\" data-image-meta=\"{&quot;aperture&quot;:&quot;5.7&quot;,&quot;credit&quot;:&quot;&quot;,&quot;camera&quot;:&quot;Canon PowerShot SD890 IS&quot;,&quot;caption&quot;:&quot;&quot;,&quot;created_timestamp&quot;:&quot;1280657643&quot;,&quot;copyright&quot;:&quot;&quot;,&quot;focal_length&quot;:&quot;33&quot;,&quot;iso&quot;:&quot;80&quot;,&quot;shutter_speed&quot;:&quot;0.0025&quot;,&quot;title&quot;:&quot;&quot;}\" data-image-title=\"2010 437\" data-image-description=\"\" data-image-caption=\"\" data-large-file=\"https:\/\/i0.wp.com\/bottesetvelo.com\/blog\/wp-content\/uploads\/2014\/06\/2010-437.jpg?fit=1024%2C768&amp;ssl=1\" class=\"alignright wp-image-645\" src=\"https:\/\/i0.wp.com\/bottesetvelo.com\/blog\/wp-content\/uploads\/2014\/06\/2010-437.jpg?resize=308%2C231&#038;ssl=1\" alt=\"2010 437\" width=\"308\" height=\"231\" srcset=\"https:\/\/i0.wp.com\/bottesetvelo.com\/blog\/wp-content\/uploads\/2014\/06\/2010-437.jpg?resize=500%2C375&amp;ssl=1 500w, https:\/\/i0.wp.com\/bottesetvelo.com\/blog\/wp-content\/uploads\/2014\/06\/2010-437.jpg?resize=1024%2C768&amp;ssl=1 1024w, https:\/\/i0.wp.com\/bottesetvelo.com\/blog\/wp-content\/uploads\/2014\/06\/2010-437.jpg?resize=624%2C468&amp;ssl=1 624w, https:\/\/i0.wp.com\/bottesetvelo.com\/blog\/wp-content\/uploads\/2014\/06\/2010-437.jpg?w=2340&amp;ssl=1 2340w, https:\/\/i0.wp.com\/bottesetvelo.com\/blog\/wp-content\/uploads\/2014\/06\/2010-437.jpg?w=3510&amp;ssl=1 3510w\" sizes=\"auto, (max-width: 308px) 100vw, 308px\" \/><\/a>7) L\u2019engagement :<\/strong> le moment venu, cette rencontre se fera avec une \u00e9vidence toute simple. Tout menait \u00e0 cet instant d\u2019engagement. Un engagement envers soi-m\u00eame, un engagement \u00e0 \u00eatre vivant, un engagement \u00e0 poursuivre la route avec conviction.<\/p>\n<p style=\"text-align: justify;\">Ces rencontres sont les grandes lignes de la d\u00e9marche du p\u00e8lerin \u00e9labor\u00e9e par Bottes et V\u00e9lo. Lors d\u2019un p\u00e8lerinage de longue randonn\u00e9e, ces rencontres se feront g\u00e9n\u00e9ralement au cours des 10 premiers jours. Par la suite, elles continueront de nous habiter et de se pr\u00e9ciser. Cependant, c\u2019est \u00e0 la fin de cette p\u00e9riode de 10 jours, lors de l\u2019engagement, que le p\u00e8lerin arrive \u00e0 un moment charni\u00e8re de l\u2019exp\u00e9rience. Quelque chose de particulier se produit, un ressenti puissant. Il nous semble alors entrer pleinement dans le p\u00e8lerinage, que l\u2019exp\u00e9rience s\u2019abreuve d\u2019une \u00e9nergie nouvelle.<\/p>\n<p style=\"text-align: justify;\">Dans cette poursuite du p\u00e8lerinage, nous prendrons conscience de notre rapport au temps. Nous oserons ce que nous n\u2019aurions peut-\u00eatre jamais os\u00e9. Nous observerons nos souffrances des premiers jours avec un l\u00e9ger sourire. Nous comprendrons alors que nous ne pouvons planifier un p\u00e8lerinage, une vie, sur la connaissance que nous avons de nous-m\u00eame en d\u00e9but de p\u00e8lerinage. Notre exp\u00e9rience parle : ces perceptions du d\u00e9but n\u2018\u00e9taient d\u00e9j\u00e0 plus valides au bout de quelques jours! Mon corps et mon esprit sont transform\u00e9s jour apr\u00e8s jour. Mon corps devient plus endurant. Mon esprit ne per\u00e7oit plus de la m\u00eame fa\u00e7on. Je r\u00e9alise qu\u2019au mieux, nous ne pouvons planifier que l\u2019\u0153uvre du temps planifier que nous ne serons plus les m\u00eames, physiquement et spirituellement.<img data-recalc-dims=\"1\" loading=\"lazy\" decoding=\"async\" data-attachment-id=\"14\" data-permalink=\"https:\/\/bottesetvelo.com\/blog\/bottes-et-velo-le-blog\/bottes-et-velo-embleme\/\" data-orig-file=\"https:\/\/i0.wp.com\/bottesetvelo.com\/blog\/wp-content\/uploads\/2014\/01\/Bottes-et-V%C3%A9lo-Embl%C3%AAme-e1454083414631.jpg?fit=100%2C79&amp;ssl=1\" data-orig-size=\"100,79\" data-comments-opened=\"1\" data-image-meta=\"{&quot;aperture&quot;:&quot;0&quot;,&quot;credit&quot;:&quot;&quot;,&quot;camera&quot;:&quot;&quot;,&quot;caption&quot;:&quot;&quot;,&quot;created_timestamp&quot;:&quot;0&quot;,&quot;copyright&quot;:&quot;&quot;,&quot;focal_length&quot;:&quot;0&quot;,&quot;iso&quot;:&quot;0&quot;,&quot;shutter_speed&quot;:&quot;0&quot;,&quot;title&quot;:&quot;&quot;}\" data-image-title=\"Bottes et V\u00e9lo &amp;#8211; Embl\u00eame\" data-image-description=\"\" data-image-caption=\"\" data-large-file=\"https:\/\/i0.wp.com\/bottesetvelo.com\/blog\/wp-content\/uploads\/2014\/01\/Bottes-et-V%C3%A9lo-Embl%C3%AAme-e1454083414631.jpg?fit=100%2C79&amp;ssl=1\" class=\"alignright wp-image-14 \" src=\"https:\/\/i0.wp.com\/bottesetvelo.com\/blog\/wp-content\/uploads\/2014\/01\/Bottes-et-V%C3%A9lo-Embl%C3%AAme.jpg?resize=65%2C51&#038;ssl=1\" alt=\"Bottes et V\u00e9lo - Embl\u00eame\" width=\"65\" height=\"51\" \/><\/p>\n<p style=\"text-align: justify;\">\u00c9ric Lalibert\u00e9<\/p>\n","protected":false},"excerpt":{"rendered":"<p>Ce que nous accomplissons \u00e0 l&rsquo;int\u00e9rieur modifie la r\u00e9alit\u00e9 ext\u00e9rieure. Otto Rank Nous nous pr\u00e9parons \u00e0 partir. Comme vous le savez, nous n\u2019en sommes pas \u00e0 notre premi\u00e8re exp\u00e9rience. Pourtant, chaque fois que nous reprenons la route, les \u00e9tats du p\u00e8lerin me reviennent en t\u00eate. Je sais ce qui nous attend! J\u2019anticipe ces \u00e9tats dans&hellip;<\/p>\n","protected":false},"author":3,"featured_media":0,"comment_status":"open","ping_status":"open","sticky":false,"template":"","format":"standard","meta":{"jetpack_post_was_ever_published":false,"_jetpack_newsletter_access":"","_jetpack_dont_email_post_to_subs":false,"_jetpack_newsletter_tier_id":0,"_jetpack_memberships_contains_paywalled_content":false,"_jetpack_memberships_contains_paid_content":false,"footnotes":"","jetpack_publicize_message":"","jetpack_publicize_feature_enabled":true,"jetpack_social_post_already_shared":true,"jetpack_social_options":{"image_generator_settings":{"template":"highway","default_image_id":0,"font":"","enabled":false},"version":2}},"categories":[50,39,3,37],"tags":[40,41,38,20],"class_list":["post-642","post","type-post","status-publish","format-standard","hentry","category-art-de-vivre","category-croissance-personnelle","category-reflexions","category-spiritualite-2","tag-croissance-personnelle-2","tag-formation","tag-reflexion","tag-spiritualite"],"jetpack_publicize_connections":[],"jetpack_featured_media_url":"","jetpack_shortlink":"https:\/\/wp.me\/p4eY6z-am","jetpack_sharing_enabled":true,"jetpack_likes_enabled":true,"jetpack-related-posts":[],"_links":{"self":[{"href":"https:\/\/bottesetvelo.com\/blog\/wp-json\/wp\/v2\/posts\/642","targetHints":{"allow":["GET"]}}],"collection":[{"href":"https:\/\/bottesetvelo.com\/blog\/wp-json\/wp\/v2\/posts"}],"about":[{"href":"https:\/\/bottesetvelo.com\/blog\/wp-json\/wp\/v2\/types\/post"}],"author":[{"embeddable":true,"href":"https:\/\/bottesetvelo.com\/blog\/wp-json\/wp\/v2\/users\/3"}],"replies":[{"embeddable":true,"href":"https:\/\/bottesetvelo.com\/blog\/wp-json\/wp\/v2\/comments?post=642"}],"version-history":[{"count":1,"href":"https:\/\/bottesetvelo.com\/blog\/wp-json\/wp\/v2\/posts\/642\/revisions"}],"predecessor-version":[{"id":646,"href":"https:\/\/bottesetvelo.com\/blog\/wp-json\/wp\/v2\/posts\/642\/revisions\/646"}],"wp:attachment":[{"href":"https:\/\/bottesetvelo.com\/blog\/wp-json\/wp\/v2\/media?parent=642"}],"wp:term":[{"taxonomy":"category","embeddable":true,"href":"https:\/\/bottesetvelo.com\/blog\/wp-json\/wp\/v2\/categories?post=642"},{"taxonomy":"post_tag","embeddable":true,"href":"https:\/\/bottesetvelo.com\/blog\/wp-json\/wp\/v2\/tags?post=642"}],"curies":[{"name":"wp","href":"https:\/\/api.w.org\/{rel}","templated":true}]}}