{"id":628,"date":"2014-06-14T08:44:52","date_gmt":"2014-06-14T12:44:52","guid":{"rendered":"http:\/\/bottesetvelo.com\/blog\/?p=628"},"modified":"2014-06-14T08:44:52","modified_gmt":"2014-06-14T12:44:52","slug":"la-fondation-elan-de-lirdpq-et-les-pelerins-du-chemin-de-la-vie","status":"publish","type":"post","link":"https:\/\/bottesetvelo.com\/blog\/2014\/06\/14\/la-fondation-elan-de-lirdpq-et-les-pelerins-du-chemin-de-la-vie\/","title":{"rendered":"La Fondation \u00c9lan de l\u2019IRDPQ et les p\u00e8lerins du chemin de la vie"},"content":{"rendered":"<h6 style=\"text-align: right;\"><em>Quand on ne peut revenir en arri\u00e8re, on ne doit se pr\u00e9occuper<\/em><br \/>\n<em>que de la meilleure fa\u00e7on d&rsquo;aller de l&rsquo;avant.<\/em><br \/>\n<em>Paulo Coelho<\/em><\/h6>\n<p style=\"text-align: justify;\"><a href=\"https:\/\/i0.wp.com\/bottesetvelo.com\/blog\/wp-content\/uploads\/2014\/06\/043.jpg?ssl=1\"><img data-recalc-dims=\"1\" loading=\"lazy\" decoding=\"async\" data-attachment-id=\"629\" data-permalink=\"https:\/\/bottesetvelo.com\/blog\/2014\/06\/14\/la-fondation-elan-de-lirdpq-et-les-pelerins-du-chemin-de-la-vie\/attachment\/043\/\" data-orig-file=\"https:\/\/i0.wp.com\/bottesetvelo.com\/blog\/wp-content\/uploads\/2014\/06\/043.jpg?fit=1936%2C2592&amp;ssl=1\" data-orig-size=\"1936,2592\" data-comments-opened=\"1\" data-image-meta=\"{&quot;aperture&quot;:&quot;2.8&quot;,&quot;credit&quot;:&quot;&quot;,&quot;camera&quot;:&quot;iPhone 4&quot;,&quot;caption&quot;:&quot;&quot;,&quot;created_timestamp&quot;:&quot;1318081343&quot;,&quot;copyright&quot;:&quot;&quot;,&quot;focal_length&quot;:&quot;3.85&quot;,&quot;iso&quot;:&quot;80&quot;,&quot;shutter_speed&quot;:&quot;0.000656598818122&quot;,&quot;title&quot;:&quot;&quot;}\" data-image-title=\"043\" data-image-description=\"\" data-image-caption=\"\" data-large-file=\"https:\/\/i0.wp.com\/bottesetvelo.com\/blog\/wp-content\/uploads\/2014\/06\/043.jpg?fit=764%2C1024&amp;ssl=1\" class=\"alignright wp-image-629 \" src=\"https:\/\/i0.wp.com\/bottesetvelo.com\/blog\/wp-content\/uploads\/2014\/06\/043.jpg?resize=244%2C327&#038;ssl=1\" alt=\"043\" width=\"244\" height=\"327\" srcset=\"https:\/\/i0.wp.com\/bottesetvelo.com\/blog\/wp-content\/uploads\/2014\/06\/043.jpg?resize=373%2C500&amp;ssl=1 373w, https:\/\/i0.wp.com\/bottesetvelo.com\/blog\/wp-content\/uploads\/2014\/06\/043.jpg?resize=764%2C1024&amp;ssl=1 764w, https:\/\/i0.wp.com\/bottesetvelo.com\/blog\/wp-content\/uploads\/2014\/06\/043.jpg?resize=624%2C835&amp;ssl=1 624w, https:\/\/i0.wp.com\/bottesetvelo.com\/blog\/wp-content\/uploads\/2014\/06\/043.jpg?w=1936&amp;ssl=1 1936w\" sizes=\"auto, (max-width: 244px) 100vw, 244px\" \/><\/a>Accident de la route, accident de travail, maladie, impr\u00e9vus de la vie: personne ne sait o\u00f9 sa route le m\u00e8nera, ni quels d\u00e9fis elle lui r\u00e9serve. Mais une chose est certaine : nous aurons tous un jour o\u00f9 l\u2019autre une dure \u00e9preuve \u00e0 surmonter. Et c\u2019est alors que nous r\u00e9aliserons l\u2019importance de s\u2019entourer de personnes aimantes et exp\u00e9riment\u00e9es afin de vivre ce passage de vie avec le moins de blessures possible.<\/p>\n<p style=\"text-align: justify;\">\u00c0 l\u2019Institut de R\u00e9adaptation en D\u00e9ficience Physique de Qu\u00e9bec, chaque jour, plusieurs personnes traversent une \u00e9preuve qui nous semble insurmontable et parfois m\u00eame inhumaine. P\u00e8lerins de vie, suivant leur chemin bien malgr\u00e9 eux, ils savent qu\u2019ils doivent avancer pour aller vers leur prochaine \u00e9tape de vie, qu\u2019ils esp\u00e8rent plus cl\u00e9mente. Leur monde vient de basculer compl\u00e8tement, dans une direction que personne ne pouvait pr\u00e9voir ni m\u00eame penser. Les premiers jours ne sont qu\u2019une suite de constatations douloureuses et de deuils. La routine qu\u2019ils connaissaient et qui \u00e9tait rassurante et famili\u00e8re vient de dispara\u00eetre dans un coup de vent. Les rep\u00e8res s\u2019estompent et les multiples questions surgissent et tourbillonnent sans cesse. Comme le p\u00e8lerin de Compostelle, ces p\u00e8lerins de vie traversent plusieurs \u00e9tats : peurs, d\u00e9stabilisation, d\u00e9couragement, espoir, fiert\u00e9. Mais comme le p\u00e8lerin, les usagers de l\u2019IRDPQ ne sont pas <img data-recalc-dims=\"1\" loading=\"lazy\" decoding=\"async\" data-attachment-id=\"631\" data-permalink=\"https:\/\/bottesetvelo.com\/blog\/2014\/06\/14\/la-fondation-elan-de-lirdpq-et-les-pelerins-du-chemin-de-la-vie\/img_1174\/\" data-orig-file=\"https:\/\/i0.wp.com\/bottesetvelo.com\/blog\/wp-content\/uploads\/2014\/06\/IMG_1174.jpg?fit=1936%2C2592&amp;ssl=1\" data-orig-size=\"1936,2592\" data-comments-opened=\"1\" data-image-meta=\"{&quot;aperture&quot;:&quot;2.8&quot;,&quot;credit&quot;:&quot;&quot;,&quot;camera&quot;:&quot;iPhone 4&quot;,&quot;caption&quot;:&quot;&quot;,&quot;created_timestamp&quot;:&quot;1374079156&quot;,&quot;copyright&quot;:&quot;&quot;,&quot;focal_length&quot;:&quot;3.85&quot;,&quot;iso&quot;:&quot;80&quot;,&quot;shutter_speed&quot;:&quot;0.00036469730124&quot;,&quot;title&quot;:&quot;&quot;}\" data-image-title=\"IMG_1174\" data-image-description=\"\" data-image-caption=\"\" data-large-file=\"https:\/\/i0.wp.com\/bottesetvelo.com\/blog\/wp-content\/uploads\/2014\/06\/IMG_1174.jpg?fit=764%2C1024&amp;ssl=1\" class=\"alignleft wp-image-631 \" src=\"https:\/\/i0.wp.com\/bottesetvelo.com\/blog\/wp-content\/uploads\/2014\/06\/IMG_1174.jpg?resize=239%2C320&#038;ssl=1\" alt=\"IMG_1174\" width=\"239\" height=\"320\" srcset=\"https:\/\/i0.wp.com\/bottesetvelo.com\/blog\/wp-content\/uploads\/2014\/06\/IMG_1174.jpg?resize=373%2C500&amp;ssl=1 373w, https:\/\/i0.wp.com\/bottesetvelo.com\/blog\/wp-content\/uploads\/2014\/06\/IMG_1174.jpg?resize=764%2C1024&amp;ssl=1 764w, https:\/\/i0.wp.com\/bottesetvelo.com\/blog\/wp-content\/uploads\/2014\/06\/IMG_1174.jpg?resize=624%2C835&amp;ssl=1 624w, https:\/\/i0.wp.com\/bottesetvelo.com\/blog\/wp-content\/uploads\/2014\/06\/IMG_1174.jpg?w=1936&amp;ssl=1 1936w\" sizes=\"auto, (max-width: 239px) 100vw, 239px\" \/>seuls. Toute une \u00e9quipe exp\u00e9riment\u00e9e, d\u00e9vou\u00e9e, et attentionn\u00e9e les \u00e9paule tout au long de leur route. Chaque personne qui travaille \u00e0 l\u2019IRDPQ accompagne, dans son champ d\u2019expertise, les usagers dans cette nouvelle r\u00e9alit\u00e9 et les aident \u00e0 la d\u00e9couvrir et \u00e0 l\u2019apprivoiser.<\/p>\n<p>&nbsp;<\/p>\n<p style=\"text-align: justify;\">Les usagers, p\u00e8lerins sur le dur chemin de la vie, doivent d\u00e9finir leurs nouvelles limites et apprendre \u00e0 composer avec celles-ci. Ils auront \u00e0 se doter de nouveaux rep\u00e8res et se cr\u00e9er de nouvelles habitudes. Pour certains, les adaptations sont mineures, pour d\u2019autres c\u2019est tout un d\u00e9cor de vie qu\u2019il faut repenser. Mais l\u2019\u00e9quipe de l\u2019IRDPQ assure chaque pas que fait l\u2019usager. Elle est le b\u00e2ton de marche de ces p\u00e8lerins. Toujours pr\u00e9sente dans chacun des pas de cette r\u00e9adaptation, l\u2019usager peut se fier \u00e0 chacun des membres de l\u2019\u00e9quipe. Ils lui permettent de garder son \u00e9quilibre dans les descentes abruptes, pr\u00e9viennent des chutes, lui permettent de s\u2019appuyer dans les mont\u00e9es, le soulagent du poids qu\u2019il porte sur ses \u00e9paules. Ces b\u00e2tons de marche lui permettent de mieux respirer, car ils l\u2019aident \u00e0 avoir une meilleure posture. Ils l\u2019incitent \u00e0 se tenir droit, \u00e0 marcher la t\u00eate haute : \u00ab malgr\u00e9 tout, rester debout \u00bb! Et c\u2019est debout qu\u2019il pourra voir plus loin, et croire au succ\u00e8s de ses efforts. Un pas \u00e0 la fois, un jour \u00e0 la fois, avec l\u2019\u00e9quipe \u00e0 ses c\u00f4t\u00e9s, il appr\u00e9cie le chemin qu\u2019il a parcouru. Les encouragements r\u00e9p\u00e9t\u00e9s de l\u2019\u00e9quipe, comme le claquement rythm\u00e9 des b\u00e2tons sur la route, font na\u00eetre l\u2019\u00e9lan qui fait avancer le p\u00e8lerin de vie et le pousse \u00e0 pers\u00e9v\u00e9rer.<\/p>\n<p><img data-recalc-dims=\"1\" loading=\"lazy\" decoding=\"async\" data-attachment-id=\"632\" data-permalink=\"https:\/\/bottesetvelo.com\/blog\/2014\/06\/14\/la-fondation-elan-de-lirdpq-et-les-pelerins-du-chemin-de-la-vie\/photo-2014-06-03-15-36-11\/\" data-orig-file=\"https:\/\/i0.wp.com\/bottesetvelo.com\/blog\/wp-content\/uploads\/2014\/06\/Photo-2014-06-03-15-36-11.jpg?fit=2544%2C2135&amp;ssl=1\" data-orig-size=\"2544,2135\" data-comments-opened=\"1\" data-image-meta=\"{&quot;aperture&quot;:&quot;2.4&quot;,&quot;credit&quot;:&quot;&quot;,&quot;camera&quot;:&quot;iPhone 4S&quot;,&quot;caption&quot;:&quot;&quot;,&quot;created_timestamp&quot;:&quot;1401809771&quot;,&quot;copyright&quot;:&quot;&quot;,&quot;focal_length&quot;:&quot;4.28&quot;,&quot;iso&quot;:&quot;50&quot;,&quot;shutter_speed&quot;:&quot;0.000778816199377&quot;,&quot;title&quot;:&quot;&quot;}\" data-image-title=\"Photo 2014-06-03 15 36 11\" data-image-description=\"\" data-image-caption=\"\" data-large-file=\"https:\/\/i0.wp.com\/bottesetvelo.com\/blog\/wp-content\/uploads\/2014\/06\/Photo-2014-06-03-15-36-11.jpg?fit=1024%2C859&amp;ssl=1\" class=\"alignright wp-image-632\" src=\"https:\/\/i0.wp.com\/bottesetvelo.com\/blog\/wp-content\/uploads\/2014\/06\/Photo-2014-06-03-15-36-11.jpg?resize=303%2C254&#038;ssl=1\" alt=\"Brigitte Harouni et \u00c9ric Lalibert\u00e9, de Bottes et V\u00e9lo, Mme Annie Gagnon, directrice de la Fondation \u00c9lan de l'IRDPQ et M. Martin Cinq-Mars.\" width=\"303\" height=\"254\" srcset=\"https:\/\/i0.wp.com\/bottesetvelo.com\/blog\/wp-content\/uploads\/2014\/06\/Photo-2014-06-03-15-36-11.jpg?resize=500%2C419&amp;ssl=1 500w, https:\/\/i0.wp.com\/bottesetvelo.com\/blog\/wp-content\/uploads\/2014\/06\/Photo-2014-06-03-15-36-11.jpg?resize=1024%2C859&amp;ssl=1 1024w, https:\/\/i0.wp.com\/bottesetvelo.com\/blog\/wp-content\/uploads\/2014\/06\/Photo-2014-06-03-15-36-11.jpg?resize=624%2C523&amp;ssl=1 624w, https:\/\/i0.wp.com\/bottesetvelo.com\/blog\/wp-content\/uploads\/2014\/06\/Photo-2014-06-03-15-36-11.jpg?w=2340&amp;ssl=1 2340w\" sizes=\"auto, (max-width: 303px) 100vw, 303px\" \/><\/p>\n<p style=\"text-align: justify;\">Lors d\u2019un p\u00e8lerinage, la plus grande richesse du chemin ce sont les gens qui croisent notre route. Leur g\u00e9n\u00e9rosit\u00e9 est marquante et dans un tel contexte, un simple geste peut devenir un instant inoubliable. Sans pourtant se conna\u00eetre, chacun est soucieux du bien-\u00eatre de l\u2019autre. On partage son eau et son repas. On s\u2019organise pour pouvoir offrir un lit. On porte votre sac \u00e0 dos, vous donne des soins et des pansements. On vous \u00e9coute, on vous salue, on vous encourage. Ce sont toutes ces personnes qui, sans le savoir, font vivre le chemin et redonnent confiance en la vie. Mais faire un p\u00e8lerinage c\u2019est choisir de vivre autrement. Faire une lev\u00e9e de fonds pour l\u2019IRDPQ, c\u2019est offrir aux usagers la possibilit\u00e9 de mieux vivre cet \u00ab autrement \u00bb qu\u2019ils n\u2019ont pas choisi. L\u2019usager de l\u2019IRDPQ c\u2019est un p\u00e8re de trois enfants, une m\u00e8re aimante, un grand-p\u00e8re en pleine forme, votre coll\u00e8gue de travail dynamique, un adolescent talentueux, une petite <img data-recalc-dims=\"1\" loading=\"lazy\" decoding=\"async\" data-attachment-id=\"633\" data-permalink=\"https:\/\/bottesetvelo.com\/blog\/2014\/06\/14\/la-fondation-elan-de-lirdpq-et-les-pelerins-du-chemin-de-la-vie\/fondation-elan-logo\/\" data-orig-file=\"https:\/\/i0.wp.com\/bottesetvelo.com\/blog\/wp-content\/uploads\/2014\/06\/Fondation-%C3%89lan-logo.png?fit=323%2C112&amp;ssl=1\" data-orig-size=\"323,112\" data-comments-opened=\"1\" data-image-meta=\"{&quot;aperture&quot;:&quot;0&quot;,&quot;credit&quot;:&quot;&quot;,&quot;camera&quot;:&quot;&quot;,&quot;caption&quot;:&quot;&quot;,&quot;created_timestamp&quot;:&quot;0&quot;,&quot;copyright&quot;:&quot;&quot;,&quot;focal_length&quot;:&quot;0&quot;,&quot;iso&quot;:&quot;0&quot;,&quot;shutter_speed&quot;:&quot;0&quot;,&quot;title&quot;:&quot;&quot;}\" data-image-title=\"Fondation \u00c9lan- logo\" data-image-description=\"\" data-image-caption=\"\" data-large-file=\"https:\/\/i0.wp.com\/bottesetvelo.com\/blog\/wp-content\/uploads\/2014\/06\/Fondation-%C3%89lan-logo.png?fit=323%2C112&amp;ssl=1\" class=\"alignright wp-image-633 size-full\" src=\"https:\/\/i0.wp.com\/bottesetvelo.com\/blog\/wp-content\/uploads\/2014\/06\/Fondation-%C3%89lan-logo.png?resize=323%2C112&#038;ssl=1\" alt=\"Fondation \u00c9lan- logo\" width=\"323\" height=\"112\" \/>fille mignonne \u00e0 croquer, votre voisin, un ami, un parent. Nous sommes tous des p\u00e8lerins de vie. Mais certaines \u00e9tapes sont plus difficiles que d\u2019autres. Le don que vous ferez, ce simple geste, contribuera \u00e0 leur mieux-\u00eatre. Aidez-nous \u00e0 les aidez.<img data-recalc-dims=\"1\" loading=\"lazy\" decoding=\"async\" data-attachment-id=\"14\" data-permalink=\"https:\/\/bottesetvelo.com\/blog\/bottes-et-velo-le-blog\/bottes-et-velo-embleme\/\" data-orig-file=\"https:\/\/i0.wp.com\/bottesetvelo.com\/blog\/wp-content\/uploads\/2014\/01\/Bottes-et-V%C3%A9lo-Embl%C3%AAme-e1454083414631.jpg?fit=100%2C79&amp;ssl=1\" data-orig-size=\"100,79\" data-comments-opened=\"1\" data-image-meta=\"{&quot;aperture&quot;:&quot;0&quot;,&quot;credit&quot;:&quot;&quot;,&quot;camera&quot;:&quot;&quot;,&quot;caption&quot;:&quot;&quot;,&quot;created_timestamp&quot;:&quot;0&quot;,&quot;copyright&quot;:&quot;&quot;,&quot;focal_length&quot;:&quot;0&quot;,&quot;iso&quot;:&quot;0&quot;,&quot;shutter_speed&quot;:&quot;0&quot;,&quot;title&quot;:&quot;&quot;}\" data-image-title=\"Bottes et V\u00e9lo &amp;#8211; Embl\u00eame\" data-image-description=\"\" data-image-caption=\"\" data-large-file=\"https:\/\/i0.wp.com\/bottesetvelo.com\/blog\/wp-content\/uploads\/2014\/01\/Bottes-et-V%C3%A9lo-Embl%C3%AAme-e1454083414631.jpg?fit=100%2C79&amp;ssl=1\" class=\"alignright wp-image-14 \" src=\"https:\/\/i0.wp.com\/bottesetvelo.com\/blog\/wp-content\/uploads\/2014\/01\/Bottes-et-V%C3%A9lo-Embl%C3%AAme.jpg?resize=85%2C67&#038;ssl=1\" alt=\"Bottes et V\u00e9lo - Embl\u00eame\" width=\"85\" height=\"67\" \/><\/p>\n<p style=\"text-align: justify;\">Brigitte Harouni<\/p>\n","protected":false},"excerpt":{"rendered":"<p>Quand on ne peut revenir en arri\u00e8re, on ne doit se pr\u00e9occuper que de la meilleure fa\u00e7on d&rsquo;aller de l&rsquo;avant. Paulo Coelho Accident de la route, accident de travail, maladie, impr\u00e9vus de la vie: personne ne sait o\u00f9 sa route le m\u00e8nera, ni quels d\u00e9fis elle lui r\u00e9serve. Mais une chose est certaine : nous&hellip;<\/p>\n","protected":false},"author":2,"featured_media":0,"comment_status":"open","ping_status":"open","sticky":false,"template":"","format":"standard","meta":{"jetpack_post_was_ever_published":false,"_jetpack_newsletter_access":"","_jetpack_dont_email_post_to_subs":false,"_jetpack_newsletter_tier_id":0,"_jetpack_memberships_contains_paywalled_content":false,"_jetpack_memberships_contains_paid_content":false,"footnotes":"","jetpack_publicize_message":"La Fondation \u00c9lan de l\u2019IRDPQ et les p\u00e8lerins du chemin de la vie","jetpack_publicize_feature_enabled":true,"jetpack_social_post_already_shared":true,"jetpack_social_options":{"image_generator_settings":{"template":"highway","default_image_id":0,"font":"","enabled":false},"version":2}},"categories":[56,50],"tags":[276,277,67],"class_list":["post-628","post","type-post","status-publish","format-standard","hentry","category-activites","category-art-de-vivre","tag-fondation-elan","tag-irdpq","tag-levee-de-fonds"],"jetpack_publicize_connections":[],"jetpack_featured_media_url":"","jetpack_shortlink":"https:\/\/wp.me\/p4eY6z-a8","jetpack_sharing_enabled":true,"jetpack_likes_enabled":true,"jetpack-related-posts":[],"_links":{"self":[{"href":"https:\/\/bottesetvelo.com\/blog\/wp-json\/wp\/v2\/posts\/628","targetHints":{"allow":["GET"]}}],"collection":[{"href":"https:\/\/bottesetvelo.com\/blog\/wp-json\/wp\/v2\/posts"}],"about":[{"href":"https:\/\/bottesetvelo.com\/blog\/wp-json\/wp\/v2\/types\/post"}],"author":[{"embeddable":true,"href":"https:\/\/bottesetvelo.com\/blog\/wp-json\/wp\/v2\/users\/2"}],"replies":[{"embeddable":true,"href":"https:\/\/bottesetvelo.com\/blog\/wp-json\/wp\/v2\/comments?post=628"}],"version-history":[{"count":1,"href":"https:\/\/bottesetvelo.com\/blog\/wp-json\/wp\/v2\/posts\/628\/revisions"}],"predecessor-version":[{"id":634,"href":"https:\/\/bottesetvelo.com\/blog\/wp-json\/wp\/v2\/posts\/628\/revisions\/634"}],"wp:attachment":[{"href":"https:\/\/bottesetvelo.com\/blog\/wp-json\/wp\/v2\/media?parent=628"}],"wp:term":[{"taxonomy":"category","embeddable":true,"href":"https:\/\/bottesetvelo.com\/blog\/wp-json\/wp\/v2\/categories?post=628"},{"taxonomy":"post_tag","embeddable":true,"href":"https:\/\/bottesetvelo.com\/blog\/wp-json\/wp\/v2\/tags?post=628"}],"curies":[{"name":"wp","href":"https:\/\/api.w.org\/{rel}","templated":true}]}}