{"id":601,"date":"2014-05-30T18:12:46","date_gmt":"2014-05-30T22:12:46","guid":{"rendered":"http:\/\/bottesetvelo.com\/blog\/?p=601"},"modified":"2014-05-30T18:12:46","modified_gmt":"2014-05-30T22:12:46","slug":"lesprit-de-competition","status":"publish","type":"post","link":"https:\/\/bottesetvelo.com\/blog\/2014\/05\/30\/lesprit-de-competition\/","title":{"rendered":"L\u2019esprit de comp\u00e9tition"},"content":{"rendered":"<h6 style=\"text-align: right;\">\u00ab Il est surprenant de constater combien sont peu nombreux les besoins essentiels<br \/>\nune fois supprim\u00e9es la comp\u00e9tition et l&rsquo;accumulation. \u00bb Arthur Koestler<\/h6>\n<p style=\"text-align: justify;\"><a href=\"https:\/\/i0.wp.com\/bottesetvelo.com\/blog\/wp-content\/uploads\/2014\/05\/2009-Octobre-Salem-et-Boston-024.jpg?ssl=1\"><img data-recalc-dims=\"1\" loading=\"lazy\" decoding=\"async\" data-attachment-id=\"602\" data-permalink=\"https:\/\/bottesetvelo.com\/blog\/2014\/05\/30\/lesprit-de-competition\/2009-octobre-salem-et-boston-024\/\" data-orig-file=\"https:\/\/i0.wp.com\/bottesetvelo.com\/blog\/wp-content\/uploads\/2014\/05\/2009-Octobre-Salem-et-Boston-024.jpg?fit=2736%2C3648&amp;ssl=1\" data-orig-size=\"2736,3648\" data-comments-opened=\"1\" data-image-meta=\"{&quot;aperture&quot;:&quot;9&quot;,&quot;credit&quot;:&quot;&quot;,&quot;camera&quot;:&quot;Canon PowerShot SD890 IS&quot;,&quot;caption&quot;:&quot;&quot;,&quot;created_timestamp&quot;:&quot;1255262585&quot;,&quot;copyright&quot;:&quot;&quot;,&quot;focal_length&quot;:&quot;6.6&quot;,&quot;iso&quot;:&quot;80&quot;,&quot;shutter_speed&quot;:&quot;0.00625&quot;,&quot;title&quot;:&quot;&quot;}\" data-image-title=\"2009 &amp;#8211; Octobre Salem et Boston 024\" data-image-description=\"\" data-image-caption=\"\" data-large-file=\"https:\/\/i0.wp.com\/bottesetvelo.com\/blog\/wp-content\/uploads\/2014\/05\/2009-Octobre-Salem-et-Boston-024.jpg?fit=768%2C1024&amp;ssl=1\" class=\"alignright wp-image-602 \" src=\"https:\/\/i0.wp.com\/bottesetvelo.com\/blog\/wp-content\/uploads\/2014\/05\/2009-Octobre-Salem-et-Boston-024.jpg?resize=242%2C323&#038;ssl=1\" alt=\"2009 - Octobre Salem et Boston 024\" width=\"242\" height=\"323\" srcset=\"https:\/\/i0.wp.com\/bottesetvelo.com\/blog\/wp-content\/uploads\/2014\/05\/2009-Octobre-Salem-et-Boston-024.jpg?resize=375%2C500&amp;ssl=1 375w, https:\/\/i0.wp.com\/bottesetvelo.com\/blog\/wp-content\/uploads\/2014\/05\/2009-Octobre-Salem-et-Boston-024.jpg?resize=768%2C1024&amp;ssl=1 768w, https:\/\/i0.wp.com\/bottesetvelo.com\/blog\/wp-content\/uploads\/2014\/05\/2009-Octobre-Salem-et-Boston-024.jpg?resize=624%2C832&amp;ssl=1 624w, https:\/\/i0.wp.com\/bottesetvelo.com\/blog\/wp-content\/uploads\/2014\/05\/2009-Octobre-Salem-et-Boston-024.jpg?w=2340&amp;ssl=1 2340w\" sizes=\"auto, (max-width: 242px) 100vw, 242px\" \/><\/a>Depuis notre tout premier pas, tout autour de nous contribue \u00e0 nous encourager \u00e0 performer. Des \u00e9chelles, des courbes, des graphiques balisent notre croissance pour rassurer nos parents sur la \u00ab normalit\u00e9 \u00bb de notre \u00e9volution. \u00catre dans la moyenne, dans la courbe normale, est en effet rassurant. Mais \u00eatre au-dessus de cette courbe, en avant du peloton, est une fiert\u00e9! D\u00e8s notre jeune \u00e2ge, on comprend qu\u2019\u00eatre le meilleur, le premier est quelque chose d\u2019important et de glorifiant. \u00c0 travers nos \u00e9tudes et nos loisirs, on grandit dans un environnement qui nous conditionne \u00e0 vouloir exceller. Adultes, on nous parle de plan de carri\u00e8re, d\u2019ambition professionnelle. On se valorise en affichant notre titre d\u2019emploi impressionnant, le quartier recherch\u00e9 que l\u2019on habite, la voiture de marque que l\u2019on conduit, le voyage de r\u00eave que l\u2019on vient de faire ou nos \u00e9blouissants projets d\u2019avenir. Tout n\u2019est que comp\u00e9tition, image et para\u00eetre.<\/p>\n<p style=\"text-align: justify;\">En p\u00e8lerinage, que ce soit \u00e0 pied ou \u00e0 v\u00e9lo, tous ces artifices tombent. Chacun n\u2019est qu\u2019un p\u00e8lerin, un voyageur qui porte son bagage comme tous les autres. Pas de maison, pas de travail, pas de voiture, pas de costume, ni de maquillage! Mais malgr\u00e9 tout, en nous, bien enracin\u00e9 apr\u00e8s tant d\u2019ann\u00e9es, existe encore cet esprit de comp\u00e9tition. Et je n\u2019\u00e9chappais pas \u00e0 la r\u00e8gle!<\/p>\n<p style=\"text-align: justify;\"><a href=\"https:\/\/i0.wp.com\/bottesetvelo.com\/blog\/wp-content\/uploads\/2014\/05\/2010-135.jpg?ssl=1\"><img data-recalc-dims=\"1\" loading=\"lazy\" decoding=\"async\" data-attachment-id=\"603\" data-permalink=\"https:\/\/bottesetvelo.com\/blog\/2014\/05\/30\/lesprit-de-competition\/2010-135\/\" data-orig-file=\"https:\/\/i0.wp.com\/bottesetvelo.com\/blog\/wp-content\/uploads\/2014\/05\/2010-135.jpg?fit=2736%2C3648&amp;ssl=1\" data-orig-size=\"2736,3648\" data-comments-opened=\"1\" data-image-meta=\"{&quot;aperture&quot;:&quot;5.7&quot;,&quot;credit&quot;:&quot;&quot;,&quot;camera&quot;:&quot;Canon PowerShot SD890 IS&quot;,&quot;caption&quot;:&quot;&quot;,&quot;created_timestamp&quot;:&quot;1277542886&quot;,&quot;copyright&quot;:&quot;&quot;,&quot;focal_length&quot;:&quot;33&quot;,&quot;iso&quot;:&quot;200&quot;,&quot;shutter_speed&quot;:&quot;0.00625&quot;,&quot;title&quot;:&quot;&quot;}\" data-image-title=\"2010 135\" data-image-description=\"\" data-image-caption=\"\" data-large-file=\"https:\/\/i0.wp.com\/bottesetvelo.com\/blog\/wp-content\/uploads\/2014\/05\/2010-135.jpg?fit=768%2C1024&amp;ssl=1\" class=\"alignleft wp-image-603 \" src=\"https:\/\/i0.wp.com\/bottesetvelo.com\/blog\/wp-content\/uploads\/2014\/05\/2010-135.jpg?resize=196%2C261&#038;ssl=1\" alt=\"2010 135\" width=\"196\" height=\"261\" srcset=\"https:\/\/i0.wp.com\/bottesetvelo.com\/blog\/wp-content\/uploads\/2014\/05\/2010-135.jpg?resize=375%2C500&amp;ssl=1 375w, https:\/\/i0.wp.com\/bottesetvelo.com\/blog\/wp-content\/uploads\/2014\/05\/2010-135.jpg?resize=768%2C1024&amp;ssl=1 768w, https:\/\/i0.wp.com\/bottesetvelo.com\/blog\/wp-content\/uploads\/2014\/05\/2010-135.jpg?resize=624%2C832&amp;ssl=1 624w, https:\/\/i0.wp.com\/bottesetvelo.com\/blog\/wp-content\/uploads\/2014\/05\/2010-135.jpg?w=2340&amp;ssl=1 2340w\" sizes=\"auto, (max-width: 196px) 100vw, 196px\" \/><\/a>Aux petites heures du matin, on entend les bruissements des premiers p\u00e8lerins qui ramassent leur bagage pour partir marcher : pourquoi resterais-je couch\u00e9e? Je devrais moi aussi prendre la route, \u00eatre matinale. J\u2019en suis capable. \u00c0 pied ou \u00e0 v\u00e9lo, je me fais d\u00e9passer. L\u2019autre me salue cordialement. Je lui souris, mais je me questionne : son v\u00e9lo doit \u00eatre plus l\u00e9ger, son sac \u00e0 dos est plus petit, elle est plus jeune, il doit s\u2019entrainer. Je pourrais acc\u00e9l\u00e9rer le rythme, j\u2019en suis capable. Arriv\u00e9e \u00e0 destination en fin de journ\u00e9e, plusieurs se douchent, font la sieste, placotent. J\u2019arrive plus tard que les autres. Que pensent-ils? Suis-je en-dessous de la moyenne? Ai-je \u00e9chou\u00e9 cette journ\u00e9e de p\u00e8lerinage? Suis-je dans la course? \u2026 est-ce une course?!<\/p>\n<p style=\"text-align: justify;\">Il n\u2019est pas facile de d\u00e9conditionner un comportement si bien appris, de d\u00e9tricoter une fa\u00e7on d\u2019\u00eatre \u00e0 la vie qui \u00e9tait per\u00e7ue comme une force. Toute notre vie a fait de nous l\u2019adulte que nous sommes aujourd\u2019hui. Jour apr\u00e8s jour, influenc\u00e9 par notre environnement, notre personnalit\u00e9 s\u2019est lentement fa\u00e7onn\u00e9e. Changer notre int\u00e9rieur est tr\u00e8s complexe. L\u2019\u00e9crivain qu\u00e9b\u00e9cois Daniel Desbiens nous dit : \u00ab Se gu\u00e9rir de nos malaises de l\u2019\u00e2me implique souvent une bonne dose d\u2019humilit\u00e9, d\u2019accueil de la nature humaine et de sympathie envers autrui et surtout envers nous-m\u00eames. \u00bb Que cache donc ce besoin d\u2019\u00eatre le meilleur? Quelle ins\u00e9curit\u00e9 vient-on combler? De quoi a-t-on peur? Que cherche-t-on \u00e0 prouver? Et \u00e0 qui?<\/p>\n<p style=\"text-align: justify;\"><a href=\"https:\/\/i0.wp.com\/bottesetvelo.com\/blog\/wp-content\/uploads\/2014\/05\/2011-134.jpg?ssl=1\"><img data-recalc-dims=\"1\" loading=\"lazy\" decoding=\"async\" data-attachment-id=\"604\" data-permalink=\"https:\/\/bottesetvelo.com\/blog\/2014\/05\/30\/lesprit-de-competition\/2011-134-2\/\" data-orig-file=\"https:\/\/i0.wp.com\/bottesetvelo.com\/blog\/wp-content\/uploads\/2014\/05\/2011-134.jpg?fit=3648%2C2736&amp;ssl=1\" data-orig-size=\"3648,2736\" data-comments-opened=\"1\" data-image-meta=\"{&quot;aperture&quot;:&quot;4.5&quot;,&quot;credit&quot;:&quot;&quot;,&quot;camera&quot;:&quot;Canon PowerShot SD890 IS&quot;,&quot;caption&quot;:&quot;&quot;,&quot;created_timestamp&quot;:&quot;1310655315&quot;,&quot;copyright&quot;:&quot;&quot;,&quot;focal_length&quot;:&quot;17.703&quot;,&quot;iso&quot;:&quot;80&quot;,&quot;shutter_speed&quot;:&quot;0.00125&quot;,&quot;title&quot;:&quot;&quot;}\" data-image-title=\"2011 134\" data-image-description=\"\" data-image-caption=\"\" data-large-file=\"https:\/\/i0.wp.com\/bottesetvelo.com\/blog\/wp-content\/uploads\/2014\/05\/2011-134.jpg?fit=1024%2C768&amp;ssl=1\" class=\"alignright wp-image-604 \" src=\"https:\/\/i0.wp.com\/bottesetvelo.com\/blog\/wp-content\/uploads\/2014\/05\/2011-134.jpg?resize=256%2C192&#038;ssl=1\" alt=\"2011 134\" width=\"256\" height=\"192\" srcset=\"https:\/\/i0.wp.com\/bottesetvelo.com\/blog\/wp-content\/uploads\/2014\/05\/2011-134.jpg?resize=500%2C375&amp;ssl=1 500w, https:\/\/i0.wp.com\/bottesetvelo.com\/blog\/wp-content\/uploads\/2014\/05\/2011-134.jpg?resize=1024%2C768&amp;ssl=1 1024w, https:\/\/i0.wp.com\/bottesetvelo.com\/blog\/wp-content\/uploads\/2014\/05\/2011-134.jpg?resize=624%2C468&amp;ssl=1 624w, https:\/\/i0.wp.com\/bottesetvelo.com\/blog\/wp-content\/uploads\/2014\/05\/2011-134.jpg?w=2340&amp;ssl=1 2340w, https:\/\/i0.wp.com\/bottesetvelo.com\/blog\/wp-content\/uploads\/2014\/05\/2011-134.jpg?w=3510&amp;ssl=1 3510w\" sizes=\"auto, (max-width: 256px) 100vw, 256px\" \/><\/a>Mais, au fil des jours, je r\u00e9alise que les l\u00e8ve-t\u00f4t marchent plusieurs kilom\u00e8tres dans la p\u00e9nombre du matin, \u00e9clairant la route de leur lampe frontale, se privant ainsi de savourer la beaut\u00e9 des paysages et la vie des villages. Plusieurs des voyageurs performants cachent une douleur physique ou une blessure naissante qu\u2019ils pr\u00e9f\u00e8rent ignorer et endurer pour arriver rapidement \u00e0 leur prochain h\u00e9bergement. Et ceux qui sont les premiers arriv\u00e9s ont certainement le loisir de choisir le meilleur lit ou le plus bel emplacement pour monter leur tente, et n\u2019attendent pas pour prendre leur douche, mais ils n\u2019ont souvent pas pris le temps de s\u2019arr\u00eater en route, de se tremper les pieds dans la rivi\u00e8re, de go\u00fbter la brioche qui sentait si bon ou de faire le tour du petit march\u00e9 local et d\u2019entrer dans la petite chapelle. Toutes ces r\u00e9flexions m\u2019aident \u00e0 accepter mon rythme, ma fa\u00e7on d\u2019aborder la route et le voyage. J\u2019accepte d\u2019\u00eatre telle que je suis car c\u2019est ainsi que je suis bien. J\u2019apprends \u00e0 me d\u00e9faire du regard de l\u2019autre.<\/p>\n<p style=\"text-align: justify;\">En fait, \u00eatre comp\u00e9titif n\u2019est pas purement n\u00e9faste, il suffit de savoir canaliser cette \u00e9nergie pour apprendre \u00e0 se d\u00e9passer soi-m\u00eame, \u00e0 se surpasser, \u00e0 aller au-del\u00e0 de nos propres limites, bref \u00e0 \u00eatre en comp\u00e9tition avec soi-m\u00eame. Il faut savoir quitter les rails qui dirigent notre vie pour aller vers celui que nous sommes vraiment.<img data-recalc-dims=\"1\" loading=\"lazy\" decoding=\"async\" data-attachment-id=\"14\" data-permalink=\"https:\/\/bottesetvelo.com\/blog\/bottes-et-velo-le-blog\/bottes-et-velo-embleme\/\" data-orig-file=\"https:\/\/i0.wp.com\/bottesetvelo.com\/blog\/wp-content\/uploads\/2014\/01\/Bottes-et-V%C3%A9lo-Embl%C3%AAme-e1454083414631.jpg?fit=100%2C79&amp;ssl=1\" data-orig-size=\"100,79\" data-comments-opened=\"1\" data-image-meta=\"{&quot;aperture&quot;:&quot;0&quot;,&quot;credit&quot;:&quot;&quot;,&quot;camera&quot;:&quot;&quot;,&quot;caption&quot;:&quot;&quot;,&quot;created_timestamp&quot;:&quot;0&quot;,&quot;copyright&quot;:&quot;&quot;,&quot;focal_length&quot;:&quot;0&quot;,&quot;iso&quot;:&quot;0&quot;,&quot;shutter_speed&quot;:&quot;0&quot;,&quot;title&quot;:&quot;&quot;}\" data-image-title=\"Bottes et V\u00e9lo &amp;#8211; Embl\u00eame\" data-image-description=\"\" data-image-caption=\"\" data-large-file=\"https:\/\/i0.wp.com\/bottesetvelo.com\/blog\/wp-content\/uploads\/2014\/01\/Bottes-et-V%C3%A9lo-Embl%C3%AAme-e1454083414631.jpg?fit=100%2C79&amp;ssl=1\" class=\"alignright wp-image-14 \" src=\"https:\/\/i0.wp.com\/bottesetvelo.com\/blog\/wp-content\/uploads\/2014\/01\/Bottes-et-V%C3%A9lo-Embl%C3%AAme.jpg?resize=65%2C51&#038;ssl=1\" alt=\"Bottes et V\u00e9lo - Embl\u00eame\" width=\"65\" height=\"51\" \/><\/p>\n<p style=\"text-align: justify;\">Brigitte Harouni<\/p>\n","protected":false},"excerpt":{"rendered":"<p>\u00ab Il est surprenant de constater combien sont peu nombreux les besoins essentiels une fois supprim\u00e9es la comp\u00e9tition et l&rsquo;accumulation. \u00bb Arthur Koestler Depuis notre tout premier pas, tout autour de nous contribue \u00e0 nous encourager \u00e0 performer. Des \u00e9chelles, des courbes, des graphiques balisent notre croissance pour rassurer nos parents sur la \u00ab normalit\u00e9&hellip;<\/p>\n","protected":false},"author":2,"featured_media":0,"comment_status":"open","ping_status":"open","sticky":false,"template":"","format":"standard","meta":{"jetpack_post_was_ever_published":false,"_jetpack_newsletter_access":"","_jetpack_dont_email_post_to_subs":false,"_jetpack_newsletter_tier_id":0,"_jetpack_memberships_contains_paywalled_content":false,"_jetpack_memberships_contains_paid_content":false,"footnotes":"","jetpack_publicize_message":"","jetpack_publicize_feature_enabled":true,"jetpack_social_post_already_shared":true,"jetpack_social_options":{"image_generator_settings":{"template":"highway","default_image_id":0,"font":"","enabled":false},"version":2}},"categories":[50,3],"tags":[275,38],"class_list":["post-601","post","type-post","status-publish","format-standard","hentry","category-art-de-vivre","category-reflexions","tag-art-de-vivre","tag-reflexion"],"jetpack_publicize_connections":[],"jetpack_featured_media_url":"","jetpack_shortlink":"https:\/\/wp.me\/p4eY6z-9H","jetpack_sharing_enabled":true,"jetpack_likes_enabled":true,"jetpack-related-posts":[],"_links":{"self":[{"href":"https:\/\/bottesetvelo.com\/blog\/wp-json\/wp\/v2\/posts\/601","targetHints":{"allow":["GET"]}}],"collection":[{"href":"https:\/\/bottesetvelo.com\/blog\/wp-json\/wp\/v2\/posts"}],"about":[{"href":"https:\/\/bottesetvelo.com\/blog\/wp-json\/wp\/v2\/types\/post"}],"author":[{"embeddable":true,"href":"https:\/\/bottesetvelo.com\/blog\/wp-json\/wp\/v2\/users\/2"}],"replies":[{"embeddable":true,"href":"https:\/\/bottesetvelo.com\/blog\/wp-json\/wp\/v2\/comments?post=601"}],"version-history":[{"count":1,"href":"https:\/\/bottesetvelo.com\/blog\/wp-json\/wp\/v2\/posts\/601\/revisions"}],"predecessor-version":[{"id":605,"href":"https:\/\/bottesetvelo.com\/blog\/wp-json\/wp\/v2\/posts\/601\/revisions\/605"}],"wp:attachment":[{"href":"https:\/\/bottesetvelo.com\/blog\/wp-json\/wp\/v2\/media?parent=601"}],"wp:term":[{"taxonomy":"category","embeddable":true,"href":"https:\/\/bottesetvelo.com\/blog\/wp-json\/wp\/v2\/categories?post=601"},{"taxonomy":"post_tag","embeddable":true,"href":"https:\/\/bottesetvelo.com\/blog\/wp-json\/wp\/v2\/tags?post=601"}],"curies":[{"name":"wp","href":"https:\/\/api.w.org\/{rel}","templated":true}]}}