{"id":590,"date":"2014-05-27T15:30:20","date_gmt":"2014-05-27T19:30:20","guid":{"rendered":"http:\/\/bottesetvelo.com\/blog\/?p=590"},"modified":"2014-05-27T15:36:46","modified_gmt":"2014-05-27T19:36:46","slug":"le-journal-de-quebec-parle-de-bottes-et-velo","status":"publish","type":"post","link":"https:\/\/bottesetvelo.com\/blog\/2014\/05\/27\/le-journal-de-quebec-parle-de-bottes-et-velo\/","title":{"rendered":"Le Journal de Qu\u00e9bec parle de Bottes et V\u00e9lo"},"content":{"rendered":"<p style=\"text-align: justify;\"><a href=\"https:\/\/bottesetvelo.com\/blog\/wp-content\/uploads\/2014\/05\/140525-Journal-de-Qu\u00e9bec-Kathryne-Lamontagne.pdf\" target=\"_blank\"><img data-recalc-dims=\"1\" loading=\"lazy\" decoding=\"async\" data-attachment-id=\"594\" data-permalink=\"https:\/\/bottesetvelo.com\/blog\/2014\/05\/27\/le-journal-de-quebec-parle-de-bottes-et-velo\/140525-bottes-et-velo-journal-de-quebec-kathryne-lamontagne\/\" data-orig-file=\"https:\/\/i0.wp.com\/bottesetvelo.com\/blog\/wp-content\/uploads\/2014\/05\/140525-Bottes-et-V%C3%A9lo-Journal-de-Qu%C3%A9bec-Kathryne-Lamontagne.png?fit=522%2C639&amp;ssl=1\" data-orig-size=\"522,639\" data-comments-opened=\"1\" data-image-meta=\"{&quot;aperture&quot;:&quot;0&quot;,&quot;credit&quot;:&quot;&quot;,&quot;camera&quot;:&quot;&quot;,&quot;caption&quot;:&quot;&quot;,&quot;created_timestamp&quot;:&quot;0&quot;,&quot;copyright&quot;:&quot;&quot;,&quot;focal_length&quot;:&quot;0&quot;,&quot;iso&quot;:&quot;0&quot;,&quot;shutter_speed&quot;:&quot;0&quot;,&quot;title&quot;:&quot;&quot;}\" data-image-title=\"140525 &amp;#8211; Bottes et V\u00e9lo &amp;#8211; Journal de Qu\u00e9bec &amp;#8211; Kathryne Lamontagne\" data-image-description=\"\" data-image-caption=\"\" data-large-file=\"https:\/\/i0.wp.com\/bottesetvelo.com\/blog\/wp-content\/uploads\/2014\/05\/140525-Bottes-et-V%C3%A9lo-Journal-de-Qu%C3%A9bec-Kathryne-Lamontagne.png?fit=522%2C639&amp;ssl=1\" class=\"alignright wp-image-594\" title=\"140525 - Bottes et V\u00e9lo - Journal de Qu\u00e9bec - Kathryne Lamontagne\" src=\"https:\/\/i0.wp.com\/bottesetvelo.com\/blog\/wp-content\/uploads\/2014\/05\/140525-Bottes-et-V%C3%A9lo-Journal-de-Qu%C3%A9bec-Kathryne-Lamontagne.png?resize=342%2C419&#038;ssl=1\" alt=\"140525 - Bottes et V\u00e9lo - Journal de Qu\u00e9bec - Kathryne Lamontagne\" width=\"342\" height=\"419\" srcset=\"https:\/\/i0.wp.com\/bottesetvelo.com\/blog\/wp-content\/uploads\/2014\/05\/140525-Bottes-et-V%C3%A9lo-Journal-de-Qu%C3%A9bec-Kathryne-Lamontagne.png?resize=408%2C500&amp;ssl=1 408w, https:\/\/i0.wp.com\/bottesetvelo.com\/blog\/wp-content\/uploads\/2014\/05\/140525-Bottes-et-V%C3%A9lo-Journal-de-Qu%C3%A9bec-Kathryne-Lamontagne.png?w=522&amp;ssl=1 522w\" sizes=\"auto, (max-width: 342px) 100vw, 342px\" \/><\/a>Dimanche dernier, nous avions le plaisir de d\u00e9couvrir cet article \u00e0 propos de Bottes et V\u00e9lo.<\/p>\n<p style=\"text-align: justify;\">Pour tous ceux et celles qui n&rsquo;auraient pas eu la chance de le lire, nous vous transmettons le format PDF de cet article qui exprime tr\u00e8s bien la vis\u00e9e de Bottes et V\u00e9lo.<\/p>\n<p style=\"text-align: justify;\">Merci \u00e0 vous tous pour votre int\u00e9r\u00eat envers le projet Bottes et V\u00e9lo!<\/p>\n<p style=\"text-align: justify;\">\u00c9ric Lalibert\u00e9 et Brigitte Harouni<\/p>\n<p><img data-recalc-dims=\"1\" loading=\"lazy\" decoding=\"async\" data-attachment-id=\"14\" data-permalink=\"https:\/\/bottesetvelo.com\/blog\/bottes-et-velo-le-blog\/bottes-et-velo-embleme\/\" data-orig-file=\"https:\/\/i0.wp.com\/bottesetvelo.com\/blog\/wp-content\/uploads\/2014\/01\/Bottes-et-V%C3%A9lo-Embl%C3%AAme-e1454083414631.jpg?fit=100%2C79&amp;ssl=1\" data-orig-size=\"100,79\" data-comments-opened=\"1\" data-image-meta=\"{&quot;aperture&quot;:&quot;0&quot;,&quot;credit&quot;:&quot;&quot;,&quot;camera&quot;:&quot;&quot;,&quot;caption&quot;:&quot;&quot;,&quot;created_timestamp&quot;:&quot;0&quot;,&quot;copyright&quot;:&quot;&quot;,&quot;focal_length&quot;:&quot;0&quot;,&quot;iso&quot;:&quot;0&quot;,&quot;shutter_speed&quot;:&quot;0&quot;,&quot;title&quot;:&quot;&quot;}\" data-image-title=\"Bottes et V\u00e9lo &amp;#8211; Embl\u00eame\" data-image-description=\"\" data-image-caption=\"\" data-large-file=\"https:\/\/i0.wp.com\/bottesetvelo.com\/blog\/wp-content\/uploads\/2014\/01\/Bottes-et-V%C3%A9lo-Embl%C3%AAme-e1454083414631.jpg?fit=100%2C79&amp;ssl=1\" class=\"alignleft wp-image-14 \" src=\"https:\/\/i0.wp.com\/bottesetvelo.com\/blog\/wp-content\/uploads\/2014\/01\/Bottes-et-V%C3%A9lo-Embl%C3%AAme.jpg?resize=68%2C54&#038;ssl=1\" alt=\"Bottes et V\u00e9lo - Embl\u00eame\" width=\"68\" height=\"54\" \/><\/p>\n<p><a href=\"https:\/\/bottesetvelo.com\/blog\/wp-content\/uploads\/2014\/05\/140525-Journal-de-Qu\u00e9bec-Kathryne-Lamontagne.pdf\">140525 &#8211; Journal de Qu\u00e9bec Kathryne Lamontagne<\/a><\/p>\n","protected":false},"excerpt":{"rendered":"<p>Dimanche dernier, nous avions le plaisir de d\u00e9couvrir cet article \u00e0 propos de Bottes et V\u00e9lo. Pour tous ceux et celles qui n&rsquo;auraient pas eu la chance de le lire, nous vous transmettons le format PDF de cet article qui exprime tr\u00e8s bien la vis\u00e9e de Bottes et V\u00e9lo. Merci \u00e0 vous tous pour votre&hellip;<\/p>\n","protected":false},"author":1,"featured_media":0,"comment_status":"open","ping_status":"open","sticky":false,"template":"","format":"standard","meta":{"jetpack_post_was_ever_published":false,"_jetpack_newsletter_access":"","_jetpack_dont_email_post_to_subs":false,"_jetpack_newsletter_tier_id":0,"_jetpack_memberships_contains_paywalled_content":false,"_jetpack_memberships_contains_paid_content":false,"footnotes":"","jetpack_publicize_message":"","jetpack_publicize_feature_enabled":true,"jetpack_social_post_already_shared":true,"jetpack_social_options":{"image_generator_settings":{"template":"highway","default_image_id":0,"font":"","enabled":false},"version":2}},"categories":[63],"tags":[64],"class_list":["post-590","post","type-post","status-publish","format-standard","hentry","category-revue-de-presse","tag-journal-de-quebec"],"jetpack_publicize_connections":[],"jetpack_featured_media_url":"","jetpack_shortlink":"https:\/\/wp.me\/p4eY6z-9w","jetpack_sharing_enabled":true,"jetpack_likes_enabled":true,"jetpack-related-posts":[],"_links":{"self":[{"href":"https:\/\/bottesetvelo.com\/blog\/wp-json\/wp\/v2\/posts\/590","targetHints":{"allow":["GET"]}}],"collection":[{"href":"https:\/\/bottesetvelo.com\/blog\/wp-json\/wp\/v2\/posts"}],"about":[{"href":"https:\/\/bottesetvelo.com\/blog\/wp-json\/wp\/v2\/types\/post"}],"author":[{"embeddable":true,"href":"https:\/\/bottesetvelo.com\/blog\/wp-json\/wp\/v2\/users\/1"}],"replies":[{"embeddable":true,"href":"https:\/\/bottesetvelo.com\/blog\/wp-json\/wp\/v2\/comments?post=590"}],"version-history":[{"count":7,"href":"https:\/\/bottesetvelo.com\/blog\/wp-json\/wp\/v2\/posts\/590\/revisions"}],"predecessor-version":[{"id":600,"href":"https:\/\/bottesetvelo.com\/blog\/wp-json\/wp\/v2\/posts\/590\/revisions\/600"}],"wp:attachment":[{"href":"https:\/\/bottesetvelo.com\/blog\/wp-json\/wp\/v2\/media?parent=590"}],"wp:term":[{"taxonomy":"category","embeddable":true,"href":"https:\/\/bottesetvelo.com\/blog\/wp-json\/wp\/v2\/categories?post=590"},{"taxonomy":"post_tag","embeddable":true,"href":"https:\/\/bottesetvelo.com\/blog\/wp-json\/wp\/v2\/tags?post=590"}],"curies":[{"name":"wp","href":"https:\/\/api.w.org\/{rel}","templated":true}]}}