{"id":58,"date":"2014-01-18T09:41:40","date_gmt":"2014-01-18T14:41:40","guid":{"rendered":"http:\/\/bottesetvelo.com\/blog\/?p=58"},"modified":"2014-01-18T11:42:36","modified_gmt":"2014-01-18T16:42:36","slug":"un-apercu-video-du-chemin-des-navigateurs","status":"publish","type":"post","link":"https:\/\/bottesetvelo.com\/blog\/2014\/01\/18\/un-apercu-video-du-chemin-des-navigateurs\/","title":{"rendered":"Un aper\u00e7u vid\u00e9o du Chemin des Navigateurs"},"content":{"rendered":"<p><span class=\"userContent\">Voici un petit vid\u00e9o de 7 minutes qui vous donnera un tr\u00e8s bon aper\u00e7u du Chemin des Navigateurs. Ce n&rsquo;est pas le parcours complet et il est fait dans le sens inverse, mais il est tout de m\u00eame tr\u00e8s bien.<br \/>\nVous ferez le voyage de Qu\u00e9bec jusqu&rsquo;\u00e0 Mont-Joli. Lorsque vous verrez le phare, vers la fin du vid\u00e9o, vous serez tout pr\u00e8s du point de d\u00e9part du Chemin des Navigateurs.<\/span><\/p>\n<p>\u00c9ric Lalibert\u00e9<a href=\"https:\/\/i0.wp.com\/bottesetvelo.com\/blog\/wp-content\/uploads\/2014\/01\/Bottes-et-V%C3%A9lo-Embl%C3%AAme.jpg?ssl=1\"><img data-recalc-dims=\"1\" loading=\"lazy\" decoding=\"async\" data-attachment-id=\"14\" data-permalink=\"https:\/\/bottesetvelo.com\/blog\/bottes-et-velo-le-blog\/bottes-et-velo-embleme\/\" data-orig-file=\"https:\/\/i0.wp.com\/bottesetvelo.com\/blog\/wp-content\/uploads\/2014\/01\/Bottes-et-V%C3%A9lo-Embl%C3%AAme-e1454083414631.jpg?fit=100%2C79&amp;ssl=1\" data-orig-size=\"100,79\" data-comments-opened=\"1\" data-image-meta=\"{&quot;aperture&quot;:&quot;0&quot;,&quot;credit&quot;:&quot;&quot;,&quot;camera&quot;:&quot;&quot;,&quot;caption&quot;:&quot;&quot;,&quot;created_timestamp&quot;:&quot;0&quot;,&quot;copyright&quot;:&quot;&quot;,&quot;focal_length&quot;:&quot;0&quot;,&quot;iso&quot;:&quot;0&quot;,&quot;shutter_speed&quot;:&quot;0&quot;,&quot;title&quot;:&quot;&quot;}\" data-image-title=\"Bottes et V\u00e9lo &amp;#8211; Embl\u00eame\" data-image-description=\"\" data-image-caption=\"\" data-large-file=\"https:\/\/i0.wp.com\/bottesetvelo.com\/blog\/wp-content\/uploads\/2014\/01\/Bottes-et-V%C3%A9lo-Embl%C3%AAme-e1454083414631.jpg?fit=100%2C79&amp;ssl=1\" class=\" wp-image-14 alignright\" alt=\"Bottes et V\u00e9lo - Embl\u00eame\" src=\"https:\/\/i0.wp.com\/bottesetvelo.com\/blog\/wp-content\/uploads\/2014\/01\/Bottes-et-V%C3%A9lo-Embl%C3%AAme.jpg?resize=57%2C45&#038;ssl=1\" width=\"57\" height=\"45\" \/><\/a> et Brigitte Harouni<\/p>\n<p><span class=\"embed-youtube\" style=\"text-align:center; display: block;\"><iframe loading=\"lazy\" class=\"youtube-player\" width=\"1170\" height=\"659\" src=\"https:\/\/www.youtube.com\/embed\/H4F8qyO6OeY?version=3&#038;rel=1&#038;showsearch=0&#038;showinfo=1&#038;iv_load_policy=1&#038;fs=1&#038;hl=fr-FR&#038;autohide=2&#038;wmode=transparent\" allowfullscreen=\"true\" style=\"border:0;\" sandbox=\"allow-scripts allow-same-origin allow-popups allow-presentation allow-popups-to-escape-sandbox\"><\/iframe><\/span><\/p>\n<p>&nbsp;<\/p>\n","protected":false},"excerpt":{"rendered":"<p>Voici un petit vid\u00e9o de 7 minutes qui vous donnera un tr\u00e8s bon aper\u00e7u du Chemin des Navigateurs. Ce n&rsquo;est pas le parcours complet et il est fait dans le sens inverse, mais il est tout de m\u00eame tr\u00e8s bien. Vous ferez le voyage de Qu\u00e9bec jusqu&rsquo;\u00e0 Mont-Joli. Lorsque vous verrez le phare, vers la&hellip;<\/p>\n","protected":false},"author":1,"featured_media":0,"comment_status":"open","ping_status":"open","sticky":false,"template":"","format":"standard","meta":{"jetpack_post_was_ever_published":false,"_jetpack_newsletter_access":"","_jetpack_dont_email_post_to_subs":false,"_jetpack_newsletter_tier_id":0,"_jetpack_memberships_contains_paywalled_content":false,"_jetpack_memberships_contains_paid_content":false,"footnotes":"","jetpack_publicize_message":"","jetpack_publicize_feature_enabled":true,"jetpack_social_post_already_shared":true,"jetpack_social_options":{"image_generator_settings":{"template":"highway","default_image_id":0,"font":"","enabled":false},"version":2}},"categories":[9],"tags":[17,21,18,14,13,16,19,20,15],"class_list":["post-58","post","type-post","status-publish","format-standard","hentry","category-chemins-de-pelerinage","tag-amerique-du-nord","tag-bas-st-laurent","tag-bottes-et-velo","tag-marche","tag-pelerinage","tag-quebec","tag-randonnee","tag-spiritualite","tag-velo"],"jetpack_publicize_connections":[],"jetpack_featured_media_url":"","jetpack_shortlink":"https:\/\/wp.me\/p4eY6z-W","jetpack_sharing_enabled":true,"jetpack_likes_enabled":true,"jetpack-related-posts":[],"_links":{"self":[{"href":"https:\/\/bottesetvelo.com\/blog\/wp-json\/wp\/v2\/posts\/58","targetHints":{"allow":["GET"]}}],"collection":[{"href":"https:\/\/bottesetvelo.com\/blog\/wp-json\/wp\/v2\/posts"}],"about":[{"href":"https:\/\/bottesetvelo.com\/blog\/wp-json\/wp\/v2\/types\/post"}],"author":[{"embeddable":true,"href":"https:\/\/bottesetvelo.com\/blog\/wp-json\/wp\/v2\/users\/1"}],"replies":[{"embeddable":true,"href":"https:\/\/bottesetvelo.com\/blog\/wp-json\/wp\/v2\/comments?post=58"}],"version-history":[{"count":8,"href":"https:\/\/bottesetvelo.com\/blog\/wp-json\/wp\/v2\/posts\/58\/revisions"}],"predecessor-version":[{"id":498,"href":"https:\/\/bottesetvelo.com\/blog\/wp-json\/wp\/v2\/posts\/58\/revisions\/498"}],"wp:attachment":[{"href":"https:\/\/bottesetvelo.com\/blog\/wp-json\/wp\/v2\/media?parent=58"}],"wp:term":[{"taxonomy":"category","embeddable":true,"href":"https:\/\/bottesetvelo.com\/blog\/wp-json\/wp\/v2\/categories?post=58"},{"taxonomy":"post_tag","embeddable":true,"href":"https:\/\/bottesetvelo.com\/blog\/wp-json\/wp\/v2\/tags?post=58"}],"curies":[{"name":"wp","href":"https:\/\/api.w.org\/{rel}","templated":true}]}}