{"id":5517,"date":"2026-04-03T15:02:52","date_gmt":"2026-04-03T19:02:52","guid":{"rendered":"https:\/\/bottesetvelo.com\/blog\/?p=5517"},"modified":"2026-04-03T15:07:17","modified_gmt":"2026-04-03T19:07:17","slug":"paques-une-histoire-de-pelerin","status":"publish","type":"post","link":"https:\/\/bottesetvelo.com\/blog\/2026\/04\/03\/paques-une-histoire-de-pelerin\/","title":{"rendered":"P\u00e2ques, une histoire de p\u00e8lerin"},"content":{"rendered":"\n<p>Vient un moment o\u00f9 la vie nous prend par surprise. Quelque chose survient. Une rupture. Une perte. Un d\u00e9placement. Parfois m\u00eame une joie trop grande pour nos rep\u00e8res. Et soudain, ce qui tenait debout ne tient plus. Pas parce qu\u2019on a \u00e9chou\u00e9 mais parce que la vie, elle, a d\u00e9j\u00e0 boug\u00e9. Et nous, non. C\u2019est l\u00e0 que \u00e7a commence. Pas dans l\u2019\u00e9v\u00e9nement lui-m\u00eame, mais dans l\u2019\u00e9cart qu\u2019il creuse en nous. Entre ce que nous \u00e9tions\u2026 et ce qui est en train d\u2019arriver. Cet \u00e9cart, la tradition l\u2019appelle P\u00e2que.<\/p>\n\n\n\n<p>\u00c0 l\u2019origine, P\u00e2que est une travers\u00e9e. Un passage. Un peuple qui quitte ce qu\u2019il conna\u00eet et qui se retrouve ailleurs, sans encore savoir comment y vivre. Avec P\u00e2ques, au pluriel, ce passage devient une exp\u00e9rience. Une travers\u00e9e en trois temps : la C\u00e8ne, la Passion, la R\u00e9surrection.<\/p>\n\n\n<div class=\"wp-block-image\">\n<figure class=\"alignright size-medium\"><img data-recalc-dims=\"1\" loading=\"lazy\" decoding=\"async\" width=\"500\" height=\"281\" data-attachment-id=\"5524\" data-permalink=\"https:\/\/bottesetvelo.com\/blog\/2026\/04\/03\/paques-une-histoire-de-pelerin\/pexels-gantas-3999587\/\" data-orig-file=\"https:\/\/i0.wp.com\/bottesetvelo.com\/blog\/wp-content\/uploads\/2026\/04\/pexels-gantas-3999587.jpg?fit=6000%2C3376&amp;ssl=1\" data-orig-size=\"6000,3376\" data-comments-opened=\"1\" data-image-meta=\"{&quot;aperture&quot;:&quot;0&quot;,&quot;credit&quot;:&quot;&quot;,&quot;camera&quot;:&quot;&quot;,&quot;caption&quot;:&quot;&quot;,&quot;created_timestamp&quot;:&quot;0&quot;,&quot;copyright&quot;:&quot;&quot;,&quot;focal_length&quot;:&quot;0&quot;,&quot;iso&quot;:&quot;0&quot;,&quot;shutter_speed&quot;:&quot;0&quot;,&quot;title&quot;:&quot;&quot;,&quot;orientation&quot;:&quot;0&quot;}\" data-image-title=\"pexels-gantas-3999587\" data-image-description=\"\" data-image-caption=\"\" data-large-file=\"https:\/\/i0.wp.com\/bottesetvelo.com\/blog\/wp-content\/uploads\/2026\/04\/pexels-gantas-3999587.jpg?fit=1024%2C576&amp;ssl=1\" src=\"https:\/\/i0.wp.com\/bottesetvelo.com\/blog\/wp-content\/uploads\/2026\/04\/pexels-gantas-3999587.jpg?resize=500%2C281&#038;ssl=1\" alt=\"\" class=\"wp-image-5524\" srcset=\"https:\/\/i0.wp.com\/bottesetvelo.com\/blog\/wp-content\/uploads\/2026\/04\/pexels-gantas-3999587.jpg?resize=500%2C281&amp;ssl=1 500w, https:\/\/i0.wp.com\/bottesetvelo.com\/blog\/wp-content\/uploads\/2026\/04\/pexels-gantas-3999587.jpg?resize=768%2C432&amp;ssl=1 768w, https:\/\/i0.wp.com\/bottesetvelo.com\/blog\/wp-content\/uploads\/2026\/04\/pexels-gantas-3999587.jpg?resize=1024%2C576&amp;ssl=1 1024w, https:\/\/i0.wp.com\/bottesetvelo.com\/blog\/wp-content\/uploads\/2026\/04\/pexels-gantas-3999587.jpg?resize=1536%2C864&amp;ssl=1 1536w, https:\/\/i0.wp.com\/bottesetvelo.com\/blog\/wp-content\/uploads\/2026\/04\/pexels-gantas-3999587.jpg?resize=2048%2C1152&amp;ssl=1 2048w, https:\/\/i0.wp.com\/bottesetvelo.com\/blog\/wp-content\/uploads\/2026\/04\/pexels-gantas-3999587.jpg?resize=1140%2C641&amp;ssl=1 1140w, https:\/\/i0.wp.com\/bottesetvelo.com\/blog\/wp-content\/uploads\/2026\/04\/pexels-gantas-3999587.jpg?resize=540%2C304&amp;ssl=1 540w, https:\/\/i0.wp.com\/bottesetvelo.com\/blog\/wp-content\/uploads\/2026\/04\/pexels-gantas-3999587.jpg?w=2340&amp;ssl=1 2340w, https:\/\/i0.wp.com\/bottesetvelo.com\/blog\/wp-content\/uploads\/2026\/04\/pexels-gantas-3999587.jpg?w=3510&amp;ssl=1 3510w\" sizes=\"auto, (max-width: 500px) 100vw, 500px\" \/><\/figure>\n<\/div>\n\n\n<p><strong>La C\u00e8ne<\/strong><\/p>\n\n\n\n<p>Un mouvement ne vient jamais seul. Il est toujours l\u2019effet d\u2019une rencontre. Dans le quotidien de la vie, soudainement, tout chavire : d\u00e9ception, trahison, col\u00e8re, fuite. Sous l\u2019effet de cet impact, quelque chose se fissure.<\/p>\n\n\n\n<blockquote class=\"wp-block-quote has-small-font-size is-layout-flow wp-block-quote-is-layout-flow\">\n<p>Le t\u00e9l\u00e9phone vibre \u00e0 plusieurs reprises, je d\u00e9pose mon caf\u00e9 et je fais glisser l\u2019\u00e9cran qui s\u2019illumine. Des mots apparaissent et le temps se suspend. Comme une onde de choc qui survient en plusieurs vagues, je mets quelques secondes \u00e0 accuser le coup. Dans ma t\u00eate, des images d\u00e9filent et anticipent. L\u2019ordre des choses vient de se rompre. Tout vole en \u00e9clat.<\/p>\n<\/blockquote>\n\n\n\n<p><strong>La Passion<\/strong><\/p>\n\n\n<div class=\"wp-block-image\">\n<figure class=\"alignright size-medium\"><img data-recalc-dims=\"1\" loading=\"lazy\" decoding=\"async\" width=\"500\" height=\"333\" data-attachment-id=\"5525\" data-permalink=\"https:\/\/bottesetvelo.com\/blog\/2026\/04\/03\/paques-une-histoire-de-pelerin\/pexels-nati-87264186-36251227\/\" data-orig-file=\"https:\/\/i0.wp.com\/bottesetvelo.com\/blog\/wp-content\/uploads\/2026\/04\/pexels-nati-87264186-36251227.jpg?fit=3888%2C2592&amp;ssl=1\" data-orig-size=\"3888,2592\" data-comments-opened=\"1\" data-image-meta=\"{&quot;aperture&quot;:&quot;0&quot;,&quot;credit&quot;:&quot;&quot;,&quot;camera&quot;:&quot;&quot;,&quot;caption&quot;:&quot;&quot;,&quot;created_timestamp&quot;:&quot;0&quot;,&quot;copyright&quot;:&quot;&quot;,&quot;focal_length&quot;:&quot;0&quot;,&quot;iso&quot;:&quot;0&quot;,&quot;shutter_speed&quot;:&quot;0&quot;,&quot;title&quot;:&quot;&quot;,&quot;orientation&quot;:&quot;0&quot;}\" data-image-title=\"pexels-nati-87264186-36251227\" data-image-description=\"\" data-image-caption=\"\" data-large-file=\"https:\/\/i0.wp.com\/bottesetvelo.com\/blog\/wp-content\/uploads\/2026\/04\/pexels-nati-87264186-36251227.jpg?fit=1024%2C683&amp;ssl=1\" src=\"https:\/\/i0.wp.com\/bottesetvelo.com\/blog\/wp-content\/uploads\/2026\/04\/pexels-nati-87264186-36251227.jpg?resize=500%2C333&#038;ssl=1\" alt=\"\" class=\"wp-image-5525\" srcset=\"https:\/\/i0.wp.com\/bottesetvelo.com\/blog\/wp-content\/uploads\/2026\/04\/pexels-nati-87264186-36251227.jpg?resize=500%2C333&amp;ssl=1 500w, https:\/\/i0.wp.com\/bottesetvelo.com\/blog\/wp-content\/uploads\/2026\/04\/pexels-nati-87264186-36251227.jpg?resize=768%2C512&amp;ssl=1 768w, https:\/\/i0.wp.com\/bottesetvelo.com\/blog\/wp-content\/uploads\/2026\/04\/pexels-nati-87264186-36251227.jpg?resize=1024%2C683&amp;ssl=1 1024w, https:\/\/i0.wp.com\/bottesetvelo.com\/blog\/wp-content\/uploads\/2026\/04\/pexels-nati-87264186-36251227.jpg?resize=1536%2C1024&amp;ssl=1 1536w, https:\/\/i0.wp.com\/bottesetvelo.com\/blog\/wp-content\/uploads\/2026\/04\/pexels-nati-87264186-36251227.jpg?resize=2048%2C1365&amp;ssl=1 2048w, https:\/\/i0.wp.com\/bottesetvelo.com\/blog\/wp-content\/uploads\/2026\/04\/pexels-nati-87264186-36251227.jpg?w=2340&amp;ssl=1 2340w, https:\/\/i0.wp.com\/bottesetvelo.com\/blog\/wp-content\/uploads\/2026\/04\/pexels-nati-87264186-36251227.jpg?w=3510&amp;ssl=1 3510w\" sizes=\"auto, (max-width: 500px) 100vw, 500px\" \/><\/figure>\n<\/div>\n\n\n<p>La rencontre r\u00e9sonne en soi et l\u2019onde de choc se fait sentir. Elle fissure l\u2019\u00eatre. Plus rien n\u2019est pareil \u2014 ne peut plus l\u2019\u00eatre. S\u2019enclenche alors un impossible retour en arri\u00e8re.<\/p>\n\n\n\n<blockquote class=\"wp-block-quote has-small-font-size is-layout-flow wp-block-quote-is-layout-flow\">\n<p class=\"has-small-font-size\">Tout bascule. Plus rien ne tient. Les mots r\u00e9sonnent encore. Inchang\u00e9s. Et pourtant, ils ont pris tout l\u2019espace. Ils envahissent et rendent le reste secondaire, presque irr\u00e9el. On ne comprend plus. Ou trop bien. Ce qui, la veille encore, semblait \u00e9vident ne l\u2019est plus du tout. Les jours se mettent \u00e0 d\u00e9filer avec indiff\u00e9rence, presque par automatisme. Pas le choix, il faut avancer. Et surtout : on le sent. La vie d\u2019avant s\u2019\u00e9loigne lentement, comme dans un traveling arri\u00e8re.<\/p>\n<\/blockquote>\n\n\n\n<p>C\u2019est l\u00e0 que nous devenons p\u00e8lerins. Le p\u00e8lerin n\u2019est pas celui qui marche, mais celui qui est d\u00e9plac\u00e9 hors de ses rep\u00e8res identitaires. Il n\u2019y aura pas de retour. On voudrait bien effacer, revenir en arri\u00e8re, mais quelque chose a c\u00e9d\u00e9. Rien ne sera plus comme avant. Tout est \u00e0 r\u00e9apprendre.<\/p>\n\n\n\n<p><strong>La R\u00e9surrection<\/strong><\/p>\n\n\n\n<p>Puis, la douleur s\u2019estompe. Quelque chose commence \u00e0 prendre forme. La vie devient autre et s\u2019interpr\u00e8te autrement. Ou plut\u00f4t, elle se laisse habiter autrement.<\/p>\n\n\n\n<blockquote class=\"wp-block-quote is-layout-flow wp-block-quote-is-layout-flow\">\n<p class=\"has-small-font-size\">Le temps a pass\u00e9. Rien n\u2019a chang\u00e9 et pourtant rien n\u2019est comme avant. Le message sur le t\u00e9l\u00e9phone n\u2019a pas chang\u00e9, pas boug\u00e9 d\u2019un mot. Et pourtant, Il n\u2019a plus le m\u00eame effet. Quelque chose s\u2019est d\u00e9plac\u00e9.<\/p>\n\n\n<div class=\"wp-block-image\">\n<figure class=\"alignright size-medium\"><img data-recalc-dims=\"1\" loading=\"lazy\" decoding=\"async\" width=\"500\" height=\"371\" data-attachment-id=\"5526\" data-permalink=\"https:\/\/bottesetvelo.com\/blog\/2026\/04\/03\/paques-une-histoire-de-pelerin\/pexels-alexeydemidov-10813707\/\" data-orig-file=\"https:\/\/i0.wp.com\/bottesetvelo.com\/blog\/wp-content\/uploads\/2026\/04\/pexels-alexeydemidov-10813707.jpg?fit=3246%2C2411&amp;ssl=1\" data-orig-size=\"3246,2411\" data-comments-opened=\"1\" data-image-meta=\"{&quot;aperture&quot;:&quot;0&quot;,&quot;credit&quot;:&quot;&quot;,&quot;camera&quot;:&quot;&quot;,&quot;caption&quot;:&quot;&quot;,&quot;created_timestamp&quot;:&quot;0&quot;,&quot;copyright&quot;:&quot;&quot;,&quot;focal_length&quot;:&quot;0&quot;,&quot;iso&quot;:&quot;0&quot;,&quot;shutter_speed&quot;:&quot;0&quot;,&quot;title&quot;:&quot;&quot;,&quot;orientation&quot;:&quot;0&quot;}\" data-image-title=\"pexels-alexeydemidov-10813707\" data-image-description=\"\" data-image-caption=\"\" data-large-file=\"https:\/\/i0.wp.com\/bottesetvelo.com\/blog\/wp-content\/uploads\/2026\/04\/pexels-alexeydemidov-10813707.jpg?fit=1024%2C761&amp;ssl=1\" src=\"https:\/\/i0.wp.com\/bottesetvelo.com\/blog\/wp-content\/uploads\/2026\/04\/pexels-alexeydemidov-10813707.jpg?resize=500%2C371&#038;ssl=1\" alt=\"\" class=\"wp-image-5526\" srcset=\"https:\/\/i0.wp.com\/bottesetvelo.com\/blog\/wp-content\/uploads\/2026\/04\/pexels-alexeydemidov-10813707.jpg?resize=500%2C371&amp;ssl=1 500w, https:\/\/i0.wp.com\/bottesetvelo.com\/blog\/wp-content\/uploads\/2026\/04\/pexels-alexeydemidov-10813707.jpg?resize=768%2C570&amp;ssl=1 768w, https:\/\/i0.wp.com\/bottesetvelo.com\/blog\/wp-content\/uploads\/2026\/04\/pexels-alexeydemidov-10813707.jpg?resize=1024%2C761&amp;ssl=1 1024w, https:\/\/i0.wp.com\/bottesetvelo.com\/blog\/wp-content\/uploads\/2026\/04\/pexels-alexeydemidov-10813707.jpg?resize=1536%2C1141&amp;ssl=1 1536w, https:\/\/i0.wp.com\/bottesetvelo.com\/blog\/wp-content\/uploads\/2026\/04\/pexels-alexeydemidov-10813707.jpg?resize=2048%2C1521&amp;ssl=1 2048w, https:\/\/i0.wp.com\/bottesetvelo.com\/blog\/wp-content\/uploads\/2026\/04\/pexels-alexeydemidov-10813707.jpg?resize=120%2C90&amp;ssl=1 120w, https:\/\/i0.wp.com\/bottesetvelo.com\/blog\/wp-content\/uploads\/2026\/04\/pexels-alexeydemidov-10813707.jpg?w=2340&amp;ssl=1 2340w\" sizes=\"auto, (max-width: 500px) 100vw, 500px\" \/><\/figure>\n<\/div>\n\n\n<p class=\"has-small-font-size\">Les mots ne p\u00e8sent plus de la m\u00eame mani\u00e8re. Ils ne serrent plus au m\u00eame endroit. Ils ouvrent, autrement. Pas mieux. Pas plus facile. Mais autrement. On respire diff\u00e9remment. On comprend peut-\u00eatre un peu. Ou pas encore. Mais on arrive \u00e0 tenir autrement dans ce qui est l\u00e0.<\/p>\n\n\n\n<p class=\"has-small-font-size\">Et, sans savoir exactement comment, une forme appara\u00eet. Fragile. R\u00e9elle.<\/p>\n<\/blockquote>\n\n\n\n<p>C\u2019est cela, P\u00e2ques. Non pas une histoire ancienne. Mais une exp\u00e9rience qui se rejoue.<\/p>\n\n\n\n<p>Une rencontre qui fissure. Une travers\u00e9e qui d\u00e9fait. Une vie qui, autrement, reprend forme. C\u2019est l\u00e0 que na\u00eet le p\u00e8lerin. Pas celui qui marche. Celui qui ne peut plus habiter sa vie comme avant. Celui qui est d\u00e9plac\u00e9. Et qui apprend, peu \u00e0 peu, \u00e0 tenir dans ce d\u00e9placement.<\/p>\n\n\n\n<p>Rien ne garantit que ce sera clair ou que ce sera facile. Mais il y a, au c\u0153ur de l\u2019exp\u00e9rience humaine, quelque chose de tenace : la possibilit\u00e9 qu\u2019au milieu m\u00eame de ce qui se d\u00e9fait\u2026 une vie puisse prendre forme.<\/p>\n\n\n<div class=\"wp-block-image\">\n<figure class=\"alignright size-full\"><img data-recalc-dims=\"1\" loading=\"lazy\" decoding=\"async\" width=\"160\" height=\"126\" data-attachment-id=\"5073\" data-permalink=\"https:\/\/bottesetvelo.com\/blog\/2023\/10\/20\/retour-a-la-vraie-vie\/bottes-et-velo-embleme-transparent-petit\/\" data-orig-file=\"https:\/\/i0.wp.com\/bottesetvelo.com\/blog\/wp-content\/uploads\/2023\/10\/Bottes-et-Velo-Embleme-transparent-petit.png?fit=160%2C126&amp;ssl=1\" data-orig-size=\"160,126\" data-comments-opened=\"1\" data-image-meta=\"{&quot;aperture&quot;:&quot;0&quot;,&quot;credit&quot;:&quot;&quot;,&quot;camera&quot;:&quot;&quot;,&quot;caption&quot;:&quot;&quot;,&quot;created_timestamp&quot;:&quot;0&quot;,&quot;copyright&quot;:&quot;&quot;,&quot;focal_length&quot;:&quot;0&quot;,&quot;iso&quot;:&quot;0&quot;,&quot;shutter_speed&quot;:&quot;0&quot;,&quot;title&quot;:&quot;&quot;,&quot;orientation&quot;:&quot;0&quot;}\" data-image-title=\"Bottes et V\u00e9lo &amp;#8211; Embl\u00eame &amp;#8211; transparent (petit)\" data-image-description=\"\" data-image-caption=\"\" data-large-file=\"https:\/\/i0.wp.com\/bottesetvelo.com\/blog\/wp-content\/uploads\/2023\/10\/Bottes-et-Velo-Embleme-transparent-petit.png?fit=160%2C126&amp;ssl=1\" src=\"https:\/\/i0.wp.com\/bottesetvelo.com\/blog\/wp-content\/uploads\/2023\/10\/Bottes-et-Velo-Embleme-transparent-petit.png?resize=160%2C126&#038;ssl=1\" alt=\"\" class=\"wp-image-5073\"\/><\/figure>\n<\/div>\n\n\n<p>\u00c9ric Lalibert\u00e9<\/p>\n\n\n\n<p><\/p>\n","protected":false},"excerpt":{"rendered":"<p>Vient un moment o\u00f9 la vie nous prend par surprise. Quelque chose survient. Une rupture. Une perte. Un d\u00e9placement. Parfois m\u00eame une joie trop grande pour nos rep\u00e8res. Et soudain, ce qui tenait debout ne tient plus. Pas parce qu\u2019on a \u00e9chou\u00e9 mais parce que la vie, elle, a d\u00e9j\u00e0 boug\u00e9. Et nous, non. C\u2019est&hellip;<\/p>\n","protected":false},"author":3,"featured_media":5518,"comment_status":"open","ping_status":"open","sticky":false,"template":"","format":"standard","meta":{"jetpack_post_was_ever_published":false,"_jetpack_newsletter_access":"","_jetpack_dont_email_post_to_subs":false,"_jetpack_newsletter_tier_id":0,"_jetpack_memberships_contains_paywalled_content":false,"_jetpack_memberships_contains_paid_content":false,"footnotes":"","jetpack_publicize_message":"","jetpack_publicize_feature_enabled":true,"jetpack_social_post_already_shared":true,"jetpack_social_options":{"image_generator_settings":{"template":"highway","default_image_id":0,"font":"","enabled":false},"version":2}},"categories":[52,50,3,446,37],"tags":[275,196,38,20],"class_list":["post-5517","post","type-post","status-publish","format-standard","has-post-thumbnail","hentry","category-alternatives-de-vie","category-art-de-vivre","category-reflexions","category-societe","category-spiritualite-2","tag-art-de-vivre","tag-paques","tag-reflexion","tag-spiritualite"],"jetpack_publicize_connections":[],"jetpack_featured_media_url":"https:\/\/i0.wp.com\/bottesetvelo.com\/blog\/wp-content\/uploads\/2026\/04\/pexels-alex-dos-santos-305643819-33077896.jpg?fit=5729%2C3581&ssl=1","jetpack_shortlink":"https:\/\/wp.me\/p4eY6z-1qZ","jetpack_sharing_enabled":true,"jetpack_likes_enabled":true,"jetpack-related-posts":[],"_links":{"self":[{"href":"https:\/\/bottesetvelo.com\/blog\/wp-json\/wp\/v2\/posts\/5517","targetHints":{"allow":["GET"]}}],"collection":[{"href":"https:\/\/bottesetvelo.com\/blog\/wp-json\/wp\/v2\/posts"}],"about":[{"href":"https:\/\/bottesetvelo.com\/blog\/wp-json\/wp\/v2\/types\/post"}],"author":[{"embeddable":true,"href":"https:\/\/bottesetvelo.com\/blog\/wp-json\/wp\/v2\/users\/3"}],"replies":[{"embeddable":true,"href":"https:\/\/bottesetvelo.com\/blog\/wp-json\/wp\/v2\/comments?post=5517"}],"version-history":[{"count":8,"href":"https:\/\/bottesetvelo.com\/blog\/wp-json\/wp\/v2\/posts\/5517\/revisions"}],"predecessor-version":[{"id":5529,"href":"https:\/\/bottesetvelo.com\/blog\/wp-json\/wp\/v2\/posts\/5517\/revisions\/5529"}],"wp:featuredmedia":[{"embeddable":true,"href":"https:\/\/bottesetvelo.com\/blog\/wp-json\/wp\/v2\/media\/5518"}],"wp:attachment":[{"href":"https:\/\/bottesetvelo.com\/blog\/wp-json\/wp\/v2\/media?parent=5517"}],"wp:term":[{"taxonomy":"category","embeddable":true,"href":"https:\/\/bottesetvelo.com\/blog\/wp-json\/wp\/v2\/categories?post=5517"},{"taxonomy":"post_tag","embeddable":true,"href":"https:\/\/bottesetvelo.com\/blog\/wp-json\/wp\/v2\/tags?post=5517"}],"curies":[{"name":"wp","href":"https:\/\/api.w.org\/{rel}","templated":true}]}}