{"id":5504,"date":"2026-03-27T20:35:20","date_gmt":"2026-03-28T00:35:20","guid":{"rendered":"https:\/\/bottesetvelo.com\/blog\/?p=5504"},"modified":"2026-03-27T20:35:20","modified_gmt":"2026-03-28T00:35:20","slug":"mon-compostelle","status":"publish","type":"post","link":"https:\/\/bottesetvelo.com\/blog\/2026\/03\/27\/mon-compostelle\/","title":{"rendered":"Mon Compostelle"},"content":{"rendered":"\n<p class=\"has-small-font-size\"><strong><em>C\u2019est avec plaisir que nous pr\u00eatons la voix de notre blogue \u00e0 Diane, Amie-p\u00e8lerine de Bottes et V\u00e9lo, dont le texte, retenu dans le cadre de l\u2019appel \u00e0 \u00e9criture sur le th\u00e8me \u00ab Un cadeau du chemin \u00bb, a su trouver les mots justes pour exprimer ce qui se vit sur les chemins de Compostelle.<\/em><\/strong><\/p>\n\n\n\n<p>Mon Compostelle<\/p>\n\n\n<div class=\"wp-block-image\">\n<figure class=\"alignright size-large is-resized\"><img data-recalc-dims=\"1\" loading=\"lazy\" decoding=\"async\" width=\"901\" height=\"1024\" data-attachment-id=\"5512\" data-permalink=\"https:\/\/bottesetvelo.com\/blog\/2026\/03\/27\/mon-compostelle\/dbreton1-5\/\" data-orig-file=\"https:\/\/i0.wp.com\/bottesetvelo.com\/blog\/wp-content\/uploads\/2026\/03\/DBreton1-4.jpeg?fit=3024%2C3435&amp;ssl=1\" data-orig-size=\"3024,3435\" data-comments-opened=\"1\" data-image-meta=\"{&quot;aperture&quot;:&quot;1.8&quot;,&quot;credit&quot;:&quot;&quot;,&quot;camera&quot;:&quot;iPhone SE (3rd generation)&quot;,&quot;caption&quot;:&quot;&quot;,&quot;created_timestamp&quot;:&quot;1759429188&quot;,&quot;copyright&quot;:&quot;&quot;,&quot;focal_length&quot;:&quot;3.99&quot;,&quot;iso&quot;:&quot;32&quot;,&quot;shutter_speed&quot;:&quot;0.00055586436909394&quot;,&quot;title&quot;:&quot;&quot;,&quot;orientation&quot;:&quot;0&quot;}\" data-image-title=\"DBreton1\" data-image-description=\"\" data-image-caption=\"\" data-large-file=\"https:\/\/i0.wp.com\/bottesetvelo.com\/blog\/wp-content\/uploads\/2026\/03\/DBreton1-4.jpeg?fit=901%2C1024&amp;ssl=1\" src=\"https:\/\/i0.wp.com\/bottesetvelo.com\/blog\/wp-content\/uploads\/2026\/03\/DBreton1-4.jpeg?resize=901%2C1024&#038;ssl=1\" alt=\"\" class=\"wp-image-5512\" style=\"aspect-ratio:0.8798882494049871;width:275px\" srcset=\"https:\/\/i0.wp.com\/bottesetvelo.com\/blog\/wp-content\/uploads\/2026\/03\/DBreton1-4.jpeg?resize=901%2C1024&amp;ssl=1 901w, https:\/\/i0.wp.com\/bottesetvelo.com\/blog\/wp-content\/uploads\/2026\/03\/DBreton1-4.jpeg?resize=440%2C500&amp;ssl=1 440w, https:\/\/i0.wp.com\/bottesetvelo.com\/blog\/wp-content\/uploads\/2026\/03\/DBreton1-4.jpeg?resize=768%2C872&amp;ssl=1 768w, https:\/\/i0.wp.com\/bottesetvelo.com\/blog\/wp-content\/uploads\/2026\/03\/DBreton1-4.jpeg?resize=1352%2C1536&amp;ssl=1 1352w, https:\/\/i0.wp.com\/bottesetvelo.com\/blog\/wp-content\/uploads\/2026\/03\/DBreton1-4.jpeg?resize=1803%2C2048&amp;ssl=1 1803w, https:\/\/i0.wp.com\/bottesetvelo.com\/blog\/wp-content\/uploads\/2026\/03\/DBreton1-4.jpeg?w=2340&amp;ssl=1 2340w\" sizes=\"auto, (max-width: 901px) 100vw, 901px\" \/><\/figure>\n<\/div>\n\n\n<div class=\"wp-block-group is-vertical is-layout-flex wp-container-core-group-is-layout-8cf370e7 wp-block-group-is-layout-flex\">\n<div class=\"wp-block-group is-vertical is-layout-flex wp-container-core-group-is-layout-8cf370e7 wp-block-group-is-layout-flex\">\n<p>J\u2019ai aper\u00e7u des pieds remplis d\u2019ampoules.<\/p>\n\n\n\n<p>J\u2019ai observ\u00e9 des individus vivant une s\u00e9paration.<\/p>\n\n\n\n<p>J\u2019ai crois\u00e9 des p\u00e8lerins qui s\u2019interrogent sur leur avenir.<\/p>\n\n\n\n<p>J\u2019ai per\u00e7u des personnes qui souffrent en silence.<\/p>\n\n\n\n<p>Chacun \u00e0 sa fa\u00e7on marche pour diff\u00e9rentes raisons.<\/p>\n\n\n\n<p>J\u2019ai appris \u00e0 aimer le bruit de mes pas s\u2019\u00e9loignant des choses qui ne sont pas en accord avec moi.<\/p>\n\n\n\n<p>Chaque kilom\u00e8tre parcouru est une conversation silencieuse avec moi-m\u00eame.<\/p>\n\n\n\n<p>Faire le vide pour faire de l\u2019espace \u00e0 autre chose.<\/p>\n<\/div>\n\n\n\n<p>Prendre le temps naturel et non le temps m\u00e9canique qui guide notre quotidien.<\/p>\n\n\n\n<p>Partager avec des inconnus sans masque mais avec le c\u0153ur.<\/p>\n\n\n\n<p>Je me suis rendu compte que la chose la plus importante en communication, c\u2019est d\u2019entendre ce qui n\u2019est pas dit.<\/p>\n\n\n\n<p>Une exp\u00e9rience humaine avant tout. Mes seules pr\u00e9occupations sont mes besoins de base, pas d\u2019agenda, pas d\u2019obligation. Manger, boire, dormir.<\/p>\n\n\n\n<p>Prendre soin de mon corps pour pouvoir marcher et pour que mon \u00e2me ait envie d\u2019y rester.<\/p>\n\n\n\n<p>Mon Compostelle me confirme que j\u2019ai d\u00e9cid\u00e9 de faire du reste de ma vie\u2026. le meilleur de ma vie !!!!!<\/p>\n\n\n\n<p>\u00ab Nous sommes sur le bon chemin lorsque regarder en arri\u00e8re ne nous int\u00e9resse plus \u00bb.<\/p>\n\n\n\n<p>Diane la p\u00e8lerine \ud83d\ude4f<\/p>\n<\/div>\n\n\n\n<p><\/p>\n","protected":false},"excerpt":{"rendered":"<p>C\u2019est avec plaisir que nous pr\u00eatons la voix de notre blogue \u00e0 Diane, Amie-p\u00e8lerine de Bottes et V\u00e9lo, dont le texte, retenu dans le cadre de l\u2019appel \u00e0 \u00e9criture sur le th\u00e8me \u00ab Un cadeau du chemin \u00bb, a su trouver les mots justes pour exprimer ce qui se vit sur les chemins de Compostelle.&hellip;<\/p>\n","protected":false},"author":1,"featured_media":5514,"comment_status":"open","ping_status":"open","sticky":false,"template":"","format":"standard","meta":{"jetpack_post_was_ever_published":false,"_jetpack_newsletter_access":"","_jetpack_dont_email_post_to_subs":false,"_jetpack_newsletter_tier_id":0,"_jetpack_memberships_contains_paywalled_content":false,"_jetpack_memberships_contains_paid_content":false,"footnotes":"","jetpack_publicize_message":"","jetpack_publicize_feature_enabled":true,"jetpack_social_post_already_shared":true,"jetpack_social_options":{"image_generator_settings":{"template":"highway","default_image_id":0,"font":"","enabled":false},"version":2}},"categories":[230,1],"tags":[203,80,296],"class_list":["post-5504","post","type-post","status-publish","format-standard","has-post-thumbnail","hentry","category-histoire-de-pelerin","category-uncategorized","tag-chemin","tag-compostelle","tag-pelerin"],"jetpack_publicize_connections":[],"jetpack_featured_media_url":"https:\/\/i0.wp.com\/bottesetvelo.com\/blog\/wp-content\/uploads\/2026\/03\/20251002_140525.jpg?fit=3486%2C1610&ssl=1","jetpack_shortlink":"https:\/\/wp.me\/p4eY6z-1qM","jetpack_sharing_enabled":true,"jetpack_likes_enabled":true,"jetpack-related-posts":[],"_links":{"self":[{"href":"https:\/\/bottesetvelo.com\/blog\/wp-json\/wp\/v2\/posts\/5504","targetHints":{"allow":["GET"]}}],"collection":[{"href":"https:\/\/bottesetvelo.com\/blog\/wp-json\/wp\/v2\/posts"}],"about":[{"href":"https:\/\/bottesetvelo.com\/blog\/wp-json\/wp\/v2\/types\/post"}],"author":[{"embeddable":true,"href":"https:\/\/bottesetvelo.com\/blog\/wp-json\/wp\/v2\/users\/1"}],"replies":[{"embeddable":true,"href":"https:\/\/bottesetvelo.com\/blog\/wp-json\/wp\/v2\/comments?post=5504"}],"version-history":[{"count":5,"href":"https:\/\/bottesetvelo.com\/blog\/wp-json\/wp\/v2\/posts\/5504\/revisions"}],"predecessor-version":[{"id":5515,"href":"https:\/\/bottesetvelo.com\/blog\/wp-json\/wp\/v2\/posts\/5504\/revisions\/5515"}],"wp:featuredmedia":[{"embeddable":true,"href":"https:\/\/bottesetvelo.com\/blog\/wp-json\/wp\/v2\/media\/5514"}],"wp:attachment":[{"href":"https:\/\/bottesetvelo.com\/blog\/wp-json\/wp\/v2\/media?parent=5504"}],"wp:term":[{"taxonomy":"category","embeddable":true,"href":"https:\/\/bottesetvelo.com\/blog\/wp-json\/wp\/v2\/categories?post=5504"},{"taxonomy":"post_tag","embeddable":true,"href":"https:\/\/bottesetvelo.com\/blog\/wp-json\/wp\/v2\/tags?post=5504"}],"curies":[{"name":"wp","href":"https:\/\/api.w.org\/{rel}","templated":true}]}}