{"id":5494,"date":"2026-03-20T09:58:20","date_gmt":"2026-03-20T13:58:20","guid":{"rendered":"https:\/\/bottesetvelo.com\/blog\/?p=5494"},"modified":"2026-03-20T18:44:51","modified_gmt":"2026-03-20T22:44:51","slug":"5494","status":"publish","type":"post","link":"https:\/\/bottesetvelo.com\/blog\/2026\/03\/20\/5494\/","title":{"rendered":"Sur le Camino"},"content":{"rendered":"\n<p class=\"has-small-font-size\"><strong>Nous avons le plaisir de partager aujourd\u2019hui un texte que nous avons retenu dans le cadre de l\u2019appel \u00e0 \u00e9criture sur le th\u00e8me <em>\u201cUn cadeau du chemin\u201d.<\/em> Merci \u00e0 R\u00e9jean, ami\u2011p\u00e8lerin, de nous offrir sa plume et ses mots sur le blogue de Bottes et V\u00e9lo !<\/strong><\/p>\n\n\n\n<p class=\"has-text-align-center\">Sur le Camino<\/p>\n\n\n\n<p>Je lace mes chaussures, enfile mon sac \u00e0 dos et agrippe mes b\u00e2tons de marche. Je sors \u00e0 l\u2019ext\u00e9rieur pour faire le premier pas de cette nouvelle journ\u00e9e sur le Camino.<\/p>\n\n\n<div class=\"wp-block-image\">\n<figure class=\"alignleft size-large is-resized\"><img data-recalc-dims=\"1\" loading=\"lazy\" decoding=\"async\" width=\"1024\" height=\"768\" data-attachment-id=\"5496\" data-permalink=\"https:\/\/bottesetvelo.com\/blog\/2026\/03\/20\/5494\/rmarcotte2\/\" data-orig-file=\"https:\/\/i0.wp.com\/bottesetvelo.com\/blog\/wp-content\/uploads\/2026\/03\/RMarcotte2.jpg?fit=4507%2C3380&amp;ssl=1\" data-orig-size=\"4507,3380\" data-comments-opened=\"1\" data-image-meta=\"{&quot;aperture&quot;:&quot;1.8&quot;,&quot;credit&quot;:&quot;&quot;,&quot;camera&quot;:&quot;SM-A536W&quot;,&quot;caption&quot;:&quot;&quot;,&quot;created_timestamp&quot;:&quot;1694870872&quot;,&quot;copyright&quot;:&quot;&quot;,&quot;focal_length&quot;:&quot;5.23&quot;,&quot;iso&quot;:&quot;50&quot;,&quot;shutter_speed&quot;:&quot;0.0008481764206955&quot;,&quot;title&quot;:&quot;&quot;,&quot;orientation&quot;:&quot;0&quot;}\" data-image-title=\"RMarcotte2\" data-image-description=\"\" data-image-caption=\"\" data-large-file=\"https:\/\/i0.wp.com\/bottesetvelo.com\/blog\/wp-content\/uploads\/2026\/03\/RMarcotte2.jpg?fit=1024%2C768&amp;ssl=1\" src=\"https:\/\/i0.wp.com\/bottesetvelo.com\/blog\/wp-content\/uploads\/2026\/03\/RMarcotte2.jpg?resize=1024%2C768&#038;ssl=1\" alt=\"\" class=\"wp-image-5496\" style=\"width:225px;height:auto\" srcset=\"https:\/\/i0.wp.com\/bottesetvelo.com\/blog\/wp-content\/uploads\/2026\/03\/RMarcotte2.jpg?resize=1024%2C768&amp;ssl=1 1024w, https:\/\/i0.wp.com\/bottesetvelo.com\/blog\/wp-content\/uploads\/2026\/03\/RMarcotte2.jpg?resize=500%2C375&amp;ssl=1 500w, https:\/\/i0.wp.com\/bottesetvelo.com\/blog\/wp-content\/uploads\/2026\/03\/RMarcotte2.jpg?resize=768%2C576&amp;ssl=1 768w, https:\/\/i0.wp.com\/bottesetvelo.com\/blog\/wp-content\/uploads\/2026\/03\/RMarcotte2.jpg?resize=1536%2C1152&amp;ssl=1 1536w, https:\/\/i0.wp.com\/bottesetvelo.com\/blog\/wp-content\/uploads\/2026\/03\/RMarcotte2.jpg?resize=2048%2C1536&amp;ssl=1 2048w, https:\/\/i0.wp.com\/bottesetvelo.com\/blog\/wp-content\/uploads\/2026\/03\/RMarcotte2.jpg?resize=120%2C90&amp;ssl=1 120w, https:\/\/i0.wp.com\/bottesetvelo.com\/blog\/wp-content\/uploads\/2026\/03\/RMarcotte2.jpg?w=2340&amp;ssl=1 2340w, https:\/\/i0.wp.com\/bottesetvelo.com\/blog\/wp-content\/uploads\/2026\/03\/RMarcotte2.jpg?w=3510&amp;ssl=1 3510w\" sizes=\"auto, (max-width: 1024px) 100vw, 1024px\" \/><\/figure>\n<\/div>\n\n\n<p>Au stade o\u00f9 je suis rendu sur le chemin, les questions comme&nbsp;: depuis quand marches-tu? Combien de km vas-tu faire aujourd\u2019hui? Vers quelle heure vas-tu arriver au g\u00eete? Ces questions n\u2019ont plus d\u2019importance et ne font plus partie de mon quotidien de p\u00e8lerin.<\/p>\n\n\n\n<p>Je pars le matin, le c\u0153ur l\u00e9ger et le sourire aux l\u00e8vres. Je marche au rythme auquel mon corps m\u2019invite \u00e0 avancer. Marcher seul dans le silence, pr\u00e9sent au pr\u00e9sent, aux lieux, ouvert aux surprises que le Camino me r\u00e9serve.<\/p>\n\n\n\n<p>J\u2019ai appris avec le temps \u00e0 inviter mon rationnel \u00e0 se d\u00e9caler et marcher quelques pas derri\u00e8re moi. J\u2019ai invit\u00e9 mon ressenti \u00e0 prendre place devant moi, \u00e0 ouvrir les bras et \u00e0 accueillir.<\/p>\n\n\n<div class=\"wp-block-image\">\n<figure class=\"alignright size-large is-resized\"><img data-recalc-dims=\"1\" loading=\"lazy\" decoding=\"async\" width=\"1024\" height=\"586\" data-attachment-id=\"5495\" data-permalink=\"https:\/\/bottesetvelo.com\/blog\/2026\/03\/20\/5494\/rmarcotte1\/\" data-orig-file=\"https:\/\/i0.wp.com\/bottesetvelo.com\/blog\/wp-content\/uploads\/2026\/03\/RMarcotte1.jpg?fit=3175%2C1817&amp;ssl=1\" data-orig-size=\"3175,1817\" data-comments-opened=\"1\" data-image-meta=\"{&quot;aperture&quot;:&quot;1.8&quot;,&quot;credit&quot;:&quot;&quot;,&quot;camera&quot;:&quot;SM-A536W&quot;,&quot;caption&quot;:&quot;&quot;,&quot;created_timestamp&quot;:&quot;1697365656&quot;,&quot;copyright&quot;:&quot;&quot;,&quot;focal_length&quot;:&quot;5.23&quot;,&quot;iso&quot;:&quot;200&quot;,&quot;shutter_speed&quot;:&quot;0.016666666666667&quot;,&quot;title&quot;:&quot;&quot;,&quot;orientation&quot;:&quot;0&quot;}\" data-image-title=\"RMarcotte1\" data-image-description=\"\" data-image-caption=\"\" data-large-file=\"https:\/\/i0.wp.com\/bottesetvelo.com\/blog\/wp-content\/uploads\/2026\/03\/RMarcotte1.jpg?fit=1024%2C586&amp;ssl=1\" src=\"https:\/\/i0.wp.com\/bottesetvelo.com\/blog\/wp-content\/uploads\/2026\/03\/RMarcotte1.jpg?resize=1024%2C586&#038;ssl=1\" alt=\"\" class=\"wp-image-5495\" style=\"aspect-ratio:1.747451588659879;object-fit:cover;width:300px\" srcset=\"https:\/\/i0.wp.com\/bottesetvelo.com\/blog\/wp-content\/uploads\/2026\/03\/RMarcotte1.jpg?resize=1024%2C586&amp;ssl=1 1024w, https:\/\/i0.wp.com\/bottesetvelo.com\/blog\/wp-content\/uploads\/2026\/03\/RMarcotte1.jpg?resize=500%2C286&amp;ssl=1 500w, https:\/\/i0.wp.com\/bottesetvelo.com\/blog\/wp-content\/uploads\/2026\/03\/RMarcotte1.jpg?resize=768%2C440&amp;ssl=1 768w, https:\/\/i0.wp.com\/bottesetvelo.com\/blog\/wp-content\/uploads\/2026\/03\/RMarcotte1.jpg?resize=1536%2C879&amp;ssl=1 1536w, https:\/\/i0.wp.com\/bottesetvelo.com\/blog\/wp-content\/uploads\/2026\/03\/RMarcotte1.jpg?resize=2048%2C1172&amp;ssl=1 2048w, https:\/\/i0.wp.com\/bottesetvelo.com\/blog\/wp-content\/uploads\/2026\/03\/RMarcotte1.jpg?w=2340&amp;ssl=1 2340w\" sizes=\"auto, (max-width: 1024px) 100vw, 1024px\" \/><\/figure>\n<\/div>\n\n\n<p>Parfois dans ce silence et ce rythme de marche, il se cr\u00e9e une bulle, un espace que je nomme la zone. Tout devient amplifi\u00e9, les sens aiguis\u00e9s et un sentiment de grande l\u00e9g\u00e8ret\u00e9 m\u2019habite. Je m\u2019entends dire&nbsp;: \u00ab Je ne peux pas \u00eatre plus heureux que \u00e7a \u00bb. La relation avec le Camino est intime, touchant mon \u00e2me et mon c\u0153ur. Moment de gr\u00e2ce! Merci!<\/p>\n\n\n\n<p>\u00c0 plusieurs reprises sur le chemin, j\u2019ai v\u00e9cu des choses tr\u00e8s bizarres. Je me souviens entre autres, t\u00f4t le matin o\u00f9 nous marchions mon \u00e9pouse et moi, sur une section du chemin qui \u00e9tait d\u00e9serte, j\u2019ai entendu \u00e0 proximit\u00e9, tr\u00e8s clairement, une voix de jeune femme me souhaiter&nbsp;: \u00ab Buen Camino! \u00bb. Je me suis retourn\u00e9 vers Marie et je lui ai demand\u00e9&nbsp;: \u00ab Est-ce que tu as entendu quelque chose? \u00bb \u00ab&nbsp;Oui j\u2019ai entendu, <em>Buen Camino<\/em>!&nbsp;\u00bb Nous nous sommes arr\u00eat\u00e9s. Nous avons attendu quelques minutes. Nous avons regard\u00e9 dans toutes les directions&nbsp;: personne!<\/p>\n\n\n<div class=\"wp-block-image\">\n<figure class=\"alignright size-large is-resized\"><img data-recalc-dims=\"1\" loading=\"lazy\" decoding=\"async\" width=\"1024\" height=\"601\" data-attachment-id=\"5498\" data-permalink=\"https:\/\/bottesetvelo.com\/blog\/2026\/03\/20\/5494\/rmarcotte3\/\" data-orig-file=\"https:\/\/i0.wp.com\/bottesetvelo.com\/blog\/wp-content\/uploads\/2026\/03\/RMarcotte3.jpg?fit=4546%2C2668&amp;ssl=1\" data-orig-size=\"4546,2668\" data-comments-opened=\"1\" data-image-meta=\"{&quot;aperture&quot;:&quot;1.8&quot;,&quot;credit&quot;:&quot;&quot;,&quot;camera&quot;:&quot;SM-A536W&quot;,&quot;caption&quot;:&quot;&quot;,&quot;created_timestamp&quot;:&quot;1693726095&quot;,&quot;copyright&quot;:&quot;&quot;,&quot;focal_length&quot;:&quot;5.23&quot;,&quot;iso&quot;:&quot;50&quot;,&quot;shutter_speed&quot;:&quot;0.016666666666667&quot;,&quot;title&quot;:&quot;&quot;,&quot;orientation&quot;:&quot;0&quot;}\" data-image-title=\"RMarcotte3\" data-image-description=\"\" data-image-caption=\"\" data-large-file=\"https:\/\/i0.wp.com\/bottesetvelo.com\/blog\/wp-content\/uploads\/2026\/03\/RMarcotte3.jpg?fit=1024%2C601&amp;ssl=1\" src=\"https:\/\/i0.wp.com\/bottesetvelo.com\/blog\/wp-content\/uploads\/2026\/03\/RMarcotte3.jpg?resize=1024%2C601&#038;ssl=1\" alt=\"\" class=\"wp-image-5498\" style=\"aspect-ratio:1.7038539553752536;width:293px;height:auto\" srcset=\"https:\/\/i0.wp.com\/bottesetvelo.com\/blog\/wp-content\/uploads\/2026\/03\/RMarcotte3.jpg?resize=1024%2C601&amp;ssl=1 1024w, https:\/\/i0.wp.com\/bottesetvelo.com\/blog\/wp-content\/uploads\/2026\/03\/RMarcotte3.jpg?resize=500%2C293&amp;ssl=1 500w, https:\/\/i0.wp.com\/bottesetvelo.com\/blog\/wp-content\/uploads\/2026\/03\/RMarcotte3.jpg?resize=768%2C451&amp;ssl=1 768w, https:\/\/i0.wp.com\/bottesetvelo.com\/blog\/wp-content\/uploads\/2026\/03\/RMarcotte3.jpg?resize=1536%2C901&amp;ssl=1 1536w, https:\/\/i0.wp.com\/bottesetvelo.com\/blog\/wp-content\/uploads\/2026\/03\/RMarcotte3.jpg?resize=2048%2C1202&amp;ssl=1 2048w, https:\/\/i0.wp.com\/bottesetvelo.com\/blog\/wp-content\/uploads\/2026\/03\/RMarcotte3.jpg?w=2340&amp;ssl=1 2340w, https:\/\/i0.wp.com\/bottesetvelo.com\/blog\/wp-content\/uploads\/2026\/03\/RMarcotte3.jpg?w=3510&amp;ssl=1 3510w\" sizes=\"auto, (max-width: 1024px) 100vw, 1024px\" \/><\/figure>\n<\/div>\n\n\n<p>Dans ces situations des plus bizarres, j\u2019ai appris \u00e0 ne pas chercher \u00e0 comprendre. Tout simplement sourire et dire : \u00ab Merci Camino! \u00bb En \u00e9tant conscient que j\u2019ai v\u00e9cu quelque chose de privil\u00e9gi\u00e9.<\/p>\n\n\n\n<p>Lorsque je vais remettre le pied sur le Camino, sans l\u2019ombre d\u2019un doute, je sais que j\u2019irai \u00e0 la rencontre d\u2019un grand Ami.<\/p>\n\n\n\n<p>R\u00e9jean Marcotte<\/p>\n\n\n\n<p>Buen Camino&nbsp;<\/p>\n","protected":false},"excerpt":{"rendered":"<p>Nous avons le plaisir de partager aujourd\u2019hui un texte que nous avons retenu dans le cadre de l\u2019appel \u00e0 \u00e9criture sur le th\u00e8me \u201cUn cadeau du chemin\u201d. Merci \u00e0 R\u00e9jean, ami\u2011p\u00e8lerin, de nous offrir sa plume et ses mots sur le blogue de Bottes et V\u00e9lo ! Sur le Camino Je lace mes chaussures, enfile&hellip;<\/p>\n","protected":false},"author":1,"featured_media":0,"comment_status":"open","ping_status":"open","sticky":false,"template":"","format":"standard","meta":{"jetpack_post_was_ever_published":false,"_jetpack_newsletter_access":"","_jetpack_dont_email_post_to_subs":false,"_jetpack_newsletter_tier_id":0,"_jetpack_memberships_contains_paywalled_content":false,"_jetpack_memberships_contains_paid_content":false,"footnotes":"","jetpack_publicize_message":"","jetpack_publicize_feature_enabled":true,"jetpack_social_post_already_shared":true,"jetpack_social_options":{"image_generator_settings":{"template":"highway","default_image_id":0,"font":"","enabled":false},"version":2}},"categories":[230],"tags":[780],"class_list":["post-5494","post","type-post","status-publish","format-standard","hentry","category-histoire-de-pelerin","tag-les-cadeaux-du-chemin"],"jetpack_publicize_connections":[],"jetpack_featured_media_url":"","jetpack_shortlink":"https:\/\/wp.me\/s4eY6z-5494","jetpack_sharing_enabled":true,"jetpack_likes_enabled":true,"jetpack-related-posts":[],"_links":{"self":[{"href":"https:\/\/bottesetvelo.com\/blog\/wp-json\/wp\/v2\/posts\/5494","targetHints":{"allow":["GET"]}}],"collection":[{"href":"https:\/\/bottesetvelo.com\/blog\/wp-json\/wp\/v2\/posts"}],"about":[{"href":"https:\/\/bottesetvelo.com\/blog\/wp-json\/wp\/v2\/types\/post"}],"author":[{"embeddable":true,"href":"https:\/\/bottesetvelo.com\/blog\/wp-json\/wp\/v2\/users\/1"}],"replies":[{"embeddable":true,"href":"https:\/\/bottesetvelo.com\/blog\/wp-json\/wp\/v2\/comments?post=5494"}],"version-history":[{"count":5,"href":"https:\/\/bottesetvelo.com\/blog\/wp-json\/wp\/v2\/posts\/5494\/revisions"}],"predecessor-version":[{"id":5502,"href":"https:\/\/bottesetvelo.com\/blog\/wp-json\/wp\/v2\/posts\/5494\/revisions\/5502"}],"wp:attachment":[{"href":"https:\/\/bottesetvelo.com\/blog\/wp-json\/wp\/v2\/media?parent=5494"}],"wp:term":[{"taxonomy":"category","embeddable":true,"href":"https:\/\/bottesetvelo.com\/blog\/wp-json\/wp\/v2\/categories?post=5494"},{"taxonomy":"post_tag","embeddable":true,"href":"https:\/\/bottesetvelo.com\/blog\/wp-json\/wp\/v2\/tags?post=5494"}],"curies":[{"name":"wp","href":"https:\/\/api.w.org\/{rel}","templated":true}]}}