{"id":5311,"date":"2025-03-21T18:00:00","date_gmt":"2025-03-21T22:00:00","guid":{"rendered":"https:\/\/bottesetvelo.com\/blog\/?p=5311"},"modified":"2025-03-21T20:27:49","modified_gmt":"2025-03-22T00:27:49","slug":"le-gout-de-vivre","status":"publish","type":"post","link":"https:\/\/bottesetvelo.com\/blog\/2025\/03\/21\/le-gout-de-vivre\/","title":{"rendered":"Le go\u00fbt de vivre"},"content":{"rendered":"\n<figure class=\"wp-block-pullquote has-text-align-right has-small-font-size\"><blockquote><p><em><strong>Ma vie c&rsquo;est moi qui vais la peindre, alors je vais y mettre le feu en ajoutant plein de couleurs. <\/strong><\/em><\/p><cite>Grand Corps Malade<\/cite><\/blockquote><\/figure>\n\n\n\n<p>Sur le chemin p\u00e8lerin, comme sur celui de la vie, tout est mouvement. Rien ne demeure. Tout passe. Pouss\u00e9e par le temps qui s\u2019\u00e9coule, la vie avance malgr\u00e9 nous. Pas de statu quo. Pas de retour en arri\u00e8re. Seul l\u2019avenir peut s\u2019\u00e9crire.<\/p>\n\n\n<div class=\"wp-block-image\">\n<figure class=\"alignright size-large is-resized\"><img data-recalc-dims=\"1\" loading=\"lazy\" decoding=\"async\" width=\"1024\" height=\"461\" data-attachment-id=\"5314\" data-permalink=\"https:\/\/bottesetvelo.com\/blog\/2025\/03\/21\/le-gout-de-vivre\/20231004_162522\/\" data-orig-file=\"https:\/\/i0.wp.com\/bottesetvelo.com\/blog\/wp-content\/uploads\/2025\/03\/20231004_162522.jpg?fit=4032%2C1816&amp;ssl=1\" data-orig-size=\"4032,1816\" data-comments-opened=\"1\" data-image-meta=\"{&quot;aperture&quot;:&quot;1.8&quot;,&quot;credit&quot;:&quot;&quot;,&quot;camera&quot;:&quot;SM-G781W&quot;,&quot;caption&quot;:&quot;&quot;,&quot;created_timestamp&quot;:&quot;1696436722&quot;,&quot;copyright&quot;:&quot;&quot;,&quot;focal_length&quot;:&quot;5.4&quot;,&quot;iso&quot;:&quot;640&quot;,&quot;shutter_speed&quot;:&quot;0.033333333333333&quot;,&quot;title&quot;:&quot;&quot;,&quot;orientation&quot;:&quot;0&quot;}\" data-image-title=\"20231004_162522\" data-image-description=\"\" data-image-caption=\"\" data-large-file=\"https:\/\/i0.wp.com\/bottesetvelo.com\/blog\/wp-content\/uploads\/2025\/03\/20231004_162522.jpg?fit=1024%2C461&amp;ssl=1\" src=\"https:\/\/i0.wp.com\/bottesetvelo.com\/blog\/wp-content\/uploads\/2025\/03\/20231004_162522.jpg?resize=1024%2C461&#038;ssl=1\" alt=\"\" class=\"wp-image-5314\" style=\"width:360px;height:auto\" srcset=\"https:\/\/i0.wp.com\/bottesetvelo.com\/blog\/wp-content\/uploads\/2025\/03\/20231004_162522.jpg?resize=1024%2C461&amp;ssl=1 1024w, https:\/\/i0.wp.com\/bottesetvelo.com\/blog\/wp-content\/uploads\/2025\/03\/20231004_162522.jpg?resize=500%2C225&amp;ssl=1 500w, https:\/\/i0.wp.com\/bottesetvelo.com\/blog\/wp-content\/uploads\/2025\/03\/20231004_162522.jpg?resize=768%2C346&amp;ssl=1 768w, https:\/\/i0.wp.com\/bottesetvelo.com\/blog\/wp-content\/uploads\/2025\/03\/20231004_162522.jpg?resize=1536%2C692&amp;ssl=1 1536w, https:\/\/i0.wp.com\/bottesetvelo.com\/blog\/wp-content\/uploads\/2025\/03\/20231004_162522.jpg?resize=2048%2C922&amp;ssl=1 2048w, https:\/\/i0.wp.com\/bottesetvelo.com\/blog\/wp-content\/uploads\/2025\/03\/20231004_162522.jpg?w=2340&amp;ssl=1 2340w, https:\/\/i0.wp.com\/bottesetvelo.com\/blog\/wp-content\/uploads\/2025\/03\/20231004_162522.jpg?w=3510&amp;ssl=1 3510w\" sizes=\"auto, (max-width: 1024px) 100vw, 1024px\" \/><\/figure>\n<\/div>\n\n\n<p>Chaque matin le p\u00e8lerin prend la route. Continuer est un incontournable, une \u00e9vidence! Ses journ\u00e9es sont rythm\u00e9es par des paysages magnifiques, des rencontres m\u00e9morables, mais aussi des emb\u00fbches et des blessures. Abandonner son p\u00e8lerinage \u00e9tant impensable, chaque soir, il prend le temps de s\u2019arr\u00eater pour r\u00e9fl\u00e9chir \u00e0 la mani\u00e8re de rendre sa marche du lendemain encore plus agr\u00e9able, encore plus en accord avec ce qu\u2019il souhaite vivre \u00e0 travers ce p\u00e9riple. Il repense l\u2019organisation de son sac \u00e0 dos, encore et encore, jour apr\u00e8s jour, jusqu\u2019\u00e0 le rendre le plus parfait possible&nbsp;: plus l\u00e9ger, plus fonctionnel, plus efficace. Il reconsid\u00e8re sans arr\u00eat les soins qu\u2019il porte \u00e0 ses pieds jusqu\u2019\u00e0 trouver la formule qui lui convient le mieux&nbsp;: poser des pansements d\u00e8s le matin, enlever plus souvent ses bottes, faire des bains d\u2019eau glac\u00e9e en fin de journ\u00e9e. Il optimise sa routine du soir&nbsp;: ranger ce qui ne servira plus, pr\u00e9parer les effets pour le lendemain, mettre \u00e0 port\u00e9e de main ce qui sera n\u00e9cessaire demain. Les premiers jours, le p\u00e8lerin consacrera beaucoup de temps \u00e0 cette recherche d\u2019ajustement optimal.<\/p>\n\n\n<div class=\"wp-block-image\">\n<figure class=\"alignright size-large is-resized\"><img data-recalc-dims=\"1\" loading=\"lazy\" decoding=\"async\" width=\"1024\" height=\"473\" data-attachment-id=\"5313\" data-permalink=\"https:\/\/bottesetvelo.com\/blog\/2025\/03\/21\/le-gout-de-vivre\/20250304_112513\/\" data-orig-file=\"https:\/\/i0.wp.com\/bottesetvelo.com\/blog\/wp-content\/uploads\/2025\/03\/20250304_112513.jpg?fit=4000%2C1848&amp;ssl=1\" data-orig-size=\"4000,1848\" data-comments-opened=\"1\" data-image-meta=\"{&quot;aperture&quot;:&quot;2.4&quot;,&quot;credit&quot;:&quot;&quot;,&quot;camera&quot;:&quot;Galaxy S24&quot;,&quot;caption&quot;:&quot;&quot;,&quot;created_timestamp&quot;:&quot;1741087514&quot;,&quot;copyright&quot;:&quot;&quot;,&quot;focal_length&quot;:&quot;7&quot;,&quot;iso&quot;:&quot;25&quot;,&quot;shutter_speed&quot;:&quot;0.00051948051948052&quot;,&quot;title&quot;:&quot;&quot;,&quot;orientation&quot;:&quot;1&quot;}\" data-image-title=\"20250304_112513\" data-image-description=\"\" data-image-caption=\"\" data-large-file=\"https:\/\/i0.wp.com\/bottesetvelo.com\/blog\/wp-content\/uploads\/2025\/03\/20250304_112513.jpg?fit=1024%2C473&amp;ssl=1\" src=\"https:\/\/i0.wp.com\/bottesetvelo.com\/blog\/wp-content\/uploads\/2025\/03\/20250304_112513.jpg?resize=1024%2C473&#038;ssl=1\" alt=\"\" class=\"wp-image-5313\" style=\"width:360px;height:auto\" srcset=\"https:\/\/i0.wp.com\/bottesetvelo.com\/blog\/wp-content\/uploads\/2025\/03\/20250304_112513.jpg?resize=1024%2C473&amp;ssl=1 1024w, https:\/\/i0.wp.com\/bottesetvelo.com\/blog\/wp-content\/uploads\/2025\/03\/20250304_112513.jpg?resize=500%2C231&amp;ssl=1 500w, https:\/\/i0.wp.com\/bottesetvelo.com\/blog\/wp-content\/uploads\/2025\/03\/20250304_112513.jpg?resize=768%2C355&amp;ssl=1 768w, https:\/\/i0.wp.com\/bottesetvelo.com\/blog\/wp-content\/uploads\/2025\/03\/20250304_112513.jpg?resize=1536%2C710&amp;ssl=1 1536w, https:\/\/i0.wp.com\/bottesetvelo.com\/blog\/wp-content\/uploads\/2025\/03\/20250304_112513.jpg?resize=2048%2C946&amp;ssl=1 2048w, https:\/\/i0.wp.com\/bottesetvelo.com\/blog\/wp-content\/uploads\/2025\/03\/20250304_112513.jpg?w=2340&amp;ssl=1 2340w, https:\/\/i0.wp.com\/bottesetvelo.com\/blog\/wp-content\/uploads\/2025\/03\/20250304_112513.jpg?w=3510&amp;ssl=1 3510w\" sizes=\"auto, (max-width: 1024px) 100vw, 1024px\" \/><\/figure>\n<\/div>\n\n\n<p>Poursuivant son chemin, satisfait de ses am\u00e9liorations sur le plan physique et technique, il prend conscience qu\u2019il pourrait aussi revoir sa mani\u00e8re de planifier son parcours et d\u2019habiter le temps. Il se permet alors de faire les pauses et les d\u00e9tours qui l\u2019inspirent&nbsp;et qu\u2019il ne s\u2019autorisait pas, trop press\u00e9 qu\u2019il \u00e9tait \u00e0 abattre les kilom\u00e8tres et \u00e0 atteindre l\u2019objectif de sa journ\u00e9e. D\u00e8s lors, il s\u2019offre le plaisir de fl\u00e2ner dans le village qu\u2019il trouve coquet, de s\u2019arr\u00eater une seconde fois sur une terrasse, de se baigner dans la rivi\u00e8re, d\u2019enlever ses bottes pour marcher la plage, de faire un brin de jasette avec un cultivateur\u2026<\/p>\n\n\n\n<p>Jour apr\u00e8s jour, ce p\u00e8lerin qui avance inlassablement n\u2019a, sans en avoir pleinement conscience, qu\u2019un seul objectif&nbsp;: rendre sa route chaque jour un peu plus agr\u00e9able, un peu plus savoureuse. Ce chemin, il l\u2019a d\u00e9sir\u00e9, il l\u2019a r\u00eav\u00e9. Il veut maintenant le vivre et surtout bien le vivre! Tous ces ajustements, ces temps de recul et de discernement n\u2019\u00e9limineront pas les d\u00e9fis et les \u00e9preuves du chemin, mais ils les rendront plus faciles \u00e0 traverser.<\/p>\n\n\n\n<p>P\u00e8lerin sur le chemin de la vie, n\u2019est-ce pas ainsi que nous devrions avancer? Comme le cuisinier qui go\u00fbte sa sauce, y ajoute un peu plus d\u2019\u00e9pices, y go\u00fbte \u00e0 nouveau, puis ajuste avec une pinc\u00e9e de sel avant de go\u00fbter encore une fois, toujours dans l\u2019intention d\u2019en affiner la saveur\u2026 Ne devrions-nous pas, nous aussi, prendre r\u00e9guli\u00e8rement le temps de savourer chaque instant de notre vie, d\u2019en appr\u00e9cier la teneur, afin d\u2019ajuster notre quotidien pour qu\u2019il soit \u00e0 notre go\u00fbt?<\/p>\n\n\n<div class=\"wp-block-image\">\n<figure class=\"alignright size-full is-resized\"><img data-recalc-dims=\"1\" loading=\"lazy\" decoding=\"async\" width=\"160\" height=\"126\" data-attachment-id=\"5073\" data-permalink=\"https:\/\/bottesetvelo.com\/blog\/2023\/10\/20\/retour-a-la-vraie-vie\/bottes-et-velo-embleme-transparent-petit\/\" data-orig-file=\"https:\/\/i0.wp.com\/bottesetvelo.com\/blog\/wp-content\/uploads\/2023\/10\/Bottes-et-Velo-Embleme-transparent-petit.png?fit=160%2C126&amp;ssl=1\" data-orig-size=\"160,126\" data-comments-opened=\"1\" data-image-meta=\"{&quot;aperture&quot;:&quot;0&quot;,&quot;credit&quot;:&quot;&quot;,&quot;camera&quot;:&quot;&quot;,&quot;caption&quot;:&quot;&quot;,&quot;created_timestamp&quot;:&quot;0&quot;,&quot;copyright&quot;:&quot;&quot;,&quot;focal_length&quot;:&quot;0&quot;,&quot;iso&quot;:&quot;0&quot;,&quot;shutter_speed&quot;:&quot;0&quot;,&quot;title&quot;:&quot;&quot;,&quot;orientation&quot;:&quot;0&quot;}\" data-image-title=\"Bottes et V\u00e9lo &amp;#8211; Embl\u00eame &amp;#8211; transparent (petit)\" data-image-description=\"\" data-image-caption=\"\" data-large-file=\"https:\/\/i0.wp.com\/bottesetvelo.com\/blog\/wp-content\/uploads\/2023\/10\/Bottes-et-Velo-Embleme-transparent-petit.png?fit=160%2C126&amp;ssl=1\" src=\"https:\/\/i0.wp.com\/bottesetvelo.com\/blog\/wp-content\/uploads\/2023\/10\/Bottes-et-Velo-Embleme-transparent-petit.png?resize=160%2C126&#038;ssl=1\" alt=\"\" class=\"wp-image-5073\" style=\"width:75px;height:auto\"\/><\/figure>\n<\/div>\n\n\n<p>Brigitte Harouni<\/p>\n","protected":false},"excerpt":{"rendered":"<p>Sur le chemin p\u00e8lerin, comme sur le celui de la vie, tout est mouvement. Rien de demeure. Tout passe. Pouss\u00e9e par le temps qui s\u2019\u00e9coule, la vie avance malgr\u00e9 nous. Pas de statu quo. Pas de retour en arri\u00e8re. Seul l\u2019avenir peut s\u2019\u00e9crire.<\/p>\n","protected":false},"author":2,"featured_media":5319,"comment_status":"open","ping_status":"open","sticky":false,"template":"","format":"standard","meta":{"jetpack_post_was_ever_published":false,"_jetpack_newsletter_access":"","_jetpack_dont_email_post_to_subs":false,"_jetpack_newsletter_tier_id":0,"_jetpack_memberships_contains_paywalled_content":false,"_jetpack_memberships_contains_paid_content":false,"footnotes":"","jetpack_publicize_message":"","jetpack_publicize_feature_enabled":true,"jetpack_social_post_already_shared":true,"jetpack_social_options":{"image_generator_settings":{"template":"highway","default_image_id":0,"font":"","enabled":false},"version":2}},"categories":[379,39,630,3],"tags":[103,322,200],"class_list":["post-5311","post","type-post","status-publish","format-standard","has-post-thumbnail","hentry","category-chemin-de-transformation","category-croissance-personnelle","category-exercice-pelerin","category-reflexions","tag-bien-etre","tag-discernement","tag-vivre"],"jetpack_publicize_connections":[],"jetpack_featured_media_url":"https:\/\/i0.wp.com\/bottesetvelo.com\/blog\/wp-content\/uploads\/2025\/03\/20250302_112034.jpg?fit=4000%2C1848&ssl=1","jetpack_shortlink":"https:\/\/wp.me\/p4eY6z-1nF","jetpack_sharing_enabled":true,"jetpack_likes_enabled":true,"jetpack-related-posts":[],"_links":{"self":[{"href":"https:\/\/bottesetvelo.com\/blog\/wp-json\/wp\/v2\/posts\/5311","targetHints":{"allow":["GET"]}}],"collection":[{"href":"https:\/\/bottesetvelo.com\/blog\/wp-json\/wp\/v2\/posts"}],"about":[{"href":"https:\/\/bottesetvelo.com\/blog\/wp-json\/wp\/v2\/types\/post"}],"author":[{"embeddable":true,"href":"https:\/\/bottesetvelo.com\/blog\/wp-json\/wp\/v2\/users\/2"}],"replies":[{"embeddable":true,"href":"https:\/\/bottesetvelo.com\/blog\/wp-json\/wp\/v2\/comments?post=5311"}],"version-history":[{"count":6,"href":"https:\/\/bottesetvelo.com\/blog\/wp-json\/wp\/v2\/posts\/5311\/revisions"}],"predecessor-version":[{"id":5320,"href":"https:\/\/bottesetvelo.com\/blog\/wp-json\/wp\/v2\/posts\/5311\/revisions\/5320"}],"wp:featuredmedia":[{"embeddable":true,"href":"https:\/\/bottesetvelo.com\/blog\/wp-json\/wp\/v2\/media\/5319"}],"wp:attachment":[{"href":"https:\/\/bottesetvelo.com\/blog\/wp-json\/wp\/v2\/media?parent=5311"}],"wp:term":[{"taxonomy":"category","embeddable":true,"href":"https:\/\/bottesetvelo.com\/blog\/wp-json\/wp\/v2\/categories?post=5311"},{"taxonomy":"post_tag","embeddable":true,"href":"https:\/\/bottesetvelo.com\/blog\/wp-json\/wp\/v2\/tags?post=5311"}],"curies":[{"name":"wp","href":"https:\/\/api.w.org\/{rel}","templated":true}]}}