{"id":5292,"date":"2025-02-15T05:37:29","date_gmt":"2025-02-15T10:37:29","guid":{"rendered":"https:\/\/bottesetvelo.com\/blog\/?p=5292"},"modified":"2025-02-15T05:37:29","modified_gmt":"2025-02-15T10:37:29","slug":"ce-sacre-pelerin","status":"publish","type":"post","link":"https:\/\/bottesetvelo.com\/blog\/2025\/02\/15\/ce-sacre-pelerin\/","title":{"rendered":"Ce sacr\u00e9 p\u00e8lerin!"},"content":{"rendered":"\n<blockquote class=\"wp-block-quote has-text-align-right has-small-font-size is-layout-flow wp-block-quote-is-layout-flow\">\n<p class=\"has-text-align-right\"><em>On croit marcher vers un lieu sacr\u00e9, mais c\u2019est en nous que le sacr\u00e9 se r\u00e9v\u00e8le.\u00a0\u00bb<\/em><\/p>\n<cite>Jean-Christophe Rufin<\/cite><\/blockquote>\n\n\n\n<p>Qui n\u2019a jamais entendu parler de la Croix de Fer qui se trouve sur le Camino Franc\u00e8s. Cette croix situ\u00e9e sur le Monte Irago, juste apr\u00e8s le pittoresque village de Foncebadon se dresse, fr\u00eale, mais charg\u00e9e d\u2019une symbolique puissante, au c\u0153ur de ce p\u00e8lerinage s\u00e9culaire.<\/p>\n\n\n<div class=\"wp-block-image\">\n<figure class=\"alignright size-large is-resized\"><img data-recalc-dims=\"1\" loading=\"lazy\" decoding=\"async\" width=\"849\" height=\"1024\" data-attachment-id=\"5295\" data-permalink=\"https:\/\/bottesetvelo.com\/blog\/2025\/02\/15\/ce-sacre-pelerin\/2019-07-06-07-26-37-1\/\" data-orig-file=\"https:\/\/i0.wp.com\/bottesetvelo.com\/blog\/wp-content\/uploads\/2025\/02\/2019-07-06-07.26.37-1-1858x2240.jpg?fit=1858%2C2240&amp;ssl=1\" data-orig-size=\"1858,2240\" data-comments-opened=\"1\" data-image-meta=\"{&quot;aperture&quot;:&quot;0&quot;,&quot;credit&quot;:&quot;&quot;,&quot;camera&quot;:&quot;SM-A530W&quot;,&quot;caption&quot;:&quot;&quot;,&quot;created_timestamp&quot;:&quot;1562397997&quot;,&quot;copyright&quot;:&quot;&quot;,&quot;focal_length&quot;:&quot;0&quot;,&quot;iso&quot;:&quot;40&quot;,&quot;shutter_speed&quot;:&quot;0&quot;,&quot;title&quot;:&quot;&quot;,&quot;orientation&quot;:&quot;0&quot;}\" data-image-title=\"2019-07-06 07.26.37-1\" data-image-description=\"\" data-image-caption=\"\" data-large-file=\"https:\/\/i0.wp.com\/bottesetvelo.com\/blog\/wp-content\/uploads\/2025\/02\/2019-07-06-07.26.37-1-1858x2240.jpg?fit=849%2C1024&amp;ssl=1\" src=\"https:\/\/i0.wp.com\/bottesetvelo.com\/blog\/wp-content\/uploads\/2025\/02\/2019-07-06-07.26.37-1.jpg?resize=849%2C1024&#038;ssl=1\" alt=\"\" class=\"wp-image-5295\" style=\"width:200px\" srcset=\"https:\/\/i0.wp.com\/bottesetvelo.com\/blog\/wp-content\/uploads\/2025\/02\/2019-07-06-07.26.37-1-1858x2240.jpg?resize=849%2C1024&amp;ssl=1 849w, https:\/\/i0.wp.com\/bottesetvelo.com\/blog\/wp-content\/uploads\/2025\/02\/2019-07-06-07.26.37-1-1858x2240.jpg?resize=415%2C500&amp;ssl=1 415w, https:\/\/i0.wp.com\/bottesetvelo.com\/blog\/wp-content\/uploads\/2025\/02\/2019-07-06-07.26.37-1-1858x2240.jpg?resize=768%2C926&amp;ssl=1 768w, https:\/\/i0.wp.com\/bottesetvelo.com\/blog\/wp-content\/uploads\/2025\/02\/2019-07-06-07.26.37-1-1858x2240.jpg?resize=1274%2C1536&amp;ssl=1 1274w, https:\/\/i0.wp.com\/bottesetvelo.com\/blog\/wp-content\/uploads\/2025\/02\/2019-07-06-07.26.37-1-1858x2240.jpg?resize=1699%2C2048&amp;ssl=1 1699w, https:\/\/i0.wp.com\/bottesetvelo.com\/blog\/wp-content\/uploads\/2025\/02\/2019-07-06-07.26.37-1-1858x2240.jpg?resize=1858%2C2240&amp;ssl=1 1858w\" sizes=\"auto, (max-width: 849px) 100vw, 849px\" \/><\/figure>\n<\/div>\n\n\n<p>\u00c0 l\u2019aube, une file silencieuse de p\u00e8lerins marche vers elle, chacun portant avec lui une pierre, ou un objet charg\u00e9 d\u2019une histoire intime, qu\u2019il transporte depuis son domicile et qu\u2019il d\u00e9posera au pied de la croix en signe de renoncement, d\u2019offrande ou de pri\u00e8re. Puis, le p\u00e8lerin reprendra sa route vers la cath\u00e9drale de Santiago, all\u00e9g\u00e9 de ce poids visible et invisible.<\/p>\n\n\n\n<p>Lors de notre dernier symposium sur les \u00e9tudes p\u00e8lerines \u00e0 l\u2019Universit\u00e9 de William and Mary, en Virginie, la professeure Maryjane Dunn nous a tous subjugu\u00e9s par le contenu insoup\u00e7onn\u00e9 qu\u2019elle nous livrait. Linguiste et sp\u00e9cialiste des chemins de Compostelle, elle s\u2019est pench\u00e9e sur l\u2019histoire de ces lieux embl\u00e9matiques et sacr\u00e9s du Camino. C\u2019est ainsi qu\u2019en effectuant ses recherches sur le passage \u00e0 la Croix de Fer, ce lieu consid\u00e9r\u00e9 aujourd\u2019hui comme mythique, un fait surprenant lui est apparu&nbsp;: aucun document ancien ne mentionne la Croix de Fer comme \u00e9tant un site religieux ou rituel.<\/p>\n\n\n\n<p>En remontant le fil de l\u2019Histoire, on r\u00e9alise qu\u2019il n\u2019est nulle part mention de la Croix de Fer dans les r\u00e9cits p\u00e8lerins. Aucun t\u00e9moignage m\u00e9di\u00e9val ne fait \u00e9tat de cette croix pr\u00e9cise, ni du geste symbolique qui l\u2019accompagne aujourd\u2019hui, car cette croix n\u2019est pas unique. En effet, au XVe si\u00e8cle, de nombreuses croix furent \u00e9rig\u00e9es tout au long du chemin pour guider les p\u00e8lerins jusqu\u2019\u00e0 la cath\u00e9drale de Santiago. Ces croix sont ainsi davantage des rep\u00e8res, des balises bien plus que des sanctuaires. Qu\u2019en est-il donc de l\u2019historique de LA croix de fer?<\/p>\n\n\n<div class=\"wp-block-image\">\n<figure class=\"alignright size-large is-resized\"><img data-recalc-dims=\"1\" loading=\"lazy\" decoding=\"async\" width=\"553\" height=\"1024\" data-attachment-id=\"5296\" data-permalink=\"https:\/\/bottesetvelo.com\/blog\/2025\/02\/15\/ce-sacre-pelerin\/2018-07-18-07-34-10-copie\/\" data-orig-file=\"https:\/\/i0.wp.com\/bottesetvelo.com\/blog\/wp-content\/uploads\/2025\/02\/2018-07-18-07.34.10-Copie-664x1230.jpg?fit=664%2C1230&amp;ssl=1\" data-orig-size=\"664,1230\" data-comments-opened=\"1\" data-image-meta=\"{&quot;aperture&quot;:&quot;1.7&quot;,&quot;credit&quot;:&quot;&quot;,&quot;camera&quot;:&quot;SM-G950W&quot;,&quot;caption&quot;:&quot;&quot;,&quot;created_timestamp&quot;:&quot;1531899250&quot;,&quot;copyright&quot;:&quot;&quot;,&quot;focal_length&quot;:&quot;4.25&quot;,&quot;iso&quot;:&quot;50&quot;,&quot;shutter_speed&quot;:&quot;0.00074626865671642&quot;,&quot;title&quot;:&quot;&quot;,&quot;orientation&quot;:&quot;0&quot;}\" data-image-title=\"Bottes et V\u00e9lo\" data-image-description=\"\" data-image-caption=\"&lt;p&gt;Cruz de ferro&lt;\/p&gt;\n\" data-large-file=\"https:\/\/i0.wp.com\/bottesetvelo.com\/blog\/wp-content\/uploads\/2025\/02\/2018-07-18-07.34.10-Copie-664x1230.jpg?fit=553%2C1024&amp;ssl=1\" src=\"https:\/\/i0.wp.com\/bottesetvelo.com\/blog\/wp-content\/uploads\/2025\/02\/2018-07-18-07.34.10-Copie.jpg?resize=553%2C1024&#038;ssl=1\" alt=\"\" class=\"wp-image-5296\" style=\"width:200px\" srcset=\"https:\/\/i0.wp.com\/bottesetvelo.com\/blog\/wp-content\/uploads\/2025\/02\/2018-07-18-07.34.10-Copie-664x1230.jpg?resize=553%2C1024&amp;ssl=1 553w, https:\/\/i0.wp.com\/bottesetvelo.com\/blog\/wp-content\/uploads\/2025\/02\/2018-07-18-07.34.10-Copie-664x1230.jpg?resize=270%2C500&amp;ssl=1 270w, https:\/\/i0.wp.com\/bottesetvelo.com\/blog\/wp-content\/uploads\/2025\/02\/2018-07-18-07.34.10-Copie-664x1230.jpg?resize=664%2C1230&amp;ssl=1 664w\" sizes=\"auto, (max-width: 553px) 100vw, 553px\" \/><\/figure>\n<\/div>\n\n\n<p>La naissance de la Cruz de Ferro de Foncebadon pourrait \u00eatre tout aussi pragmatique. En ces temps recul\u00e9s, ce village, comme d\u2019autres hameaux un peu d\u00e9munis, a b\u00e9n\u00e9fici\u00e9 d\u2019une exemption d\u2019imp\u00f4ts. Il devint donc n\u00e9cessaire de marquer les fronti\u00e8res de ce territoire. Ce qui fut fait \u00e0 l\u2019aide de trois croix de fer. Ceci viendrait alors expliquer pourquoi cette croix se tient isol\u00e9e, \u00e0 l\u2019ext\u00e9rieur du village, \u00e0 la fronti\u00e8re de la Galice, sans autre vestiges religieux pour l\u2019accompagner. &nbsp;<\/p>\n\n\n\n<p>D\u2019ailleurs, la croix de fer actuelle ne daterait que de 1952 et le rituel qui l\u2019entoure serait apparu un peu plus tard. Initialement, on y d\u00e9posait un caillou. Mais au fil du temps, la renomm\u00e9e aidant, la Croix de Fer s\u2019est charg\u00e9e d\u2019une aura sacr\u00e9e et aujourd\u2019hui, on lui remet toutes sortes d\u2019objets en offrande et en pri\u00e8re.<\/p>\n\n\n\n<p>Ainsi, ce lieu que l\u2019Histoire n\u2019a pas consacr\u00e9 s\u2019est vu investi par l\u2019\u00e2me des p\u00e8lerins. N\u00e9e d\u2019un besoin de rep\u00e8re, la Croix de Fer est devenue pour le p\u00e8lerin, un passage oblig\u00e9 pour gagner en l\u00e9g\u00e8ret\u00e9 et ainsi pr\u00e9ciser les rep\u00e8res de sa vie. On observe alors que le sacr\u00e9 ne r\u00e9side pas tant dans le lieu que le p\u00e8lerin traverse, que dans la mani\u00e8re dont le p\u00e8lerin accepte d\u2019\u00eatre travers\u00e9 par l\u2019exp\u00e9rience!<\/p>\n\n\n<div class=\"wp-block-image\">\n<figure class=\"alignright size-full is-resized\"><img data-recalc-dims=\"1\" loading=\"lazy\" decoding=\"async\" width=\"398\" height=\"314\" data-attachment-id=\"5062\" data-permalink=\"https:\/\/bottesetvelo.com\/blog\/2023\/06\/23\/contribuez-au-bon-gout-du-monde\/bottes-et-velo-embleme-5\/\" data-orig-file=\"https:\/\/i0.wp.com\/bottesetvelo.com\/blog\/wp-content\/uploads\/2023\/06\/Bottes-et-Velo-Embleme-398x314.jpg?fit=398%2C314&amp;ssl=1\" data-orig-size=\"398,314\" data-comments-opened=\"1\" data-image-meta=\"{&quot;aperture&quot;:&quot;0&quot;,&quot;credit&quot;:&quot;&quot;,&quot;camera&quot;:&quot;&quot;,&quot;caption&quot;:&quot;&quot;,&quot;created_timestamp&quot;:&quot;0&quot;,&quot;copyright&quot;:&quot;&quot;,&quot;focal_length&quot;:&quot;0&quot;,&quot;iso&quot;:&quot;0&quot;,&quot;shutter_speed&quot;:&quot;0&quot;,&quot;title&quot;:&quot;&quot;,&quot;orientation&quot;:&quot;0&quot;}\" data-image-title=\"Bottes-et-Velo-Embleme\" data-image-description=\"\" data-image-caption=\"\" data-large-file=\"https:\/\/i0.wp.com\/bottesetvelo.com\/blog\/wp-content\/uploads\/2023\/06\/Bottes-et-Velo-Embleme-398x314.jpg?fit=398%2C314&amp;ssl=1\" src=\"https:\/\/i0.wp.com\/bottesetvelo.com\/blog\/wp-content\/uploads\/2023\/06\/Bottes-et-Velo-Embleme-398x314.jpg?resize=398%2C314&#038;ssl=1\" alt=\"\" class=\"wp-image-5062\" style=\"width:99px;height:auto\"\/><\/figure>\n<\/div>\n\n\n<p>Brigitte Harouni<\/p>\n","protected":false},"excerpt":{"rendered":"<p>Qui n\u2019a jamais entendu parler de la Croix de Fer qui se trouve sur le Camino Franc\u00e8s. Cette croix situ\u00e9e sur le Monte Irago, juste apr\u00e8s le pittoresque village de Foncebadon se dresse, fr\u00eale, mais charg\u00e9e d\u2019une symbolique puissante, au c\u0153ur de ce p\u00e8lerinage s\u00e9culaire.<\/p>\n","protected":false},"author":2,"featured_media":5301,"comment_status":"open","ping_status":"open","sticky":false,"template":"","format":"standard","meta":{"jetpack_post_was_ever_published":false,"_jetpack_newsletter_access":"","_jetpack_dont_email_post_to_subs":false,"_jetpack_newsletter_tier_id":0,"_jetpack_memberships_contains_paywalled_content":false,"_jetpack_memberships_contains_paid_content":false,"footnotes":"","jetpack_publicize_message":"","jetpack_publicize_feature_enabled":true,"jetpack_social_post_already_shared":true,"jetpack_social_options":{"image_generator_settings":{"template":"highway","default_image_id":0,"font":"","enabled":false},"version":2}},"categories":[379,9,745,230,1],"tags":[765,764,80,761,762,763],"class_list":["post-5292","post","type-post","status-publish","format-standard","has-post-thumbnail","hentry","category-chemin-de-transformation","category-chemins-de-pelerinage","category-experience-pelerine","category-histoire-de-pelerin","category-uncategorized","tag-caillou","tag-camino-frances","tag-compostelle","tag-croix-de-fer","tag-cruz-de-ferro","tag-foncebadon"],"jetpack_publicize_connections":[],"jetpack_featured_media_url":"https:\/\/i0.wp.com\/bottesetvelo.com\/blog\/wp-content\/uploads\/2025\/02\/2019-07-06-07.26.37.jpg?fit=4608%2C2240&ssl=1","jetpack_shortlink":"https:\/\/wp.me\/p4eY6z-1nm","jetpack_sharing_enabled":true,"jetpack_likes_enabled":true,"jetpack-related-posts":[],"_links":{"self":[{"href":"https:\/\/bottesetvelo.com\/blog\/wp-json\/wp\/v2\/posts\/5292","targetHints":{"allow":["GET"]}}],"collection":[{"href":"https:\/\/bottesetvelo.com\/blog\/wp-json\/wp\/v2\/posts"}],"about":[{"href":"https:\/\/bottesetvelo.com\/blog\/wp-json\/wp\/v2\/types\/post"}],"author":[{"embeddable":true,"href":"https:\/\/bottesetvelo.com\/blog\/wp-json\/wp\/v2\/users\/2"}],"replies":[{"embeddable":true,"href":"https:\/\/bottesetvelo.com\/blog\/wp-json\/wp\/v2\/comments?post=5292"}],"version-history":[{"count":5,"href":"https:\/\/bottesetvelo.com\/blog\/wp-json\/wp\/v2\/posts\/5292\/revisions"}],"predecessor-version":[{"id":5300,"href":"https:\/\/bottesetvelo.com\/blog\/wp-json\/wp\/v2\/posts\/5292\/revisions\/5300"}],"wp:featuredmedia":[{"embeddable":true,"href":"https:\/\/bottesetvelo.com\/blog\/wp-json\/wp\/v2\/media\/5301"}],"wp:attachment":[{"href":"https:\/\/bottesetvelo.com\/blog\/wp-json\/wp\/v2\/media?parent=5292"}],"wp:term":[{"taxonomy":"category","embeddable":true,"href":"https:\/\/bottesetvelo.com\/blog\/wp-json\/wp\/v2\/categories?post=5292"},{"taxonomy":"post_tag","embeddable":true,"href":"https:\/\/bottesetvelo.com\/blog\/wp-json\/wp\/v2\/tags?post=5292"}],"curies":[{"name":"wp","href":"https:\/\/api.w.org\/{rel}","templated":true}]}}