{"id":5268,"date":"2025-01-31T18:00:00","date_gmt":"2025-01-31T23:00:00","guid":{"rendered":"https:\/\/bottesetvelo.com\/blog\/?p=5268"},"modified":"2025-01-30T17:09:18","modified_gmt":"2025-01-30T22:09:18","slug":"comme-une-etoile-filante","status":"publish","type":"post","link":"https:\/\/bottesetvelo.com\/blog\/2025\/01\/31\/comme-une-etoile-filante\/","title":{"rendered":"Comme une \u00e9toile filante"},"content":{"rendered":"\n<div class=\"wp-block-group has-small-font-size\"><div class=\"wp-block-group__inner-container is-layout-constrained wp-block-group-is-layout-constrained\">\n<div class=\"wp-block-group\"><div class=\"wp-block-group__inner-container is-layout-constrained wp-block-group-is-layout-constrained\">\n<div class=\"wp-block-group is-vertical is-content-justification-right is-layout-flex wp-container-core-group-is-layout-b6c475e2 wp-block-group-is-layout-flex\">\n<p class=\"has-text-align-right\"><em>Les faits sont p\u00e9rissables, crois-moi, seule la l\u00e9gende reste, <\/em><\/p>\n\n\n\n<p class=\"has-text-align-right\"><em>comme l&rsquo;\u00e2me apr\u00e8s le corps, ou comme le parfum dans le sillage d&rsquo;une femme.<\/em><\/p>\n\n\n\n<p class=\"has-text-align-right\"><em>Amin Maalouf<\/em><\/p>\n<\/div>\n<\/div><\/div>\n<\/div><\/div>\n\n\n\n<blockquote class=\"wp-block-quote is-layout-flow wp-block-quote-is-layout-flow\">\n<blockquote class=\"wp-block-quote is-layout-flow wp-block-quote-is-layout-flow\">\n<p><\/p>\n<\/blockquote>\n<\/blockquote>\n\n\n\n<p>On dit bien souvent que le p\u00e8lerin est un voyageur. Qu\u2019au rythme de l\u2019escargot, avec son bagage sur le dos, il traverse le paysage. Qu\u2019au gr\u00e9 des jours, il s\u2019impr\u00e8gne de visages qui continueront de r\u00e9sonner avec ses pas. Que le temps de son p\u00e8lerinage lui offre une bien g\u00e9n\u00e9reuse r\u00e9colte. Personnage principal de ce roman vivant, il n\u2019est cependant pas seul. Une multitude de fils se tisse sur son passage qui le relie \u00e0 ceux qui croisent sa route. &nbsp;<\/p>\n\n\n<div class=\"wp-block-image\">\n<figure class=\"alignright size-full is-resized\"><img data-recalc-dims=\"1\" loading=\"lazy\" decoding=\"async\" width=\"828\" height=\"414\" data-attachment-id=\"5272\" data-permalink=\"https:\/\/bottesetvelo.com\/blog\/2025\/01\/31\/comme-une-etoile-filante\/pelerine-4\/\" data-orig-file=\"https:\/\/i0.wp.com\/bottesetvelo.com\/blog\/wp-content\/uploads\/2025\/01\/pelerine-4-828x414.jpg?fit=828%2C414&amp;ssl=1\" data-orig-size=\"828,414\" data-comments-opened=\"1\" data-image-meta=\"{&quot;aperture&quot;:&quot;0&quot;,&quot;credit&quot;:&quot;&quot;,&quot;camera&quot;:&quot;&quot;,&quot;caption&quot;:&quot;&quot;,&quot;created_timestamp&quot;:&quot;0&quot;,&quot;copyright&quot;:&quot;&quot;,&quot;focal_length&quot;:&quot;0&quot;,&quot;iso&quot;:&quot;0&quot;,&quot;shutter_speed&quot;:&quot;0&quot;,&quot;title&quot;:&quot;&quot;,&quot;orientation&quot;:&quot;0&quot;}\" data-image-title=\"p\u00e8lerine 4\" data-image-description=\"\" data-image-caption=\"\" data-large-file=\"https:\/\/i0.wp.com\/bottesetvelo.com\/blog\/wp-content\/uploads\/2025\/01\/pelerine-4-828x414.jpg?fit=828%2C414&amp;ssl=1\" src=\"https:\/\/i0.wp.com\/bottesetvelo.com\/blog\/wp-content\/uploads\/2025\/01\/pelerine-4.jpg?resize=828%2C414&#038;ssl=1\" alt=\"\" class=\"wp-image-5272\" style=\"width:350px\" srcset=\"https:\/\/i0.wp.com\/bottesetvelo.com\/blog\/wp-content\/uploads\/2025\/01\/pelerine-4-828x414.jpg?resize=828%2C414&amp;ssl=1 828w, https:\/\/i0.wp.com\/bottesetvelo.com\/blog\/wp-content\/uploads\/2025\/01\/pelerine-4-828x414.jpg?resize=500%2C250&amp;ssl=1 500w, https:\/\/i0.wp.com\/bottesetvelo.com\/blog\/wp-content\/uploads\/2025\/01\/pelerine-4-828x414.jpg?resize=768%2C384&amp;ssl=1 768w\" sizes=\"auto, (max-width: 828px) 100vw, 828px\" \/><\/figure>\n<\/div>\n\n\n<p>Ainsi, bien qu\u2019il se sente choy\u00e9 de tant recevoir, le p\u00e8lerin ne suspecte pas les effets de mouvement laiss\u00e9s par son simple d\u00e9placement. Comme le canard avan\u00e7ant sur l\u2019eau calme du lac, le p\u00e8lerin laisse dans son sillage des vagues qui se r\u00e9percutent au c\u0153ur de ceux qui habillent son chemin. Sans le savoir, par sa simple marche&nbsp;: il donne! Il donne \u00e0 voir. Il donne \u00e0 entendre. Il donne \u00e0 r\u00eaver. Il donne de l\u2019\u00e9lan.<\/p>\n\n\n\n<p>Coups de klaxon, cris d\u2019encouragement, saluts de la main et pouces tendus, les indices faisant \u00e9cho \u00e0 cette onde invisible sont nombreux.&nbsp; La pr\u00e9sence du p\u00e8lerin ne laisse pas indiff\u00e9rent.<\/p>\n\n\n\n<p>Avant m\u00eame le d\u00e9but de sa marche, des exclamations lui sont adress\u00e9es qui en disent davantage sur la personne pronon\u00e7ant ces mots. \u00ab&nbsp;<em>Chanceux!, Je t\u2019envie, Tu es bon de faire \u00e7a, Un jour moi aussi, \u2026&nbsp;\u00bb<\/em>. Parent inquiet, petits-enfants admiratifs, ami envieux. Chacun est bouscul\u00e9 int\u00e9rieurement par le projet qui s\u2019annonce. Chacun lit cette aventure \u00e0 partir de sa propre histoire. Ainsi, bien malgr\u00e9 lui, le p\u00e8lerin fait naitre des \u00e9tincelles de d\u00e9sir. Il ouvre un possible. Il inspire.<\/p>\n\n\n<div class=\"wp-block-image\">\n<figure class=\"alignleft size-large is-resized\"><img data-recalc-dims=\"1\" loading=\"lazy\" decoding=\"async\" width=\"1024\" height=\"456\" data-attachment-id=\"5278\" data-permalink=\"https:\/\/bottesetvelo.com\/blog\/2025\/01\/31\/comme-une-etoile-filante\/20240529_102900\/\" data-orig-file=\"https:\/\/i0.wp.com\/bottesetvelo.com\/blog\/wp-content\/uploads\/2025\/01\/20240529_102900.jpg?fit=3671%2C1633&amp;ssl=1\" data-orig-size=\"3671,1633\" data-comments-opened=\"1\" data-image-meta=\"{&quot;aperture&quot;:&quot;1.8&quot;,&quot;credit&quot;:&quot;&quot;,&quot;camera&quot;:&quot;SM-G781W&quot;,&quot;caption&quot;:&quot;&quot;,&quot;created_timestamp&quot;:&quot;1716978540&quot;,&quot;copyright&quot;:&quot;&quot;,&quot;focal_length&quot;:&quot;5.4&quot;,&quot;iso&quot;:&quot;40&quot;,&quot;shutter_speed&quot;:&quot;0.0014&quot;,&quot;title&quot;:&quot;&quot;,&quot;orientation&quot;:&quot;1&quot;}\" data-image-title=\"20240529_102900\" data-image-description=\"\" data-image-caption=\"\" data-large-file=\"https:\/\/i0.wp.com\/bottesetvelo.com\/blog\/wp-content\/uploads\/2025\/01\/20240529_102900.jpg?fit=1024%2C456&amp;ssl=1\" src=\"https:\/\/i0.wp.com\/bottesetvelo.com\/blog\/wp-content\/uploads\/2025\/01\/20240529_102900.jpg?resize=1024%2C456&#038;ssl=1\" alt=\"\" class=\"wp-image-5278\" style=\"width:350px\" srcset=\"https:\/\/i0.wp.com\/bottesetvelo.com\/blog\/wp-content\/uploads\/2025\/01\/20240529_102900.jpg?resize=1024%2C456&amp;ssl=1 1024w, https:\/\/i0.wp.com\/bottesetvelo.com\/blog\/wp-content\/uploads\/2025\/01\/20240529_102900.jpg?resize=500%2C222&amp;ssl=1 500w, https:\/\/i0.wp.com\/bottesetvelo.com\/blog\/wp-content\/uploads\/2025\/01\/20240529_102900.jpg?resize=768%2C342&amp;ssl=1 768w, https:\/\/i0.wp.com\/bottesetvelo.com\/blog\/wp-content\/uploads\/2025\/01\/20240529_102900.jpg?resize=1536%2C683&amp;ssl=1 1536w, https:\/\/i0.wp.com\/bottesetvelo.com\/blog\/wp-content\/uploads\/2025\/01\/20240529_102900.jpg?resize=2048%2C911&amp;ssl=1 2048w, https:\/\/i0.wp.com\/bottesetvelo.com\/blog\/wp-content\/uploads\/2025\/01\/20240529_102900.jpg?w=2340&amp;ssl=1 2340w, https:\/\/i0.wp.com\/bottesetvelo.com\/blog\/wp-content\/uploads\/2025\/01\/20240529_102900.jpg?w=3510&amp;ssl=1 3510w\" sizes=\"auto, (max-width: 1024px) 100vw, 1024px\" \/><\/figure>\n<\/div>\n\n\n<p>En chemin, certains lui crient \u00ab&nbsp;<em>Courage!<\/em>&nbsp;\u00bb. Ce mot, qui tire son origine du mot c\u0153ur, met en \u00e9vidence les d\u00e9fis qui sous-tendent l\u2019exp\u00e9dition entreprise, tout en soulignant la force vitale qui anime la personne. \u00c0 la simple vue du p\u00e8lerin, l\u2019autre vibre. Quelque chose le touche. Cela le renvoie-t-il \u00e0 son propre voyage de jeunesse? Recontacte-t-il un r\u00eave qu\u2019il ch\u00e9rit? L\u2019impact est fort, tellement qu\u2019il ne peut se retenir&nbsp;: \u00ab&nbsp;<em>Courage!<\/em>&nbsp;\u00bb Avoir du c\u0153ur. Mettre le c\u0153ur \u00e0 l\u2019ouvrage. Avoir du c\u0153ur au ventre. Bravoure et vertu contenus dans un seul mot. Le temps de passer, et le p\u00e8lerin entraine d\u00e9j\u00e0 l\u2019autre avec lui, dans son aventure. Il le sort de sa routine, l\u2019invite \u00e0 avoir lui aussi du courage, attise son d\u00e9sir de vivre.<\/p>\n\n\n<div class=\"wp-block-image\">\n<figure class=\"alignright size-medium is-resized\"><img data-recalc-dims=\"1\" loading=\"lazy\" decoding=\"async\" width=\"407\" height=\"500\" data-attachment-id=\"5270\" data-permalink=\"https:\/\/bottesetvelo.com\/blog\/2025\/01\/31\/comme-une-etoile-filante\/dieu\/\" data-orig-file=\"https:\/\/i0.wp.com\/bottesetvelo.com\/blog\/wp-content\/uploads\/2025\/01\/dieu-1002x1231.jpg?fit=1002%2C1231&amp;ssl=1\" data-orig-size=\"1002,1231\" data-comments-opened=\"1\" data-image-meta=\"{&quot;aperture&quot;:&quot;0&quot;,&quot;credit&quot;:&quot;&quot;,&quot;camera&quot;:&quot;&quot;,&quot;caption&quot;:&quot;&quot;,&quot;created_timestamp&quot;:&quot;0&quot;,&quot;copyright&quot;:&quot;&quot;,&quot;focal_length&quot;:&quot;0&quot;,&quot;iso&quot;:&quot;0&quot;,&quot;shutter_speed&quot;:&quot;0&quot;,&quot;title&quot;:&quot;&quot;,&quot;orientation&quot;:&quot;0&quot;}\" data-image-title=\"dieu\" data-image-description=\"\" data-image-caption=\"\" data-large-file=\"https:\/\/i0.wp.com\/bottesetvelo.com\/blog\/wp-content\/uploads\/2025\/01\/dieu-1002x1231.jpg?fit=834%2C1024&amp;ssl=1\" src=\"https:\/\/i0.wp.com\/bottesetvelo.com\/blog\/wp-content\/uploads\/2025\/01\/dieu.jpg?resize=407%2C500&#038;ssl=1\" alt=\"\" class=\"wp-image-5270\" style=\"width:250px\" srcset=\"https:\/\/i0.wp.com\/bottesetvelo.com\/blog\/wp-content\/uploads\/2025\/01\/dieu-1002x1231.jpg?resize=407%2C500&amp;ssl=1 407w, https:\/\/i0.wp.com\/bottesetvelo.com\/blog\/wp-content\/uploads\/2025\/01\/dieu-1002x1231.jpg?resize=768%2C944&amp;ssl=1 768w, https:\/\/i0.wp.com\/bottesetvelo.com\/blog\/wp-content\/uploads\/2025\/01\/dieu-1002x1231.jpg?resize=834%2C1024&amp;ssl=1 834w, https:\/\/i0.wp.com\/bottesetvelo.com\/blog\/wp-content\/uploads\/2025\/01\/dieu-1002x1231.jpg?resize=1002%2C1231&amp;ssl=1 1002w\" sizes=\"auto, (max-width: 407px) 100vw, 407px\" \/><\/figure>\n<\/div>\n\n\n<p>Les p\u00e8lerins des chemins de Compostelle reconnaitront le cri d\u2019autrefois&nbsp;: \u00ab&nbsp;<em>Ultre\u00efa!&nbsp;<\/em>\u00bb; aller plus loin. Un cri d\u2019encouragement qui invite le p\u00e8lerin \u00e0 pers\u00e9v\u00e9rer, \u00e0 continuer sa route malgr\u00e9 les emb\u00fbches. \u00c0 cet encouragement, ce dernier r\u00e9pondait&nbsp;: \u00ab&nbsp;y suse\u00efa!&nbsp;\u00bb; aller plus haut. On venait ainsi pr\u00e9ciser, en peu de mots, que le p\u00e8lerinage n\u2019est pas uniquement un d\u00e9placement horizontal. \u00c0 celui qui s\u2019y abandonne, reconnaissant ses limites et ses vuln\u00e9rabilit\u00e9s, une sagesse s\u2019acquerra en chemin. Il s\u2019\u00e9l\u00e8vera. \u00ab&nbsp;Y suse\u00efa!&nbsp;\u00bb&nbsp;: le p\u00e8lerin partage le fruit de ses apprentissages. D\u2019ailleurs, l\u2019expression compl\u00e8te est \u00ab&nbsp;ultre\u00efa y suse\u00efa, Deus adjuva nos&nbsp;\u00bb; avec l\u2019aide de Dieu. Bien que courageux, le p\u00e8lerin n\u2019est pas un h\u00e9ros. Par cette longue marche, il apprend \u00e0 faire confiance \u00e0 ce que la Vie a \u00e0 lui offrir. Il donne \u00e0 celui qui l\u2019\u00e9coute parler de ses p\u00e9rip\u00e9ties p\u00e8lerines, \u00e0 celui qui entend tous ces \u00ab&nbsp;cadeaux&nbsp;\u00bb du chemin, ces improbables co\u00efncidences qu\u2019il a v\u00e9cues, \u00e0 celui-l\u00e0, il offre un espace de germination de la foi, d\u2019un l\u00e2cher prise confiant.<\/p>\n\n\n<div class=\"wp-block-image\">\n<figure class=\"alignleft size-large is-resized\"><img data-recalc-dims=\"1\" loading=\"lazy\" decoding=\"async\" width=\"805\" height=\"1024\" data-attachment-id=\"5271\" data-permalink=\"https:\/\/bottesetvelo.com\/blog\/2025\/01\/31\/comme-une-etoile-filante\/foi\/\" data-orig-file=\"https:\/\/i0.wp.com\/bottesetvelo.com\/blog\/wp-content\/uploads\/2025\/01\/foi-1080x1374.jpg?fit=1080%2C1374&amp;ssl=1\" data-orig-size=\"1080,1374\" data-comments-opened=\"1\" data-image-meta=\"{&quot;aperture&quot;:&quot;0&quot;,&quot;credit&quot;:&quot;&quot;,&quot;camera&quot;:&quot;&quot;,&quot;caption&quot;:&quot;&quot;,&quot;created_timestamp&quot;:&quot;0&quot;,&quot;copyright&quot;:&quot;&quot;,&quot;focal_length&quot;:&quot;0&quot;,&quot;iso&quot;:&quot;0&quot;,&quot;shutter_speed&quot;:&quot;0&quot;,&quot;title&quot;:&quot;&quot;,&quot;orientation&quot;:&quot;0&quot;}\" data-image-title=\"foi\" data-image-description=\"\" data-image-caption=\"\" data-large-file=\"https:\/\/i0.wp.com\/bottesetvelo.com\/blog\/wp-content\/uploads\/2025\/01\/foi-1080x1374.jpg?fit=805%2C1024&amp;ssl=1\" src=\"https:\/\/i0.wp.com\/bottesetvelo.com\/blog\/wp-content\/uploads\/2025\/01\/foi.jpg?resize=805%2C1024&#038;ssl=1\" alt=\"\" class=\"wp-image-5271\" style=\"width:250px\" srcset=\"https:\/\/i0.wp.com\/bottesetvelo.com\/blog\/wp-content\/uploads\/2025\/01\/foi-1080x1374.jpg?resize=805%2C1024&amp;ssl=1 805w, https:\/\/i0.wp.com\/bottesetvelo.com\/blog\/wp-content\/uploads\/2025\/01\/foi-1080x1374.jpg?resize=393%2C500&amp;ssl=1 393w, https:\/\/i0.wp.com\/bottesetvelo.com\/blog\/wp-content\/uploads\/2025\/01\/foi-1080x1374.jpg?resize=768%2C977&amp;ssl=1 768w, https:\/\/i0.wp.com\/bottesetvelo.com\/blog\/wp-content\/uploads\/2025\/01\/foi-1080x1374.jpg?resize=1080%2C1374&amp;ssl=1 1080w\" sizes=\"auto, (max-width: 805px) 100vw, 805px\" \/><\/figure>\n<\/div>\n\n\n<p>Le p\u00e8lerin, loin d\u2019\u00eatre seul dans son voyage, navigue \u00e0 travers un univers de relations. Les r\u00e9percussions de son passage bien qu\u2019intangibles sont constantes. Comme l\u2019\u00e9toile filante qui laisse une train\u00e9e lumineuse dans l&rsquo;encre du ciel, le p\u00e8lerin interpelle, questionne, \u00e9veille le d\u00e9sir et laisse une trace insaisissable. Il cr\u00e9e du mouvement en l\u2019autre. Il s\u00e8me la graine de ce que l\u2019autre d\u00e9sire voir fleurir.<\/p>\n\n\n<div class=\"wp-block-image\">\n<figure class=\"alignright size-full is-resized\"><img data-recalc-dims=\"1\" loading=\"lazy\" decoding=\"async\" width=\"398\" height=\"314\" data-attachment-id=\"5062\" data-permalink=\"https:\/\/bottesetvelo.com\/blog\/2023\/06\/23\/contribuez-au-bon-gout-du-monde\/bottes-et-velo-embleme-5\/\" data-orig-file=\"https:\/\/i0.wp.com\/bottesetvelo.com\/blog\/wp-content\/uploads\/2023\/06\/Bottes-et-Velo-Embleme-398x314.jpg?fit=398%2C314&amp;ssl=1\" data-orig-size=\"398,314\" data-comments-opened=\"1\" data-image-meta=\"{&quot;aperture&quot;:&quot;0&quot;,&quot;credit&quot;:&quot;&quot;,&quot;camera&quot;:&quot;&quot;,&quot;caption&quot;:&quot;&quot;,&quot;created_timestamp&quot;:&quot;0&quot;,&quot;copyright&quot;:&quot;&quot;,&quot;focal_length&quot;:&quot;0&quot;,&quot;iso&quot;:&quot;0&quot;,&quot;shutter_speed&quot;:&quot;0&quot;,&quot;title&quot;:&quot;&quot;,&quot;orientation&quot;:&quot;0&quot;}\" data-image-title=\"Bottes-et-Velo-Embleme\" data-image-description=\"\" data-image-caption=\"\" data-large-file=\"https:\/\/i0.wp.com\/bottesetvelo.com\/blog\/wp-content\/uploads\/2023\/06\/Bottes-et-Velo-Embleme-398x314.jpg?fit=398%2C314&amp;ssl=1\" src=\"https:\/\/i0.wp.com\/bottesetvelo.com\/blog\/wp-content\/uploads\/2023\/06\/Bottes-et-Velo-Embleme-398x314.jpg?resize=398%2C314&#038;ssl=1\" alt=\"\" class=\"wp-image-5062\" style=\"width:87px;height:auto\"\/><\/figure>\n<\/div>\n\n\n<p>Brigitte Harouni<\/p>\n","protected":false},"excerpt":{"rendered":"<p>On dit bien souvent que le p\u00e8lerin est un voyageur. Qu\u2019au rythme de l\u2019escargot, avec son bagage sur le dos, il traverse le paysage. Qu\u2019au gr\u00e9 des jours, il s\u2019impr\u00e8gne de visages qui continueront de r\u00e9sonner avec ses pas. Que le temps de son p\u00e8lerinage lui offre une bien g\u00e9n\u00e9reuse r\u00e9colte. Personnage principal de ce roman vivant, il n\u2019est cependant pas seul. Une multitude de fils se tisse sur son passage qui le relie \u00e0 ceux qui croisent sa route. \u00a0<\/p>\n","protected":false},"author":2,"featured_media":5281,"comment_status":"open","ping_status":"open","sticky":false,"template":"","format":"standard","meta":{"jetpack_post_was_ever_published":false,"_jetpack_newsletter_access":"","_jetpack_dont_email_post_to_subs":false,"_jetpack_newsletter_tier_id":0,"_jetpack_memberships_contains_paywalled_content":false,"_jetpack_memberships_contains_paid_content":false,"footnotes":"","jetpack_publicize_message":"","jetpack_publicize_feature_enabled":true,"jetpack_social_post_already_shared":true,"jetpack_social_options":{"image_generator_settings":{"template":"highway","default_image_id":0,"font":"","enabled":false},"version":2}},"categories":[171,3],"tags":[432,760,296,759,539,336],"class_list":["post-5268","post","type-post","status-publish","format-standard","has-post-thumbnail","hentry","category-pelerinage","category-reflexions","tag-impact","tag-lautre","tag-pelerin","tag-relations","tag-rencontres","tag-transformation"],"jetpack_publicize_connections":[],"jetpack_featured_media_url":"https:\/\/i0.wp.com\/bottesetvelo.com\/blog\/wp-content\/uploads\/2025\/01\/2018-07-06-10.28.46.jpg?fit=2871%2C1608&ssl=1","jetpack_shortlink":"https:\/\/wp.me\/p4eY6z-1mY","jetpack_sharing_enabled":true,"jetpack_likes_enabled":true,"jetpack-related-posts":[],"_links":{"self":[{"href":"https:\/\/bottesetvelo.com\/blog\/wp-json\/wp\/v2\/posts\/5268","targetHints":{"allow":["GET"]}}],"collection":[{"href":"https:\/\/bottesetvelo.com\/blog\/wp-json\/wp\/v2\/posts"}],"about":[{"href":"https:\/\/bottesetvelo.com\/blog\/wp-json\/wp\/v2\/types\/post"}],"author":[{"embeddable":true,"href":"https:\/\/bottesetvelo.com\/blog\/wp-json\/wp\/v2\/users\/2"}],"replies":[{"embeddable":true,"href":"https:\/\/bottesetvelo.com\/blog\/wp-json\/wp\/v2\/comments?post=5268"}],"version-history":[{"count":10,"href":"https:\/\/bottesetvelo.com\/blog\/wp-json\/wp\/v2\/posts\/5268\/revisions"}],"predecessor-version":[{"id":5286,"href":"https:\/\/bottesetvelo.com\/blog\/wp-json\/wp\/v2\/posts\/5268\/revisions\/5286"}],"wp:featuredmedia":[{"embeddable":true,"href":"https:\/\/bottesetvelo.com\/blog\/wp-json\/wp\/v2\/media\/5281"}],"wp:attachment":[{"href":"https:\/\/bottesetvelo.com\/blog\/wp-json\/wp\/v2\/media?parent=5268"}],"wp:term":[{"taxonomy":"category","embeddable":true,"href":"https:\/\/bottesetvelo.com\/blog\/wp-json\/wp\/v2\/categories?post=5268"},{"taxonomy":"post_tag","embeddable":true,"href":"https:\/\/bottesetvelo.com\/blog\/wp-json\/wp\/v2\/tags?post=5268"}],"curies":[{"name":"wp","href":"https:\/\/api.w.org\/{rel}","templated":true}]}}