{"id":523,"date":"2014-05-04T17:23:23","date_gmt":"2014-05-04T21:23:23","guid":{"rendered":"http:\/\/bottesetvelo.com\/blog\/?p=523"},"modified":"2014-05-04T17:23:23","modified_gmt":"2014-05-04T21:23:23","slug":"la-marche-de-lisle-aux-coudres-une-tradition-qui-senracine-solidement","status":"publish","type":"post","link":"https:\/\/bottesetvelo.com\/blog\/2014\/05\/04\/la-marche-de-lisle-aux-coudres-une-tradition-qui-senracine-solidement\/","title":{"rendered":"La marche de l&rsquo;Isle-aux-Coudres: une tradition qui s&rsquo;enracine solidement!"},"content":{"rendered":"<p style=\"text-align: justify;\"><a href=\"https:\/\/i0.wp.com\/bottesetvelo.com\/blog\/wp-content\/uploads\/2014\/05\/2014-05-03-09.11.42.jpg?ssl=1\"><img data-recalc-dims=\"1\" loading=\"lazy\" decoding=\"async\" data-attachment-id=\"526\" data-permalink=\"https:\/\/bottesetvelo.com\/blog\/2014\/05\/04\/la-marche-de-lisle-aux-coudres-une-tradition-qui-senracine-solidement\/2014-05-03-09-11-42\/\" data-orig-file=\"https:\/\/i0.wp.com\/bottesetvelo.com\/blog\/wp-content\/uploads\/2014\/05\/2014-05-03-09.11.42.jpg?fit=3264%2C2448&amp;ssl=1\" data-orig-size=\"3264,2448\" data-comments-opened=\"1\" data-image-meta=\"{&quot;aperture&quot;:&quot;2.6&quot;,&quot;credit&quot;:&quot;&quot;,&quot;camera&quot;:&quot;SGH-I747M&quot;,&quot;caption&quot;:&quot;&quot;,&quot;created_timestamp&quot;:&quot;1399108302&quot;,&quot;copyright&quot;:&quot;&quot;,&quot;focal_length&quot;:&quot;3.7&quot;,&quot;iso&quot;:&quot;50&quot;,&quot;shutter_speed&quot;:&quot;0.000733137829912&quot;,&quot;title&quot;:&quot;&quot;}\" data-image-title=\"2014-05-03 09.11.42\" data-image-description=\"\" data-image-caption=\"\" data-large-file=\"https:\/\/i0.wp.com\/bottesetvelo.com\/blog\/wp-content\/uploads\/2014\/05\/2014-05-03-09.11.42.jpg?fit=1024%2C768&amp;ssl=1\" class=\"alignright wp-image-526 \" src=\"https:\/\/i0.wp.com\/bottesetvelo.com\/blog\/wp-content\/uploads\/2014\/05\/2014-05-03-09.11.42.jpg?resize=269%2C202&#038;ssl=1\" alt=\"2014-05-03 09.11.42\" width=\"269\" height=\"202\" srcset=\"https:\/\/i0.wp.com\/bottesetvelo.com\/blog\/wp-content\/uploads\/2014\/05\/2014-05-03-09.11.42.jpg?resize=500%2C375&amp;ssl=1 500w, https:\/\/i0.wp.com\/bottesetvelo.com\/blog\/wp-content\/uploads\/2014\/05\/2014-05-03-09.11.42.jpg?resize=1024%2C768&amp;ssl=1 1024w, https:\/\/i0.wp.com\/bottesetvelo.com\/blog\/wp-content\/uploads\/2014\/05\/2014-05-03-09.11.42.jpg?resize=624%2C467&amp;ssl=1 624w, https:\/\/i0.wp.com\/bottesetvelo.com\/blog\/wp-content\/uploads\/2014\/05\/2014-05-03-09.11.42.jpg?w=2340&amp;ssl=1 2340w\" sizes=\"auto, (max-width: 269px) 100vw, 269px\" \/><\/a>Hier, avait lieu la 14i\u00e8me \u00e9dition du tour de l&rsquo;Isle-aux-Coudres organis\u00e9 par l&rsquo;<a href=\"http:\/\/duquebecacompostelle.org\/\">Association du Qu\u00e9bec \u00e0 Compostelle<\/a> de la r\u00e9gion de Qu\u00e9bec. Pr\u00e8s de 1000 p\u00e8lerins se sont rassembl\u00e9s pour l&rsquo;\u00e9v\u00e9nement et la temp\u00e9rature \u00e9tait des plus cl\u00e9mentes pour la r\u00e9alisation de ce parcours de 23 km. Comme \u00e0 chaque ann\u00e9e, depuis 5 ans, nous avons refait ce tour avec grand plaisir.<\/p>\n<p style=\"text-align: justify;\">Le tour de l&rsquo;Isle-aux-Coudres permet de remettre la saison de p\u00e8lerinage en marche, de tester nos capacit\u00e9s et notre bonne forme physique, ceci sans trop bousculer le corps. Le parcours n&rsquo;ayant pas de grand d\u00e9nivel\u00e9, il s&rsquo;inscrit davantage dans l&rsquo;endurance et 23 km pour d\u00e9buter la saison, c&rsquo;est tout de m\u00eame une distance appr\u00e9ciable!<img data-recalc-dims=\"1\" loading=\"lazy\" decoding=\"async\" data-attachment-id=\"527\" data-permalink=\"https:\/\/bottesetvelo.com\/blog\/2014\/05\/04\/la-marche-de-lisle-aux-coudres-une-tradition-qui-senracine-solidement\/2014-05-03-09-41-33\/\" data-orig-file=\"https:\/\/i0.wp.com\/bottesetvelo.com\/blog\/wp-content\/uploads\/2014\/05\/2014-05-03-09.41.33.jpg?fit=3264%2C2448&amp;ssl=1\" data-orig-size=\"3264,2448\" data-comments-opened=\"1\" data-image-meta=\"{&quot;aperture&quot;:&quot;2.6&quot;,&quot;credit&quot;:&quot;&quot;,&quot;camera&quot;:&quot;SGH-I747M&quot;,&quot;caption&quot;:&quot;&quot;,&quot;created_timestamp&quot;:&quot;1399110093&quot;,&quot;copyright&quot;:&quot;&quot;,&quot;focal_length&quot;:&quot;3.7&quot;,&quot;iso&quot;:&quot;50&quot;,&quot;shutter_speed&quot;:&quot;0.000550660792952&quot;,&quot;title&quot;:&quot;&quot;}\" data-image-title=\"2014-05-03 09.41.33\" data-image-description=\"\" data-image-caption=\"\" data-large-file=\"https:\/\/i0.wp.com\/bottesetvelo.com\/blog\/wp-content\/uploads\/2014\/05\/2014-05-03-09.41.33.jpg?fit=1024%2C768&amp;ssl=1\" class=\"alignleft wp-image-527 \" src=\"https:\/\/i0.wp.com\/bottesetvelo.com\/blog\/wp-content\/uploads\/2014\/05\/2014-05-03-09.41.33.jpg?resize=260%2C195&#038;ssl=1\" alt=\"2014-05-03 09.41.33\" width=\"260\" height=\"195\" srcset=\"https:\/\/i0.wp.com\/bottesetvelo.com\/blog\/wp-content\/uploads\/2014\/05\/2014-05-03-09.41.33.jpg?resize=500%2C375&amp;ssl=1 500w, https:\/\/i0.wp.com\/bottesetvelo.com\/blog\/wp-content\/uploads\/2014\/05\/2014-05-03-09.41.33.jpg?resize=1024%2C768&amp;ssl=1 1024w, https:\/\/i0.wp.com\/bottesetvelo.com\/blog\/wp-content\/uploads\/2014\/05\/2014-05-03-09.41.33.jpg?resize=624%2C467&amp;ssl=1 624w, https:\/\/i0.wp.com\/bottesetvelo.com\/blog\/wp-content\/uploads\/2014\/05\/2014-05-03-09.41.33.jpg?w=2340&amp;ssl=1 2340w\" sizes=\"auto, (max-width: 260px) 100vw, 260px\" \/><\/p>\n<p style=\"text-align: justify;\">Comme \u00e0 l&rsquo;habitude, l&rsquo;association nous a offert une magnifique journ\u00e9e. Le projet gagne en valeur \u00e0 chaque ann\u00e9e! Des navettes font r\u00e9guli\u00e8rement le tour de l&rsquo;\u00eele pour s&rsquo;assurer du bien-\u00eatre des p\u00e8lerins. Des stations \u00ab\u00a0toilettes\u00a0\u00bb sont dispos\u00e9es tout au long du parcours. Des bornes kilom\u00e9triques nous indiquent l&rsquo;\u00e9tat de notre progression. L&rsquo;\u00e9cole St-Pierre nous est ouverte pour le d\u00eener et toute une \u00e9quipe de b\u00e9n\u00e9voles travaillent pour nous y accueillir de mani\u00e8re chaleureuse et veiller au bien-\u00eatre de chacun.<img data-recalc-dims=\"1\" loading=\"lazy\" decoding=\"async\" data-attachment-id=\"524\" data-permalink=\"https:\/\/bottesetvelo.com\/blog\/2014\/05\/04\/la-marche-de-lisle-aux-coudres-une-tradition-qui-senracine-solidement\/2014-05-03-14-43-18\/\" data-orig-file=\"https:\/\/i0.wp.com\/bottesetvelo.com\/blog\/wp-content\/uploads\/2014\/05\/2014-05-03-14.43.18.jpg?fit=3264%2C2448&amp;ssl=1\" data-orig-size=\"3264,2448\" data-comments-opened=\"1\" data-image-meta=\"{&quot;aperture&quot;:&quot;2.6&quot;,&quot;credit&quot;:&quot;&quot;,&quot;camera&quot;:&quot;SGH-I747M&quot;,&quot;caption&quot;:&quot;&quot;,&quot;created_timestamp&quot;:&quot;1399128198&quot;,&quot;copyright&quot;:&quot;&quot;,&quot;focal_length&quot;:&quot;3.7&quot;,&quot;iso&quot;:&quot;50&quot;,&quot;shutter_speed&quot;:&quot;0.0017793594306&quot;,&quot;title&quot;:&quot;&quot;}\" data-image-title=\"2014-05-03 14.43.18\" data-image-description=\"\" data-image-caption=\"\" data-large-file=\"https:\/\/i0.wp.com\/bottesetvelo.com\/blog\/wp-content\/uploads\/2014\/05\/2014-05-03-14.43.18.jpg?fit=1024%2C768&amp;ssl=1\" class=\"alignright wp-image-524\" src=\"https:\/\/i0.wp.com\/bottesetvelo.com\/blog\/wp-content\/uploads\/2014\/05\/2014-05-03-14.43.18.jpg?resize=256%2C192&#038;ssl=1\" alt=\"2014-05-03 14.43.18\" width=\"256\" height=\"192\" srcset=\"https:\/\/i0.wp.com\/bottesetvelo.com\/blog\/wp-content\/uploads\/2014\/05\/2014-05-03-14.43.18.jpg?resize=500%2C375&amp;ssl=1 500w, https:\/\/i0.wp.com\/bottesetvelo.com\/blog\/wp-content\/uploads\/2014\/05\/2014-05-03-14.43.18.jpg?resize=1024%2C768&amp;ssl=1 1024w, https:\/\/i0.wp.com\/bottesetvelo.com\/blog\/wp-content\/uploads\/2014\/05\/2014-05-03-14.43.18.jpg?resize=624%2C467&amp;ssl=1 624w, https:\/\/i0.wp.com\/bottesetvelo.com\/blog\/wp-content\/uploads\/2014\/05\/2014-05-03-14.43.18.jpg?w=2340&amp;ssl=1 2340w\" sizes=\"auto, (max-width: 256px) 100vw, 256px\" \/><\/p>\n<p style=\"text-align: justify;\">Encore une fois, ce fut une journ\u00e9e r\u00e9ussie! Merci \u00e0 toute l&rsquo;\u00e9quipe \u00ab\u00a0Du Qu\u00e9bec \u00e0 Compostelle\u00a0\u00bb de la r\u00e9gion de Qu\u00e9bec! <a title=\"Album photos - 14e tour de l'Isle-aux-Coudres\" href=\"https:\/\/bottesetvelo.com\/blog\/galerie-photos-14e-edition-tour-de-lisle-aux-coudres-de-laqc\/\">(Pour voir l&rsquo;album photos, cliquez ici.)<\/a><\/p>\n<p style=\"text-align: justify;\">Nous serons au rendez-vous l&rsquo;an prochain, nous esp\u00e9rons vous y retrouver!<img data-recalc-dims=\"1\" loading=\"lazy\" decoding=\"async\" data-attachment-id=\"14\" data-permalink=\"https:\/\/bottesetvelo.com\/blog\/bottes-et-velo-le-blog\/bottes-et-velo-embleme\/\" data-orig-file=\"https:\/\/i0.wp.com\/bottesetvelo.com\/blog\/wp-content\/uploads\/2014\/01\/Bottes-et-V%C3%A9lo-Embl%C3%AAme-e1454083414631.jpg?fit=100%2C79&amp;ssl=1\" data-orig-size=\"100,79\" data-comments-opened=\"1\" data-image-meta=\"{&quot;aperture&quot;:&quot;0&quot;,&quot;credit&quot;:&quot;&quot;,&quot;camera&quot;:&quot;&quot;,&quot;caption&quot;:&quot;&quot;,&quot;created_timestamp&quot;:&quot;0&quot;,&quot;copyright&quot;:&quot;&quot;,&quot;focal_length&quot;:&quot;0&quot;,&quot;iso&quot;:&quot;0&quot;,&quot;shutter_speed&quot;:&quot;0&quot;,&quot;title&quot;:&quot;&quot;}\" data-image-title=\"Bottes et V\u00e9lo &amp;#8211; Embl\u00eame\" data-image-description=\"\" data-image-caption=\"\" data-large-file=\"https:\/\/i0.wp.com\/bottesetvelo.com\/blog\/wp-content\/uploads\/2014\/01\/Bottes-et-V%C3%A9lo-Embl%C3%AAme-e1454083414631.jpg?fit=100%2C79&amp;ssl=1\" class=\"alignright wp-image-14\" src=\"https:\/\/i0.wp.com\/bottesetvelo.com\/blog\/wp-content\/uploads\/2014\/01\/Bottes-et-V%C3%A9lo-Embl%C3%AAme.jpg?resize=84%2C66&#038;ssl=1\" alt=\"Bottes et V\u00e9lo - Embl\u00eame\" width=\"84\" height=\"66\" \/><\/p>\n<p style=\"text-align: justify;\">\u00c9ric Lalibert\u00e9 et Brigitte Harouni<\/p>\n<p style=\"text-align: justify;\">\n","protected":false},"excerpt":{"rendered":"<p>Hier, avait lieu la 14i\u00e8me \u00e9dition du tour de l&rsquo;Isle-aux-Coudres organis\u00e9 par l&rsquo;Association du Qu\u00e9bec \u00e0 Compostelle de la r\u00e9gion de Qu\u00e9bec. Pr\u00e8s de 1000 p\u00e8lerins se sont rassembl\u00e9s pour l&rsquo;\u00e9v\u00e9nement et la temp\u00e9rature \u00e9tait des plus cl\u00e9mentes pour la r\u00e9alisation de ce parcours de 23 km. Comme \u00e0 chaque ann\u00e9e, depuis 5 ans, nous&hellip;<\/p>\n","protected":false},"author":1,"featured_media":0,"comment_status":"open","ping_status":"open","sticky":false,"template":"","format":"standard","meta":{"jetpack_post_was_ever_published":false,"_jetpack_newsletter_access":"","_jetpack_dont_email_post_to_subs":false,"_jetpack_newsletter_tier_id":0,"_jetpack_memberships_contains_paywalled_content":false,"_jetpack_memberships_contains_paid_content":false,"footnotes":"","jetpack_publicize_message":"La marche de l'Isle-aux-Coudres: une tradition qui s'enracine solidement!","jetpack_publicize_feature_enabled":true,"jetpack_social_post_already_shared":true,"jetpack_social_options":{"image_generator_settings":{"template":"highway","default_image_id":0,"font":"","enabled":false},"version":2}},"categories":[56],"tags":[62,33,61,14,13,19],"class_list":["post-523","post","type-post","status-publish","format-standard","hentry","category-activites","tag-association-du-quebec-a-compostelle","tag-entrainement-physique","tag-isle-aux-coudres","tag-marche","tag-pelerinage","tag-randonnee"],"jetpack_publicize_connections":[],"jetpack_featured_media_url":"","jetpack_shortlink":"https:\/\/wp.me\/p4eY6z-8r","jetpack_sharing_enabled":true,"jetpack_likes_enabled":true,"jetpack-related-posts":[],"_links":{"self":[{"href":"https:\/\/bottesetvelo.com\/blog\/wp-json\/wp\/v2\/posts\/523","targetHints":{"allow":["GET"]}}],"collection":[{"href":"https:\/\/bottesetvelo.com\/blog\/wp-json\/wp\/v2\/posts"}],"about":[{"href":"https:\/\/bottesetvelo.com\/blog\/wp-json\/wp\/v2\/types\/post"}],"author":[{"embeddable":true,"href":"https:\/\/bottesetvelo.com\/blog\/wp-json\/wp\/v2\/users\/1"}],"replies":[{"embeddable":true,"href":"https:\/\/bottesetvelo.com\/blog\/wp-json\/wp\/v2\/comments?post=523"}],"version-history":[{"count":4,"href":"https:\/\/bottesetvelo.com\/blog\/wp-json\/wp\/v2\/posts\/523\/revisions"}],"predecessor-version":[{"id":559,"href":"https:\/\/bottesetvelo.com\/blog\/wp-json\/wp\/v2\/posts\/523\/revisions\/559"}],"wp:attachment":[{"href":"https:\/\/bottesetvelo.com\/blog\/wp-json\/wp\/v2\/media?parent=523"}],"wp:term":[{"taxonomy":"category","embeddable":true,"href":"https:\/\/bottesetvelo.com\/blog\/wp-json\/wp\/v2\/categories?post=523"},{"taxonomy":"post_tag","embeddable":true,"href":"https:\/\/bottesetvelo.com\/blog\/wp-json\/wp\/v2\/tags?post=523"}],"curies":[{"name":"wp","href":"https:\/\/api.w.org\/{rel}","templated":true}]}}