{"id":5218,"date":"2024-12-20T11:20:22","date_gmt":"2024-12-20T16:20:22","guid":{"rendered":"https:\/\/bottesetvelo.com\/blog\/?p=5218"},"modified":"2024-12-20T21:32:49","modified_gmt":"2024-12-21T02:32:49","slug":"ces-pelerinages-inattendus","status":"publish","type":"post","link":"https:\/\/bottesetvelo.com\/blog\/2024\/12\/20\/ces-pelerinages-inattendus\/","title":{"rendered":"Ces p\u00e8lerinages inattendus"},"content":{"rendered":"\n<div class=\"wp-block-group is-nowrap is-layout-flex wp-container-core-group-is-layout-ad2f72ca wp-block-group-is-layout-flex\">\n<p>La rencontre est au c\u0153ur de l\u2019exp\u00e9rience p\u00e8lerine. Au fil de nos pas, des liens d\u2019une teneur incomparable se tissent. Jamais pr\u00e9visibles, chacune de ces rencontres est porteuse de sens. Si certaines ont un impact plus fort que d\u2019autres, si certaines nous blessent, nous tiraillent, d\u2019autres savent tirer le meilleur de nous-m\u00eames. Par la gr\u00e2ce de ces rencontres, l\u2019\u00eatre que nous sommes grandit, se remet en question, affirme des convictions et s\u2019ouvre \u00e0 de nouveaux horizons. Il en va de m\u00eame sur les chemins de la vie : certaines rencontres marquent le c\u0153ur en profondeur. Les liens qui nous unissent alors prennent un sens qui d\u00e9passe notre humanit\u00e9, qui la transcendent et r\u00e9v\u00e8lent bien plus que ce qu\u2019ils laissaient entendre.<\/p>\n<\/div>\n\n\n<div class=\"wp-block-image\">\n<figure class=\"alignright size-medium\"><img data-recalc-dims=\"1\" loading=\"lazy\" decoding=\"async\" width=\"500\" height=\"225\" data-attachment-id=\"5220\" data-permalink=\"https:\/\/bottesetvelo.com\/blog\/2024\/12\/20\/ces-pelerinages-inattendus\/20221008_095939-2\/\" data-orig-file=\"https:\/\/i0.wp.com\/bottesetvelo.com\/blog\/wp-content\/uploads\/2024\/12\/20221008_095939-1.jpg?fit=4000%2C1800&amp;ssl=1\" data-orig-size=\"4000,1800\" data-comments-opened=\"1\" data-image-meta=\"{&quot;aperture&quot;:&quot;2.2&quot;,&quot;credit&quot;:&quot;&quot;,&quot;camera&quot;:&quot;SM-G781W&quot;,&quot;caption&quot;:&quot;&quot;,&quot;created_timestamp&quot;:&quot;1665223180&quot;,&quot;copyright&quot;:&quot;&quot;,&quot;focal_length&quot;:&quot;1.74&quot;,&quot;iso&quot;:&quot;40&quot;,&quot;shutter_speed&quot;:&quot;0.00067934782608696&quot;,&quot;title&quot;:&quot;&quot;,&quot;orientation&quot;:&quot;1&quot;}\" data-image-title=\"20221008_095939\" data-image-description=\"\" data-image-caption=\"\" data-large-file=\"https:\/\/i0.wp.com\/bottesetvelo.com\/blog\/wp-content\/uploads\/2024\/12\/20221008_095939-1.jpg?fit=1024%2C461&amp;ssl=1\" src=\"https:\/\/i0.wp.com\/bottesetvelo.com\/blog\/wp-content\/uploads\/2024\/12\/20221008_095939-1.jpg?resize=500%2C225&#038;ssl=1\" alt=\"\" class=\"wp-image-5220\" srcset=\"https:\/\/i0.wp.com\/bottesetvelo.com\/blog\/wp-content\/uploads\/2024\/12\/20221008_095939-1.jpg?resize=500%2C225&amp;ssl=1 500w, https:\/\/i0.wp.com\/bottesetvelo.com\/blog\/wp-content\/uploads\/2024\/12\/20221008_095939-1.jpg?resize=768%2C346&amp;ssl=1 768w, https:\/\/i0.wp.com\/bottesetvelo.com\/blog\/wp-content\/uploads\/2024\/12\/20221008_095939-1.jpg?resize=1024%2C461&amp;ssl=1 1024w, https:\/\/i0.wp.com\/bottesetvelo.com\/blog\/wp-content\/uploads\/2024\/12\/20221008_095939-1.jpg?resize=1536%2C691&amp;ssl=1 1536w, https:\/\/i0.wp.com\/bottesetvelo.com\/blog\/wp-content\/uploads\/2024\/12\/20221008_095939-1.jpg?resize=2048%2C922&amp;ssl=1 2048w, https:\/\/i0.wp.com\/bottesetvelo.com\/blog\/wp-content\/uploads\/2024\/12\/20221008_095939-1.jpg?w=2340&amp;ssl=1 2340w, https:\/\/i0.wp.com\/bottesetvelo.com\/blog\/wp-content\/uploads\/2024\/12\/20221008_095939-1.jpg?w=3510&amp;ssl=1 3510w\" sizes=\"auto, (max-width: 500px) 100vw, 500px\" \/><\/figure>\n<\/div>\n\n\n<p>Derni\u00e8rement, j\u2019ai v\u00e9cu un de ces p\u00e8lerinages inattendus. Alors que nous pr\u00e9parions notre visite au centre de spiritualit\u00e9 franciscaine Assisi Heights, au Minnesota, et que nous cherchions le moment id\u00e9al pour effectuer le voyage, il ne m\u2019\u00e9tait jamais venu \u00e0 l\u2019esprit qu\u2019il s\u2019agirait d\u2019un p\u00e8lerinage. Ce n\u2019est qu\u2019une fois sur place que cette r\u00e9alit\u00e9 m\u2019a frapp\u00e9. Trop pr\u00e8s de l\u2019arbre, je ne voyais pas la for\u00eat\u202f!<\/p>\n\n\n\n<p><strong>Le chemin s\u2019accomplit dans le dire<\/strong><\/p>\n\n\n\n<p>Le p\u00e8lerinage prend forme dans l\u2019espace de la rencontre. Il s\u2019agit avant tout d\u2019individus qui se laissent impr\u00e9gner par l\u2019exp\u00e9rience. Touch\u00e9s par ce qui s\u2019offre \u00e0 eux, ils le go\u00fbtent avec tout leur \u00eatre et tentent d\u2019y r\u00e9pondre du mieux qu\u2019ils peuvent, en jouant le jeu de la rencontre. Ce n\u2019est qu\u2019ensuite qu\u2019ils reprennent possession de cette exp\u00e9rience, en revisitant ses moments forts et les souvenirs qui demeurent\u202f: pourquoi ces instants pr\u00e9cis nous touchent-ils\u202f?<\/p>\n\n\n\n<p>Ainsi, pour que le p\u00e8lerinage advienne, le chemin doit \u00eatre racont\u00e9, ordonn\u00e9 dans un langage qui en d\u00e9gage du sens.<\/p>\n\n\n\n<p>Voici donc les \u00e9tapes de mon p\u00e8lerinage au Minnesota. Des lieux qui s\u2019articulent les uns aux autres, comme des pierres de gu\u00e9, construisant une trajectoire signifiante. Ce chemin me permet d\u2019avancer, de ne pas m\u2019arr\u00eater l\u00e0, d\u2019outrepasser l\u2019espace de la rencontre.<\/p>\n\n\n\n<p><strong>Une vieille amiti\u00e9<\/strong><\/p>\n\n\n\n<p>Notre arriv\u00e9e au centre spirituel Assisi Heights est marqu\u00e9e par un froid intense\u202f: un froid sans neige, qui semble figer le temps. Une fine pellicule de givre recouvre le domaine et les b\u00e2timents du monast\u00e8re. L\u2019herbe, encore verte, se dessine sous le givre translucide. Des chevreuils broutent paisiblement \u00e0 l\u2019entr\u00e9e. Assisi Heights est un monde \u00e0 part, un temps hors du temps, une v\u00e9ritable extension de l\u2019esprit de Claire et Fran\u00e7ois d\u2019Assise. Dans cet espace d\u2019\u00e9ternit\u00e9, je la retrouve.<\/p>\n\n\n<div class=\"wp-block-image\">\n<figure class=\"alignright size-medium\"><img data-recalc-dims=\"1\" loading=\"lazy\" decoding=\"async\" width=\"500\" height=\"243\" data-attachment-id=\"5223\" data-permalink=\"https:\/\/bottesetvelo.com\/blog\/2024\/12\/20\/ces-pelerinages-inattendus\/20190428_171500\/\" data-orig-file=\"https:\/\/i0.wp.com\/bottesetvelo.com\/blog\/wp-content\/uploads\/2024\/12\/20190428_171500.jpg?fit=4608%2C2240&amp;ssl=1\" data-orig-size=\"4608,2240\" data-comments-opened=\"1\" data-image-meta=\"{&quot;aperture&quot;:&quot;1.7&quot;,&quot;credit&quot;:&quot;&quot;,&quot;camera&quot;:&quot;SM-A530W&quot;,&quot;caption&quot;:&quot;&quot;,&quot;created_timestamp&quot;:&quot;1556471700&quot;,&quot;copyright&quot;:&quot;&quot;,&quot;focal_length&quot;:&quot;3.93&quot;,&quot;iso&quot;:&quot;50&quot;,&quot;shutter_speed&quot;:&quot;0.0083333333333333&quot;,&quot;title&quot;:&quot;&quot;,&quot;orientation&quot;:&quot;1&quot;}\" data-image-title=\"20190428_171500\" data-image-description=\"\" data-image-caption=\"\" data-large-file=\"https:\/\/i0.wp.com\/bottesetvelo.com\/blog\/wp-content\/uploads\/2024\/12\/20190428_171500.jpg?fit=1024%2C498&amp;ssl=1\" src=\"https:\/\/i0.wp.com\/bottesetvelo.com\/blog\/wp-content\/uploads\/2024\/12\/20190428_171500.jpg?resize=500%2C243&#038;ssl=1\" alt=\"\" class=\"wp-image-5223\" srcset=\"https:\/\/i0.wp.com\/bottesetvelo.com\/blog\/wp-content\/uploads\/2024\/12\/20190428_171500.jpg?resize=500%2C243&amp;ssl=1 500w, https:\/\/i0.wp.com\/bottesetvelo.com\/blog\/wp-content\/uploads\/2024\/12\/20190428_171500.jpg?resize=768%2C373&amp;ssl=1 768w, https:\/\/i0.wp.com\/bottesetvelo.com\/blog\/wp-content\/uploads\/2024\/12\/20190428_171500.jpg?resize=1024%2C498&amp;ssl=1 1024w, https:\/\/i0.wp.com\/bottesetvelo.com\/blog\/wp-content\/uploads\/2024\/12\/20190428_171500.jpg?resize=1536%2C747&amp;ssl=1 1536w, https:\/\/i0.wp.com\/bottesetvelo.com\/blog\/wp-content\/uploads\/2024\/12\/20190428_171500.jpg?resize=2048%2C996&amp;ssl=1 2048w, https:\/\/i0.wp.com\/bottesetvelo.com\/blog\/wp-content\/uploads\/2024\/12\/20190428_171500.jpg?w=2340&amp;ssl=1 2340w, https:\/\/i0.wp.com\/bottesetvelo.com\/blog\/wp-content\/uploads\/2024\/12\/20190428_171500.jpg?w=3510&amp;ssl=1 3510w\" sizes=\"auto, (max-width: 500px) 100vw, 500px\" \/><\/figure>\n<\/div>\n\n\n<p>Elle s\u2019appelait Lucie. Elle nous a quitt\u00e9s en septembre dernier, \u00e0 l\u2019\u00e2ge de 86 ans. Si sa vie fut bien remplie \u2014 elle avait \u00e9t\u00e9 mari\u00e9e pendant 36 ans, avait fait le Conservatoire de musique de Qu\u00e9bec et une ma\u00eetrise en th\u00e9ologie, et avait \u00e9lev\u00e9 des ch\u00e8vres sur l\u2019\u00cele d\u2019Orl\u00e9ans \u2014 elle avait pass\u00e9 ses derni\u00e8res ann\u00e9es en recluse, au sein d\u2019une communaut\u00e9 religieuse, comme clarisse, au Minnesota. N\u2019ayant pu assister \u00e0 ses fun\u00e9railles, je me suis rendu \u00e0 Rochester, en compagnie de Brigitte, pour visiter les s\u0153urs avec qui elle avait partag\u00e9 ces derni\u00e8res ann\u00e9es de vie.<\/p>\n\n\n\n<p><strong>\u00catre ensemble<\/strong><\/p>\n\n\n\n<p>Notre horaire atypique et surcharg\u00e9 pose des d\u00e9fis logistiques tout au long de l\u2019ann\u00e9e. Ce n\u2019est qu\u2019en novembre, \u00e0 notre retour d\u2019un colloque en Virginie, que nous avons enfin pu fixer une date\u202f: ce serait le week-end du 13 au 15 d\u00e9cembre 2024. Ce choix, fait sans r\u00e9fl\u00e9chir davantage, allait pourtant teinter notre visite d\u2019une symbolique particuli\u00e8re\u202f: le 13 d\u00e9cembre est la f\u00eate de sainte Lucie. Ce simple clin d\u2019\u0153il suffisait \u00e0 rendre sa pr\u00e9sence palpable.<\/p>\n\n\n\n<p>\u00c0 notre arriv\u00e9e, la petite communaut\u00e9 \u2014 elles ne sont plus que six \u2014 nous accueille avec une joie m\u00eal\u00e9e de larmes. C\u2019est bon de se retrouver, de se serrer. Nos bras s\u2019enlacent et, dans ces embrassades, je cherche, sans le savoir, celle qui est pourtant absente. Lucie me manque terriblement. Ces retrouvailles permettent de toucher l\u2019impossible laiss\u00e9 par ce vide. Je r\u00e9alise \u00e0 quel point j\u2019avais besoin d\u2019\u00eatre avec elles, de les revoir, de les entendre, de <a>m\u2019approcher de tout ce qui me parle de Lucie.<\/a><\/p>\n\n\n\n<p><strong>Je <\/strong><strong>te b\u00e9nis<\/strong><\/p>\n\n\n\n<p>Faire m\u00e9moire est d\u2019une importance capitale lorsque nous perdons un \u00eatre cher\u202f: se rappeler les moments heureux, tendres, dr\u00f4les, et les revivre en boucle comme un bon vieux film. Ces souvenirs finissent par nous habiter pleinement, jusqu\u2019\u00e0 ne faire plus qu\u2019un avec eux.<\/p>\n\n\n\n<p>Ce mot, \u00ab\u202fm\u00e9moire\u202f\u00bb, r\u00e9sonne \u00e9trangement \u00e0 mon oreille cependant. Lucie avait perdu la m\u00e9moire au cours des derni\u00e8res ann\u00e9es. Lors de notre derni\u00e8re visite, l\u2019\u00e9t\u00e9 dernier, elle ne me reconnaissait plus. Pour pallier ce manque, je m\u2019asseyais avec elle dans la grande verri\u00e8re du monast\u00e8re et lui racontais sa vie. Les yeux ferm\u00e9s, elle \u00e9coutait. Et si je m\u2019arr\u00eatais, elle ouvrait les yeux pour dire\u202f: \u00ab\u202fContinue\u202f!\u202f\u00bb.<\/p>\n\n\n\n<p>Lors d\u2019une c\u00e9l\u00e9bration dans leur petit oratoire, le samedi matin, les s\u0153urs nous ont offert un moment intense d\u2019intimit\u00e9 partag\u00e9e. Chacune a livr\u00e9 un souvenir, une facette de ce que Lucie leur avait l\u00e9gu\u00e9. Pour ma part, j\u2019ai r\u00e9alis\u00e9 que je n\u2019avais aucun souvenir de Lucie sans sourire. Et pourtant, le souvenir le plus fort qui me revint est celui d\u2019une visite, il y a presque vingt ans, alors que ma vie s\u2019effondrait. Dans la chapelle de Bloomington, j\u2019\u00e9tais en larmes, d\u00e9vast\u00e9, et Lucie m\u2019\u00e9coutait. \u00c0 tout ce que je disais, elle r\u00e9pondait\u202f: \u00ab\u202fJe te b\u00e9nis\u202f\u00bb. Au d\u00e9but, je ne comprenais rien \u00e0 ces paroles. Mais peu \u00e0 peu, cette b\u00e9n\u00e9diction importune a fait son chemin en moi.<\/p>\n\n\n\n<p><strong>Le caf\u00e9 St James<\/strong><\/p>\n\n\n\n<p>Depuis longtemps, les s\u0153urs nous parlaient d\u2019un petit caf\u00e9 qu\u2019elles appr\u00e9ciaient, situ\u00e9 tout pr\u00e8s du monast\u00e8re : le caf\u00e9 St James. Apr\u00e8s une balade en voiture pour revoir Rochester et les lieux qui nous rappelaient Lucie, nous avons d\u00e9cid\u00e9 d\u2019y faire un tour avant de rentrer au monast\u00e8re.<\/p>\n\n\n<div class=\"wp-block-image\">\n<figure class=\"alignright size-medium\"><img data-recalc-dims=\"1\" loading=\"lazy\" decoding=\"async\" width=\"500\" height=\"225\" data-attachment-id=\"5077\" data-permalink=\"https:\/\/bottesetvelo.com\/blog\/2023\/10\/20\/retour-a-la-vraie-vie\/20231008_135657\/\" data-orig-file=\"https:\/\/i0.wp.com\/bottesetvelo.com\/blog\/wp-content\/uploads\/2023\/10\/20231008_135657.jpg?fit=4032%2C1816&amp;ssl=1\" data-orig-size=\"4032,1816\" data-comments-opened=\"1\" data-image-meta=\"{&quot;aperture&quot;:&quot;1.8&quot;,&quot;credit&quot;:&quot;&quot;,&quot;camera&quot;:&quot;SM-G781W&quot;,&quot;caption&quot;:&quot;&quot;,&quot;created_timestamp&quot;:&quot;1696773417&quot;,&quot;copyright&quot;:&quot;&quot;,&quot;focal_length&quot;:&quot;5.4&quot;,&quot;iso&quot;:&quot;40&quot;,&quot;shutter_speed&quot;:&quot;0.00048146364949446&quot;,&quot;title&quot;:&quot;&quot;,&quot;orientation&quot;:&quot;1&quot;}\" data-image-title=\"20231008_135657\" data-image-description=\"\" data-image-caption=\"\" data-large-file=\"https:\/\/i0.wp.com\/bottesetvelo.com\/blog\/wp-content\/uploads\/2023\/10\/20231008_135657.jpg?fit=1024%2C461&amp;ssl=1\" src=\"https:\/\/i0.wp.com\/bottesetvelo.com\/blog\/wp-content\/uploads\/2023\/10\/20231008_135657.jpg?resize=500%2C225&#038;ssl=1\" alt=\"\" class=\"wp-image-5077\" srcset=\"https:\/\/i0.wp.com\/bottesetvelo.com\/blog\/wp-content\/uploads\/2023\/10\/20231008_135657.jpg?resize=500%2C225&amp;ssl=1 500w, https:\/\/i0.wp.com\/bottesetvelo.com\/blog\/wp-content\/uploads\/2023\/10\/20231008_135657.jpg?resize=768%2C346&amp;ssl=1 768w, https:\/\/i0.wp.com\/bottesetvelo.com\/blog\/wp-content\/uploads\/2023\/10\/20231008_135657.jpg?resize=1024%2C461&amp;ssl=1 1024w, https:\/\/i0.wp.com\/bottesetvelo.com\/blog\/wp-content\/uploads\/2023\/10\/20231008_135657.jpg?resize=1536%2C692&amp;ssl=1 1536w, https:\/\/i0.wp.com\/bottesetvelo.com\/blog\/wp-content\/uploads\/2023\/10\/20231008_135657.jpg?resize=2048%2C922&amp;ssl=1 2048w, https:\/\/i0.wp.com\/bottesetvelo.com\/blog\/wp-content\/uploads\/2023\/10\/20231008_135657.jpg?w=2340&amp;ssl=1 2340w, https:\/\/i0.wp.com\/bottesetvelo.com\/blog\/wp-content\/uploads\/2023\/10\/20231008_135657.jpg?w=3510&amp;ssl=1 3510w\" sizes=\"auto, (max-width: 500px) 100vw, 500px\" \/><\/figure>\n<\/div>\n\n\n<p>Je pensais que les s\u0153urs aimaient cet endroit pour la petite chapelle qui se trouve \u00e0 l\u2019arri\u00e8re du caf\u00e9. Ce que je n\u2019avais pas r\u00e9alis\u00e9, c\u2019est que St James, c\u2019est saint Jacques \u2014 le saint Jacques de Compostelle\u202f! Nous nous sommes ainsi retrouv\u00e9s dans ce petit caf\u00e9, \u00e0 discuter avec des passionn\u00e9s du p\u00e8lerinage de Compostelle. La femme au comptoir avait m\u00eame encadr\u00e9 son dipl\u00f4me de p\u00e8lerine et l\u2019avait accroch\u00e9 au mur de la salle \u00e0 manger. L\u2019ambiance \u00e9tait chaleureuse et familiale\u202f: des gens de tous \u00e2ges venaient au caf\u00e9 St James, en famille ou entre amis. L\u2019atmosph\u00e8re \u00e9tait tr\u00e8s compostellane\u202f: simple, sans pr\u00e9tention, et accueillante. J\u2019appartenais r\u00e9solument \u00e0 cette famille.<\/p>\n\n\n\n<p><strong><em>A Mother\u2019s Joy<\/em><\/strong><strong><\/strong><\/p>\n\n\n\n<p>Le samedi soir, l\u2019abbesse de la communaut\u00e9 nous a offert des billets pour assister \u00e0 un concert du Choral Arts Ensemble, donn\u00e9 dans la grande chapelle d\u2019Assisi Heights. Le titre de la repr\u00e9sentation \u00e9tait <em>A Mother\u2019s Joy<\/em> (<em>La Joie d\u2019une m\u00e8re<\/em>). Lucie disait souvent que j\u2019\u00e9tais le fils qu\u2019elle n\u2019avait pas eu, une mani\u00e8re d\u2019exprimer toute l\u2019affection qu\u2019elle avait pour moi. Mais ce soir-l\u00e0, ces mots r\u00e9sonnaient diff\u00e9remment.<\/p>\n\n\n\n<p>Lors de notre derni\u00e8re visite, j\u2019avais aid\u00e9 les s\u0153urs \u00e0 vider les affaires de Lucie, car il \u00e9tait \u00e9vident qu\u2019elle ne reviendrait plus dans sa chambre. Lucie \u00e9tait une femme de souvenirs\u202f: elle conservait tout. En vidant ses classeurs, j\u2019ai d\u00e9couvert qu\u2019elle avait gard\u00e9 tous mes travaux universitaires\u202f! Chaque fois que j\u2019\u00e9crivais quelque chose, elle insistait pour que je lui envoie une copie. Elle avait suivi toutes mes recherches doctorales\u2026 sauf les deux derni\u00e8res ann\u00e9es. Lucie est d\u00e9c\u00e9d\u00e9e 12 jours apr\u00e8s ma soutenance de th\u00e8se.<\/p>\n\n\n<div class=\"wp-block-image\">\n<figure class=\"alignright size-medium\"><img data-recalc-dims=\"1\" loading=\"lazy\" decoding=\"async\" width=\"500\" height=\"231\" data-attachment-id=\"5224\" data-permalink=\"https:\/\/bottesetvelo.com\/blog\/2024\/12\/20\/ces-pelerinages-inattendus\/20241214_195807\/\" data-orig-file=\"https:\/\/i0.wp.com\/bottesetvelo.com\/blog\/wp-content\/uploads\/2024\/12\/20241214_195807.jpg?fit=4000%2C1848&amp;ssl=1\" data-orig-size=\"4000,1848\" data-comments-opened=\"1\" data-image-meta=\"{&quot;aperture&quot;:&quot;1.8&quot;,&quot;credit&quot;:&quot;&quot;,&quot;camera&quot;:&quot;Galaxy S24&quot;,&quot;caption&quot;:&quot;&quot;,&quot;created_timestamp&quot;:&quot;1734206287&quot;,&quot;copyright&quot;:&quot;&quot;,&quot;focal_length&quot;:&quot;5.4&quot;,&quot;iso&quot;:&quot;1000&quot;,&quot;shutter_speed&quot;:&quot;0.0083333333333333&quot;,&quot;title&quot;:&quot;&quot;,&quot;orientation&quot;:&quot;1&quot;}\" data-image-title=\"20241214_195807\" data-image-description=\"\" data-image-caption=\"\" data-large-file=\"https:\/\/i0.wp.com\/bottesetvelo.com\/blog\/wp-content\/uploads\/2024\/12\/20241214_195807.jpg?fit=1024%2C473&amp;ssl=1\" src=\"https:\/\/i0.wp.com\/bottesetvelo.com\/blog\/wp-content\/uploads\/2024\/12\/20241214_195807.jpg?resize=500%2C231&#038;ssl=1\" alt=\"\" class=\"wp-image-5224\" srcset=\"https:\/\/i0.wp.com\/bottesetvelo.com\/blog\/wp-content\/uploads\/2024\/12\/20241214_195807.jpg?resize=500%2C231&amp;ssl=1 500w, https:\/\/i0.wp.com\/bottesetvelo.com\/blog\/wp-content\/uploads\/2024\/12\/20241214_195807.jpg?resize=768%2C355&amp;ssl=1 768w, https:\/\/i0.wp.com\/bottesetvelo.com\/blog\/wp-content\/uploads\/2024\/12\/20241214_195807.jpg?resize=1024%2C473&amp;ssl=1 1024w, https:\/\/i0.wp.com\/bottesetvelo.com\/blog\/wp-content\/uploads\/2024\/12\/20241214_195807.jpg?resize=1536%2C710&amp;ssl=1 1536w, https:\/\/i0.wp.com\/bottesetvelo.com\/blog\/wp-content\/uploads\/2024\/12\/20241214_195807.jpg?resize=2048%2C946&amp;ssl=1 2048w, https:\/\/i0.wp.com\/bottesetvelo.com\/blog\/wp-content\/uploads\/2024\/12\/20241214_195807.jpg?w=2340&amp;ssl=1 2340w, https:\/\/i0.wp.com\/bottesetvelo.com\/blog\/wp-content\/uploads\/2024\/12\/20241214_195807.jpg?w=3510&amp;ssl=1 3510w\" sizes=\"auto, (max-width: 500px) 100vw, 500px\" \/><\/figure>\n<\/div>\n\n\n<p>Ce soir-l\u00e0, en \u00e9coutant ce concert intitul\u00e9 <em>A Mother\u2019s Joy<\/em>, j\u2019entendais l\u2019\u00e9cho de cette maternit\u00e9 spirituelle. Lucie avait confiance en moi. Elle voyait en moi ce que je ne voyais pas encore.<\/p>\n\n\n\n<p>La pi\u00e8ce qui a marqu\u00e9 cette soir\u00e9e fut une interpr\u00e9tation de <em>Gaudete<\/em>\u202f: \u00ab\u202fR\u00e9jouissez-vous, Christ est n\u00e9\u202f!\u202f\u00bb<a href=\"#_ftnref1\">[1]<\/a> Quelque chose, en effet, est n\u00e9 de notre rencontre et de ce chemin parcouru ensemble. Quelque chose de bien vivant, que j\u2019ai mis du temps \u00e0 apprivoiser \u00e0 sa mani\u00e8re toute franciscaine\u202f: l\u2019amour du prochain. Un amour qui d\u00e9passe les convenances et les bonnes mani\u00e8res. Avec Lucie, je go\u00fbtais cette joie, profonde et sinc\u00e8re.<\/p>\n\n\n\n<p><strong>La messe du 3<\/strong><strong>\u1d49<\/strong><strong> dimanche de l\u2019Avent<\/strong><\/p>\n\n\n\n<p>Le dimanche matin, nous avons assist\u00e9 \u00e0 la messe avec les s\u0153urs. Dans la chapelle, une m\u00e9lodie jou\u00e9e \u00e0 la fl\u00fbte traversi\u00e8re flottait dans l\u2019air. C\u2019\u00e9tait l\u2019instrument que Lucie pratiquait. En pensant \u00e0 elle, j\u2019ai souvent utilis\u00e9 la fl\u00fbte comme m\u00e9taphore de l\u2019exp\u00e9rience spirituelle\u202f: elle la repr\u00e9sente si bien. \u00c0 l\u2019image de cet instrument, Lucie se laissait jouer par le Souffle qui la traversait, trouvant chaque fois sa propre musique, sa juste note.<\/p>\n\n\n\n<p>Sous des apparences conservatrices, Lucie poss\u00e9dait une audace rare\u202f: celle de vivre pleinement. Tout quitter, \u00e0 68 ans, pour devenir clarisse au Minnesota, en est un magnifique exemple. En ce moment, sous l\u2019action de cette fl\u00fbte, r\u00e9sonnaient une fois de plus les notes de <em>Gaudete<\/em>.<\/p>\n\n\n\n<p><strong><em>Resurrection Cemetery<\/em><\/strong><strong><\/strong><\/p>\n\n\n\n<p>Apr\u00e8s le d\u00eener, nous avons quitt\u00e9 Rochester pour prendre la route en direction de l\u2019a\u00e9roport de Minneapolis. En chemin, je tenais \u00e0 revoir l\u2019ancien monast\u00e8re et \u00e0 me rendre au cimeti\u00e8re. J\u2019\u00e9prouvais le besoin de toucher cette pierre tombale, de l\u2019approcher. Cach\u00e9e dans la grisaille de l\u2019automne, il a fallu la chercher. Nous l\u2019avons trouv\u00e9e sous des feuilles mortes, toute petite, nich\u00e9e au c\u0153ur de cet immense terrain.<\/p>\n\n\n<div class=\"wp-block-image\">\n<figure class=\"alignright size-medium\"><img data-recalc-dims=\"1\" loading=\"lazy\" decoding=\"async\" width=\"500\" height=\"231\" data-attachment-id=\"5225\" data-permalink=\"https:\/\/bottesetvelo.com\/blog\/2024\/12\/20\/ces-pelerinages-inattendus\/20241215_154149\/\" data-orig-file=\"https:\/\/i0.wp.com\/bottesetvelo.com\/blog\/wp-content\/uploads\/2024\/12\/20241215_154149.jpg?fit=4000%2C1848&amp;ssl=1\" data-orig-size=\"4000,1848\" data-comments-opened=\"1\" data-image-meta=\"{&quot;aperture&quot;:&quot;1.8&quot;,&quot;credit&quot;:&quot;&quot;,&quot;camera&quot;:&quot;Galaxy S24&quot;,&quot;caption&quot;:&quot;&quot;,&quot;created_timestamp&quot;:&quot;1734277309&quot;,&quot;copyright&quot;:&quot;&quot;,&quot;focal_length&quot;:&quot;5.4&quot;,&quot;iso&quot;:&quot;320&quot;,&quot;shutter_speed&quot;:&quot;0.0083333333333333&quot;,&quot;title&quot;:&quot;&quot;,&quot;orientation&quot;:&quot;1&quot;}\" data-image-title=\"20241215_154149\" data-image-description=\"\" data-image-caption=\"\" data-large-file=\"https:\/\/i0.wp.com\/bottesetvelo.com\/blog\/wp-content\/uploads\/2024\/12\/20241215_154149.jpg?fit=1024%2C473&amp;ssl=1\" src=\"https:\/\/i0.wp.com\/bottesetvelo.com\/blog\/wp-content\/uploads\/2024\/12\/20241215_154149.jpg?resize=500%2C231&#038;ssl=1\" alt=\"\" class=\"wp-image-5225\" srcset=\"https:\/\/i0.wp.com\/bottesetvelo.com\/blog\/wp-content\/uploads\/2024\/12\/20241215_154149.jpg?resize=500%2C231&amp;ssl=1 500w, https:\/\/i0.wp.com\/bottesetvelo.com\/blog\/wp-content\/uploads\/2024\/12\/20241215_154149.jpg?resize=768%2C355&amp;ssl=1 768w, https:\/\/i0.wp.com\/bottesetvelo.com\/blog\/wp-content\/uploads\/2024\/12\/20241215_154149.jpg?resize=1024%2C473&amp;ssl=1 1024w, https:\/\/i0.wp.com\/bottesetvelo.com\/blog\/wp-content\/uploads\/2024\/12\/20241215_154149.jpg?resize=1536%2C710&amp;ssl=1 1536w, https:\/\/i0.wp.com\/bottesetvelo.com\/blog\/wp-content\/uploads\/2024\/12\/20241215_154149.jpg?resize=2048%2C946&amp;ssl=1 2048w, https:\/\/i0.wp.com\/bottesetvelo.com\/blog\/wp-content\/uploads\/2024\/12\/20241215_154149.jpg?w=2340&amp;ssl=1 2340w, https:\/\/i0.wp.com\/bottesetvelo.com\/blog\/wp-content\/uploads\/2024\/12\/20241215_154149.jpg?w=3510&amp;ssl=1 3510w\" sizes=\"auto, (max-width: 500px) 100vw, 500px\" \/><\/figure>\n<\/div>\n\n\n<p>Dans cette section du cimeti\u00e8re, aucune pierre tombale ne s\u2019\u00e9l\u00e8ve\u202f; elles sont toutes incrust\u00e9es dans le sol. Quelques arbres se dressent ici et l\u00e0. C\u2019est la nature qui domine, comme dans une plaine. Ce n\u2019est pas la mort qui est ainsi mise en \u00e9vidence, mais la vie. Dans ce grand jardin, Lucie repose. Apr\u00e8s tout, son nom \u00e9tait Lafleur\u202f! Ce fut notre dernier t\u00eate-\u00e0-t\u00eate. Lucie avait cette fa\u00e7on de dire au revoir en appuyant son front contre le mien. Ce souvenir r\u00e9sonne encore en moi.<\/p>\n\n\n\n<p><strong>Ce qui fait dire \u00ab<\/strong><strong>\u202f<\/strong><strong>p<\/strong><strong>\u00e8<\/strong><strong>lerinage<\/strong><strong>\u202f<\/strong><strong>\u00bb<\/strong><strong><\/strong><\/p>\n\n\n\n<p>Ce qui fait dire \u00ab\u202fp\u00e8lerinage\u202f\u00bb ne se limite pas aux lieux, mais r\u00e9side dans le mouvement qu\u2019il engendre\u202f: le p\u00e8lerin ne peut pas en rester l\u00e0, il doit cheminer. Ainsi, le p\u00e8lerinage n\u2019est ni dans les lieux, ni dans les rencontres, mais dans l\u2019effort d\u2019\u00e9couter ce qui s\u2019est mis en place \u00e0 travers l\u2019exp\u00e9rience v\u00e9cue. Il ne s\u2019agit pas de chercher une v\u00e9rit\u00e9 absolue, mais ce qui parle au c\u0153ur.<\/p>\n\n\n\n<p>Si je vous ai permis d\u2019entrer dans ce mouvement que je tente d\u2019ordonner et de relier, c\u2019est pour vous partager une part de moi, mais aussi pour vous faire go\u00fbter comment travaille l\u2019exp\u00e9rience p\u00e8lerine. Aujourd\u2019hui, avec ce r\u00e9cit, j\u2019ai pos\u00e9 certains lieux de ce p\u00e8lerinage\u202f: <em>\u00eatre ensemble, je te b\u00e9nis, le caf\u00e9 St James, A Mother\u2019s Joy, la messe du 3<\/em><em>\u1d49<\/em><em> dimanche de l\u2019Avent<\/em> et <em>Resurrection Cemetery<\/em>. Ces lieux s\u2019ordonnent de mani\u00e8re signifiante, comme les mots d\u2019une phrase.<\/p>\n\n\n<div class=\"wp-block-image\">\n<figure class=\"alignright size-medium\"><img data-recalc-dims=\"1\" loading=\"lazy\" decoding=\"async\" width=\"500\" height=\"281\" data-attachment-id=\"5227\" data-permalink=\"https:\/\/bottesetvelo.com\/blog\/2024\/12\/20\/ces-pelerinages-inattendus\/20211223_141326\/\" data-orig-file=\"https:\/\/i0.wp.com\/bottesetvelo.com\/blog\/wp-content\/uploads\/2024\/12\/20211223_141326.jpg?fit=4608%2C2592&amp;ssl=1\" data-orig-size=\"4608,2592\" data-comments-opened=\"1\" data-image-meta=\"{&quot;aperture&quot;:&quot;1.7&quot;,&quot;credit&quot;:&quot;&quot;,&quot;camera&quot;:&quot;SM-A530W&quot;,&quot;caption&quot;:&quot;&quot;,&quot;created_timestamp&quot;:&quot;1640268806&quot;,&quot;copyright&quot;:&quot;&quot;,&quot;focal_length&quot;:&quot;3.93&quot;,&quot;iso&quot;:&quot;40&quot;,&quot;shutter_speed&quot;:&quot;0.0012674271229404&quot;,&quot;title&quot;:&quot;&quot;,&quot;orientation&quot;:&quot;1&quot;}\" data-image-title=\"20211223_141326\" data-image-description=\"\" data-image-caption=\"\" data-large-file=\"https:\/\/i0.wp.com\/bottesetvelo.com\/blog\/wp-content\/uploads\/2024\/12\/20211223_141326.jpg?fit=1024%2C576&amp;ssl=1\" src=\"https:\/\/i0.wp.com\/bottesetvelo.com\/blog\/wp-content\/uploads\/2024\/12\/20211223_141326.jpg?resize=500%2C281&#038;ssl=1\" alt=\"\" class=\"wp-image-5227\" srcset=\"https:\/\/i0.wp.com\/bottesetvelo.com\/blog\/wp-content\/uploads\/2024\/12\/20211223_141326.jpg?resize=500%2C281&amp;ssl=1 500w, https:\/\/i0.wp.com\/bottesetvelo.com\/blog\/wp-content\/uploads\/2024\/12\/20211223_141326.jpg?resize=768%2C432&amp;ssl=1 768w, https:\/\/i0.wp.com\/bottesetvelo.com\/blog\/wp-content\/uploads\/2024\/12\/20211223_141326.jpg?resize=1024%2C576&amp;ssl=1 1024w, https:\/\/i0.wp.com\/bottesetvelo.com\/blog\/wp-content\/uploads\/2024\/12\/20211223_141326.jpg?resize=1536%2C864&amp;ssl=1 1536w, https:\/\/i0.wp.com\/bottesetvelo.com\/blog\/wp-content\/uploads\/2024\/12\/20211223_141326.jpg?resize=2048%2C1152&amp;ssl=1 2048w, https:\/\/i0.wp.com\/bottesetvelo.com\/blog\/wp-content\/uploads\/2024\/12\/20211223_141326.jpg?resize=1140%2C641&amp;ssl=1 1140w, https:\/\/i0.wp.com\/bottesetvelo.com\/blog\/wp-content\/uploads\/2024\/12\/20211223_141326.jpg?resize=540%2C304&amp;ssl=1 540w, https:\/\/i0.wp.com\/bottesetvelo.com\/blog\/wp-content\/uploads\/2024\/12\/20211223_141326.jpg?w=2340&amp;ssl=1 2340w, https:\/\/i0.wp.com\/bottesetvelo.com\/blog\/wp-content\/uploads\/2024\/12\/20211223_141326.jpg?w=3510&amp;ssl=1 3510w\" sizes=\"auto, (max-width: 500px) 100vw, 500px\" \/><\/figure>\n<\/div>\n\n\n<p>Il me revient maintenant de parcourir cet assemblage et de r\u00e9fl\u00e9chir \u00e0 la mani\u00e8re dont il m\u2019invite \u00e0 cheminer. Ce qui est clair, c\u2019est que je ne peux pas en rester l\u00e0. Ultimement \u2014 et c\u2019est ainsi que la pierre tombale devient pierre de gu\u00e9 \u2014, je dois \u00eatre en mesure de prendre appui sur cette exp\u00e9rience pour aller de l\u2019avant et construire un espace de vie renouvel\u00e9. C\u2019est ce qui est \u00e0 m\u00e9diter, \u00e0 approfondir. Chaque p\u00e8lerinage fabrique de l\u2019espace\u202f: de l\u2019espace pour vivre, de l\u2019espace pour souffler, de l\u2019espace pour \u00eatre. \u00c0 nous de saisir ces occasions.<\/p>\n\n\n<div class=\"wp-block-image\">\n<figure class=\"alignright size-full\"><img data-recalc-dims=\"1\" loading=\"lazy\" decoding=\"async\" width=\"160\" height=\"126\" data-attachment-id=\"5073\" data-permalink=\"https:\/\/bottesetvelo.com\/blog\/2023\/10\/20\/retour-a-la-vraie-vie\/bottes-et-velo-embleme-transparent-petit\/\" data-orig-file=\"https:\/\/i0.wp.com\/bottesetvelo.com\/blog\/wp-content\/uploads\/2023\/10\/Bottes-et-Velo-Embleme-transparent-petit.png?fit=160%2C126&amp;ssl=1\" data-orig-size=\"160,126\" data-comments-opened=\"1\" data-image-meta=\"{&quot;aperture&quot;:&quot;0&quot;,&quot;credit&quot;:&quot;&quot;,&quot;camera&quot;:&quot;&quot;,&quot;caption&quot;:&quot;&quot;,&quot;created_timestamp&quot;:&quot;0&quot;,&quot;copyright&quot;:&quot;&quot;,&quot;focal_length&quot;:&quot;0&quot;,&quot;iso&quot;:&quot;0&quot;,&quot;shutter_speed&quot;:&quot;0&quot;,&quot;title&quot;:&quot;&quot;,&quot;orientation&quot;:&quot;0&quot;}\" data-image-title=\"Bottes et V\u00e9lo &amp;#8211; Embl\u00eame &amp;#8211; transparent (petit)\" data-image-description=\"\" data-image-caption=\"\" data-large-file=\"https:\/\/i0.wp.com\/bottesetvelo.com\/blog\/wp-content\/uploads\/2023\/10\/Bottes-et-Velo-Embleme-transparent-petit.png?fit=160%2C126&amp;ssl=1\" src=\"https:\/\/i0.wp.com\/bottesetvelo.com\/blog\/wp-content\/uploads\/2023\/10\/Bottes-et-Velo-Embleme-transparent-petit.png?resize=160%2C126&#038;ssl=1\" alt=\"\" class=\"wp-image-5073\"\/><\/figure>\n<\/div>\n\n\n<p>De joyeuses f\u00eates \u00e0 vous tous!<\/p>\n\n\n\n<p>\u00c9ric Lalibert\u00e9<\/p>\n\n\n\n<hr class=\"wp-block-separator has-alpha-channel-opacity\"\/>\n\n\n\n<p><a href=\"#_ftnref1\" id=\"_ftn1\">[1]<\/a> Pour entendre une version similaire \u00e0 ce que nous avons entendu\u00a0: <a href=\"https:\/\/youtu.be\/cBfJuMrkKJw?si=_xenTz1s6ExLr-Va\">Capital University Chapel Choir<\/a>.<\/p>\n\n\n\n<p><\/p>\n","protected":false},"excerpt":{"rendered":"<p>La rencontre est au c\u0153ur de l\u2019exp\u00e9rience p\u00e8lerine. Au fil de nos pas, des liens d\u2019une teneur incomparable se tissent. Jamais pr\u00e9visibles, chacune de ces rencontres est porteuse de sens. Si certaines ont un impact plus fort que d\u2019autres, si certaines nous blessent, nous tiraillent, d\u2019autres savent tirer le meilleur de nous-m\u00eames. Par la gr\u00e2ce&hellip;<\/p>\n","protected":false},"author":3,"featured_media":5222,"comment_status":"open","ping_status":"open","sticky":false,"template":"","format":"standard","meta":{"jetpack_post_was_ever_published":false,"_jetpack_newsletter_access":"","_jetpack_dont_email_post_to_subs":false,"_jetpack_newsletter_tier_id":0,"_jetpack_memberships_contains_paywalled_content":false,"_jetpack_memberships_contains_paid_content":false,"footnotes":"","jetpack_publicize_message":"","jetpack_publicize_feature_enabled":true,"jetpack_social_post_already_shared":true,"jetpack_social_options":{"image_generator_settings":{"template":"highway","default_image_id":0,"font":"","enabled":false},"version":2}},"categories":[745,171,3],"tags":[753,168,426],"class_list":["post-5218","post","type-post","status-publish","format-standard","has-post-thumbnail","hentry","category-experience-pelerine","category-pelerinage","category-reflexions","tag-assisi-heights","tag-demarche-du-pelerin","tag-experience-pelerine"],"jetpack_publicize_connections":[],"jetpack_featured_media_url":"https:\/\/i0.wp.com\/bottesetvelo.com\/blog\/wp-content\/uploads\/2024\/12\/winter-6024017_1280-1280x840-e1734711417959.jpg?fit=1280%2C717&ssl=1","jetpack_shortlink":"https:\/\/wp.me\/p4eY6z-1ma","jetpack_sharing_enabled":true,"jetpack_likes_enabled":true,"jetpack-related-posts":[],"_links":{"self":[{"href":"https:\/\/bottesetvelo.com\/blog\/wp-json\/wp\/v2\/posts\/5218","targetHints":{"allow":["GET"]}}],"collection":[{"href":"https:\/\/bottesetvelo.com\/blog\/wp-json\/wp\/v2\/posts"}],"about":[{"href":"https:\/\/bottesetvelo.com\/blog\/wp-json\/wp\/v2\/types\/post"}],"author":[{"embeddable":true,"href":"https:\/\/bottesetvelo.com\/blog\/wp-json\/wp\/v2\/users\/3"}],"replies":[{"embeddable":true,"href":"https:\/\/bottesetvelo.com\/blog\/wp-json\/wp\/v2\/comments?post=5218"}],"version-history":[{"count":5,"href":"https:\/\/bottesetvelo.com\/blog\/wp-json\/wp\/v2\/posts\/5218\/revisions"}],"predecessor-version":[{"id":5229,"href":"https:\/\/bottesetvelo.com\/blog\/wp-json\/wp\/v2\/posts\/5218\/revisions\/5229"}],"wp:featuredmedia":[{"embeddable":true,"href":"https:\/\/bottesetvelo.com\/blog\/wp-json\/wp\/v2\/media\/5222"}],"wp:attachment":[{"href":"https:\/\/bottesetvelo.com\/blog\/wp-json\/wp\/v2\/media?parent=5218"}],"wp:term":[{"taxonomy":"category","embeddable":true,"href":"https:\/\/bottesetvelo.com\/blog\/wp-json\/wp\/v2\/categories?post=5218"},{"taxonomy":"post_tag","embeddable":true,"href":"https:\/\/bottesetvelo.com\/blog\/wp-json\/wp\/v2\/tags?post=5218"}],"curies":[{"name":"wp","href":"https:\/\/api.w.org\/{rel}","templated":true}]}}