{"id":5181,"date":"2024-05-24T12:12:28","date_gmt":"2024-05-24T16:12:28","guid":{"rendered":"https:\/\/bottesetvelo.com\/blog\/?p=5181"},"modified":"2024-05-24T12:12:28","modified_gmt":"2024-05-24T16:12:28","slug":"le-pelerinage-est-dans-le-langage","status":"publish","type":"post","link":"https:\/\/bottesetvelo.com\/blog\/2024\/05\/24\/le-pelerinage-est-dans-le-langage\/","title":{"rendered":"Le p\u00e8lerinage est dans le langage"},"content":{"rendered":"\n<p class=\"has-drop-cap\">Dans un documentaire de Richard Gravel, sorti en 2016, la bande-annonce pr\u00e9sente un homme disant\u00a0: \u00ab\u00a0Lorsque je vais sur le chemin de Compostelle, je suis heureux. Demandez-moi pas pourquoi, je suis heureux !\u00a0\u00bb. \u00a0Si cette phrase, en apparence banal, semble r\u00e9sumer l\u2019exp\u00e9rience des chemins compostellans, celle-ci est cependant lourde de sens en ce qu\u2019elle met une barri\u00e8re \u00e0 ce qui pourrait faire en sorte que ce chemin aboutisse\u00a0: \u00ab\u00a0Ne me demandez pas!\u00a0\u00bb. Refuser de dire \u00e9quivaut \u00e0 refuser de faire advenir \u2013 faire naitre \u2013 ce qui nous anime et le regarder en face. Sans paroles, l\u2019exp\u00e9rience demeure dans le flou d\u2019une sensibilit\u00e9 exacerb\u00e9. Un bien \u00eatre qui rel\u00e8ve de la d\u00e9pendance, puisqu\u2019il anesth\u00e9sie bien plus qu\u2019il ne r\u00e9v\u00e8le et permet de fuir ce qui ne va pas.<\/p>\n\n\n<div class=\"wp-block-image\">\n<figure class=\"alignright size-medium\"><img data-recalc-dims=\"1\" loading=\"lazy\" decoding=\"async\" width=\"500\" height=\"225\" data-attachment-id=\"5184\" data-permalink=\"https:\/\/bottesetvelo.com\/blog\/2024\/05\/24\/le-pelerinage-est-dans-le-langage\/20230924_113011\/\" data-orig-file=\"https:\/\/i0.wp.com\/bottesetvelo.com\/blog\/wp-content\/uploads\/2024\/05\/20230924_113011.jpg?fit=4032%2C1816&amp;ssl=1\" data-orig-size=\"4032,1816\" data-comments-opened=\"1\" data-image-meta=\"{&quot;aperture&quot;:&quot;1.8&quot;,&quot;credit&quot;:&quot;&quot;,&quot;camera&quot;:&quot;SM-G781W&quot;,&quot;caption&quot;:&quot;&quot;,&quot;created_timestamp&quot;:&quot;1695555011&quot;,&quot;copyright&quot;:&quot;&quot;,&quot;focal_length&quot;:&quot;5.4&quot;,&quot;iso&quot;:&quot;40&quot;,&quot;shutter_speed&quot;:&quot;0.0016233766233766&quot;,&quot;title&quot;:&quot;&quot;,&quot;orientation&quot;:&quot;1&quot;}\" data-image-title=\"20230924_113011\" data-image-description=\"\" data-image-caption=\"\" data-large-file=\"https:\/\/i0.wp.com\/bottesetvelo.com\/blog\/wp-content\/uploads\/2024\/05\/20230924_113011.jpg?fit=1024%2C461&amp;ssl=1\" src=\"https:\/\/i0.wp.com\/bottesetvelo.com\/blog\/wp-content\/uploads\/2024\/05\/20230924_113011.jpg?resize=500%2C225&#038;ssl=1\" alt=\"\" class=\"wp-image-5184\" srcset=\"https:\/\/i0.wp.com\/bottesetvelo.com\/blog\/wp-content\/uploads\/2024\/05\/20230924_113011.jpg?resize=500%2C225&amp;ssl=1 500w, https:\/\/i0.wp.com\/bottesetvelo.com\/blog\/wp-content\/uploads\/2024\/05\/20230924_113011.jpg?resize=768%2C346&amp;ssl=1 768w, https:\/\/i0.wp.com\/bottesetvelo.com\/blog\/wp-content\/uploads\/2024\/05\/20230924_113011.jpg?resize=1024%2C461&amp;ssl=1 1024w, https:\/\/i0.wp.com\/bottesetvelo.com\/blog\/wp-content\/uploads\/2024\/05\/20230924_113011.jpg?resize=1536%2C692&amp;ssl=1 1536w, https:\/\/i0.wp.com\/bottesetvelo.com\/blog\/wp-content\/uploads\/2024\/05\/20230924_113011.jpg?resize=2048%2C922&amp;ssl=1 2048w, https:\/\/i0.wp.com\/bottesetvelo.com\/blog\/wp-content\/uploads\/2024\/05\/20230924_113011.jpg?w=2340&amp;ssl=1 2340w, https:\/\/i0.wp.com\/bottesetvelo.com\/blog\/wp-content\/uploads\/2024\/05\/20230924_113011.jpg?w=3510&amp;ssl=1 3510w\" sizes=\"auto, (max-width: 500px) 100vw, 500px\" \/><\/figure>\n<\/div>\n\n\n<p>Le petit prince de St-Exup\u00e9ry aurait sans doute demand\u00e9&nbsp;: \u00ab&nbsp;Pourquoi marches-tu? \u2013 Pour \u00eatre heureux, aurait r\u00e9pondu l\u2019homme. \u2013 Pourquoi veux-tu \u00eatre heureux? aurait ajout\u00e9 le petit prince. \u2013 Ne me demande pas pourquoi!&nbsp;\u00bb Le dialogue aurait fini ici.<\/p>\n\n\n\n<p>Compostelle n\u2019existe que parce qu\u2019il est racont\u00e9. Quelle est cette joie, ce bien-\u00eatre ? De quoi sont-ils faits ? O\u00f9 trouvent-ils leur source ? Tout l\u2019enjeu de l\u2019exp\u00e9rience p\u00e8lerine repose sur cette mise en langage. Faire l\u2019effort de dire, de mettre des mots sur ce qui nous habite lors de ces longues marches, m\u00eame lorsque les mots manquent. L\u2019exigence est l\u00e0 : accepter de plonger dans les profondeurs de l\u2019exp\u00e9rience pour saisir en quoi elle remue nos fondements et les \u00e9branle.<\/p>\n\n\n<div class=\"wp-block-image\">\n<figure class=\"alignright size-medium\"><img data-recalc-dims=\"1\" loading=\"lazy\" decoding=\"async\" width=\"500\" height=\"225\" data-attachment-id=\"5185\" data-permalink=\"https:\/\/bottesetvelo.com\/blog\/2024\/05\/24\/le-pelerinage-est-dans-le-langage\/20230926_075147\/\" data-orig-file=\"https:\/\/i0.wp.com\/bottesetvelo.com\/blog\/wp-content\/uploads\/2024\/05\/20230926_075147.jpg?fit=4000%2C1800&amp;ssl=1\" data-orig-size=\"4000,1800\" data-comments-opened=\"1\" data-image-meta=\"{&quot;aperture&quot;:&quot;2.2&quot;,&quot;credit&quot;:&quot;&quot;,&quot;camera&quot;:&quot;SM-G781W&quot;,&quot;caption&quot;:&quot;&quot;,&quot;created_timestamp&quot;:&quot;1695714707&quot;,&quot;copyright&quot;:&quot;&quot;,&quot;focal_length&quot;:&quot;1.74&quot;,&quot;iso&quot;:&quot;640&quot;,&quot;shutter_speed&quot;:&quot;0.03030303030303&quot;,&quot;title&quot;:&quot;&quot;,&quot;orientation&quot;:&quot;1&quot;}\" data-image-title=\"20230926_075147\" data-image-description=\"\" data-image-caption=\"\" data-large-file=\"https:\/\/i0.wp.com\/bottesetvelo.com\/blog\/wp-content\/uploads\/2024\/05\/20230926_075147.jpg?fit=1024%2C461&amp;ssl=1\" src=\"https:\/\/i0.wp.com\/bottesetvelo.com\/blog\/wp-content\/uploads\/2024\/05\/20230926_075147.jpg?resize=500%2C225&#038;ssl=1\" alt=\"\" class=\"wp-image-5185\" srcset=\"https:\/\/i0.wp.com\/bottesetvelo.com\/blog\/wp-content\/uploads\/2024\/05\/20230926_075147.jpg?resize=500%2C225&amp;ssl=1 500w, https:\/\/i0.wp.com\/bottesetvelo.com\/blog\/wp-content\/uploads\/2024\/05\/20230926_075147.jpg?resize=768%2C346&amp;ssl=1 768w, https:\/\/i0.wp.com\/bottesetvelo.com\/blog\/wp-content\/uploads\/2024\/05\/20230926_075147.jpg?resize=1024%2C461&amp;ssl=1 1024w, https:\/\/i0.wp.com\/bottesetvelo.com\/blog\/wp-content\/uploads\/2024\/05\/20230926_075147.jpg?resize=1536%2C691&amp;ssl=1 1536w, https:\/\/i0.wp.com\/bottesetvelo.com\/blog\/wp-content\/uploads\/2024\/05\/20230926_075147.jpg?resize=2048%2C922&amp;ssl=1 2048w, https:\/\/i0.wp.com\/bottesetvelo.com\/blog\/wp-content\/uploads\/2024\/05\/20230926_075147.jpg?w=2340&amp;ssl=1 2340w, https:\/\/i0.wp.com\/bottesetvelo.com\/blog\/wp-content\/uploads\/2024\/05\/20230926_075147.jpg?w=3510&amp;ssl=1 3510w\" sizes=\"auto, (max-width: 500px) 100vw, 500px\" \/><\/figure>\n<\/div>\n\n\n<p>Dire : \u00ab Lorsque je vais sur les chemins de Compostelle, je suis heureux \u00bb r\u00e9v\u00e8le bien plus qu\u2019il n\u2019y para\u00eet. \u00catre heureux sur les chemins de Compostelle laisse entendre que ce bonheur n\u2019existe pas ailleurs, que cette joie est absente du quotidien. Le \u00ab ne me demandez pas pourquoi \u00bb court-circuite ce qui aurait permis de mettre en lumi\u00e8re ce qui manque au quotidien. Entrer dans cet espace aurait permis \u00e0 cet homme de regarder en face la v\u00e9rit\u00e9 de sa vie et de discerner plus justement ce qui donne du go\u00fbt \u00e0 son existence en ce moment compostellan. Se dire heureux ne suffit donc pas, encore faut-il savoir pourquoi et ce qui induit cet \u00e9tat. Par quoi ai-je \u00e9t\u00e9 touch\u00e9 pour \u00eatre boulevers\u00e9 \u00e0 ce point ? Qu\u2019est-ce que l\u2019exp\u00e9rience m\u2019enseigne sur ma qualit\u00e9 de vie ? Qu\u2019est-ce que je m\u2019autorise ici, que je ne m\u2019autorise pas ailleurs, et pourquoi ?<\/p>\n\n\n<div class=\"wp-block-image\">\n<figure class=\"alignright size-medium\"><img data-recalc-dims=\"1\" loading=\"lazy\" decoding=\"async\" width=\"500\" height=\"225\" data-attachment-id=\"5186\" data-permalink=\"https:\/\/bottesetvelo.com\/blog\/2024\/05\/24\/le-pelerinage-est-dans-le-langage\/20231006_095018\/\" data-orig-file=\"https:\/\/i0.wp.com\/bottesetvelo.com\/blog\/wp-content\/uploads\/2024\/05\/20231006_095018.jpg?fit=4032%2C1816&amp;ssl=1\" data-orig-size=\"4032,1816\" data-comments-opened=\"1\" data-image-meta=\"{&quot;aperture&quot;:&quot;1.8&quot;,&quot;credit&quot;:&quot;&quot;,&quot;camera&quot;:&quot;SM-G781W&quot;,&quot;caption&quot;:&quot;&quot;,&quot;created_timestamp&quot;:&quot;1696585818&quot;,&quot;copyright&quot;:&quot;&quot;,&quot;focal_length&quot;:&quot;5.4&quot;,&quot;iso&quot;:&quot;40&quot;,&quot;shutter_speed&quot;:&quot;0.0015267175572519&quot;,&quot;title&quot;:&quot;&quot;,&quot;orientation&quot;:&quot;1&quot;}\" data-image-title=\"20231006_095018\" data-image-description=\"\" data-image-caption=\"\" data-large-file=\"https:\/\/i0.wp.com\/bottesetvelo.com\/blog\/wp-content\/uploads\/2024\/05\/20231006_095018.jpg?fit=1024%2C461&amp;ssl=1\" src=\"https:\/\/i0.wp.com\/bottesetvelo.com\/blog\/wp-content\/uploads\/2024\/05\/20231006_095018.jpg?resize=500%2C225&#038;ssl=1\" alt=\"\" class=\"wp-image-5186\" srcset=\"https:\/\/i0.wp.com\/bottesetvelo.com\/blog\/wp-content\/uploads\/2024\/05\/20231006_095018.jpg?resize=500%2C225&amp;ssl=1 500w, https:\/\/i0.wp.com\/bottesetvelo.com\/blog\/wp-content\/uploads\/2024\/05\/20231006_095018.jpg?resize=768%2C346&amp;ssl=1 768w, https:\/\/i0.wp.com\/bottesetvelo.com\/blog\/wp-content\/uploads\/2024\/05\/20231006_095018.jpg?resize=1024%2C461&amp;ssl=1 1024w, https:\/\/i0.wp.com\/bottesetvelo.com\/blog\/wp-content\/uploads\/2024\/05\/20231006_095018.jpg?resize=1536%2C692&amp;ssl=1 1536w, https:\/\/i0.wp.com\/bottesetvelo.com\/blog\/wp-content\/uploads\/2024\/05\/20231006_095018.jpg?resize=2048%2C922&amp;ssl=1 2048w, https:\/\/i0.wp.com\/bottesetvelo.com\/blog\/wp-content\/uploads\/2024\/05\/20231006_095018.jpg?w=2340&amp;ssl=1 2340w, https:\/\/i0.wp.com\/bottesetvelo.com\/blog\/wp-content\/uploads\/2024\/05\/20231006_095018.jpg?w=3510&amp;ssl=1 3510w\" sizes=\"auto, (max-width: 500px) 100vw, 500px\" \/><\/figure>\n<\/div>\n\n\n<p>L\u2019exp\u00e9rience p\u00e8lerine permet ce travail. Par la mise \u00e0 distance qu\u2019elle pr\u00e9suppose, hors de nos routines usuelles et de notre zone de contr\u00f4le, elle rend plus apte \u00e0 voir ce qui se cache en filigrane de nos vies. Elle permet de s\u2019observer en v\u00e9rit\u00e9 : qu\u2019est-ce qui go\u00fbte si bon ? Qu\u2019est-ce qui fait tant de bien ? Qu\u2019est-ce qui manque \u00e0 ma vie ? Qu\u2019est-ce qui est en trop?<\/p>\n\n\n\n<p>Les chemins de Compostelle, ou tout autre chemin p\u00e8lerin, offrent une opportunit\u00e9 unique de r\u00e9flexion et de mise en mots de ce qui nous anime. Il est essentiel de verbaliser ces exp\u00e9riences pour en saisir toute la port\u00e9e et int\u00e9grer pleinement les le\u00e7ons qu\u2019elles nous offrent. C\u2019est dans cette d\u00e9marche que r\u00e9side la valeur de l\u2019exp\u00e9rience p\u00e8lerine, elle va au-del\u00e0 du simple bien-\u00eatre ressenti.<\/p>\n\n\n<div class=\"wp-block-image\">\n<figure class=\"alignright size-full\"><img data-recalc-dims=\"1\" loading=\"lazy\" decoding=\"async\" width=\"160\" height=\"126\" data-attachment-id=\"5073\" data-permalink=\"https:\/\/bottesetvelo.com\/blog\/2023\/10\/20\/retour-a-la-vraie-vie\/bottes-et-velo-embleme-transparent-petit\/\" data-orig-file=\"https:\/\/i0.wp.com\/bottesetvelo.com\/blog\/wp-content\/uploads\/2023\/10\/Bottes-et-Velo-Embleme-transparent-petit.png?fit=160%2C126&amp;ssl=1\" data-orig-size=\"160,126\" data-comments-opened=\"1\" data-image-meta=\"{&quot;aperture&quot;:&quot;0&quot;,&quot;credit&quot;:&quot;&quot;,&quot;camera&quot;:&quot;&quot;,&quot;caption&quot;:&quot;&quot;,&quot;created_timestamp&quot;:&quot;0&quot;,&quot;copyright&quot;:&quot;&quot;,&quot;focal_length&quot;:&quot;0&quot;,&quot;iso&quot;:&quot;0&quot;,&quot;shutter_speed&quot;:&quot;0&quot;,&quot;title&quot;:&quot;&quot;,&quot;orientation&quot;:&quot;0&quot;}\" data-image-title=\"Bottes et V\u00e9lo &amp;#8211; Embl\u00eame &amp;#8211; transparent (petit)\" data-image-description=\"\" data-image-caption=\"\" data-large-file=\"https:\/\/i0.wp.com\/bottesetvelo.com\/blog\/wp-content\/uploads\/2023\/10\/Bottes-et-Velo-Embleme-transparent-petit.png?fit=160%2C126&amp;ssl=1\" src=\"https:\/\/i0.wp.com\/bottesetvelo.com\/blog\/wp-content\/uploads\/2023\/10\/Bottes-et-Velo-Embleme-transparent-petit.png?resize=160%2C126&#038;ssl=1\" alt=\"\" class=\"wp-image-5073\"\/><\/figure>\n<\/div>\n\n\n<p>\u00c9ric Lalibert\u00e9<\/p>\n\n\n\n<p><\/p>\n","protected":false},"excerpt":{"rendered":"<p>Dans un documentaire de Richard Gravel, sorti en 2016, la bande-annonce pr\u00e9sente un homme disant\u00a0: \u00ab\u00a0Lorsque je vais sur le chemin de Compostelle, je suis heureux. Demandez-moi pas pourquoi, je suis heureux !\u00a0\u00bb. \u00a0Si cette phrase, en apparence banal, semble r\u00e9sumer l\u2019exp\u00e9rience des chemins compostellans, celle-ci est cependant lourde de sens en ce qu\u2019elle met&hellip;<\/p>\n","protected":false},"author":3,"featured_media":5183,"comment_status":"open","ping_status":"open","sticky":false,"template":"","format":"standard","meta":{"jetpack_post_was_ever_published":false,"_jetpack_newsletter_access":"","_jetpack_dont_email_post_to_subs":false,"_jetpack_newsletter_tier_id":0,"_jetpack_memberships_contains_paywalled_content":false,"_jetpack_memberships_contains_paid_content":false,"footnotes":"","jetpack_publicize_message":"","jetpack_publicize_feature_enabled":true,"jetpack_social_post_already_shared":true,"jetpack_social_options":{"image_generator_settings":{"template":"highway","default_image_id":0,"font":"","enabled":false},"version":2}},"categories":[379,745,3],"tags":[275,426,746,547],"class_list":["post-5181","post","type-post","status-publish","format-standard","has-post-thumbnail","hentry","category-chemin-de-transformation","category-experience-pelerine","category-reflexions","tag-art-de-vivre","tag-experience-pelerine","tag-langage","tag-raconter"],"jetpack_publicize_connections":[],"jetpack_featured_media_url":"https:\/\/i0.wp.com\/bottesetvelo.com\/blog\/wp-content\/uploads\/2024\/05\/woman-2880999.jpg?fit=5116%2C3410&ssl=1","jetpack_shortlink":"https:\/\/wp.me\/p4eY6z-1lz","jetpack_sharing_enabled":true,"jetpack_likes_enabled":true,"jetpack-related-posts":[],"_links":{"self":[{"href":"https:\/\/bottesetvelo.com\/blog\/wp-json\/wp\/v2\/posts\/5181","targetHints":{"allow":["GET"]}}],"collection":[{"href":"https:\/\/bottesetvelo.com\/blog\/wp-json\/wp\/v2\/posts"}],"about":[{"href":"https:\/\/bottesetvelo.com\/blog\/wp-json\/wp\/v2\/types\/post"}],"author":[{"embeddable":true,"href":"https:\/\/bottesetvelo.com\/blog\/wp-json\/wp\/v2\/users\/3"}],"replies":[{"embeddable":true,"href":"https:\/\/bottesetvelo.com\/blog\/wp-json\/wp\/v2\/comments?post=5181"}],"version-history":[{"count":1,"href":"https:\/\/bottesetvelo.com\/blog\/wp-json\/wp\/v2\/posts\/5181\/revisions"}],"predecessor-version":[{"id":5187,"href":"https:\/\/bottesetvelo.com\/blog\/wp-json\/wp\/v2\/posts\/5181\/revisions\/5187"}],"wp:featuredmedia":[{"embeddable":true,"href":"https:\/\/bottesetvelo.com\/blog\/wp-json\/wp\/v2\/media\/5183"}],"wp:attachment":[{"href":"https:\/\/bottesetvelo.com\/blog\/wp-json\/wp\/v2\/media?parent=5181"}],"wp:term":[{"taxonomy":"category","embeddable":true,"href":"https:\/\/bottesetvelo.com\/blog\/wp-json\/wp\/v2\/categories?post=5181"},{"taxonomy":"post_tag","embeddable":true,"href":"https:\/\/bottesetvelo.com\/blog\/wp-json\/wp\/v2\/tags?post=5181"}],"curies":[{"name":"wp","href":"https:\/\/api.w.org\/{rel}","templated":true}]}}