{"id":5170,"date":"2024-05-15T11:55:58","date_gmt":"2024-05-15T15:55:58","guid":{"rendered":"https:\/\/bottesetvelo.com\/blog\/?p=5170"},"modified":"2024-05-15T11:55:58","modified_gmt":"2024-05-15T15:55:58","slug":"les-bottines-ne-font-pas-le-pelerin","status":"publish","type":"post","link":"https:\/\/bottesetvelo.com\/blog\/2024\/05\/15\/les-bottines-ne-font-pas-le-pelerin\/","title":{"rendered":"Les bottines ne font pas le p\u00e8lerin"},"content":{"rendered":"\n<div class=\"wp-block-group\"><div class=\"wp-block-group__inner-container is-layout-constrained wp-block-group-is-layout-constrained\">\n<p class=\"has-text-align-right has-small-font-size\">M\u00eame si l&rsquo;on taillait en pointe les oreilles d&rsquo;un baudet, <\/p>\n\n\n\n<p class=\"has-text-align-right has-small-font-size\">on n&rsquo;en ferait jamais un cheval de course.<\/p>\n<\/div><\/div>\n\n\n\n<blockquote class=\"wp-block-quote has-text-align-right has-small-font-size is-layout-flow wp-block-quote-is-layout-flow\"><cite>Michel Largilli\u00e8re.<\/cite><\/blockquote>\n\n\n<div class=\"wp-block-image\">\n<figure class=\"alignright size-large is-resized\"><img data-recalc-dims=\"1\" loading=\"lazy\" decoding=\"async\" width=\"1024\" height=\"674\" data-attachment-id=\"5172\" data-permalink=\"https:\/\/bottesetvelo.com\/blog\/2024\/05\/15\/les-bottines-ne-font-pas-le-pelerin\/2014-08-02-11-52-40-2-2\/\" data-orig-file=\"https:\/\/i0.wp.com\/bottesetvelo.com\/blog\/wp-content\/uploads\/2024\/05\/2014-08-02-11.52.40-2.jpg?fit=3093%2C2035&amp;ssl=1\" data-orig-size=\"3093,2035\" data-comments-opened=\"1\" data-image-meta=\"{&quot;aperture&quot;:&quot;2.6&quot;,&quot;credit&quot;:&quot;&quot;,&quot;camera&quot;:&quot;SGH-I747M&quot;,&quot;caption&quot;:&quot;&quot;,&quot;created_timestamp&quot;:&quot;1406980360&quot;,&quot;copyright&quot;:&quot;&quot;,&quot;focal_length&quot;:&quot;3.7&quot;,&quot;iso&quot;:&quot;50&quot;,&quot;shutter_speed&quot;:&quot;0.0012987012987013&quot;,&quot;title&quot;:&quot;&quot;,&quot;orientation&quot;:&quot;0&quot;}\" data-image-title=\"2014-08-02-11.52.40-2\" data-image-description=\"\" data-image-caption=\"\" data-large-file=\"https:\/\/i0.wp.com\/bottesetvelo.com\/blog\/wp-content\/uploads\/2024\/05\/2014-08-02-11.52.40-2.jpg?fit=1024%2C674&amp;ssl=1\" src=\"https:\/\/i0.wp.com\/bottesetvelo.com\/blog\/wp-content\/uploads\/2024\/05\/2014-08-02-11.52.40-2.jpg?resize=1024%2C674&#038;ssl=1\" alt=\"\" class=\"wp-image-5172\" style=\"width:350px\" srcset=\"https:\/\/i0.wp.com\/bottesetvelo.com\/blog\/wp-content\/uploads\/2024\/05\/2014-08-02-11.52.40-2.jpg?resize=1024%2C674&amp;ssl=1 1024w, https:\/\/i0.wp.com\/bottesetvelo.com\/blog\/wp-content\/uploads\/2024\/05\/2014-08-02-11.52.40-2.jpg?resize=500%2C329&amp;ssl=1 500w, https:\/\/i0.wp.com\/bottesetvelo.com\/blog\/wp-content\/uploads\/2024\/05\/2014-08-02-11.52.40-2.jpg?resize=768%2C505&amp;ssl=1 768w, https:\/\/i0.wp.com\/bottesetvelo.com\/blog\/wp-content\/uploads\/2024\/05\/2014-08-02-11.52.40-2.jpg?resize=1536%2C1011&amp;ssl=1 1536w, https:\/\/i0.wp.com\/bottesetvelo.com\/blog\/wp-content\/uploads\/2024\/05\/2014-08-02-11.52.40-2.jpg?resize=2048%2C1347&amp;ssl=1 2048w, https:\/\/i0.wp.com\/bottesetvelo.com\/blog\/wp-content\/uploads\/2024\/05\/2014-08-02-11.52.40-2.jpg?w=2340&amp;ssl=1 2340w\" sizes=\"auto, (max-width: 1024px) 100vw, 1024px\" \/><\/figure>\n<\/div>\n\n\n<p>Lors d\u2019un de nos nombreux p\u00e8lerinages, nous avons fait la rencontre de Bruno et Isabelle. Deux fran\u00e7ais qui voyageaient \u00e0 v\u00e9lo. Ils avaient sillonn\u00e9 l\u2019Europe, l\u2019Afrique, l\u2019Asie, l\u2019Oc\u00e9anie et arpentaient maintenant les routes de l\u2019Am\u00e9rique. Cela faisait plus de 7 ans qu\u2019ils avaient mis la cl\u00e9 sous le paillasson de leur maison. Alors qu\u2019ils nous racontaient leur p\u00e9riple, une jeune cycliste s\u2019\u00e9tonna et intervint\u00a0: \u00ab\u00a0Bruno, vous qui \u00eates cycliste depuis tout ce temps, comment se fait-il alors que vous ne portiez pas de casque?\u00a0\u00bb Car effectivement, Bruno et Isabelle ne portaient pas de casque, p\u00e9dalaient en sandales, v\u00eatus d\u2019un short et d\u2019une camisole des plus ordinaires. Bruno lui r\u00e9pondit avec un air un peu surpris\u00a0: \u00ab\u00a0Mais nous ne sommes pas cyclistes!\u00a0\u00bb Sa r\u00e9ponse nous fit tous sourire. Avoir autant de kilom\u00e8tres dans les mollets et ne pas se consid\u00e9rer cyclistes! Ils se percevaient davantage voyageurs, nomades, touristes, aventuriers. \u00ab\u00a0Le v\u00e9lo, c\u2019est juste notre moyen de transport!\u00a0\u00bb pr\u00e9cisa-t-il.<\/p>\n\n\n<div class=\"wp-block-image\">\n<figure class=\"alignright size-large is-resized\"><img data-recalc-dims=\"1\" loading=\"lazy\" decoding=\"async\" width=\"1024\" height=\"540\" data-attachment-id=\"5175\" data-permalink=\"https:\/\/bottesetvelo.com\/blog\/2024\/05\/15\/les-bottines-ne-font-pas-le-pelerin\/20200824_084053-1\/\" data-orig-file=\"https:\/\/i0.wp.com\/bottesetvelo.com\/blog\/wp-content\/uploads\/2024\/05\/20200824_084053-1.jpg?fit=3694%2C1948&amp;ssl=1\" data-orig-size=\"3694,1948\" data-comments-opened=\"1\" data-image-meta=\"{&quot;aperture&quot;:&quot;1.7&quot;,&quot;credit&quot;:&quot;&quot;,&quot;camera&quot;:&quot;SM-G950W&quot;,&quot;caption&quot;:&quot;&quot;,&quot;created_timestamp&quot;:&quot;1598258453&quot;,&quot;copyright&quot;:&quot;&quot;,&quot;focal_length&quot;:&quot;4.25&quot;,&quot;iso&quot;:&quot;50&quot;,&quot;shutter_speed&quot;:&quot;0.00049019607843137&quot;,&quot;title&quot;:&quot;&quot;,&quot;orientation&quot;:&quot;0&quot;}\" data-image-title=\"20200824_084053-1\" data-image-description=\"\" data-image-caption=\"\" data-large-file=\"https:\/\/i0.wp.com\/bottesetvelo.com\/blog\/wp-content\/uploads\/2024\/05\/20200824_084053-1.jpg?fit=1024%2C540&amp;ssl=1\" src=\"https:\/\/i0.wp.com\/bottesetvelo.com\/blog\/wp-content\/uploads\/2024\/05\/20200824_084053-1.jpg?resize=1024%2C540&#038;ssl=1\" alt=\"\" class=\"wp-image-5175\" style=\"width:350px\" srcset=\"https:\/\/i0.wp.com\/bottesetvelo.com\/blog\/wp-content\/uploads\/2024\/05\/20200824_084053-1.jpg?resize=1024%2C540&amp;ssl=1 1024w, https:\/\/i0.wp.com\/bottesetvelo.com\/blog\/wp-content\/uploads\/2024\/05\/20200824_084053-1.jpg?resize=500%2C264&amp;ssl=1 500w, https:\/\/i0.wp.com\/bottesetvelo.com\/blog\/wp-content\/uploads\/2024\/05\/20200824_084053-1.jpg?resize=768%2C405&amp;ssl=1 768w, https:\/\/i0.wp.com\/bottesetvelo.com\/blog\/wp-content\/uploads\/2024\/05\/20200824_084053-1.jpg?resize=1536%2C810&amp;ssl=1 1536w, https:\/\/i0.wp.com\/bottesetvelo.com\/blog\/wp-content\/uploads\/2024\/05\/20200824_084053-1.jpg?resize=2048%2C1080&amp;ssl=1 2048w, https:\/\/i0.wp.com\/bottesetvelo.com\/blog\/wp-content\/uploads\/2024\/05\/20200824_084053-1.jpg?w=2340&amp;ssl=1 2340w, https:\/\/i0.wp.com\/bottesetvelo.com\/blog\/wp-content\/uploads\/2024\/05\/20200824_084053-1.jpg?w=3510&amp;ssl=1 3510w\" sizes=\"auto, (max-width: 1024px) 100vw, 1024px\" \/><\/figure>\n<\/div>\n\n\n<p>Si le v\u00e9lo ne fait pas le cycliste, alors il y a fort \u00e0 penser que les bottines ne font pas le p\u00e8lerin. Un marcheur n\u2019est pas forc\u00e9ment un p\u00e8lerin. Je crois que nous sommes tous d\u2019accord sur ce point. Mais qu\u2019en est-il s\u2019il porte un gros sac \u00e0 dos? Qu\u2019il voyage de village en village, cheminant avec des b\u00e2tons de marche? Et s\u2019il a un b\u00e2ton en bois sculpt\u00e9, est-il alors davantage p\u00e8lerin? Lui manque-t-il un chapeau au large rebord pour \u00eatre reconnu comme tel, pour se distinguer du randonneur ou du simple touriste? Faut-il pour \u00eatre un p\u00e8lerin authentique \u00eatre parti du seuil de son chez soi? Vivre frugalement? Dormir modestement? Souffrir quotidiennement? Avoir les pieds us\u00e9s? Faut-il \u00eatre croyant et cheminer vers un lieu de d\u00e9votion? Comment reconnaitre le p\u00e8lerin si ces indices externes, objectivables et mesurables, ne suffisent pas? Si l\u2019habit ne fait pas le moine, qu\u2019est-ce qui le fait?<\/p>\n\n\n\n<p>Selon l\u2019adage, \u00ab&nbsp;l\u2019habit&nbsp;\u00bb pourrait n\u2019\u00eatre qu\u2019un habile leurre, permettant d\u2019influencer, de tromper, de biaiser le jugement de l\u2019autre. Il faut donc aller au-del\u00e0 de tous ces \u00e9l\u00e9ments qui ne sont en fait que des indices externes affich\u00e9s pour annoncer, voire imposer, \u00e0 l\u2019autre la lecture identitaire souhait\u00e9e. Les crit\u00e8res d\u2019identit\u00e9 de Bruno sont internes. Ce n\u2019est pas le v\u00e9lo qui lui conf\u00e8re son identit\u00e9. Le v\u00e9lo n\u2019est qu\u2019accessoire. Il en va de m\u00eame pour le p\u00e8lerin. Nul besoin d\u2019apparat \u00e0 qui se sent p\u00e8lerin. Le p\u00e8lerin s\u2019observe dans ce qu\u2019il \u00ab&nbsp;est&nbsp;\u00bb, dans sa mani\u00e8re d\u2019\u00eatre en relation, d\u2019agir et de penser. Celui qui est p\u00e8lerin sur le chemin l\u2019est donc \u00e9galement dans l\u2019ordinaire de sa vie. Ce n\u2019est pas un costume qui s\u2019enfile, c\u2019est une mani\u00e8re d\u2019\u00eatre \u00e0 la vie qui favorise encore plus de vie.<\/p>\n\n\n<div class=\"wp-block-image\">\n<figure class=\"alignright size-full is-resized\"><img data-recalc-dims=\"1\" loading=\"lazy\" decoding=\"async\" width=\"398\" height=\"314\" data-attachment-id=\"5062\" data-permalink=\"https:\/\/bottesetvelo.com\/blog\/2023\/06\/23\/contribuez-au-bon-gout-du-monde\/bottes-et-velo-embleme-5\/\" data-orig-file=\"https:\/\/i0.wp.com\/bottesetvelo.com\/blog\/wp-content\/uploads\/2023\/06\/Bottes-et-Velo-Embleme-398x314.jpg?fit=398%2C314&amp;ssl=1\" data-orig-size=\"398,314\" data-comments-opened=\"1\" data-image-meta=\"{&quot;aperture&quot;:&quot;0&quot;,&quot;credit&quot;:&quot;&quot;,&quot;camera&quot;:&quot;&quot;,&quot;caption&quot;:&quot;&quot;,&quot;created_timestamp&quot;:&quot;0&quot;,&quot;copyright&quot;:&quot;&quot;,&quot;focal_length&quot;:&quot;0&quot;,&quot;iso&quot;:&quot;0&quot;,&quot;shutter_speed&quot;:&quot;0&quot;,&quot;title&quot;:&quot;&quot;,&quot;orientation&quot;:&quot;0&quot;}\" data-image-title=\"Bottes-et-Velo-Embleme\" data-image-description=\"\" data-image-caption=\"\" data-large-file=\"https:\/\/i0.wp.com\/bottesetvelo.com\/blog\/wp-content\/uploads\/2023\/06\/Bottes-et-Velo-Embleme-398x314.jpg?fit=398%2C314&amp;ssl=1\" src=\"https:\/\/i0.wp.com\/bottesetvelo.com\/blog\/wp-content\/uploads\/2023\/06\/Bottes-et-Velo-Embleme-398x314.jpg?resize=398%2C314&#038;ssl=1\" alt=\"\" class=\"wp-image-5062\" style=\"width:85px\"\/><\/figure>\n<\/div>\n\n\n<p>Brigitte Harouni<\/p>\n","protected":false},"excerpt":{"rendered":"<p>M\u00eame si l&rsquo;on taillait en pointe les oreilles d&rsquo;un baudet, on n&rsquo;en ferait jamais un cheval de course. Michel Largilli\u00e8re. Lors d\u2019un de nos nombreux p\u00e8lerinages, nous avons fait la rencontre de Bruno et Isabelle. Deux fran\u00e7ais qui voyageaient \u00e0 v\u00e9lo. Ils avaient sillonn\u00e9 l\u2019Europe, l\u2019Afrique, l\u2019Asie, l\u2019Oc\u00e9anie et arpentaient maintenant les routes de l\u2019Am\u00e9rique.&hellip;<\/p>\n","protected":false},"author":2,"featured_media":5177,"comment_status":"open","ping_status":"open","sticky":false,"template":"","format":"standard","meta":{"jetpack_post_was_ever_published":false,"_jetpack_newsletter_access":"","_jetpack_dont_email_post_to_subs":false,"_jetpack_newsletter_tier_id":0,"_jetpack_memberships_contains_paywalled_content":false,"_jetpack_memberships_contains_paid_content":false,"footnotes":"","jetpack_publicize_message":"","jetpack_publicize_feature_enabled":true,"jetpack_social_post_already_shared":true,"jetpack_social_options":{"image_generator_settings":{"template":"highway","default_image_id":0,"font":"","enabled":false},"version":2}},"categories":[50,230,3,37],"tags":[744,743],"class_list":["post-5170","post","type-post","status-publish","format-standard","has-post-thumbnail","hentry","category-art-de-vivre","category-histoire-de-pelerin","category-reflexions","category-spiritualite-2","tag-apparences","tag-vrai-pelerin"],"jetpack_publicize_connections":[],"jetpack_featured_media_url":"https:\/\/i0.wp.com\/bottesetvelo.com\/blog\/wp-content\/uploads\/2024\/05\/Bottes-1665x321.jpg?fit=1665%2C321&ssl=1","jetpack_shortlink":"https:\/\/wp.me\/p4eY6z-1lo","jetpack_sharing_enabled":true,"jetpack_likes_enabled":true,"jetpack-related-posts":[],"_links":{"self":[{"href":"https:\/\/bottesetvelo.com\/blog\/wp-json\/wp\/v2\/posts\/5170","targetHints":{"allow":["GET"]}}],"collection":[{"href":"https:\/\/bottesetvelo.com\/blog\/wp-json\/wp\/v2\/posts"}],"about":[{"href":"https:\/\/bottesetvelo.com\/blog\/wp-json\/wp\/v2\/types\/post"}],"author":[{"embeddable":true,"href":"https:\/\/bottesetvelo.com\/blog\/wp-json\/wp\/v2\/users\/2"}],"replies":[{"embeddable":true,"href":"https:\/\/bottesetvelo.com\/blog\/wp-json\/wp\/v2\/comments?post=5170"}],"version-history":[{"count":1,"href":"https:\/\/bottesetvelo.com\/blog\/wp-json\/wp\/v2\/posts\/5170\/revisions"}],"predecessor-version":[{"id":5178,"href":"https:\/\/bottesetvelo.com\/blog\/wp-json\/wp\/v2\/posts\/5170\/revisions\/5178"}],"wp:featuredmedia":[{"embeddable":true,"href":"https:\/\/bottesetvelo.com\/blog\/wp-json\/wp\/v2\/media\/5177"}],"wp:attachment":[{"href":"https:\/\/bottesetvelo.com\/blog\/wp-json\/wp\/v2\/media?parent=5170"}],"wp:term":[{"taxonomy":"category","embeddable":true,"href":"https:\/\/bottesetvelo.com\/blog\/wp-json\/wp\/v2\/categories?post=5170"},{"taxonomy":"post_tag","embeddable":true,"href":"https:\/\/bottesetvelo.com\/blog\/wp-json\/wp\/v2\/tags?post=5170"}],"curies":[{"name":"wp","href":"https:\/\/api.w.org\/{rel}","templated":true}]}}