{"id":5149,"date":"2024-04-19T14:43:20","date_gmt":"2024-04-19T18:43:20","guid":{"rendered":"https:\/\/bottesetvelo.com\/blog\/?p=5149"},"modified":"2024-04-19T15:00:14","modified_gmt":"2024-04-19T19:00:14","slug":"le-poids-ou-le-pas","status":"publish","type":"post","link":"https:\/\/bottesetvelo.com\/blog\/2024\/04\/19\/le-poids-ou-le-pas\/","title":{"rendered":"Le poids ou le pas?"},"content":{"rendered":"\n<blockquote class=\"wp-block-quote has-text-align-right has-small-font-size is-layout-flow wp-block-quote-is-layout-flow\">\n<div class=\"wp-block-group\"><div class=\"wp-block-group__inner-container is-layout-constrained wp-block-group-is-layout-constrained\">\n<div class=\"wp-block-group is-vertical is-content-justification-right is-layout-flex wp-container-core-group-is-layout-b6c475e2 wp-block-group-is-layout-flex\">\n<p class=\"has-small-font-size\">Ne te presse pas en marchant, <\/p>\n\n\n\n<p class=\"has-small-font-size\">car o\u00f9 tu vas importe peu, <\/p>\n\n\n\n<p class=\"has-small-font-size\">comment tu y arrives est tout.\u00a0\u00bb <\/p>\n<\/div>\n<\/div><\/div>\n<cite>Proverbe tib\u00e9tain<\/cite><\/blockquote>\n\n\n\n<p>Partir en p\u00e8lerinage, c\u2019est immanquablement questionner le contenu et le poids de son sac \u00e0 dos. En chemin, on se compare et plus le sac est l\u00e9ger plus le p\u00e8lerin semble accompli. Les conseils pour all\u00e9ger la charge du bagage sont multiples et les analyses psycho-p\u00e8lerines pullulent. Tout semble inciter \u00e0 voyager le plus lestement possible. Quel est donc l\u2019enjeu du poids du sac \u00e0 dos dans le p\u00e8lerinage? \u00c0 quel niveau se situe le r\u00e9el d\u00e9fi dans ce d\u00e9placement de longue dur\u00e9e? Est-il vraiment dans le sac?<\/p>\n\n\n<div class=\"wp-block-image\">\n<figure class=\"alignright size-large is-resized\"><img data-recalc-dims=\"1\" loading=\"lazy\" decoding=\"async\" width=\"1024\" height=\"461\" data-attachment-id=\"5154\" data-permalink=\"https:\/\/bottesetvelo.com\/blog\/2024\/04\/19\/le-poids-ou-le-pas\/20231011_115459\/\" data-orig-file=\"https:\/\/i0.wp.com\/bottesetvelo.com\/blog\/wp-content\/uploads\/2024\/04\/20231011_115459.jpg?fit=4032%2C1816&amp;ssl=1\" data-orig-size=\"4032,1816\" data-comments-opened=\"1\" data-image-meta=\"{&quot;aperture&quot;:&quot;1.8&quot;,&quot;credit&quot;:&quot;&quot;,&quot;camera&quot;:&quot;SM-G781W&quot;,&quot;caption&quot;:&quot;&quot;,&quot;created_timestamp&quot;:&quot;1697025299&quot;,&quot;copyright&quot;:&quot;&quot;,&quot;focal_length&quot;:&quot;5.4&quot;,&quot;iso&quot;:&quot;40&quot;,&quot;shutter_speed&quot;:&quot;0.00040600893219651&quot;,&quot;title&quot;:&quot;&quot;,&quot;orientation&quot;:&quot;1&quot;}\" data-image-title=\"20231011_115459\" data-image-description=\"\" data-image-caption=\"\" data-large-file=\"https:\/\/i0.wp.com\/bottesetvelo.com\/blog\/wp-content\/uploads\/2024\/04\/20231011_115459.jpg?fit=1024%2C461&amp;ssl=1\" src=\"https:\/\/i0.wp.com\/bottesetvelo.com\/blog\/wp-content\/uploads\/2024\/04\/20231011_115459.jpg?resize=1024%2C461&#038;ssl=1\" alt=\"\" class=\"wp-image-5154\" style=\"width:351px;height:auto\" srcset=\"https:\/\/i0.wp.com\/bottesetvelo.com\/blog\/wp-content\/uploads\/2024\/04\/20231011_115459.jpg?resize=1024%2C461&amp;ssl=1 1024w, https:\/\/i0.wp.com\/bottesetvelo.com\/blog\/wp-content\/uploads\/2024\/04\/20231011_115459.jpg?resize=500%2C225&amp;ssl=1 500w, https:\/\/i0.wp.com\/bottesetvelo.com\/blog\/wp-content\/uploads\/2024\/04\/20231011_115459.jpg?resize=768%2C346&amp;ssl=1 768w, https:\/\/i0.wp.com\/bottesetvelo.com\/blog\/wp-content\/uploads\/2024\/04\/20231011_115459.jpg?resize=1536%2C692&amp;ssl=1 1536w, https:\/\/i0.wp.com\/bottesetvelo.com\/blog\/wp-content\/uploads\/2024\/04\/20231011_115459.jpg?resize=2048%2C922&amp;ssl=1 2048w, https:\/\/i0.wp.com\/bottesetvelo.com\/blog\/wp-content\/uploads\/2024\/04\/20231011_115459.jpg?w=2340&amp;ssl=1 2340w, https:\/\/i0.wp.com\/bottesetvelo.com\/blog\/wp-content\/uploads\/2024\/04\/20231011_115459.jpg?w=3510&amp;ssl=1 3510w\" sizes=\"auto, (max-width: 1024px) 100vw, 1024px\" \/><\/figure>\n<\/div>\n\n\n<p>Certains diront qu\u2019un sac trop lourd risque d\u2019engendrer des blessures. Et, bien que ce soit exact, force est de constater que nombreux sont les randonneurs journaliers qui se blessent sans m\u00eame porter de poids. Ampoules, tendinites, foulures, chutes peuvent apparaitre quel que soit le poids transport\u00e9. Le sac \u00e0 dos n\u2019est donc qu\u2019un facteur secondaire. \u00c0 la source de la probl\u00e9matique r\u00e9side le marcheur. Sa mani\u00e8re de marcher est davantage \u00e0 consid\u00e9rer et \u00e0 observer s\u2019il veut \u00e9viter de se blesser. Il doit apprendre \u00e0 ajuster le rythme de sa marche en fonction de la temp\u00e9rature, du type de sol, du d\u00e9nivel\u00e9, de sa condition physique et, bien \u00e9videmment, en fonction du poids qu\u2019il porte sur ses \u00e9paules. Une \u00e9coute sensible des signaux du corps saura mieux le pr\u00e9venir de souffrances que la l\u00e9g\u00e8ret\u00e9 de son sac \u00e0 dos. L\u2019enjeu n\u2019est donc pas d\u2019all\u00e9ger son sac \u00e0 dos, mais de moduler sa marche et de la questionner afin de d\u00e9celer ce qui est \u00e0 l\u2019origine du comportement qui a occasionn\u00e9 la blessure. Pourquoi n\u2019ai-je pas arr\u00eat\u00e9 pour prendre soin de mes pieds? Pourquoi n\u2019ai-je pas ralenti le pas dans la mont\u00e9e, dans cette descente abrupte? Pourquoi n\u2019ai-je pas choisi d\u2019\u00e9courter ma journ\u00e9e de marche?<\/p>\n\n\n<div class=\"wp-block-image\">\n<figure class=\"alignright size-large is-resized\"><img data-recalc-dims=\"1\" loading=\"lazy\" decoding=\"async\" width=\"1024\" height=\"559\" data-attachment-id=\"5156\" data-permalink=\"https:\/\/bottesetvelo.com\/blog\/2024\/04\/19\/le-poids-ou-le-pas\/dscn2676\/\" data-orig-file=\"https:\/\/i0.wp.com\/bottesetvelo.com\/blog\/wp-content\/uploads\/2024\/04\/DSCN2676.jpg?fit=4607%2C2516&amp;ssl=1\" data-orig-size=\"4607,2516\" data-comments-opened=\"1\" data-image-meta=\"{&quot;aperture&quot;:&quot;4&quot;,&quot;credit&quot;:&quot;&quot;,&quot;camera&quot;:&quot;COOLPIX S9900&quot;,&quot;caption&quot;:&quot;&quot;,&quot;created_timestamp&quot;:&quot;1499070296&quot;,&quot;copyright&quot;:&quot;&quot;,&quot;focal_length&quot;:&quot;5.4&quot;,&quot;iso&quot;:&quot;125&quot;,&quot;shutter_speed&quot;:&quot;0.000625&quot;,&quot;title&quot;:&quot;&quot;,&quot;orientation&quot;:&quot;1&quot;}\" data-image-title=\"DSCN2676\" data-image-description=\"\" data-image-caption=\"\" data-large-file=\"https:\/\/i0.wp.com\/bottesetvelo.com\/blog\/wp-content\/uploads\/2024\/04\/DSCN2676.jpg?fit=1024%2C559&amp;ssl=1\" src=\"https:\/\/i0.wp.com\/bottesetvelo.com\/blog\/wp-content\/uploads\/2024\/04\/DSCN2676.jpg?resize=1024%2C559&#038;ssl=1\" alt=\"\" class=\"wp-image-5156\" style=\"width:354px;height:auto\" srcset=\"https:\/\/i0.wp.com\/bottesetvelo.com\/blog\/wp-content\/uploads\/2024\/04\/DSCN2676.jpg?resize=1024%2C559&amp;ssl=1 1024w, https:\/\/i0.wp.com\/bottesetvelo.com\/blog\/wp-content\/uploads\/2024\/04\/DSCN2676.jpg?resize=500%2C273&amp;ssl=1 500w, https:\/\/i0.wp.com\/bottesetvelo.com\/blog\/wp-content\/uploads\/2024\/04\/DSCN2676.jpg?resize=768%2C419&amp;ssl=1 768w, https:\/\/i0.wp.com\/bottesetvelo.com\/blog\/wp-content\/uploads\/2024\/04\/DSCN2676.jpg?resize=1536%2C839&amp;ssl=1 1536w, https:\/\/i0.wp.com\/bottesetvelo.com\/blog\/wp-content\/uploads\/2024\/04\/DSCN2676.jpg?resize=2048%2C1118&amp;ssl=1 2048w, https:\/\/i0.wp.com\/bottesetvelo.com\/blog\/wp-content\/uploads\/2024\/04\/DSCN2676.jpg?w=2340&amp;ssl=1 2340w, https:\/\/i0.wp.com\/bottesetvelo.com\/blog\/wp-content\/uploads\/2024\/04\/DSCN2676.jpg?w=3510&amp;ssl=1 3510w\" sizes=\"auto, (max-width: 1024px) 100vw, 1024px\" \/><\/figure>\n<\/div>\n\n\n<p>Puis, il y a aussi ceux qui pr\u00f4nent la l\u00e9g\u00e8ret\u00e9 du sac pour la symbolique que cela \u00e9voque&nbsp;: voyager avec son essentiel, l\u2019esprit l\u00e9ger, d\u00e9lest\u00e9 des poids qui alourdissent l\u2019existence. Ainsi, dans cette conception du p\u00e8lerinage, le sac \u00e0 dos repr\u00e9sente le \u00ab&nbsp;sac de vie&nbsp;\u00bb. Se d\u00e9partir de poids inutiles dans son sac \u00e0 dos convie \u00e0 se lib\u00e9rer des chaines et des attachements d\u00e9sordonn\u00e9s qui oppressent le quotidien de la vie. L\u00e0 encore, l\u2019analogie est juste. Elle invite le p\u00e8lerin \u00e0 regarder le superflu de son sac \u00e0 dos \u00e0 travers le prisme de ses peurs et de ses d\u00e9pendances, lui r\u00e9v\u00e9lant de ce fait une part de ces \u00ab&nbsp;poids&nbsp;\u00bb qui encombrent sa vie. Il demeure que parfois, dans notre vie, il est des \u00ab&nbsp;poids&nbsp;\u00bb dont nous ne pouvons nous d\u00e9partir. Enfant difficile, parent vieillissant, maladie subite, accident inattendu\u2026, la vie met sur notre chemin des d\u00e9fis que nous nous devons de porter par fid\u00e9lit\u00e9 envers nous-m\u00eames, par compassion envers l\u2019autre, par amour. Ainsi, sachant qu\u2019un poids est incontournable, que nous choisissons de le porter, la question du poids du sac ne se pose plus. La question est&nbsp;: maintenant, comment vais-je avancer avec ce poids? Comment vais-je continuer ma route sans trop me blesser? Comment vais-je marcher pour me rendre ce chemin agr\u00e9able malgr\u00e9 et avec ce poids?<\/p>\n\n\n\n<p>&nbsp;\u00ab&nbsp;L\u2019essentiel&nbsp;\u00bb du sac \u00e0 dos est un choix personnel qui correspond au chemin que le p\u00e8lerin d\u00e9sire vivre. &nbsp;Son poids est un poids choisi. Certains transporteront une tente, un kit de cuisine, un sac de couchage, une bouteille de vin. D\u2019autres choisiront de porter une guitare, un appareil photo professionnel, un kit d\u2019aquarelle, ou m\u00eame un fer plat, un ourson en peluche, ou une bouteille de parfum. Tant que le p\u00e8lerin est en accord avec le poids port\u00e9 alors c\u2019est le juste poids pour lui! Le r\u00e9el d\u00e9fi physique qui l\u2019attend est en lui. Saura-t-il se rendre attentif \u00e0 son pas?<\/p>\n\n\n<div class=\"wp-block-image\">\n<figure class=\"alignright size-full is-resized\"><img data-recalc-dims=\"1\" loading=\"lazy\" decoding=\"async\" width=\"768\" height=\"605\" data-attachment-id=\"5061\" data-permalink=\"https:\/\/bottesetvelo.com\/blog\/2023\/06\/23\/contribuez-au-bon-gout-du-monde\/bottes-et-velo-embleme-4\/\" data-orig-file=\"https:\/\/i0.wp.com\/bottesetvelo.com\/blog\/wp-content\/uploads\/2023\/06\/Bottes-et-Velo-Embleme.png?fit=768%2C605&amp;ssl=1\" data-orig-size=\"768,605\" data-comments-opened=\"1\" data-image-meta=\"{&quot;aperture&quot;:&quot;0&quot;,&quot;credit&quot;:&quot;&quot;,&quot;camera&quot;:&quot;&quot;,&quot;caption&quot;:&quot;&quot;,&quot;created_timestamp&quot;:&quot;0&quot;,&quot;copyright&quot;:&quot;&quot;,&quot;focal_length&quot;:&quot;0&quot;,&quot;iso&quot;:&quot;0&quot;,&quot;shutter_speed&quot;:&quot;0&quot;,&quot;title&quot;:&quot;&quot;,&quot;orientation&quot;:&quot;0&quot;}\" data-image-title=\"Bottes et V\u00e9lo &amp;#8211; Embl\u00eame\" data-image-description=\"\" data-image-caption=\"\" data-large-file=\"https:\/\/i0.wp.com\/bottesetvelo.com\/blog\/wp-content\/uploads\/2023\/06\/Bottes-et-Velo-Embleme.png?fit=768%2C605&amp;ssl=1\" src=\"https:\/\/i0.wp.com\/bottesetvelo.com\/blog\/wp-content\/uploads\/2023\/06\/Bottes-et-Velo-Embleme.png?resize=768%2C605&#038;ssl=1\" alt=\"\" class=\"wp-image-5061\" style=\"width:75px;height:auto\" srcset=\"https:\/\/i0.wp.com\/bottesetvelo.com\/blog\/wp-content\/uploads\/2023\/06\/Bottes-et-Velo-Embleme.png?w=768&amp;ssl=1 768w, https:\/\/i0.wp.com\/bottesetvelo.com\/blog\/wp-content\/uploads\/2023\/06\/Bottes-et-Velo-Embleme.png?resize=500%2C394&amp;ssl=1 500w\" sizes=\"auto, (max-width: 768px) 100vw, 768px\" \/><\/figure>\n<\/div>\n\n\n<p>Brigitte Harouni<\/p>\n","protected":false},"excerpt":{"rendered":"<p>Partir en p\u00e8lerinage, c\u2019est immanquablement questionner le contenu et le poids de son sac \u00e0 dos. En chemin, on se compare et plus le sac et l\u00e9ger plus le p\u00e8lerin semble accompli. Les conseils pour all\u00e9ger la charge du bagage sont multiples et les analyses psycho-p\u00e8lerines pullulent. Tout semble inciter \u00e0 voyager le plus lestement possible. Quel est donc l\u2019enjeu du poids du sac \u00e0 dos dans le p\u00e8lerinage? \u00c0 quel niveau se situe le r\u00e9el d\u00e9fi dans ce d\u00e9placement de longue dur\u00e9e? Est-il vraiment dans le sac?<\/p>\n","protected":false},"author":2,"featured_media":5155,"comment_status":"open","ping_status":"open","sticky":false,"template":"","format":"standard","meta":{"jetpack_post_was_ever_published":false,"_jetpack_newsletter_access":"","_jetpack_dont_email_post_to_subs":false,"_jetpack_newsletter_tier_id":0,"_jetpack_memberships_contains_paywalled_content":false,"_jetpack_memberships_contains_paid_content":false,"footnotes":"","jetpack_publicize_message":"","jetpack_publicize_feature_enabled":true,"jetpack_social_post_already_shared":true,"jetpack_social_options":{"image_generator_settings":{"template":"highway","default_image_id":0,"font":"","enabled":false},"version":2}},"categories":[24,166,630,171,1],"tags":[383,254,742,299,738,741,175],"class_list":["post-5149","post","type-post","status-publish","format-standard","has-post-thumbnail","hentry","category-aspects-techniques","category-demarche-du-pelerin","category-exercice-pelerin","category-pelerinage","category-uncategorized","tag-blessure","tag-marcher","tag-pas-de-marche","tag-poids","tag-rythme-de-marche","tag-sentrainer","tag-sac-a-dos"],"jetpack_publicize_connections":[],"jetpack_featured_media_url":"https:\/\/i0.wp.com\/bottesetvelo.com\/blog\/wp-content\/uploads\/2024\/04\/20240227_121623.jpg?fit=4032%2C1816&ssl=1","jetpack_shortlink":"https:\/\/wp.me\/p4eY6z-1l3","jetpack_sharing_enabled":true,"jetpack_likes_enabled":true,"jetpack-related-posts":[],"_links":{"self":[{"href":"https:\/\/bottesetvelo.com\/blog\/wp-json\/wp\/v2\/posts\/5149","targetHints":{"allow":["GET"]}}],"collection":[{"href":"https:\/\/bottesetvelo.com\/blog\/wp-json\/wp\/v2\/posts"}],"about":[{"href":"https:\/\/bottesetvelo.com\/blog\/wp-json\/wp\/v2\/types\/post"}],"author":[{"embeddable":true,"href":"https:\/\/bottesetvelo.com\/blog\/wp-json\/wp\/v2\/users\/2"}],"replies":[{"embeddable":true,"href":"https:\/\/bottesetvelo.com\/blog\/wp-json\/wp\/v2\/comments?post=5149"}],"version-history":[{"count":5,"href":"https:\/\/bottesetvelo.com\/blog\/wp-json\/wp\/v2\/posts\/5149\/revisions"}],"predecessor-version":[{"id":5159,"href":"https:\/\/bottesetvelo.com\/blog\/wp-json\/wp\/v2\/posts\/5149\/revisions\/5159"}],"wp:featuredmedia":[{"embeddable":true,"href":"https:\/\/bottesetvelo.com\/blog\/wp-json\/wp\/v2\/media\/5155"}],"wp:attachment":[{"href":"https:\/\/bottesetvelo.com\/blog\/wp-json\/wp\/v2\/media?parent=5149"}],"wp:term":[{"taxonomy":"category","embeddable":true,"href":"https:\/\/bottesetvelo.com\/blog\/wp-json\/wp\/v2\/categories?post=5149"},{"taxonomy":"post_tag","embeddable":true,"href":"https:\/\/bottesetvelo.com\/blog\/wp-json\/wp\/v2\/tags?post=5149"}],"curies":[{"name":"wp","href":"https:\/\/api.w.org\/{rel}","templated":true}]}}