{"id":5091,"date":"2023-11-30T10:06:16","date_gmt":"2023-11-30T15:06:16","guid":{"rendered":"https:\/\/bottesetvelo.com\/blog\/?p=5091"},"modified":"2023-11-30T10:09:09","modified_gmt":"2023-11-30T15:09:09","slug":"de-chartres-au-mont-st-michel-2024","status":"publish","type":"post","link":"https:\/\/bottesetvelo.com\/blog\/2023\/11\/30\/de-chartres-au-mont-st-michel-2024\/","title":{"rendered":"De Chartres au Mont St-Michel &#8211; 2024"},"content":{"rendered":"<div class=\"wp-block-image\">\n<figure class=\"alignright size-medium\"><img data-recalc-dims=\"1\" loading=\"lazy\" decoding=\"async\" width=\"500\" height=\"281\" data-attachment-id=\"5093\" data-permalink=\"https:\/\/bottesetvelo.com\/blog\/2023\/11\/30\/de-chartres-au-mont-st-michel-2024\/20220607_140331\/\" data-orig-file=\"https:\/\/i0.wp.com\/bottesetvelo.com\/blog\/wp-content\/uploads\/2023\/11\/20220607_140331.jpg?fit=4032%2C2268&amp;ssl=1\" data-orig-size=\"4032,2268\" data-comments-opened=\"1\" data-image-meta=\"{&quot;aperture&quot;:&quot;1.8&quot;,&quot;credit&quot;:&quot;&quot;,&quot;camera&quot;:&quot;SM-G781W&quot;,&quot;caption&quot;:&quot;&quot;,&quot;created_timestamp&quot;:&quot;1654610611&quot;,&quot;copyright&quot;:&quot;&quot;,&quot;focal_length&quot;:&quot;5.4&quot;,&quot;iso&quot;:&quot;40&quot;,&quot;shutter_speed&quot;:&quot;0.00031908104658583&quot;,&quot;title&quot;:&quot;&quot;,&quot;orientation&quot;:&quot;1&quot;}\" data-image-title=\"20220607_140331\" data-image-description=\"\" data-image-caption=\"\" data-large-file=\"https:\/\/i0.wp.com\/bottesetvelo.com\/blog\/wp-content\/uploads\/2023\/11\/20220607_140331.jpg?fit=1024%2C576&amp;ssl=1\" src=\"https:\/\/i0.wp.com\/bottesetvelo.com\/blog\/wp-content\/uploads\/2023\/11\/20220607_140331.jpg?resize=500%2C281&#038;ssl=1\" alt=\"\" class=\"wp-image-5093\" srcset=\"https:\/\/i0.wp.com\/bottesetvelo.com\/blog\/wp-content\/uploads\/2023\/11\/20220607_140331.jpg?resize=500%2C281&amp;ssl=1 500w, https:\/\/i0.wp.com\/bottesetvelo.com\/blog\/wp-content\/uploads\/2023\/11\/20220607_140331.jpg?resize=768%2C432&amp;ssl=1 768w, https:\/\/i0.wp.com\/bottesetvelo.com\/blog\/wp-content\/uploads\/2023\/11\/20220607_140331.jpg?resize=1024%2C576&amp;ssl=1 1024w, https:\/\/i0.wp.com\/bottesetvelo.com\/blog\/wp-content\/uploads\/2023\/11\/20220607_140331.jpg?resize=1536%2C864&amp;ssl=1 1536w, https:\/\/i0.wp.com\/bottesetvelo.com\/blog\/wp-content\/uploads\/2023\/11\/20220607_140331.jpg?resize=2048%2C1152&amp;ssl=1 2048w, https:\/\/i0.wp.com\/bottesetvelo.com\/blog\/wp-content\/uploads\/2023\/11\/20220607_140331.jpg?resize=1140%2C641&amp;ssl=1 1140w, https:\/\/i0.wp.com\/bottesetvelo.com\/blog\/wp-content\/uploads\/2023\/11\/20220607_140331.jpg?resize=540%2C304&amp;ssl=1 540w, https:\/\/i0.wp.com\/bottesetvelo.com\/blog\/wp-content\/uploads\/2023\/11\/20220607_140331.jpg?w=2340&amp;ssl=1 2340w, https:\/\/i0.wp.com\/bottesetvelo.com\/blog\/wp-content\/uploads\/2023\/11\/20220607_140331.jpg?w=3510&amp;ssl=1 3510w\" sizes=\"auto, (max-width: 500px) 100vw, 500px\" \/><\/figure>\n<\/div>\n\n\n<h1 class=\"wp-block-heading has-text-align-center\"><a href=\"https:\/\/bottesetvelo.com\/index.php\/chartres-mont-st-michel\/\" target=\"_blank\" rel=\"noreferrer noopener\">Voyage P\u00e8lerin<\/a><\/h1>\n\n\n\n<h1 class=\"wp-block-heading has-text-align-center\"><a href=\"https:\/\/bottesetvelo.com\/index.php\/chartres-mont-st-michel\/\" target=\"_blank\" rel=\"noreferrer noopener\">de Chartres au Mont St-Michel 2024<\/a><\/h1>\n\n\n\n<p><strong>Explorez la richesse du patrimoine fran\u00e7ais avec Bottes et V\u00e9lo lors d&rsquo;une aventure exceptionnelle entre la Bretagne et la Normandie. Plongez-vous pendant 21 jours dans les chemins pr\u00e9serv\u00e9s qui d\u00e9voilent l&rsquo;histoire captivante de la France.<\/strong><\/p>\n\n\n\n<p><strong>En 2024, notre marche co\u00efncide avec le 80e anniversaire du d\u00e9barquement en Normandie le 6 juin (1944-2024), offrant une exp\u00e9rience unique pour les amateurs d&rsquo;histoire.<\/strong><\/p>\n\n\n\n<h2 class=\"wp-block-heading has-text-align-center\"><strong>Du 26 mai au 16 juin 2024<\/strong><\/h2>\n\n\n\n<h2 class=\"wp-block-heading has-text-align-center\">Les inscriptions sont en cours!<\/h2>\n\n\n\n<p class=\"has-text-align-center\"><em><strong>Ne manquez pas l&rsquo;opportunit\u00e9 de rejoindre cette aventure m\u00e9morable.<\/strong><\/em><\/p>\n\n\n\n<h3 class=\"wp-block-heading has-text-align-center\"><strong>\u00ab\u00a0Faites de Chacun de Vos Pas une Aventure Litt\u00e9raire\u00a0\u00bb<\/strong><\/h3>\n\n\n<div class=\"wp-block-image\">\n<figure class=\"alignright size-medium\"><img data-recalc-dims=\"1\" loading=\"lazy\" decoding=\"async\" width=\"500\" height=\"281\" data-attachment-id=\"5094\" data-permalink=\"https:\/\/bottesetvelo.com\/blog\/2023\/11\/30\/de-chartres-au-mont-st-michel-2024\/20220620_110339\/\" data-orig-file=\"https:\/\/i0.wp.com\/bottesetvelo.com\/blog\/wp-content\/uploads\/2023\/11\/20220620_110339.jpg?fit=4032%2C2268&amp;ssl=1\" data-orig-size=\"4032,2268\" data-comments-opened=\"1\" data-image-meta=\"{&quot;aperture&quot;:&quot;2.4&quot;,&quot;credit&quot;:&quot;&quot;,&quot;camera&quot;:&quot;SM-G781W&quot;,&quot;caption&quot;:&quot;&quot;,&quot;created_timestamp&quot;:&quot;1655723019&quot;,&quot;copyright&quot;:&quot;&quot;,&quot;focal_length&quot;:&quot;7.12&quot;,&quot;iso&quot;:&quot;25&quot;,&quot;shutter_speed&quot;:&quot;0.0015290519877676&quot;,&quot;title&quot;:&quot;&quot;,&quot;orientation&quot;:&quot;1&quot;}\" data-image-title=\"20220620_110339\" data-image-description=\"\" data-image-caption=\"\" data-large-file=\"https:\/\/i0.wp.com\/bottesetvelo.com\/blog\/wp-content\/uploads\/2023\/11\/20220620_110339.jpg?fit=1024%2C576&amp;ssl=1\" src=\"https:\/\/i0.wp.com\/bottesetvelo.com\/blog\/wp-content\/uploads\/2023\/11\/20220620_110339.jpg?resize=500%2C281&#038;ssl=1\" alt=\"\" class=\"wp-image-5094\" srcset=\"https:\/\/i0.wp.com\/bottesetvelo.com\/blog\/wp-content\/uploads\/2023\/11\/20220620_110339.jpg?resize=500%2C281&amp;ssl=1 500w, https:\/\/i0.wp.com\/bottesetvelo.com\/blog\/wp-content\/uploads\/2023\/11\/20220620_110339.jpg?resize=768%2C432&amp;ssl=1 768w, https:\/\/i0.wp.com\/bottesetvelo.com\/blog\/wp-content\/uploads\/2023\/11\/20220620_110339.jpg?resize=1024%2C576&amp;ssl=1 1024w, https:\/\/i0.wp.com\/bottesetvelo.com\/blog\/wp-content\/uploads\/2023\/11\/20220620_110339.jpg?resize=1536%2C864&amp;ssl=1 1536w, https:\/\/i0.wp.com\/bottesetvelo.com\/blog\/wp-content\/uploads\/2023\/11\/20220620_110339.jpg?resize=2048%2C1152&amp;ssl=1 2048w, https:\/\/i0.wp.com\/bottesetvelo.com\/blog\/wp-content\/uploads\/2023\/11\/20220620_110339.jpg?resize=1140%2C641&amp;ssl=1 1140w, https:\/\/i0.wp.com\/bottesetvelo.com\/blog\/wp-content\/uploads\/2023\/11\/20220620_110339.jpg?resize=540%2C304&amp;ssl=1 540w, https:\/\/i0.wp.com\/bottesetvelo.com\/blog\/wp-content\/uploads\/2023\/11\/20220620_110339.jpg?w=2340&amp;ssl=1 2340w, https:\/\/i0.wp.com\/bottesetvelo.com\/blog\/wp-content\/uploads\/2023\/11\/20220620_110339.jpg?w=3510&amp;ssl=1 3510w\" sizes=\"auto, (max-width: 500px) 100vw, 500px\" \/><\/figure>\n<\/div>\n\n\n<p>Bottes et V\u00e9lo va au-del\u00e0 d&rsquo;une simple marche. Nous vous invitons \u00e0 transformer chacun de vos pas en une exp\u00e9rience de lecture sensible, une mani\u00e8re de voyager qui transcende les simples itin\u00e9raires pour se laisser toucher en profondeur. Plongez avec nous dans une exploration de ces pages vivantes de la France.<\/p>\n\n\n\n<p>Nos accompagnateurs exp\u00e9riment\u00e9s vous guideront dans une exp\u00e9rience de lecture utilisant tous les sens et faisant de chaque \u00e9tape une immersion totale dans la richesse culturelle de la Bretagne et de la Normandie. Embarquez avec nous pour une aventure o\u00f9 l&rsquo;histoire prend vie sous vos pieds et vous traverse.<\/p>\n\n\n\n<h4 class=\"wp-block-heading has-text-align-center\">Bottes et V\u00e9lo &#8211; bien plus qu&rsquo;une marche, une exploration sensible du monde!<\/h4>\n\n\n\n<h4 class=\"wp-block-heading has-text-align-center\">Contactez-nous d\u00e8s maintenant pour r\u00e9server votre place dans cette exp\u00e9rience unique du p\u00e8lerin-lecteur.<\/h4>\n\n\n\n<h3 class=\"wp-block-heading has-text-align-center\">Date limite des inscriptions: 25 mars 2024.<\/h3>\n\n\n\n<figure class=\"wp-block-image size-large\"><img data-recalc-dims=\"1\" loading=\"lazy\" decoding=\"async\" width=\"1024\" height=\"576\" data-attachment-id=\"5096\" data-permalink=\"https:\/\/bottesetvelo.com\/blog\/2023\/11\/30\/de-chartres-au-mont-st-michel-2024\/20220618_152941\/\" data-orig-file=\"https:\/\/i0.wp.com\/bottesetvelo.com\/blog\/wp-content\/uploads\/2023\/11\/20220618_152941.jpg?fit=4032%2C2268&amp;ssl=1\" data-orig-size=\"4032,2268\" data-comments-opened=\"1\" data-image-meta=\"{&quot;aperture&quot;:&quot;1.8&quot;,&quot;credit&quot;:&quot;&quot;,&quot;camera&quot;:&quot;SM-G781W&quot;,&quot;caption&quot;:&quot;&quot;,&quot;created_timestamp&quot;:&quot;1655566181&quot;,&quot;copyright&quot;:&quot;&quot;,&quot;focal_length&quot;:&quot;5.4&quot;,&quot;iso&quot;:&quot;40&quot;,&quot;shutter_speed&quot;:&quot;0.00062460961898813&quot;,&quot;title&quot;:&quot;&quot;,&quot;orientation&quot;:&quot;1&quot;}\" data-image-title=\"20220618_152941\" data-image-description=\"\" data-image-caption=\"\" data-large-file=\"https:\/\/i0.wp.com\/bottesetvelo.com\/blog\/wp-content\/uploads\/2023\/11\/20220618_152941.jpg?fit=1024%2C576&amp;ssl=1\" src=\"https:\/\/i0.wp.com\/bottesetvelo.com\/blog\/wp-content\/uploads\/2023\/11\/20220618_152941.jpg?resize=1024%2C576&#038;ssl=1\" alt=\"\" class=\"wp-image-5096\" srcset=\"https:\/\/i0.wp.com\/bottesetvelo.com\/blog\/wp-content\/uploads\/2023\/11\/20220618_152941.jpg?resize=1024%2C576&amp;ssl=1 1024w, https:\/\/i0.wp.com\/bottesetvelo.com\/blog\/wp-content\/uploads\/2023\/11\/20220618_152941.jpg?resize=500%2C281&amp;ssl=1 500w, https:\/\/i0.wp.com\/bottesetvelo.com\/blog\/wp-content\/uploads\/2023\/11\/20220618_152941.jpg?resize=768%2C432&amp;ssl=1 768w, https:\/\/i0.wp.com\/bottesetvelo.com\/blog\/wp-content\/uploads\/2023\/11\/20220618_152941.jpg?resize=1536%2C864&amp;ssl=1 1536w, https:\/\/i0.wp.com\/bottesetvelo.com\/blog\/wp-content\/uploads\/2023\/11\/20220618_152941.jpg?resize=2048%2C1152&amp;ssl=1 2048w, https:\/\/i0.wp.com\/bottesetvelo.com\/blog\/wp-content\/uploads\/2023\/11\/20220618_152941.jpg?resize=1140%2C641&amp;ssl=1 1140w, https:\/\/i0.wp.com\/bottesetvelo.com\/blog\/wp-content\/uploads\/2023\/11\/20220618_152941.jpg?resize=540%2C304&amp;ssl=1 540w, https:\/\/i0.wp.com\/bottesetvelo.com\/blog\/wp-content\/uploads\/2023\/11\/20220618_152941.jpg?w=2340&amp;ssl=1 2340w, https:\/\/i0.wp.com\/bottesetvelo.com\/blog\/wp-content\/uploads\/2023\/11\/20220618_152941.jpg?w=3510&amp;ssl=1 3510w\" sizes=\"auto, (max-width: 1024px) 100vw, 1024px\" \/><\/figure>\n","protected":false},"excerpt":{"rendered":"<p>Voyage P\u00e8lerin de Chartres au Mont St-Michel 2024 Explorez la richesse du patrimoine fran\u00e7ais avec Bottes et V\u00e9lo lors d&rsquo;une aventure exceptionnelle entre la Bretagne et la Normandie. Plongez-vous pendant 21 jours dans les chemins pr\u00e9serv\u00e9s qui d\u00e9voilent l&rsquo;histoire captivante de la France. En 2024, notre marche co\u00efncide avec le 80e anniversaire du d\u00e9barquement en&hellip;<\/p>\n","protected":false},"author":1,"featured_media":5092,"comment_status":"open","ping_status":"open","sticky":false,"template":"","format":"standard","meta":{"jetpack_post_was_ever_published":false,"_jetpack_newsletter_access":"","_jetpack_dont_email_post_to_subs":false,"_jetpack_newsletter_tier_id":0,"_jetpack_memberships_contains_paywalled_content":false,"_jetpack_memberships_contains_paid_content":false,"footnotes":"","jetpack_publicize_message":"","jetpack_publicize_feature_enabled":true,"jetpack_social_post_already_shared":true,"jetpack_social_options":{"image_generator_settings":{"template":"highway","default_image_id":0,"font":"","enabled":false},"version":2}},"categories":[1,390],"tags":[275,671,426,672,729],"class_list":["post-5091","post","type-post","status-publish","format-standard","has-post-thumbnail","hentry","category-uncategorized","category-voyages-pelerins","tag-art-de-vivre","tag-chartres","tag-experience-pelerine","tag-mont-st-michel","tag-pelerin-lecteur"],"jetpack_publicize_connections":[],"jetpack_featured_media_url":"https:\/\/i0.wp.com\/bottesetvelo.com\/blog\/wp-content\/uploads\/2023\/11\/20220621_094008.jpg?fit=4032%2C1816&ssl=1","jetpack_shortlink":"https:\/\/wp.me\/p4eY6z-1k7","jetpack_sharing_enabled":true,"jetpack_likes_enabled":true,"jetpack-related-posts":[],"_links":{"self":[{"href":"https:\/\/bottesetvelo.com\/blog\/wp-json\/wp\/v2\/posts\/5091","targetHints":{"allow":["GET"]}}],"collection":[{"href":"https:\/\/bottesetvelo.com\/blog\/wp-json\/wp\/v2\/posts"}],"about":[{"href":"https:\/\/bottesetvelo.com\/blog\/wp-json\/wp\/v2\/types\/post"}],"author":[{"embeddable":true,"href":"https:\/\/bottesetvelo.com\/blog\/wp-json\/wp\/v2\/users\/1"}],"replies":[{"embeddable":true,"href":"https:\/\/bottesetvelo.com\/blog\/wp-json\/wp\/v2\/comments?post=5091"}],"version-history":[{"count":4,"href":"https:\/\/bottesetvelo.com\/blog\/wp-json\/wp\/v2\/posts\/5091\/revisions"}],"predecessor-version":[{"id":5100,"href":"https:\/\/bottesetvelo.com\/blog\/wp-json\/wp\/v2\/posts\/5091\/revisions\/5100"}],"wp:featuredmedia":[{"embeddable":true,"href":"https:\/\/bottesetvelo.com\/blog\/wp-json\/wp\/v2\/media\/5092"}],"wp:attachment":[{"href":"https:\/\/bottesetvelo.com\/blog\/wp-json\/wp\/v2\/media?parent=5091"}],"wp:term":[{"taxonomy":"category","embeddable":true,"href":"https:\/\/bottesetvelo.com\/blog\/wp-json\/wp\/v2\/categories?post=5091"},{"taxonomy":"post_tag","embeddable":true,"href":"https:\/\/bottesetvelo.com\/blog\/wp-json\/wp\/v2\/tags?post=5091"}],"curies":[{"name":"wp","href":"https:\/\/api.w.org\/{rel}","templated":true}]}}