{"id":5090,"date":"2023-12-01T08:30:44","date_gmt":"2023-12-01T13:30:44","guid":{"rendered":"https:\/\/bottesetvelo.com\/blog\/?p=5090"},"modified":"2023-12-01T08:30:44","modified_gmt":"2023-12-01T13:30:44","slug":"ou-sont-mes-fleches-jaunes","status":"publish","type":"post","link":"https:\/\/bottesetvelo.com\/blog\/2023\/12\/01\/ou-sont-mes-fleches-jaunes\/","title":{"rendered":"O\u00f9 sont mes fl\u00e8ches jaunes?"},"content":{"rendered":"\n<div class=\"wp-block-group\"><div class=\"wp-block-group__inner-container is-layout-constrained wp-block-group-is-layout-constrained\">\n<blockquote class=\"wp-block-quote has-text-align-right has-small-font-size is-layout-flow wp-block-quote-is-layout-flow\" style=\"font-style:normal;font-weight:100\">\n<div class=\"wp-block-group\"><div class=\"wp-block-group__inner-container is-layout-constrained wp-block-group-is-layout-constrained\">\n<p class=\"has-text-align-right\">Une fois que l&rsquo;on est reli\u00e9 \u00e0 sa force int\u00e9rieure, il n&rsquo;y a pas de fin aux merveilles du voyage.<\/p>\n<\/div><\/div>\n<cite>Deng Ming-Dao<\/cite><\/blockquote>\n\n\n\n<blockquote class=\"wp-block-quote is-layout-flow wp-block-quote-is-layout-flow\">\n<p>Sur les chemins de Compostelle, l\u2019itin\u00e9raire se d\u00e9roule clairement devant moi. P\u00e8lerine, je marche sans avoir \u00e0 me poser de question sur cette voie pr\u00e9-trac\u00e9e. Ma destination\u00a0: la cath\u00e9drale de Saint-Jacques. Ma direction\u00a0: suivre les balises orn\u00e9es de coquilles et de fl\u00e8ches jaunes. Apr\u00e8s des semaines \u00e0 p\u00e8leriner ainsi l\u2019esprit en paix, le retour \u00e0 la maison apparait comme un moment de d\u00e9route. La route pr\u00e9\u00e9tablie a disparu laissant place \u00e0 la confusion et au questionnement. Comment \u00eatre certaine maintenant que la d\u00e9cision prise concorde avec la bonne direction? De quoi sont faites les \u00ab\u00a0fl\u00e8ches\u00a0\u00bb qui oriente ma vie quotidienne? Et surtout, vers o\u00f9 pointent-elles?<\/p>\n\n\n<div class=\"wp-block-image\">\n<figure class=\"alignright size-medium\"><img data-recalc-dims=\"1\" loading=\"lazy\" decoding=\"async\" width=\"500\" height=\"225\" data-attachment-id=\"5102\" data-permalink=\"https:\/\/bottesetvelo.com\/blog\/2023\/12\/01\/ou-sont-mes-fleches-jaunes\/20230923_121655\/\" data-orig-file=\"https:\/\/i0.wp.com\/bottesetvelo.com\/blog\/wp-content\/uploads\/2023\/12\/20230923_121655.jpg?fit=4032%2C1816&amp;ssl=1\" data-orig-size=\"4032,1816\" data-comments-opened=\"1\" data-image-meta=\"{&quot;aperture&quot;:&quot;1.8&quot;,&quot;credit&quot;:&quot;&quot;,&quot;camera&quot;:&quot;SM-G781W&quot;,&quot;caption&quot;:&quot;&quot;,&quot;created_timestamp&quot;:&quot;1695471415&quot;,&quot;copyright&quot;:&quot;&quot;,&quot;focal_length&quot;:&quot;5.4&quot;,&quot;iso&quot;:&quot;40&quot;,&quot;shutter_speed&quot;:&quot;0.0025252525252525&quot;,&quot;title&quot;:&quot;&quot;,&quot;orientation&quot;:&quot;1&quot;}\" data-image-title=\"Bottes et V\u00e9lo &amp;#8211; Compostelle\" data-image-description=\"\" data-image-caption=\"\" data-large-file=\"https:\/\/i0.wp.com\/bottesetvelo.com\/blog\/wp-content\/uploads\/2023\/12\/20230923_121655.jpg?fit=1024%2C461&amp;ssl=1\" src=\"https:\/\/i0.wp.com\/bottesetvelo.com\/blog\/wp-content\/uploads\/2023\/12\/20230923_121655.jpg?resize=500%2C225&#038;ssl=1\" alt=\"\" class=\"wp-image-5102\" srcset=\"https:\/\/i0.wp.com\/bottesetvelo.com\/blog\/wp-content\/uploads\/2023\/12\/20230923_121655.jpg?resize=500%2C225&amp;ssl=1 500w, https:\/\/i0.wp.com\/bottesetvelo.com\/blog\/wp-content\/uploads\/2023\/12\/20230923_121655.jpg?resize=768%2C346&amp;ssl=1 768w, https:\/\/i0.wp.com\/bottesetvelo.com\/blog\/wp-content\/uploads\/2023\/12\/20230923_121655.jpg?resize=1024%2C461&amp;ssl=1 1024w, https:\/\/i0.wp.com\/bottesetvelo.com\/blog\/wp-content\/uploads\/2023\/12\/20230923_121655.jpg?resize=1536%2C692&amp;ssl=1 1536w, https:\/\/i0.wp.com\/bottesetvelo.com\/blog\/wp-content\/uploads\/2023\/12\/20230923_121655.jpg?resize=2048%2C922&amp;ssl=1 2048w, https:\/\/i0.wp.com\/bottesetvelo.com\/blog\/wp-content\/uploads\/2023\/12\/20230923_121655.jpg?w=2340&amp;ssl=1 2340w, https:\/\/i0.wp.com\/bottesetvelo.com\/blog\/wp-content\/uploads\/2023\/12\/20230923_121655.jpg?w=3510&amp;ssl=1 3510w\" sizes=\"auto, (max-width: 500px) 100vw, 500px\" \/><\/figure>\n<\/div><\/blockquote>\n<\/div><\/div>\n\n\n\n<p>Malgr\u00e9 la pr\u00e9sence de balises sur le chemin compostelan, nombreuses seront les d\u00e9cisions que prendra le p\u00e8lerin chaque jour. Comment choisit-il l\u2019auberge o\u00f9 il passera la nuit? Le lit dans lequel il dormira? Comment d\u00e9termine-t-il le temps et le lieu pour faire une pause? Ce qu\u2019il mangera et en quelle compagnie? Qu\u2019est-ce qui guide ses choix de compagnons de route? Ses temps de solitude? Toutes ces d\u00e9cisions sont autant de petites fl\u00e8ches jaunes qui indiquent l\u2019orientation unique de la vie de chaque p\u00e8lerin. Contrairement aux balises du chemin, qui sont ext\u00e9rieures, observables et tangibles, ces fl\u00e8ches-l\u00e0 sont int\u00e9rieures, imperceptibles, guid\u00e9es par des ressentis, des \u00e9motions, des sensations qui influencent la prise de d\u00e9cision.<\/p>\n\n\n<div class=\"wp-block-image\">\n<figure class=\"alignright size-medium\"><img data-recalc-dims=\"1\" loading=\"lazy\" decoding=\"async\" width=\"500\" height=\"225\" data-attachment-id=\"5104\" data-permalink=\"https:\/\/bottesetvelo.com\/blog\/2023\/12\/01\/ou-sont-mes-fleches-jaunes\/20230222_102908\/\" data-orig-file=\"https:\/\/i0.wp.com\/bottesetvelo.com\/blog\/wp-content\/uploads\/2023\/12\/20230222_102908.jpg?fit=4032%2C1816&amp;ssl=1\" data-orig-size=\"4032,1816\" data-comments-opened=\"1\" data-image-meta=\"{&quot;aperture&quot;:&quot;1.8&quot;,&quot;credit&quot;:&quot;&quot;,&quot;camera&quot;:&quot;SM-G781W&quot;,&quot;caption&quot;:&quot;&quot;,&quot;created_timestamp&quot;:&quot;1677061748&quot;,&quot;copyright&quot;:&quot;&quot;,&quot;focal_length&quot;:&quot;5.4&quot;,&quot;iso&quot;:&quot;40&quot;,&quot;shutter_speed&quot;:&quot;0.00045620437956204&quot;,&quot;title&quot;:&quot;&quot;,&quot;orientation&quot;:&quot;0&quot;}\" data-image-title=\"20230222_102908\" data-image-description=\"\" data-image-caption=\"\" data-large-file=\"https:\/\/i0.wp.com\/bottesetvelo.com\/blog\/wp-content\/uploads\/2023\/12\/20230222_102908.jpg?fit=1024%2C461&amp;ssl=1\" src=\"https:\/\/i0.wp.com\/bottesetvelo.com\/blog\/wp-content\/uploads\/2023\/12\/20230222_102908.jpg?resize=500%2C225&#038;ssl=1\" alt=\"\" class=\"wp-image-5104\" srcset=\"https:\/\/i0.wp.com\/bottesetvelo.com\/blog\/wp-content\/uploads\/2023\/12\/20230222_102908.jpg?resize=500%2C225&amp;ssl=1 500w, https:\/\/i0.wp.com\/bottesetvelo.com\/blog\/wp-content\/uploads\/2023\/12\/20230222_102908.jpg?resize=768%2C346&amp;ssl=1 768w, https:\/\/i0.wp.com\/bottesetvelo.com\/blog\/wp-content\/uploads\/2023\/12\/20230222_102908.jpg?resize=1024%2C461&amp;ssl=1 1024w, https:\/\/i0.wp.com\/bottesetvelo.com\/blog\/wp-content\/uploads\/2023\/12\/20230222_102908.jpg?resize=1536%2C692&amp;ssl=1 1536w, https:\/\/i0.wp.com\/bottesetvelo.com\/blog\/wp-content\/uploads\/2023\/12\/20230222_102908.jpg?resize=2048%2C922&amp;ssl=1 2048w, https:\/\/i0.wp.com\/bottesetvelo.com\/blog\/wp-content\/uploads\/2023\/12\/20230222_102908.jpg?w=2340&amp;ssl=1 2340w, https:\/\/i0.wp.com\/bottesetvelo.com\/blog\/wp-content\/uploads\/2023\/12\/20230222_102908.jpg?w=3510&amp;ssl=1 3510w\" sizes=\"auto, (max-width: 500px) 100vw, 500px\" \/><\/figure>\n<\/div>\n\n\n<p>Ce processus d\u00e9cisionnel se fait bien souvent \u00e0 l\u2019insu de la personne, dans les coulisses de son \u00eatre. Pour le p\u00e8lerin qui d\u00e9sire mettre en lumi\u00e8re ces indices qui donnent l\u2019orientation \u00e0 ses pas quotidiens, un temps de discernement s\u2019impose. Un temps d\u2019arr\u00eat, si court soit-il, pour observer les mouvements int\u00e9rieurs qui le traversent. Et les questionner&nbsp;: vers o\u00f9 pointe-t-ils? Car tout comme avant de partir marcher un chemin, chacun a pris le temps de planifier son s\u00e9jour afin qu\u2019il corresponde \u00e0 ses aspirations, il en va de m\u00eame pour le p\u00e8lerin de vie qui d\u00e9sire vivre en coh\u00e9rence avec ce qui l\u2019habite.&nbsp; Ainsi, avant de poser une action, il est essentiel de savoir vers o\u00f9 se diriger. Pour le p\u00e8lerin de vie, la question cruciale se pose&nbsp;: Quel est mon sanctuaire? \u00c0 quoi suis-je appel\u00e9? Qu\u2019est-ce que je d\u00e9sire vivre? Comment je d\u00e9sire vivre?<\/p>\n\n\n<div class=\"wp-block-image\">\n<figure class=\"alignright size-medium\"><img data-recalc-dims=\"1\" loading=\"lazy\" decoding=\"async\" width=\"500\" height=\"282\" data-attachment-id=\"5106\" data-permalink=\"https:\/\/bottesetvelo.com\/blog\/2023\/12\/01\/ou-sont-mes-fleches-jaunes\/20230219_102528\/\" data-orig-file=\"https:\/\/i0.wp.com\/bottesetvelo.com\/blog\/wp-content\/uploads\/2023\/12\/20230219_102528.jpg?fit=2978%2C1677&amp;ssl=1\" data-orig-size=\"2978,1677\" data-comments-opened=\"1\" data-image-meta=\"{&quot;aperture&quot;:&quot;2.2&quot;,&quot;credit&quot;:&quot;&quot;,&quot;camera&quot;:&quot;SM-G781W&quot;,&quot;caption&quot;:&quot;&quot;,&quot;created_timestamp&quot;:&quot;1676802328&quot;,&quot;copyright&quot;:&quot;&quot;,&quot;focal_length&quot;:&quot;1.74&quot;,&quot;iso&quot;:&quot;40&quot;,&quot;shutter_speed&quot;:&quot;0.00026399155227033&quot;,&quot;title&quot;:&quot;&quot;,&quot;orientation&quot;:&quot;0&quot;}\" data-image-title=\"20230219_102528\" data-image-description=\"\" data-image-caption=\"\" data-large-file=\"https:\/\/i0.wp.com\/bottesetvelo.com\/blog\/wp-content\/uploads\/2023\/12\/20230219_102528.jpg?fit=1024%2C577&amp;ssl=1\" src=\"https:\/\/i0.wp.com\/bottesetvelo.com\/blog\/wp-content\/uploads\/2023\/12\/20230219_102528.jpg?resize=500%2C282&#038;ssl=1\" alt=\"\" class=\"wp-image-5106\" srcset=\"https:\/\/i0.wp.com\/bottesetvelo.com\/blog\/wp-content\/uploads\/2023\/12\/20230219_102528.jpg?resize=500%2C282&amp;ssl=1 500w, https:\/\/i0.wp.com\/bottesetvelo.com\/blog\/wp-content\/uploads\/2023\/12\/20230219_102528.jpg?resize=768%2C432&amp;ssl=1 768w, https:\/\/i0.wp.com\/bottesetvelo.com\/blog\/wp-content\/uploads\/2023\/12\/20230219_102528.jpg?resize=1024%2C577&amp;ssl=1 1024w, https:\/\/i0.wp.com\/bottesetvelo.com\/blog\/wp-content\/uploads\/2023\/12\/20230219_102528.jpg?resize=1536%2C865&amp;ssl=1 1536w, https:\/\/i0.wp.com\/bottesetvelo.com\/blog\/wp-content\/uploads\/2023\/12\/20230219_102528.jpg?resize=2048%2C1153&amp;ssl=1 2048w, https:\/\/i0.wp.com\/bottesetvelo.com\/blog\/wp-content\/uploads\/2023\/12\/20230219_102528.jpg?resize=1140%2C641&amp;ssl=1 1140w, https:\/\/i0.wp.com\/bottesetvelo.com\/blog\/wp-content\/uploads\/2023\/12\/20230219_102528.jpg?resize=540%2C304&amp;ssl=1 540w, https:\/\/i0.wp.com\/bottesetvelo.com\/blog\/wp-content\/uploads\/2023\/12\/20230219_102528.jpg?w=2340&amp;ssl=1 2340w\" sizes=\"auto, (max-width: 500px) 100vw, 500px\" \/><\/figure>\n<\/div>\n\n\n<p>Dans la complexit\u00e9 de la vie, une multitude de \u00ab&nbsp;fl\u00e8ches&nbsp;\u00bb externes dirigent nos pas&nbsp;: normes sociales, habitudes familiales, r\u00e8gles de conduite, conventions et r\u00e8gles de convenance. Align\u00e9es le long des chemins fr\u00e9quemment emprunt\u00e9s, ces lignes directives exercent une pression consid\u00e9rable sur chacun et incitent \u00e0 un certain conformisme alors m\u00eame que chaque individu est intrins\u00e8quement unique. Se mettre \u00e0 l\u2019\u00e9coute de ses \u00ab&nbsp;fl\u00e8ches&nbsp;\u00bb int\u00e9rieures demandera alors assur\u00e9ment beaucoup de finesse dans le discernement, de franchise envers soi-m\u00eame et d\u2019audace dans l\u2019affirmation de soi.<\/p>\n\n\n\n<p>M\u00eame si en apparence, sur le chemin de Compostelle, tous allaient vers un m\u00eame lieu, chacun tra\u00e7ait pourtant int\u00e9rieurement une trajectoire qui lui \u00e9tait propre. Au retour \u00e0 la maison, c\u2019est sur cette route toute personnelle, et en d\u00e9pit des influences ext\u00e9rieures, que chacun doit continuer d\u2019avancer. Les \u00ab\u00a0fl\u00e8ches\u00a0\u00bb int\u00e9rieures, compos\u00e9es de ressentis, d&rsquo;intuitions et de d\u00e9sirs profonds, constituent une boussole personnelle que chacun est appel\u00e9 \u00e0 consulter pour naviguer sur l\u2019oc\u00e9an de la vie. C&rsquo;est dans cette \u00e9coute attentive, espace du discernement, que chacun peut, malgr\u00e9 les vents changeants et les mar\u00e9es de l\u2019existence, garder le cap sur la destination qu\u2019il s\u2019est fix\u00e9e.<\/p>\n\n\n\n<p>Brigitte Harouni<\/p>\n","protected":false},"excerpt":{"rendered":"<p>Une fois que l&rsquo;on est reli\u00e9 \u00e0 sa force int\u00e9rieure, il n&rsquo;y a pas de fin aux merveilles du voyage. Sur les chemins de Compostelle, l\u2019itin\u00e9raire se d\u00e9roule clairement devant moi. P\u00e8lerine, je marche sans avoir \u00e0 me poser de question sur cette voie pr\u00e9-trac\u00e9e. Ma destination\u00a0: la cath\u00e9drale de Saint-Jacques. Ma direction\u00a0: suivre les&hellip;<\/p>\n","protected":false},"author":2,"featured_media":5105,"comment_status":"open","ping_status":"open","sticky":false,"template":"","format":"standard","meta":{"jetpack_post_was_ever_published":false,"_jetpack_newsletter_access":"","_jetpack_dont_email_post_to_subs":false,"_jetpack_newsletter_tier_id":0,"_jetpack_memberships_contains_paywalled_content":false,"_jetpack_memberships_contains_paid_content":false,"footnotes":"","jetpack_publicize_message":"","jetpack_publicize_feature_enabled":true,"jetpack_social_post_already_shared":true,"jetpack_social_options":{"image_generator_settings":{"template":"highway","default_image_id":0,"font":"","enabled":false},"version":2}},"categories":[422,50,9,39,630,171,1],"tags":[732,80,731,296,730],"class_list":["post-5090","post","type-post","status-publish","format-standard","has-post-thumbnail","hentry","category-accompagnement","category-art-de-vivre","category-chemins-de-pelerinage","category-croissance-personnelle","category-exercice-pelerin","category-pelerinage","category-uncategorized","tag-boussole-interne","tag-compostelle","tag-fleches-jaunes","tag-pelerin","tag-regles-sociales"],"jetpack_publicize_connections":[],"jetpack_featured_media_url":"https:\/\/i0.wp.com\/bottesetvelo.com\/blog\/wp-content\/uploads\/2023\/12\/2018-07-06-07.15.18-2.jpg?fit=2923%2C1671&ssl=1","jetpack_shortlink":"https:\/\/wp.me\/p4eY6z-1k6","jetpack_sharing_enabled":true,"jetpack_likes_enabled":true,"jetpack-related-posts":[],"_links":{"self":[{"href":"https:\/\/bottesetvelo.com\/blog\/wp-json\/wp\/v2\/posts\/5090","targetHints":{"allow":["GET"]}}],"collection":[{"href":"https:\/\/bottesetvelo.com\/blog\/wp-json\/wp\/v2\/posts"}],"about":[{"href":"https:\/\/bottesetvelo.com\/blog\/wp-json\/wp\/v2\/types\/post"}],"author":[{"embeddable":true,"href":"https:\/\/bottesetvelo.com\/blog\/wp-json\/wp\/v2\/users\/2"}],"replies":[{"embeddable":true,"href":"https:\/\/bottesetvelo.com\/blog\/wp-json\/wp\/v2\/comments?post=5090"}],"version-history":[{"count":3,"href":"https:\/\/bottesetvelo.com\/blog\/wp-json\/wp\/v2\/posts\/5090\/revisions"}],"predecessor-version":[{"id":5107,"href":"https:\/\/bottesetvelo.com\/blog\/wp-json\/wp\/v2\/posts\/5090\/revisions\/5107"}],"wp:featuredmedia":[{"embeddable":true,"href":"https:\/\/bottesetvelo.com\/blog\/wp-json\/wp\/v2\/media\/5105"}],"wp:attachment":[{"href":"https:\/\/bottesetvelo.com\/blog\/wp-json\/wp\/v2\/media?parent=5090"}],"wp:term":[{"taxonomy":"category","embeddable":true,"href":"https:\/\/bottesetvelo.com\/blog\/wp-json\/wp\/v2\/categories?post=5090"},{"taxonomy":"post_tag","embeddable":true,"href":"https:\/\/bottesetvelo.com\/blog\/wp-json\/wp\/v2\/tags?post=5090"}],"curies":[{"name":"wp","href":"https:\/\/api.w.org\/{rel}","templated":true}]}}