{"id":5065,"date":"2023-07-02T10:29:10","date_gmt":"2023-07-02T14:29:10","guid":{"rendered":"https:\/\/bottesetvelo.com\/blog\/?p=5065"},"modified":"2023-07-02T10:29:57","modified_gmt":"2023-07-02T14:29:57","slug":"compostelle-2023","status":"publish","type":"post","link":"https:\/\/bottesetvelo.com\/blog\/2023\/07\/02\/compostelle-2023\/","title":{"rendered":"Compostelle 2023"},"content":{"rendered":"\n<h1 class=\"wp-block-heading\"><a href=\"http:\/\/bottesetvelo.com\/index.php\/chemins-de-compostelle\/\" target=\"_blank\" rel=\"noreferrer noopener\">Compostelle 2023<\/a><\/h1>\n\n\n<div class=\"wp-block-image\">\n<figure class=\"alignright size-large is-resized\"><img data-recalc-dims=\"1\" loading=\"lazy\" decoding=\"async\" data-attachment-id=\"5067\" data-permalink=\"https:\/\/bottesetvelo.com\/blog\/20190716_121606-2\/\" data-orig-file=\"https:\/\/i0.wp.com\/bottesetvelo.com\/blog\/wp-content\/uploads\/2023\/07\/20190716_121606-edited-1366x910.jpg?fit=1366%2C910&amp;ssl=1\" data-orig-size=\"1366,910\" data-comments-opened=\"1\" data-image-meta=\"{&quot;aperture&quot;:&quot;0&quot;,&quot;credit&quot;:&quot;&quot;,&quot;camera&quot;:&quot;&quot;,&quot;caption&quot;:&quot;&quot;,&quot;created_timestamp&quot;:&quot;0&quot;,&quot;copyright&quot;:&quot;&quot;,&quot;focal_length&quot;:&quot;0&quot;,&quot;iso&quot;:&quot;0&quot;,&quot;shutter_speed&quot;:&quot;0&quot;,&quot;title&quot;:&quot;&quot;,&quot;orientation&quot;:&quot;0&quot;}\" data-image-title=\"20190716_121606\" data-image-description=\"\" data-image-caption=\"\" data-large-file=\"https:\/\/i0.wp.com\/bottesetvelo.com\/blog\/wp-content\/uploads\/2023\/07\/20190716_121606-edited-1366x910.jpg?fit=1024%2C682&amp;ssl=1\" src=\"https:\/\/i0.wp.com\/bottesetvelo.com\/blog\/wp-content\/uploads\/2023\/07\/20190716_121606-edited-1366x910.jpg?resize=342%2C228&#038;ssl=1\" alt=\"\" class=\"wp-image-5067\" width=\"342\" height=\"228\" srcset=\"https:\/\/i0.wp.com\/bottesetvelo.com\/blog\/wp-content\/uploads\/2023\/07\/20190716_121606-edited-1366x910.jpg?resize=1366%2C910&amp;ssl=1 1366w, https:\/\/i0.wp.com\/bottesetvelo.com\/blog\/wp-content\/uploads\/2023\/07\/20190716_121606-edited-1366x910.jpg?resize=500%2C333&amp;ssl=1 500w, https:\/\/i0.wp.com\/bottesetvelo.com\/blog\/wp-content\/uploads\/2023\/07\/20190716_121606-edited-1366x910.jpg?resize=768%2C512&amp;ssl=1 768w, https:\/\/i0.wp.com\/bottesetvelo.com\/blog\/wp-content\/uploads\/2023\/07\/20190716_121606-edited-1366x910.jpg?resize=1024%2C682&amp;ssl=1 1024w\" sizes=\"auto, (max-width: 342px) 100vw, 342px\" \/><\/figure>\n<\/div>\n\n\n<p><em><strong>L&rsquo;exp\u00e9rience des chemins de Compostelle vous interpelle?<\/strong><\/em><\/p>\n\n\n\n<p>Il est encore possible de s&rsquo;inscrire au s\u00e9jour p\u00e8lerin que nous vous proposons du 21 septembre au 15 octobre.<\/p>\n\n\n\n<p><strong>La date limite des inscriptions a \u00e9t\u00e9 repouss\u00e9e au 20 juillet.<\/strong><\/p>\n\n\n\n<p><em><strong>N&rsquo;h\u00e9sitez pas \u00e0 nous contacter pour de plus amples informations!<\/strong><\/em><\/p>\n\n\n\n<ul class=\"wp-block-list\">\n<li>24 jours, dont 19 jours de marche entre Le\u00f2n et Finisterre<\/li>\n\n\n\n<li>Vols aller-retour Montr\u00e9al-Barcelone (2 jours dans Barcelone \u00e0 la fin du s\u00e9jour).<\/li>\n\n\n\n<li>400 km \u2013 pour une moyenne de 20 km\/jour<\/li>\n\n\n\n<li>Des ateliers et exercices chaque jour pour approfondir la d\u00e9marche p\u00e8lerine.<\/li>\n<\/ul>\n\n\n\n<p>Vous aimez philosopher, refaire le monde et voyager? Bottes et V\u00e9lo vous propose de faire de chacun de vos pas une exp\u00e9rience de lecture sensible, une mani\u00e8re de voyager qui invite \u00e0 se laisser toucher \u00e0 travers tout son \u00eatre.<\/p>\n\n\n\n<h2 class=\"wp-block-heading has-text-align-center\"><mark style=\"background-color:rgba(0, 0, 0, 0)\" class=\"has-inline-color has-luminous-vivid-orange-color\"><a href=\"http:\/\/bottesetvelo.com\/index.php\/chemins-de-compostelle\/\" target=\"_blank\" rel=\"noreferrer noopener\">INFORMATIONS ET INSCRIPTIONS<\/a><\/mark><\/h2>\n","protected":false},"excerpt":{"rendered":"<p>Compostelle 2023 L&rsquo;exp\u00e9rience des chemins de Compostelle vous interpelle? Il est encore possible de s&rsquo;inscrire au s\u00e9jour p\u00e8lerin que nous vous proposons du 21 septembre au 15 octobre. La date limite des inscriptions a \u00e9t\u00e9 repouss\u00e9e au 20 juillet. N&rsquo;h\u00e9sitez pas \u00e0 nous contacter pour de plus amples informations! Vous aimez philosopher, refaire le monde&hellip;<\/p>\n","protected":false},"author":1,"featured_media":4671,"comment_status":"open","ping_status":"open","sticky":false,"template":"","format":"standard","meta":{"jetpack_post_was_ever_published":false,"_jetpack_newsletter_access":"everybody","_jetpack_dont_email_post_to_subs":false,"_jetpack_newsletter_tier_id":0,"_jetpack_memberships_contains_paywalled_content":false,"_jetpack_memberships_contains_paid_content":false,"footnotes":"","jetpack_publicize_message":"","jetpack_publicize_feature_enabled":true,"jetpack_social_post_already_shared":false,"jetpack_social_options":{"image_generator_settings":{"template":"highway","default_image_id":0,"font":"","enabled":false},"version":2}},"categories":[1],"tags":[392],"class_list":["post-5065","post","type-post","status-publish","format-standard","has-post-thumbnail","hentry","category-uncategorized","tag-voyages-pelerins"],"jetpack_publicize_connections":[],"jetpack_featured_media_url":"https:\/\/i0.wp.com\/bottesetvelo.com\/blog\/wp-content\/uploads\/2021\/11\/2019-07-06-09.40.12.jpg?fit=4608%2C2240&ssl=1","jetpack_shortlink":"https:\/\/wp.me\/p4eY6z-1jH","jetpack_sharing_enabled":true,"jetpack_likes_enabled":true,"jetpack-related-posts":[],"_links":{"self":[{"href":"https:\/\/bottesetvelo.com\/blog\/wp-json\/wp\/v2\/posts\/5065","targetHints":{"allow":["GET"]}}],"collection":[{"href":"https:\/\/bottesetvelo.com\/blog\/wp-json\/wp\/v2\/posts"}],"about":[{"href":"https:\/\/bottesetvelo.com\/blog\/wp-json\/wp\/v2\/types\/post"}],"author":[{"embeddable":true,"href":"https:\/\/bottesetvelo.com\/blog\/wp-json\/wp\/v2\/users\/1"}],"replies":[{"embeddable":true,"href":"https:\/\/bottesetvelo.com\/blog\/wp-json\/wp\/v2\/comments?post=5065"}],"version-history":[{"count":4,"href":"https:\/\/bottesetvelo.com\/blog\/wp-json\/wp\/v2\/posts\/5065\/revisions"}],"predecessor-version":[{"id":5070,"href":"https:\/\/bottesetvelo.com\/blog\/wp-json\/wp\/v2\/posts\/5065\/revisions\/5070"}],"wp:featuredmedia":[{"embeddable":true,"href":"https:\/\/bottesetvelo.com\/blog\/wp-json\/wp\/v2\/media\/4671"}],"wp:attachment":[{"href":"https:\/\/bottesetvelo.com\/blog\/wp-json\/wp\/v2\/media?parent=5065"}],"wp:term":[{"taxonomy":"category","embeddable":true,"href":"https:\/\/bottesetvelo.com\/blog\/wp-json\/wp\/v2\/categories?post=5065"},{"taxonomy":"post_tag","embeddable":true,"href":"https:\/\/bottesetvelo.com\/blog\/wp-json\/wp\/v2\/tags?post=5065"}],"curies":[{"name":"wp","href":"https:\/\/api.w.org\/{rel}","templated":true}]}}