{"id":5037,"date":"2023-06-09T09:37:49","date_gmt":"2023-06-09T13:37:49","guid":{"rendered":"https:\/\/bottesetvelo.com\/blog\/?p=5037"},"modified":"2023-06-09T09:37:49","modified_gmt":"2023-06-09T13:37:49","slug":"la-nature-en-moi","status":"publish","type":"post","link":"https:\/\/bottesetvelo.com\/blog\/2023\/06\/09\/la-nature-en-moi\/","title":{"rendered":"La nature en moi"},"content":{"rendered":"\n<div class=\"wp-block-group\"><div class=\"wp-block-group__inner-container is-layout-constrained wp-block-group-is-layout-constrained\">\n<blockquote class=\"wp-block-quote has-text-align-right has-medium-font-size is-layout-flow wp-block-quote-is-layout-flow\">\n<p class=\"has-text-align-right has-small-font-size\">Quand une fleur ne fleurit pas, <\/p>\n\n\n\n<p class=\"has-text-align-right has-small-font-size\">on corrige l&rsquo;environnement dans lequel la fleur pousse, <\/p>\n\n\n\n<p class=\"has-text-align-right has-small-font-size\">pas la fleur.<\/p>\n<cite>Anonyme<\/cite><\/blockquote>\n\n\n<div class=\"wp-block-image\">\n<figure class=\"alignright size-large is-resized\"><img data-recalc-dims=\"1\" loading=\"lazy\" decoding=\"async\" data-attachment-id=\"5038\" data-permalink=\"https:\/\/bottesetvelo.com\/blog\/2023\/06\/09\/la-nature-en-moi\/attachment\/2\/\" data-orig-file=\"https:\/\/i0.wp.com\/bottesetvelo.com\/blog\/wp-content\/uploads\/2023\/06\/2-2449x1435.jpg?fit=2449%2C1435&amp;ssl=1\" data-orig-size=\"2449,1435\" data-comments-opened=\"1\" data-image-meta=\"{&quot;aperture&quot;:&quot;9&quot;,&quot;credit&quot;:&quot;&quot;,&quot;camera&quot;:&quot;Canon PowerShot SD890 IS&quot;,&quot;caption&quot;:&quot;&quot;,&quot;created_timestamp&quot;:&quot;1435588814&quot;,&quot;copyright&quot;:&quot;&quot;,&quot;focal_length&quot;:&quot;6.6&quot;,&quot;iso&quot;:&quot;80&quot;,&quot;shutter_speed&quot;:&quot;0.01&quot;,&quot;title&quot;:&quot;&quot;,&quot;orientation&quot;:&quot;1&quot;}\" data-image-title=\"2\" data-image-description=\"\" data-image-caption=\"\" data-large-file=\"https:\/\/i0.wp.com\/bottesetvelo.com\/blog\/wp-content\/uploads\/2023\/06\/2-2449x1435.jpg?fit=1024%2C600&amp;ssl=1\" src=\"https:\/\/i0.wp.com\/bottesetvelo.com\/blog\/wp-content\/uploads\/2023\/06\/2.jpg?resize=240%2C141&#038;ssl=1\" alt=\"\" class=\"wp-image-5038\" width=\"240\" height=\"141\" srcset=\"https:\/\/i0.wp.com\/bottesetvelo.com\/blog\/wp-content\/uploads\/2023\/06\/2-2449x1435.jpg?resize=1024%2C600&amp;ssl=1 1024w, https:\/\/i0.wp.com\/bottesetvelo.com\/blog\/wp-content\/uploads\/2023\/06\/2-2449x1435.jpg?resize=500%2C293&amp;ssl=1 500w, https:\/\/i0.wp.com\/bottesetvelo.com\/blog\/wp-content\/uploads\/2023\/06\/2-2449x1435.jpg?resize=768%2C450&amp;ssl=1 768w, https:\/\/i0.wp.com\/bottesetvelo.com\/blog\/wp-content\/uploads\/2023\/06\/2-2449x1435.jpg?resize=1536%2C900&amp;ssl=1 1536w, https:\/\/i0.wp.com\/bottesetvelo.com\/blog\/wp-content\/uploads\/2023\/06\/2-2449x1435.jpg?resize=2048%2C1200&amp;ssl=1 2048w, https:\/\/i0.wp.com\/bottesetvelo.com\/blog\/wp-content\/uploads\/2023\/06\/2-2449x1435.jpg?w=2340&amp;ssl=1 2340w\" sizes=\"auto, (max-width: 240px) 100vw, 240px\" \/><\/figure>\n<\/div>\n\n\n<p>C\u2019est le printemps, la saison des plantations et des transplantations horticoles. Comme plusieurs d\u2019entre vous, je m\u2019active dans mes plates-bandes, cet espace de nature artificiellement am\u00e9nag\u00e9 pour r\u00e9pondre \u00e0 mes d\u00e9sirs d\u2019esth\u00e9tique, d\u2019agr\u00e9ment et de commodit\u00e9. Et, comme \u00e0 chaque ann\u00e9e, voyant que certaines plantes n\u2019ont pas pouss\u00e9 tel qu\u2019anticip\u00e9, je les d\u00e9place dans l\u2019espoir qu\u2019elles seront mieux ailleurs. Ma d\u00e9marche de transplantation est, cette fois-ci, davantage tourn\u00e9e vers les besoins de la plante. Mon d\u00e9sir est de lui trouver l\u2019emplacement qui lui offrira les conditions optimales n\u00e9cessaires \u00e0 son \u00e9panouissement. Notre vie n\u2019en est pas bien diff\u00e9rente. Nous sommes nous aussi des \u00eatres vivants ayant des besoins \u00e0 combler pour porter du fruit et fleurir.<\/p>\n\n\n\n<p><em>Vous arrive-t-il de vous sentir inond\u00e9, d\u00e9bord\u00e9, en recevant plus que vous ne pouvez en absorber? Avez-vous parfois le sentiment d\u2019\u00eatre envahi, d\u2019\u00eatre \u00e9touff\u00e9 par votre entourage? Recevez-vous toute la reconnaissance et la chaleur dont vous avez besoin? Vous sentez-vous vu et appr\u00e9ci\u00e9 \u00e0 votre juste valeur? Vous sentez-vous nourri, stimul\u00e9 \u00e0 grandir, par l\u2019environnement dans lequel vous \u00eates \u00e9tabli?<\/em><\/p>\n\n\n<div class=\"wp-block-image\">\n<figure class=\"alignright size-large is-resized\"><img data-recalc-dims=\"1\" loading=\"lazy\" decoding=\"async\" data-attachment-id=\"5039\" data-permalink=\"https:\/\/bottesetvelo.com\/blog\/2023\/06\/09\/la-nature-en-moi\/attachment\/3\/\" data-orig-file=\"https:\/\/i0.wp.com\/bottesetvelo.com\/blog\/wp-content\/uploads\/2023\/06\/3.jpg?fit=3439%2C1623&amp;ssl=1\" data-orig-size=\"3439,1623\" data-comments-opened=\"1\" data-image-meta=\"{&quot;aperture&quot;:&quot;1.7&quot;,&quot;credit&quot;:&quot;&quot;,&quot;camera&quot;:&quot;SM-A530W&quot;,&quot;caption&quot;:&quot;&quot;,&quot;created_timestamp&quot;:&quot;1530781326&quot;,&quot;copyright&quot;:&quot;&quot;,&quot;focal_length&quot;:&quot;3.93&quot;,&quot;iso&quot;:&quot;40&quot;,&quot;shutter_speed&quot;:&quot;0.0040485829959514&quot;,&quot;title&quot;:&quot;&quot;,&quot;orientation&quot;:&quot;0&quot;}\" data-image-title=\"3\" data-image-description=\"\" data-image-caption=\"\" data-large-file=\"https:\/\/i0.wp.com\/bottesetvelo.com\/blog\/wp-content\/uploads\/2023\/06\/3.jpg?fit=1024%2C483&amp;ssl=1\" src=\"https:\/\/i0.wp.com\/bottesetvelo.com\/blog\/wp-content\/uploads\/2023\/06\/3.jpg?resize=296%2C139&#038;ssl=1\" alt=\"\" class=\"wp-image-5039\" width=\"296\" height=\"139\" srcset=\"https:\/\/i0.wp.com\/bottesetvelo.com\/blog\/wp-content\/uploads\/2023\/06\/3.jpg?resize=1024%2C483&amp;ssl=1 1024w, https:\/\/i0.wp.com\/bottesetvelo.com\/blog\/wp-content\/uploads\/2023\/06\/3.jpg?resize=500%2C236&amp;ssl=1 500w, https:\/\/i0.wp.com\/bottesetvelo.com\/blog\/wp-content\/uploads\/2023\/06\/3.jpg?resize=768%2C362&amp;ssl=1 768w, https:\/\/i0.wp.com\/bottesetvelo.com\/blog\/wp-content\/uploads\/2023\/06\/3.jpg?resize=1536%2C725&amp;ssl=1 1536w, https:\/\/i0.wp.com\/bottesetvelo.com\/blog\/wp-content\/uploads\/2023\/06\/3.jpg?resize=2048%2C967&amp;ssl=1 2048w, https:\/\/i0.wp.com\/bottesetvelo.com\/blog\/wp-content\/uploads\/2023\/06\/3.jpg?w=2340&amp;ssl=1 2340w\" sizes=\"auto, (max-width: 296px) 100vw, 296px\" \/><\/figure>\n<\/div>\n\n\n<p>Sur les chemins de longues p\u00e9r\u00e9grinations, nombreux seront ceux qui auront choisi de se d\u00e9raciner de leur plate-bande quotidienne pour aller d\u00e9couvrir un ailleurs, vivre un autrement, dans l\u2019espoir de trouver mieux ou du moins d\u2019identifier le changement \u00e0 op\u00e9rer dans leur environnement de vie. Partir pour mieux revenir et revenir mieux.<\/p>\n\n\n\n<p><em>Cette plante-ci a besoin du plein soleil, tandis que celle-ci pousse mieux \u00e0 l\u2019ombre. Celle-ci est trop coinc\u00e9e, elle a besoin de plus d\u2019espace. Ces deux-l\u00e0 se nuisent, je dois les s\u00e9parer. Celle-ci re\u00e7oit beaucoup trop d\u2019eau. Et celle-l\u00e0 aurait besoin d\u2019un tuteur\u2026 &nbsp;<\/em><\/p>\n\n\n\n<p>Je suis n\u00e9e avec une date d\u2019expiration. Une date butoir que je ne connais pas. Date de remise \u00e0 laquelle je rendrai l\u2019\u00e2me. Jardini\u00e8re de mon propre champ de vie, il n\u2019appartient qu\u2019\u00e0 moi d\u2019user de mon temps pour qu\u2019\u00e0 chaque jour je me rapproche toujours un peu plus de cet environnement fertile qui me permettra de fleurir pleinement. Mais qu\u2019est-ce qui me donne du souffle?<\/p>\n\n\n\n<p><em>Quelles sont mes aspirations? Qu\u2019est-ce qui m\u2019inspire? Quel fruit je porte en moi? Qu\u2019est-ce que je donne gratuitement autour de moi? Quelle s\u00e8ve coule dans mes veines? De quelle essence suis-je faite?<\/em><\/p>\n\n\n\n<p>Chemin faisant, le p\u00e8lerin, loin de son environnement initial, exp\u00e9rimente le d\u00e9rangement et le d\u00e9placement int\u00e9rieur. \u00c0 travers les douceurs et les souffrances, les joies et les d\u00e9couragements, graduellement, il s\u2019autorise. Au fil des jours, il d\u00e9ploie sa v\u00e9ritable nature, respecte son rythme, affiche sa couleur, donne le meilleur de lui-m\u00eame. En chemin, il trouve sa place dans cette grande plate-bande p\u00e8lerine.<\/p>\n\n\n<div class=\"wp-block-image\">\n<figure class=\"alignleft size-large is-resized\"><img data-recalc-dims=\"1\" loading=\"lazy\" decoding=\"async\" data-attachment-id=\"5040\" data-permalink=\"https:\/\/bottesetvelo.com\/blog\/2023\/06\/09\/la-nature-en-moi\/seedling-g37e3d27c1_1280\/\" data-orig-file=\"https:\/\/i0.wp.com\/bottesetvelo.com\/blog\/wp-content\/uploads\/2023\/06\/seedling-g37e3d27c1_1280-1280x783.jpg?fit=1280%2C783&amp;ssl=1\" data-orig-size=\"1280,783\" data-comments-opened=\"1\" data-image-meta=\"{&quot;aperture&quot;:&quot;0&quot;,&quot;credit&quot;:&quot;&quot;,&quot;camera&quot;:&quot;&quot;,&quot;caption&quot;:&quot;&quot;,&quot;created_timestamp&quot;:&quot;0&quot;,&quot;copyright&quot;:&quot;&quot;,&quot;focal_length&quot;:&quot;0&quot;,&quot;iso&quot;:&quot;0&quot;,&quot;shutter_speed&quot;:&quot;0&quot;,&quot;title&quot;:&quot;&quot;,&quot;orientation&quot;:&quot;0&quot;}\" data-image-title=\"seedling-g37e3d27c1_1280\" data-image-description=\"\" data-image-caption=\"\" data-large-file=\"https:\/\/i0.wp.com\/bottesetvelo.com\/blog\/wp-content\/uploads\/2023\/06\/seedling-g37e3d27c1_1280-1280x783.jpg?fit=1024%2C626&amp;ssl=1\" src=\"https:\/\/i0.wp.com\/bottesetvelo.com\/blog\/wp-content\/uploads\/2023\/06\/seedling-g37e3d27c1_1280.jpg?resize=226%2C139&#038;ssl=1\" alt=\"\" class=\"wp-image-5040\" width=\"226\" height=\"139\" srcset=\"https:\/\/i0.wp.com\/bottesetvelo.com\/blog\/wp-content\/uploads\/2023\/06\/seedling-g37e3d27c1_1280-1280x783.jpg?resize=1024%2C626&amp;ssl=1 1024w, https:\/\/i0.wp.com\/bottesetvelo.com\/blog\/wp-content\/uploads\/2023\/06\/seedling-g37e3d27c1_1280-1280x783.jpg?resize=500%2C306&amp;ssl=1 500w, https:\/\/i0.wp.com\/bottesetvelo.com\/blog\/wp-content\/uploads\/2023\/06\/seedling-g37e3d27c1_1280-1280x783.jpg?resize=768%2C470&amp;ssl=1 768w, https:\/\/i0.wp.com\/bottesetvelo.com\/blog\/wp-content\/uploads\/2023\/06\/seedling-g37e3d27c1_1280-1280x783.jpg?resize=1280%2C783&amp;ssl=1 1280w\" sizes=\"auto, (max-width: 226px) 100vw, 226px\" \/><\/figure>\n<\/div>\n\n\n<p>C\u2019est le printemps, la saison des semences et des naissances. Jardini\u00e8re de mon environnement, je fertilise, d\u00e9sherbe, \u00e9lague, soigne, prot\u00e8ge. Chaque geste, chaque d\u00e9cision, est une graine que je s\u00e8me qui contribue \u00e0 confectionner le terreau le plus favorable \u00e0 mon \u00e9panouissement. Bon jardinage \u00e0 vous!<\/p>\n\n\n\n<p><\/p>\n\n\n<div class=\"wp-block-image\">\n<figure class=\"alignright size-full is-resized\"><img data-recalc-dims=\"1\" loading=\"lazy\" decoding=\"async\" data-attachment-id=\"4389\" data-permalink=\"https:\/\/bottesetvelo.com\/blog\/2021\/03\/15\/marcher-parler-ecouter-lexercice-pelerin\/bottes-et-velo-embleme-2\/\" data-orig-file=\"https:\/\/i0.wp.com\/bottesetvelo.com\/blog\/wp-content\/uploads\/2021\/03\/Bottes-et-Velo-Embleme.jpg?fit=398%2C314&amp;ssl=1\" data-orig-size=\"398,314\" data-comments-opened=\"1\" data-image-meta=\"{&quot;aperture&quot;:&quot;0&quot;,&quot;credit&quot;:&quot;&quot;,&quot;camera&quot;:&quot;&quot;,&quot;caption&quot;:&quot;&quot;,&quot;created_timestamp&quot;:&quot;0&quot;,&quot;copyright&quot;:&quot;&quot;,&quot;focal_length&quot;:&quot;0&quot;,&quot;iso&quot;:&quot;0&quot;,&quot;shutter_speed&quot;:&quot;0&quot;,&quot;title&quot;:&quot;&quot;,&quot;orientation&quot;:&quot;0&quot;}\" data-image-title=\"Bottes et V\u00e9lo &amp;#8211; Embl\u00eame\" data-image-description=\"\" data-image-caption=\"\" data-large-file=\"https:\/\/i0.wp.com\/bottesetvelo.com\/blog\/wp-content\/uploads\/2021\/03\/Bottes-et-Velo-Embleme.jpg?fit=398%2C314&amp;ssl=1\" src=\"https:\/\/i0.wp.com\/bottesetvelo.com\/blog\/wp-content\/uploads\/2021\/03\/Bottes-et-Velo-Embleme.jpg?resize=68%2C54&#038;ssl=1\" alt=\"\" class=\"wp-image-4389\" width=\"68\" height=\"54\"\/><\/figure>\n<\/div>\n\n\n<p>Brigitte Harouni<\/p>\n<\/div><\/div>\n","protected":false},"excerpt":{"rendered":"<p>Vous arrive-t-il de vous sentir inond\u00e9, d\u00e9bord\u00e9, en recevant plus que vous ne pouvez en absorber? Avez-vous parfois le sentiment d\u2019\u00eatre envahi, d\u2019\u00eatre \u00e9touff\u00e9 par votre entourage? Recevez-vous toute la reconnaissance et la chaleur dont vous avez besoin? Vous sentez-vous vu et appr\u00e9ci\u00e9 \u00e0 votre juste valeur? Vous sentez-vous nourri, stimul\u00e9 \u00e0 grandir, par l\u2019environnement dans lequel vous \u00eates \u00e9tabli?<\/p>\n","protected":false},"author":2,"featured_media":5042,"comment_status":"open","ping_status":"open","sticky":false,"template":"","format":"standard","meta":{"jetpack_post_was_ever_published":false,"_jetpack_newsletter_access":"","_jetpack_dont_email_post_to_subs":false,"_jetpack_newsletter_tier_id":0,"_jetpack_memberships_contains_paywalled_content":false,"_jetpack_memberships_contains_paid_content":false,"footnotes":"","jetpack_publicize_message":"","jetpack_publicize_feature_enabled":true,"jetpack_social_post_already_shared":true,"jetpack_social_options":{"image_generator_settings":{"template":"highway","default_image_id":0,"font":"","enabled":false},"version":2}},"categories":[422,50,39,3],"tags":[103,549,336,727,726],"class_list":["post-5037","post","type-post","status-publish","format-standard","has-post-thumbnail","hentry","category-accompagnement","category-art-de-vivre","category-croissance-personnelle","category-reflexions","tag-bien-etre","tag-pelerinage-2","tag-transformation","tag-trouver-sa-place","tag-vraie-nature"],"jetpack_publicize_connections":[],"jetpack_featured_media_url":"https:\/\/i0.wp.com\/bottesetvelo.com\/blog\/wp-content\/uploads\/2023\/06\/1-1.jpg?fit=2685%2C1532&ssl=1","jetpack_shortlink":"https:\/\/wp.me\/p4eY6z-1jf","jetpack_sharing_enabled":true,"jetpack_likes_enabled":true,"jetpack-related-posts":[],"_links":{"self":[{"href":"https:\/\/bottesetvelo.com\/blog\/wp-json\/wp\/v2\/posts\/5037","targetHints":{"allow":["GET"]}}],"collection":[{"href":"https:\/\/bottesetvelo.com\/blog\/wp-json\/wp\/v2\/posts"}],"about":[{"href":"https:\/\/bottesetvelo.com\/blog\/wp-json\/wp\/v2\/types\/post"}],"author":[{"embeddable":true,"href":"https:\/\/bottesetvelo.com\/blog\/wp-json\/wp\/v2\/users\/2"}],"replies":[{"embeddable":true,"href":"https:\/\/bottesetvelo.com\/blog\/wp-json\/wp\/v2\/comments?post=5037"}],"version-history":[{"count":9,"href":"https:\/\/bottesetvelo.com\/blog\/wp-json\/wp\/v2\/posts\/5037\/revisions"}],"predecessor-version":[{"id":5051,"href":"https:\/\/bottesetvelo.com\/blog\/wp-json\/wp\/v2\/posts\/5037\/revisions\/5051"}],"wp:featuredmedia":[{"embeddable":true,"href":"https:\/\/bottesetvelo.com\/blog\/wp-json\/wp\/v2\/media\/5042"}],"wp:attachment":[{"href":"https:\/\/bottesetvelo.com\/blog\/wp-json\/wp\/v2\/media?parent=5037"}],"wp:term":[{"taxonomy":"category","embeddable":true,"href":"https:\/\/bottesetvelo.com\/blog\/wp-json\/wp\/v2\/categories?post=5037"},{"taxonomy":"post_tag","embeddable":true,"href":"https:\/\/bottesetvelo.com\/blog\/wp-json\/wp\/v2\/tags?post=5037"}],"curies":[{"name":"wp","href":"https:\/\/api.w.org\/{rel}","templated":true}]}}