{"id":5029,"date":"2023-05-26T09:21:32","date_gmt":"2023-05-26T13:21:32","guid":{"rendered":"https:\/\/bottesetvelo.com\/blog\/?p=5029"},"modified":"2023-05-26T09:21:32","modified_gmt":"2023-05-26T13:21:32","slug":"voyager-connecte","status":"publish","type":"post","link":"https:\/\/bottesetvelo.com\/blog\/2023\/05\/26\/voyager-connecte\/","title":{"rendered":"Voyager connect\u00e9"},"content":{"rendered":"\n<p class=\"has-drop-cap\">Nous en sommes bien conscients&nbsp;: les tentacules de l\u2019internet nous atteignent partout! Comme un cordon ombilical, elles nous relient sans interruption, ou presque, au reste du monde. Dans un tel contexte, sur quoi peut se construire l\u2019autonomie humaine? Penser par soi-m\u00eame. D\u00e9cider par soi-m\u00eame. Faire de vrais choix, loin des rumeurs. Voil\u00e0 un d\u00e9fi auquel nous sommes confront\u00e9s \u00e0 chaque instant et dont les pratiques p\u00e8lerines de notre \u00e9poque, tout comme celles du voyageur en g\u00e9n\u00e9ral, tentent de s\u2019extirper.<\/p>\n\n\n<div class=\"wp-block-image\">\n<figure class=\"alignright size-large is-resized\"><img data-recalc-dims=\"1\" loading=\"lazy\" decoding=\"async\" data-attachment-id=\"5031\" data-permalink=\"https:\/\/bottesetvelo.com\/blog\/2023\/05\/26\/voyager-connecte\/smartphone-571961_1280\/\" data-orig-file=\"https:\/\/i0.wp.com\/bottesetvelo.com\/blog\/wp-content\/uploads\/2023\/05\/smartphone-571961_1280-1280x864.jpg?fit=1280%2C864&amp;ssl=1\" data-orig-size=\"1280,864\" data-comments-opened=\"1\" data-image-meta=\"{&quot;aperture&quot;:&quot;0&quot;,&quot;credit&quot;:&quot;&quot;,&quot;camera&quot;:&quot;&quot;,&quot;caption&quot;:&quot;&quot;,&quot;created_timestamp&quot;:&quot;0&quot;,&quot;copyright&quot;:&quot;&quot;,&quot;focal_length&quot;:&quot;0&quot;,&quot;iso&quot;:&quot;0&quot;,&quot;shutter_speed&quot;:&quot;0&quot;,&quot;title&quot;:&quot;&quot;,&quot;orientation&quot;:&quot;0&quot;}\" data-image-title=\"smartphone-571961_1280\" data-image-description=\"\" data-image-caption=\"\" data-large-file=\"https:\/\/i0.wp.com\/bottesetvelo.com\/blog\/wp-content\/uploads\/2023\/05\/smartphone-571961_1280-1280x864.jpg?fit=1024%2C691&amp;ssl=1\" src=\"https:\/\/i0.wp.com\/bottesetvelo.com\/blog\/wp-content\/uploads\/2023\/05\/smartphone-571961_1280.jpg?resize=512%2C346&#038;ssl=1\" alt=\"\" class=\"wp-image-5031\" width=\"512\" height=\"346\" srcset=\"https:\/\/i0.wp.com\/bottesetvelo.com\/blog\/wp-content\/uploads\/2023\/05\/smartphone-571961_1280-1280x864.jpg?resize=1024%2C691&amp;ssl=1 1024w, https:\/\/i0.wp.com\/bottesetvelo.com\/blog\/wp-content\/uploads\/2023\/05\/smartphone-571961_1280-1280x864.jpg?resize=500%2C338&amp;ssl=1 500w, https:\/\/i0.wp.com\/bottesetvelo.com\/blog\/wp-content\/uploads\/2023\/05\/smartphone-571961_1280-1280x864.jpg?resize=768%2C518&amp;ssl=1 768w, https:\/\/i0.wp.com\/bottesetvelo.com\/blog\/wp-content\/uploads\/2023\/05\/smartphone-571961_1280-1280x864.jpg?resize=1280%2C864&amp;ssl=1 1280w\" sizes=\"auto, (max-width: 512px) 100vw, 512px\" \/><\/figure>\n<\/div>\n\n\n<p>Au cours des derni\u00e8res ann\u00e9es, l\u2019univers virtuel s\u2019est d\u00e9velopp\u00e9 de mani\u00e8re exponentielle. Il s\u2019est d\u00e9velopp\u00e9 \u00e0 un point tel que certaines recherches invitent \u00e0 le consid\u00e9rer comme un 6<sup>e<\/sup> continent (<a href=\"https:\/\/www.bruno-jarrosson.com\/le-sixieme-continent\/\">Bruno Jarosson, 2014, Le 6<sup>e<\/sup> continent<\/a>)&nbsp;: des gens y vivent, s\u2019y rencontrent, \u00e9changent et y d\u00e9battent en permanence actuellement!<\/p>\n\n\n\n<p>Cet univers, fait d\u2019ondes et de pulsions \u00e9lectroniques, insiste ainsi sur un point&nbsp;: nous relier les uns aux autres; ce qu\u2019il fait de mani\u00e8re vertigineuse!<\/p>\n\n\n\n<p>Entendons-nous, il ne s\u2019agit pas de lire les nouvelles sur son t\u00e9l\u00e9phone, de bouquiner ou encore de trouver son chemin sur une carte routi\u00e8re \u00e9lectronique. La connexion dont il est question nous maintient en lien \u00e0 travers des univers diff\u00e9rents&nbsp;: je suis ici et ailleurs en m\u00eame temps! Je suis sur le chemin de Compostelle et je v\u00e9rifie sur Messenger comment les choses se passent \u00e0 la maison. Je suis \u00e0 v\u00e9lo au Vietnam et je participe \u00e0 une r\u00e9union Zoom. Je suis au Burkina Faso et mon beau-fr\u00e8re m\u2019appelle sur WhatsApp pour m\u2019emprunter ma tondeuse. Je g\u00e8re une vie multiple, j\u2019habite un \u00ab&nbsp;multivers&nbsp;\u00bb. P\u00e8lerin, voyageur ou backpacker, je continue de vivre ce que j\u2019ai laiss\u00e9 derri\u00e8re moi, en m\u00ealant le distant au pr\u00e9sent et en colorant mes humeurs de ce qui n\u2019est pas ici.<\/p>\n\n\n<div class=\"wp-block-image\">\n<figure class=\"alignright size-large is-resized\"><img data-recalc-dims=\"1\" loading=\"lazy\" decoding=\"async\" data-attachment-id=\"5032\" data-permalink=\"https:\/\/bottesetvelo.com\/blog\/2023\/05\/26\/voyager-connecte\/pexels-andrea-piacquadio-3775553\/\" data-orig-file=\"https:\/\/i0.wp.com\/bottesetvelo.com\/blog\/wp-content\/uploads\/2023\/05\/pexels-andrea-piacquadio-3775553.jpg?fit=5760%2C3840&amp;ssl=1\" data-orig-size=\"5760,3840\" data-comments-opened=\"1\" data-image-meta=\"{&quot;aperture&quot;:&quot;0&quot;,&quot;credit&quot;:&quot;&quot;,&quot;camera&quot;:&quot;&quot;,&quot;caption&quot;:&quot;&quot;,&quot;created_timestamp&quot;:&quot;0&quot;,&quot;copyright&quot;:&quot;&quot;,&quot;focal_length&quot;:&quot;0&quot;,&quot;iso&quot;:&quot;0&quot;,&quot;shutter_speed&quot;:&quot;0&quot;,&quot;title&quot;:&quot;&quot;,&quot;orientation&quot;:&quot;0&quot;}\" data-image-title=\"pexels-andrea-piacquadio-3775553\" data-image-description=\"\" data-image-caption=\"\" data-large-file=\"https:\/\/i0.wp.com\/bottesetvelo.com\/blog\/wp-content\/uploads\/2023\/05\/pexels-andrea-piacquadio-3775553.jpg?fit=1024%2C683&amp;ssl=1\" src=\"https:\/\/i0.wp.com\/bottesetvelo.com\/blog\/wp-content\/uploads\/2023\/05\/pexels-andrea-piacquadio-3775553.jpg?resize=512%2C342&#038;ssl=1\" alt=\"\" class=\"wp-image-5032\" width=\"512\" height=\"342\" srcset=\"https:\/\/i0.wp.com\/bottesetvelo.com\/blog\/wp-content\/uploads\/2023\/05\/pexels-andrea-piacquadio-3775553.jpg?resize=1024%2C683&amp;ssl=1 1024w, https:\/\/i0.wp.com\/bottesetvelo.com\/blog\/wp-content\/uploads\/2023\/05\/pexels-andrea-piacquadio-3775553.jpg?resize=500%2C333&amp;ssl=1 500w, https:\/\/i0.wp.com\/bottesetvelo.com\/blog\/wp-content\/uploads\/2023\/05\/pexels-andrea-piacquadio-3775553.jpg?resize=768%2C512&amp;ssl=1 768w, https:\/\/i0.wp.com\/bottesetvelo.com\/blog\/wp-content\/uploads\/2023\/05\/pexels-andrea-piacquadio-3775553.jpg?resize=1536%2C1024&amp;ssl=1 1536w, https:\/\/i0.wp.com\/bottesetvelo.com\/blog\/wp-content\/uploads\/2023\/05\/pexels-andrea-piacquadio-3775553.jpg?resize=2048%2C1365&amp;ssl=1 2048w, https:\/\/i0.wp.com\/bottesetvelo.com\/blog\/wp-content\/uploads\/2023\/05\/pexels-andrea-piacquadio-3775553.jpg?w=2340&amp;ssl=1 2340w, https:\/\/i0.wp.com\/bottesetvelo.com\/blog\/wp-content\/uploads\/2023\/05\/pexels-andrea-piacquadio-3775553.jpg?w=3510&amp;ssl=1 3510w\" sizes=\"auto, (max-width: 512px) 100vw, 512px\" \/><\/figure>\n<\/div>\n\n\n<p>Souvent coriace sur ce point, la famille est la premi\u00e8re \u00e0 poser l\u2019injonction de la connexion&nbsp;: \u00ab&nbsp;Tu me donnes des nouvelles tous les 3 jours, sinon je vais m\u2019inqui\u00e9ter!&nbsp;\u00bb. Cette injonction, si elle est celle des parents envers les jeunes backpackers, somme aujourd\u2019hui les parents-voyageurs de r\u00e9pondre \u00e0 des enfants devenus adultes, racontait <a href=\"https:\/\/www.editions-eres.com\/ouvrage\/3824\/le-voyageur-hypermoderne\">Jocelyn Lachance (Universit\u00e9 de Pau)<\/a>, lors du dernier colloque sur les \u00e9tudes p\u00e8lerines tenus \u00e0 l\u2019UQAM en avril de cette ann\u00e9e.<\/p>\n\n\n\n<p>L\u2019enjeu manifest\u00e9 par ces comportements n\u2019est pourtant jamais si bienveillant qu\u2019il peut le laisser paraitre. En effet, ce n\u2019est pas tant pour l\u2019autre que pour moi que je le somme de r\u00e9pondre. C\u2019est pour me rassurer, me d\u00e9culpabiliser, me donner l\u2019impression d\u2019avoir tout fait, tout pr\u00e9venu. Mais \u00e9tais-ce de ma responsabilit\u00e9? De qui ce voyage est-il l\u2019exp\u00e9rience? Quelle autonomie, conscience, d\u00e9termination, je reconnais \u00e0 l\u2019autre? \u00c0 l\u2019inverse, pourquoi ai-je choisi de partir si je ne peux laisser la vie se faire sans moi? L\u2019objet du voyage n\u2019est-il pas de sortir de son quotidien, de s\u2019en affranchir, de se donner du recul sur sa vie? De mettre les relations quotidiennes sur pause, le temps de se retrouver et de plonger dans ses profondeurs?<\/p>\n\n\n<div class=\"wp-block-image\">\n<figure class=\"alignright size-large is-resized\"><img data-recalc-dims=\"1\" loading=\"lazy\" decoding=\"async\" data-attachment-id=\"5033\" data-permalink=\"https:\/\/bottesetvelo.com\/blog\/2023\/05\/26\/voyager-connecte\/pokemon-1548194_1280\/\" data-orig-file=\"https:\/\/i0.wp.com\/bottesetvelo.com\/blog\/wp-content\/uploads\/2023\/05\/pokemon-1548194_1280-1280x823.jpg?fit=1280%2C823&amp;ssl=1\" data-orig-size=\"1280,823\" data-comments-opened=\"1\" data-image-meta=\"{&quot;aperture&quot;:&quot;0&quot;,&quot;credit&quot;:&quot;&quot;,&quot;camera&quot;:&quot;&quot;,&quot;caption&quot;:&quot;&quot;,&quot;created_timestamp&quot;:&quot;0&quot;,&quot;copyright&quot;:&quot;&quot;,&quot;focal_length&quot;:&quot;0&quot;,&quot;iso&quot;:&quot;0&quot;,&quot;shutter_speed&quot;:&quot;0&quot;,&quot;title&quot;:&quot;&quot;,&quot;orientation&quot;:&quot;0&quot;}\" data-image-title=\"pokemon-1548194_1280\" data-image-description=\"\" data-image-caption=\"\" data-large-file=\"https:\/\/i0.wp.com\/bottesetvelo.com\/blog\/wp-content\/uploads\/2023\/05\/pokemon-1548194_1280-1280x823.jpg?fit=1024%2C658&amp;ssl=1\" src=\"https:\/\/i0.wp.com\/bottesetvelo.com\/blog\/wp-content\/uploads\/2023\/05\/pokemon-1548194_1280.jpg?resize=512%2C329&#038;ssl=1\" alt=\"\" class=\"wp-image-5033\" width=\"512\" height=\"329\" srcset=\"https:\/\/i0.wp.com\/bottesetvelo.com\/blog\/wp-content\/uploads\/2023\/05\/pokemon-1548194_1280-1280x823.jpg?resize=1024%2C658&amp;ssl=1 1024w, https:\/\/i0.wp.com\/bottesetvelo.com\/blog\/wp-content\/uploads\/2023\/05\/pokemon-1548194_1280-1280x823.jpg?resize=500%2C321&amp;ssl=1 500w, https:\/\/i0.wp.com\/bottesetvelo.com\/blog\/wp-content\/uploads\/2023\/05\/pokemon-1548194_1280-1280x823.jpg?resize=768%2C494&amp;ssl=1 768w, https:\/\/i0.wp.com\/bottesetvelo.com\/blog\/wp-content\/uploads\/2023\/05\/pokemon-1548194_1280-1280x823.jpg?resize=1280%2C823&amp;ssl=1 1280w\" sizes=\"auto, (max-width: 512px) 100vw, 512px\" \/><\/figure>\n<\/div>\n\n\n<p>Sous des \u00e9gards de bienveillance, l\u2019attitude d\u00e9note un certain rapport de parentalit\u00e9&nbsp;: en refusant \u00e0 l\u2019autre la possibilit\u00e9 d\u2019advenir comme individu singulier, hors de moi, je le garde en moi. Demeurer ainsi connecter, n\u2019est jamais vraiment quitter.<\/p>\n\n\n\n<p>Par la \u00ab&nbsp;d\u00e9connexion ombilicale&nbsp;\u00bb, m\u00eame virtuelle, l\u2019humain advient. Ainsi, connexion et contr\u00f4le ne rel\u00e8vent pas d\u2019un lien relationnel \u00e9panouissant, mais de la fusion dont ne surgit que du m\u00eame. Dans cet espace fusionnel, il n\u2019y a plus de place pour \u00eatre, pour exprimer sa singularit\u00e9, m\u00eame \u00e0 distance.<\/p>\n\n\n\n<p>Le voyage rel\u00e8ve de la scission, de la d\u00e9connexion. Ni point de d\u00e9part, ni point d\u2019arriv\u00e9e, il est l\u2019espace entre deux lieux, le chemin \u00e0 effectuer. Il est l\u2019espace o\u00f9 la connexion n\u2019a pas encore eu lieu. Il d\u00e9signe ce qui est \u00ab&nbsp;en marche vers&nbsp;\u00bb, mais n\u2019est pas encore arriv\u00e9. Il marque ainsi un temps de rupture, hors du commun.<\/p>\n\n\n\n<p>Dans ces moments&nbsp;: s\u2019ennuyer, go\u00fbter l\u2019absence, sont des mani\u00e8res de grandir, de se d\u00e9couvrir, de gagner en maturit\u00e9. Un travail qui s\u2019accomplit \u00e0 tout \u00e2ge. La d\u00e9connexion devient alors un r\u00e9v\u00e9lateur de soi dans le mouvement qui invite \u00e0 se relier autrement, \u00e0 cr\u00e9er du lien autre. Pour cela, il est n\u00e9cessaire de d\u00e9faire nos liens de connexions pour parvenir \u00e0 se brancher autrement.<\/p>\n\n\n\n<p>Alors, voyager connect\u00e9, oui, mais pour l\u2019outil! Pas pour se compliquer la vie!<\/p>\n\n\n<div class=\"wp-block-image\">\n<figure class=\"alignright size-full\"><img data-recalc-dims=\"1\" loading=\"lazy\" decoding=\"async\" width=\"100\" height=\"79\" data-attachment-id=\"3248\" data-permalink=\"https:\/\/bottesetvelo.com\/blog\/2018\/03\/30\/comme-un-grand-silence\/bottes-et-velo-embleme-3\/\" data-orig-file=\"https:\/\/i0.wp.com\/bottesetvelo.com\/blog\/wp-content\/uploads\/2018\/03\/Bottes-et-V%C3%A9lo-Embl%C3%AAme-1-e1522416719670.png?fit=100%2C79&amp;ssl=1\" data-orig-size=\"100,79\" data-comments-opened=\"1\" data-image-meta=\"{&quot;aperture&quot;:&quot;0&quot;,&quot;credit&quot;:&quot;&quot;,&quot;camera&quot;:&quot;&quot;,&quot;caption&quot;:&quot;&quot;,&quot;created_timestamp&quot;:&quot;0&quot;,&quot;copyright&quot;:&quot;&quot;,&quot;focal_length&quot;:&quot;0&quot;,&quot;iso&quot;:&quot;0&quot;,&quot;shutter_speed&quot;:&quot;0&quot;,&quot;title&quot;:&quot;&quot;,&quot;orientation&quot;:&quot;0&quot;}\" data-image-title=\"Bottes et V\u00e9lo &amp;#8211; Embl\u00eame\" data-image-description=\"\" data-image-caption=\"\" data-large-file=\"https:\/\/i0.wp.com\/bottesetvelo.com\/blog\/wp-content\/uploads\/2018\/03\/Bottes-et-V%C3%A9lo-Embl%C3%AAme-1-e1522416719670.png?fit=100%2C79&amp;ssl=1\" src=\"https:\/\/i0.wp.com\/bottesetvelo.com\/blog\/wp-content\/uploads\/2018\/03\/Bottes-et-V%C3%A9lo-Embl%C3%AAme-1-e1522416719670.png?resize=100%2C79&#038;ssl=1\" alt=\"\" class=\"wp-image-3248\"\/><\/figure>\n<\/div>\n\n\n<p>\u00c9ric Lalibert\u00e9<\/p>\n","protected":false},"excerpt":{"rendered":"<p>Nous en sommes bien conscients&nbsp;: les tentacules de l\u2019internet nous atteignent partout! Comme un cordon ombilical, elles nous relient sans interruption, ou presque, au reste du monde. Dans un tel contexte, sur quoi peut se construire l\u2019autonomie humaine? Penser par soi-m\u00eame. D\u00e9cider par soi-m\u00eame. Faire de vrais choix, loin des rumeurs. Voil\u00e0 un d\u00e9fi auquel&hellip;<\/p>\n","protected":false},"author":3,"featured_media":5035,"comment_status":"open","ping_status":"open","sticky":false,"template":"","format":"standard","meta":{"jetpack_post_was_ever_published":false,"_jetpack_newsletter_access":"","_jetpack_dont_email_post_to_subs":false,"_jetpack_newsletter_tier_id":0,"_jetpack_memberships_contains_paywalled_content":false,"_jetpack_memberships_contains_paid_content":false,"footnotes":"","jetpack_publicize_message":"","jetpack_publicize_feature_enabled":true,"jetpack_social_post_already_shared":true,"jetpack_social_options":{"image_generator_settings":{"template":"highway","default_image_id":0,"font":"","enabled":false},"version":2}},"categories":[50,628,629],"tags":[275,96,725,20,724],"class_list":["post-5029","post","type-post","status-publish","format-standard","has-post-thumbnail","hentry","category-art-de-vivre","category-etudes-pelerines","category-phenomene-pelerin","tag-art-de-vivre","tag-qualite-de-vie","tag-reseaux-sociaux","tag-spiritualite","tag-voyager-connecte"],"jetpack_publicize_connections":[],"jetpack_featured_media_url":"https:\/\/i0.wp.com\/bottesetvelo.com\/blog\/wp-content\/uploads\/2023\/05\/people-2944065_1280-1280x672.jpg?fit=1280%2C672&ssl=1","jetpack_shortlink":"https:\/\/wp.me\/p4eY6z-1j7","jetpack_sharing_enabled":true,"jetpack_likes_enabled":true,"jetpack-related-posts":[],"_links":{"self":[{"href":"https:\/\/bottesetvelo.com\/blog\/wp-json\/wp\/v2\/posts\/5029","targetHints":{"allow":["GET"]}}],"collection":[{"href":"https:\/\/bottesetvelo.com\/blog\/wp-json\/wp\/v2\/posts"}],"about":[{"href":"https:\/\/bottesetvelo.com\/blog\/wp-json\/wp\/v2\/types\/post"}],"author":[{"embeddable":true,"href":"https:\/\/bottesetvelo.com\/blog\/wp-json\/wp\/v2\/users\/3"}],"replies":[{"embeddable":true,"href":"https:\/\/bottesetvelo.com\/blog\/wp-json\/wp\/v2\/comments?post=5029"}],"version-history":[{"count":2,"href":"https:\/\/bottesetvelo.com\/blog\/wp-json\/wp\/v2\/posts\/5029\/revisions"}],"predecessor-version":[{"id":5034,"href":"https:\/\/bottesetvelo.com\/blog\/wp-json\/wp\/v2\/posts\/5029\/revisions\/5034"}],"wp:featuredmedia":[{"embeddable":true,"href":"https:\/\/bottesetvelo.com\/blog\/wp-json\/wp\/v2\/media\/5035"}],"wp:attachment":[{"href":"https:\/\/bottesetvelo.com\/blog\/wp-json\/wp\/v2\/media?parent=5029"}],"wp:term":[{"taxonomy":"category","embeddable":true,"href":"https:\/\/bottesetvelo.com\/blog\/wp-json\/wp\/v2\/categories?post=5029"},{"taxonomy":"post_tag","embeddable":true,"href":"https:\/\/bottesetvelo.com\/blog\/wp-json\/wp\/v2\/tags?post=5029"}],"curies":[{"name":"wp","href":"https:\/\/api.w.org\/{rel}","templated":true}]}}