{"id":5008,"date":"2023-04-14T05:48:18","date_gmt":"2023-04-14T09:48:18","guid":{"rendered":"https:\/\/bottesetvelo.com\/blog\/?p=5008"},"modified":"2023-04-14T05:50:39","modified_gmt":"2023-04-14T09:50:39","slug":"etincelle-pelerine","status":"publish","type":"post","link":"https:\/\/bottesetvelo.com\/blog\/2023\/04\/14\/etincelle-pelerine\/","title":{"rendered":"\u00c9tincelle p\u00e8lerine"},"content":{"rendered":"\n<p class=\"has-text-align-right\">S&rsquo;\u00e9teint de lui-m\u00eame ce qui n&rsquo;a en lui aucune \u00e9tincelle.<\/p>\n\n\n\n<p class=\"has-text-align-right\">Stanislaw Jerzy Lec<\/p>\n\n\n\n<p>La neige fond de plus en plus rapidement. Les premiers bourgeons gonflent timidement sur les branches. L\u2019air se r\u00e9chauffe. Le soleil fl\u00e2ne sur sa route. Et pendant que la s\u00e8ve monte dans les arbres, je sens le printemps fr\u00e9tiller en moi! Un seul regard par la fen\u00eatre et le d\u00e9sir de partir marcher longtemps s\u2019empare de moi. C\u2019est visc\u00e9ral! C\u2019est l\u00e0 que commencent tous mes voyages p\u00e8lerins\u00a0: dans cette \u00e9tincelle. Sans cette \u00e9tincelle, pas de p\u00e8lerinage de longue randonn\u00e9e. Elle est mon d\u00e9marreur. Bien que toute petite, elle est \u00e9lectrisante. Elle convertit l\u2019\u00e9nergie de mon d\u00e9sir en \u00e9nergie m\u00e9canique. En un tour de manivelle, elle m\u2019allume, je m\u2019active et c\u2019est parti pour une balade de plusieurs kilom\u00e8tres!<\/p>\n\n\n<div class=\"wp-block-image\">\n<figure class=\"alignright size-large is-resized\"><img data-recalc-dims=\"1\" loading=\"lazy\" decoding=\"async\" data-attachment-id=\"5009\" data-permalink=\"https:\/\/bottesetvelo.com\/blog\/2023\/04\/14\/etincelle-pelerine\/20220610_095438\/\" data-orig-file=\"https:\/\/i0.wp.com\/bottesetvelo.com\/blog\/wp-content\/uploads\/2023\/04\/20220610_095438.jpg?fit=3121%2C1762&amp;ssl=1\" data-orig-size=\"3121,1762\" data-comments-opened=\"1\" data-image-meta=\"{&quot;aperture&quot;:&quot;0&quot;,&quot;credit&quot;:&quot;&quot;,&quot;camera&quot;:&quot;SM-G781W&quot;,&quot;caption&quot;:&quot;&quot;,&quot;created_timestamp&quot;:&quot;1654854879&quot;,&quot;copyright&quot;:&quot;&quot;,&quot;focal_length&quot;:&quot;0&quot;,&quot;iso&quot;:&quot;40&quot;,&quot;shutter_speed&quot;:&quot;0&quot;,&quot;title&quot;:&quot;&quot;,&quot;orientation&quot;:&quot;0&quot;}\" data-image-title=\"20220610_095438\" data-image-description=\"\" data-image-caption=\"\" data-large-file=\"https:\/\/i0.wp.com\/bottesetvelo.com\/blog\/wp-content\/uploads\/2023\/04\/20220610_095438.jpg?fit=1024%2C578&amp;ssl=1\" src=\"https:\/\/i0.wp.com\/bottesetvelo.com\/blog\/wp-content\/uploads\/2023\/04\/20220610_095438.jpg?resize=302%2C170&#038;ssl=1\" alt=\"\" class=\"wp-image-5009\" width=\"302\" height=\"170\" srcset=\"https:\/\/i0.wp.com\/bottesetvelo.com\/blog\/wp-content\/uploads\/2023\/04\/20220610_095438.jpg?resize=1024%2C578&amp;ssl=1 1024w, https:\/\/i0.wp.com\/bottesetvelo.com\/blog\/wp-content\/uploads\/2023\/04\/20220610_095438.jpg?resize=500%2C282&amp;ssl=1 500w, https:\/\/i0.wp.com\/bottesetvelo.com\/blog\/wp-content\/uploads\/2023\/04\/20220610_095438.jpg?resize=768%2C434&amp;ssl=1 768w, https:\/\/i0.wp.com\/bottesetvelo.com\/blog\/wp-content\/uploads\/2023\/04\/20220610_095438.jpg?resize=1536%2C867&amp;ssl=1 1536w, https:\/\/i0.wp.com\/bottesetvelo.com\/blog\/wp-content\/uploads\/2023\/04\/20220610_095438.jpg?resize=2048%2C1156&amp;ssl=1 2048w, https:\/\/i0.wp.com\/bottesetvelo.com\/blog\/wp-content\/uploads\/2023\/04\/20220610_095438.jpg?resize=1140%2C641&amp;ssl=1 1140w, https:\/\/i0.wp.com\/bottesetvelo.com\/blog\/wp-content\/uploads\/2023\/04\/20220610_095438.jpg?resize=540%2C304&amp;ssl=1 540w, https:\/\/i0.wp.com\/bottesetvelo.com\/blog\/wp-content\/uploads\/2023\/04\/20220610_095438.jpg?w=2340&amp;ssl=1 2340w\" sizes=\"auto, (max-width: 302px) 100vw, 302px\" \/><\/figure>\n<\/div>\n\n\n<p>Je suis comme ces oies blanches qui naviguent \u00e0 travers le ciel. Je suis une migrante dans l\u2019\u00e2me. J\u2019aime p\u00e8leriner. Passer ma journ\u00e9e dehors, quelle que soit la m\u00e9t\u00e9o. D\u00e9couvrir de nouveaux paysages, \u00e0 vitesse humaine, pour bien m\u2019en impr\u00e9gner. Rencontrer l\u2019\u00e9tranger, le temps d\u2019un \u00e9ph\u00e9m\u00e8re moment, pour m\u2019enrichir de sa diff\u00e9rence. Me coucher envelopp\u00e9e d\u2019une bonne fatigue, le corps vid\u00e9 mais le c\u0153ur bien rempli. Et au petit matin, au r\u00e9veil, je sens le cr\u00e9pitement de mon \u00e9tincelle. Bien qu\u2019un peu engourdie par les efforts de la veille, gr\u00e2ce \u00e0 elle, j\u2019enfile mon sac \u00e0 dos et mes bottines pour continuer ma route.<\/p>\n\n\n<div class=\"wp-block-image\">\n<figure class=\"alignright size-large is-resized\"><img data-recalc-dims=\"1\" loading=\"lazy\" decoding=\"async\" data-attachment-id=\"5012\" data-permalink=\"https:\/\/bottesetvelo.com\/blog\/2023\/04\/14\/etincelle-pelerine\/20220620_120154\/\" data-orig-file=\"https:\/\/i0.wp.com\/bottesetvelo.com\/blog\/wp-content\/uploads\/2023\/04\/20220620_120154-2146x1075.jpg?fit=2146%2C1075&amp;ssl=1\" data-orig-size=\"2146,1075\" data-comments-opened=\"1\" data-image-meta=\"{&quot;aperture&quot;:&quot;0&quot;,&quot;credit&quot;:&quot;&quot;,&quot;camera&quot;:&quot;SM-G781W&quot;,&quot;caption&quot;:&quot;&quot;,&quot;created_timestamp&quot;:&quot;1655726514&quot;,&quot;copyright&quot;:&quot;&quot;,&quot;focal_length&quot;:&quot;0&quot;,&quot;iso&quot;:&quot;25&quot;,&quot;shutter_speed&quot;:&quot;0&quot;,&quot;title&quot;:&quot;&quot;,&quot;orientation&quot;:&quot;0&quot;}\" data-image-title=\"20220620_120154\" data-image-description=\"\" data-image-caption=\"\" data-large-file=\"https:\/\/i0.wp.com\/bottesetvelo.com\/blog\/wp-content\/uploads\/2023\/04\/20220620_120154-2146x1075.jpg?fit=1024%2C513&amp;ssl=1\" src=\"https:\/\/i0.wp.com\/bottesetvelo.com\/blog\/wp-content\/uploads\/2023\/04\/20220620_120154.jpg?resize=301%2C151&#038;ssl=1\" alt=\"\" class=\"wp-image-5012\" width=\"301\" height=\"151\" srcset=\"https:\/\/i0.wp.com\/bottesetvelo.com\/blog\/wp-content\/uploads\/2023\/04\/20220620_120154-2146x1075.jpg?resize=1024%2C513&amp;ssl=1 1024w, https:\/\/i0.wp.com\/bottesetvelo.com\/blog\/wp-content\/uploads\/2023\/04\/20220620_120154-2146x1075.jpg?resize=500%2C250&amp;ssl=1 500w, https:\/\/i0.wp.com\/bottesetvelo.com\/blog\/wp-content\/uploads\/2023\/04\/20220620_120154-2146x1075.jpg?resize=768%2C385&amp;ssl=1 768w, https:\/\/i0.wp.com\/bottesetvelo.com\/blog\/wp-content\/uploads\/2023\/04\/20220620_120154-2146x1075.jpg?resize=1536%2C769&amp;ssl=1 1536w, https:\/\/i0.wp.com\/bottesetvelo.com\/blog\/wp-content\/uploads\/2023\/04\/20220620_120154-2146x1075.jpg?resize=2048%2C1026&amp;ssl=1 2048w\" sizes=\"auto, (max-width: 301px) 100vw, 301px\" \/><\/figure>\n<\/div>\n\n\n<p>Jour apr\u00e8s jour, le corps fatigue, l\u2019enthousiasme s\u2019\u00e9tiole. Le d\u00e9sir de p\u00e8leriner, rondement repu, est assoupi. Sans \u00e9tincelle, c\u2019est la fin du voyage. Ces jours-l\u00e0, j\u2019ai de la difficult\u00e9 \u00e0 d\u00e9marrer. Comme un moteur ankylos\u00e9 par le froid, mon corps s\u2019active lentement. Mon \u00e9tincelle, plus puissante que tout, me remet en marche. Et, immanquablement, pas apr\u00e8s pas, les joies cueillies le long du chemin rechargent ma batterie.<\/p>\n\n\n\n<p>Si cette \u00e9tincelle agit sur moi de la sorte, c\u2019est qu\u2019elle fait partie de l\u2019essence m\u00eame de mon \u00eatre, comme la s\u00e8ve qui part des racines et alimente le c\u0153ur de l&rsquo;arbre.<\/p>\n\n\n<div class=\"wp-block-image\">\n<figure class=\"alignleft size-large is-resized\"><img data-recalc-dims=\"1\" loading=\"lazy\" decoding=\"async\" data-attachment-id=\"5018\" data-permalink=\"https:\/\/bottesetvelo.com\/blog\/2023\/04\/14\/etincelle-pelerine\/2014-07-29-10-06-202305843009214202202-1\/\" data-orig-file=\"https:\/\/i0.wp.com\/bottesetvelo.com\/blog\/wp-content\/uploads\/2023\/04\/2014-07-29-10.06.202305843009214202202-1.jpg?fit=3141%2C1762&amp;ssl=1\" data-orig-size=\"3141,1762\" data-comments-opened=\"1\" data-image-meta=\"{&quot;aperture&quot;:&quot;2.6&quot;,&quot;credit&quot;:&quot;&quot;,&quot;camera&quot;:&quot;SGH-I747M&quot;,&quot;caption&quot;:&quot;&quot;,&quot;created_timestamp&quot;:&quot;1406628380&quot;,&quot;copyright&quot;:&quot;&quot;,&quot;focal_length&quot;:&quot;3.7&quot;,&quot;iso&quot;:&quot;50&quot;,&quot;shutter_speed&quot;:&quot;0.00051334702258727&quot;,&quot;title&quot;:&quot;&quot;,&quot;orientation&quot;:&quot;0&quot;}\" data-image-title=\"2014-07-29-10.06.202305843009214202202-1\" data-image-description=\"\" data-image-caption=\"\" data-large-file=\"https:\/\/i0.wp.com\/bottesetvelo.com\/blog\/wp-content\/uploads\/2023\/04\/2014-07-29-10.06.202305843009214202202-1.jpg?fit=1024%2C574&amp;ssl=1\" src=\"https:\/\/i0.wp.com\/bottesetvelo.com\/blog\/wp-content\/uploads\/2023\/04\/2014-07-29-10.06.202305843009214202202-1.jpg?resize=310%2C174&#038;ssl=1\" alt=\"\" class=\"wp-image-5018\" width=\"310\" height=\"174\" srcset=\"https:\/\/i0.wp.com\/bottesetvelo.com\/blog\/wp-content\/uploads\/2023\/04\/2014-07-29-10.06.202305843009214202202-1.jpg?resize=1024%2C574&amp;ssl=1 1024w, https:\/\/i0.wp.com\/bottesetvelo.com\/blog\/wp-content\/uploads\/2023\/04\/2014-07-29-10.06.202305843009214202202-1.jpg?resize=500%2C280&amp;ssl=1 500w, https:\/\/i0.wp.com\/bottesetvelo.com\/blog\/wp-content\/uploads\/2023\/04\/2014-07-29-10.06.202305843009214202202-1.jpg?resize=768%2C431&amp;ssl=1 768w, https:\/\/i0.wp.com\/bottesetvelo.com\/blog\/wp-content\/uploads\/2023\/04\/2014-07-29-10.06.202305843009214202202-1.jpg?resize=1536%2C862&amp;ssl=1 1536w, https:\/\/i0.wp.com\/bottesetvelo.com\/blog\/wp-content\/uploads\/2023\/04\/2014-07-29-10.06.202305843009214202202-1.jpg?resize=2048%2C1149&amp;ssl=1 2048w, https:\/\/i0.wp.com\/bottesetvelo.com\/blog\/wp-content\/uploads\/2023\/04\/2014-07-29-10.06.202305843009214202202-1.jpg?resize=1140%2C641&amp;ssl=1 1140w, https:\/\/i0.wp.com\/bottesetvelo.com\/blog\/wp-content\/uploads\/2023\/04\/2014-07-29-10.06.202305843009214202202-1.jpg?resize=540%2C304&amp;ssl=1 540w, https:\/\/i0.wp.com\/bottesetvelo.com\/blog\/wp-content\/uploads\/2023\/04\/2014-07-29-10.06.202305843009214202202-1.jpg?w=2340&amp;ssl=1 2340w\" sizes=\"auto, (max-width: 310px) 100vw, 310px\" \/><\/figure>\n<\/div>\n\n\n<p>\u00catre un p\u00e8lerin-randonneur ne demande pas prioritairement une bonne forme physique. Le d\u00e9fi de cet exercice r\u00e9side avant tout dans son inlassable r\u00e9p\u00e9tition. Il y est davantage question d\u2019engagement que de performance. Et qui dit engagement, dit amour. \u00cates-vous pr\u00eat \u00e0 vivre cette aventure pour le meilleur et pour le pire?<\/p>\n\n\n\n<p>Brigitte Harouni<\/p>\n\n\n<div class=\"wp-block-image\">\n<figure class=\"alignright size-full is-resized\"><img data-recalc-dims=\"1\" loading=\"lazy\" decoding=\"async\" data-attachment-id=\"4389\" data-permalink=\"https:\/\/bottesetvelo.com\/blog\/2021\/03\/15\/marcher-parler-ecouter-lexercice-pelerin\/bottes-et-velo-embleme-2\/\" data-orig-file=\"https:\/\/i0.wp.com\/bottesetvelo.com\/blog\/wp-content\/uploads\/2021\/03\/Bottes-et-Velo-Embleme.jpg?fit=398%2C314&amp;ssl=1\" data-orig-size=\"398,314\" data-comments-opened=\"1\" data-image-meta=\"{&quot;aperture&quot;:&quot;0&quot;,&quot;credit&quot;:&quot;&quot;,&quot;camera&quot;:&quot;&quot;,&quot;caption&quot;:&quot;&quot;,&quot;created_timestamp&quot;:&quot;0&quot;,&quot;copyright&quot;:&quot;&quot;,&quot;focal_length&quot;:&quot;0&quot;,&quot;iso&quot;:&quot;0&quot;,&quot;shutter_speed&quot;:&quot;0&quot;,&quot;title&quot;:&quot;&quot;,&quot;orientation&quot;:&quot;0&quot;}\" data-image-title=\"Bottes et V\u00e9lo &amp;#8211; Embl\u00eame\" data-image-description=\"\" data-image-caption=\"\" data-large-file=\"https:\/\/i0.wp.com\/bottesetvelo.com\/blog\/wp-content\/uploads\/2021\/03\/Bottes-et-Velo-Embleme.jpg?fit=398%2C314&amp;ssl=1\" src=\"https:\/\/i0.wp.com\/bottesetvelo.com\/blog\/wp-content\/uploads\/2021\/03\/Bottes-et-Velo-Embleme.jpg?resize=60%2C47&#038;ssl=1\" alt=\"\" class=\"wp-image-4389\" width=\"60\" height=\"47\"\/><\/figure>\n<\/div>","protected":false},"excerpt":{"rendered":"<p>Pendant que la s\u00e8ve monte dans les arbres, je sens le printemps fr\u00e9tiller en moi! Un seul regard par la fen\u00eatre et le d\u00e9sir de partir marcher longtemps s\u2019empare de moi. C\u2019est visc\u00e9ral! <\/p>\n","protected":false},"author":2,"featured_media":5018,"comment_status":"open","ping_status":"open","sticky":false,"template":"","format":"standard","meta":{"jetpack_post_was_ever_published":false,"_jetpack_newsletter_access":"","_jetpack_dont_email_post_to_subs":false,"_jetpack_newsletter_tier_id":0,"_jetpack_memberships_contains_paywalled_content":false,"_jetpack_memberships_contains_paid_content":false,"footnotes":"","jetpack_publicize_message":"\u00c9tincelle p\u00e8lerine\nPendant que la s\u00e8ve monte dans les arbres, je sens le printemps fr\u00e9tiller en moi! Un seul regard par la fen\u00eatre et le d\u00e9sir de partir marcher longtemps s\u2019empare de moi. C\u2019est visc\u00e9ral! ","jetpack_publicize_feature_enabled":true,"jetpack_social_post_already_shared":false,"jetpack_social_options":{"image_generator_settings":{"template":"highway","default_image_id":0,"font":"","enabled":false},"version":2}},"categories":[50,39,166,230,3],"tags":[153,723,722,721,254,296],"class_list":["post-5008","post","type-post","status-publish","format-standard","has-post-thumbnail","hentry","category-art-de-vivre","category-croissance-personnelle","category-demarche-du-pelerin","category-histoire-de-pelerin","category-reflexions","tag-desir","tag-elan","tag-engagement","tag-etincelle","tag-marcher","tag-pelerin"],"jetpack_publicize_connections":[],"jetpack_featured_media_url":"https:\/\/i0.wp.com\/bottesetvelo.com\/blog\/wp-content\/uploads\/2023\/04\/2014-07-29-10.06.202305843009214202202-1.jpg?fit=3141%2C1762&ssl=1","jetpack_shortlink":"https:\/\/wp.me\/p4eY6z-1iM","jetpack_sharing_enabled":true,"jetpack_likes_enabled":true,"jetpack-related-posts":[],"_links":{"self":[{"href":"https:\/\/bottesetvelo.com\/blog\/wp-json\/wp\/v2\/posts\/5008","targetHints":{"allow":["GET"]}}],"collection":[{"href":"https:\/\/bottesetvelo.com\/blog\/wp-json\/wp\/v2\/posts"}],"about":[{"href":"https:\/\/bottesetvelo.com\/blog\/wp-json\/wp\/v2\/types\/post"}],"author":[{"embeddable":true,"href":"https:\/\/bottesetvelo.com\/blog\/wp-json\/wp\/v2\/users\/2"}],"replies":[{"embeddable":true,"href":"https:\/\/bottesetvelo.com\/blog\/wp-json\/wp\/v2\/comments?post=5008"}],"version-history":[{"count":13,"href":"https:\/\/bottesetvelo.com\/blog\/wp-json\/wp\/v2\/posts\/5008\/revisions"}],"predecessor-version":[{"id":5027,"href":"https:\/\/bottesetvelo.com\/blog\/wp-json\/wp\/v2\/posts\/5008\/revisions\/5027"}],"wp:featuredmedia":[{"embeddable":true,"href":"https:\/\/bottesetvelo.com\/blog\/wp-json\/wp\/v2\/media\/5018"}],"wp:attachment":[{"href":"https:\/\/bottesetvelo.com\/blog\/wp-json\/wp\/v2\/media?parent=5008"}],"wp:term":[{"taxonomy":"category","embeddable":true,"href":"https:\/\/bottesetvelo.com\/blog\/wp-json\/wp\/v2\/categories?post=5008"},{"taxonomy":"post_tag","embeddable":true,"href":"https:\/\/bottesetvelo.com\/blog\/wp-json\/wp\/v2\/tags?post=5008"}],"curies":[{"name":"wp","href":"https:\/\/api.w.org\/{rel}","templated":true}]}}