{"id":4987,"date":"2023-03-24T18:52:49","date_gmt":"2023-03-24T22:52:49","guid":{"rendered":"https:\/\/bottesetvelo.com\/blog\/?p=4987"},"modified":"2023-03-24T18:52:49","modified_gmt":"2023-03-24T22:52:49","slug":"le-quebec-pelerin","status":"publish","type":"post","link":"https:\/\/bottesetvelo.com\/blog\/2023\/03\/24\/le-quebec-pelerin\/","title":{"rendered":"Le Qu\u00e9bec p\u00e8lerin"},"content":{"rendered":"\n<p class=\"has-drop-cap\">Le Qu\u00e9bec se marche, se navigue, se roule. Il est l&rsquo;espace de rencontres qui se go\u00fbtent et se d\u00e9clinent en saveurs r\u00e9gionales. Il est fait de mille clochers et d\u2019expressions color\u00e9es. Des jarrets noirs de la Beauce, aux bleuets du Lac-St-Jean, des Cantons-de-l\u2019Est \u00e0 la Manicouagan, entre Rapide-Danseur et Sayabec, des Wendats aux Micmacs, le Qu\u00e9bec est p\u00e8lerin en ce qu\u2019il est mani\u00e8re de relier des individus et de vastes \u00e9tendues.<\/p>\n\n\n<div class=\"wp-block-image\">\n<figure class=\"alignright size-large is-resized\"><img data-recalc-dims=\"1\" loading=\"lazy\" decoding=\"async\" data-attachment-id=\"4990\" data-permalink=\"https:\/\/bottesetvelo.com\/blog\/2023\/03\/24\/le-quebec-pelerin\/2018-05-06-09-01-32\/\" data-orig-file=\"https:\/\/i0.wp.com\/bottesetvelo.com\/blog\/wp-content\/uploads\/2023\/03\/2018-05-06-09.01.32.jpg?fit=4301%2C2726&amp;ssl=1\" data-orig-size=\"4301,2726\" data-comments-opened=\"1\" data-image-meta=\"{&quot;aperture&quot;:&quot;3.7&quot;,&quot;credit&quot;:&quot;&quot;,&quot;camera&quot;:&quot;COOLPIX S9900&quot;,&quot;caption&quot;:&quot;&quot;,&quot;created_timestamp&quot;:&quot;1525597292&quot;,&quot;copyright&quot;:&quot;&quot;,&quot;focal_length&quot;:&quot;4.5&quot;,&quot;iso&quot;:&quot;125&quot;,&quot;shutter_speed&quot;:&quot;0.001&quot;,&quot;title&quot;:&quot;&quot;,&quot;orientation&quot;:&quot;1&quot;}\" data-image-title=\"2018-05-06-09.01.32\" data-image-description=\"\" data-image-caption=\"\" data-large-file=\"https:\/\/i0.wp.com\/bottesetvelo.com\/blog\/wp-content\/uploads\/2023\/03\/2018-05-06-09.01.32.jpg?fit=1024%2C649&amp;ssl=1\" src=\"https:\/\/i0.wp.com\/bottesetvelo.com\/blog\/wp-content\/uploads\/2023\/03\/2018-05-06-09.01.32.jpg?resize=512%2C325&#038;ssl=1\" alt=\"\" class=\"wp-image-4990\" width=\"512\" height=\"325\" srcset=\"https:\/\/i0.wp.com\/bottesetvelo.com\/blog\/wp-content\/uploads\/2023\/03\/2018-05-06-09.01.32.jpg?resize=1024%2C649&amp;ssl=1 1024w, https:\/\/i0.wp.com\/bottesetvelo.com\/blog\/wp-content\/uploads\/2023\/03\/2018-05-06-09.01.32.jpg?resize=500%2C317&amp;ssl=1 500w, https:\/\/i0.wp.com\/bottesetvelo.com\/blog\/wp-content\/uploads\/2023\/03\/2018-05-06-09.01.32.jpg?resize=768%2C487&amp;ssl=1 768w, https:\/\/i0.wp.com\/bottesetvelo.com\/blog\/wp-content\/uploads\/2023\/03\/2018-05-06-09.01.32.jpg?resize=1536%2C974&amp;ssl=1 1536w, https:\/\/i0.wp.com\/bottesetvelo.com\/blog\/wp-content\/uploads\/2023\/03\/2018-05-06-09.01.32.jpg?resize=2048%2C1298&amp;ssl=1 2048w, https:\/\/i0.wp.com\/bottesetvelo.com\/blog\/wp-content\/uploads\/2023\/03\/2018-05-06-09.01.32.jpg?w=2340&amp;ssl=1 2340w, https:\/\/i0.wp.com\/bottesetvelo.com\/blog\/wp-content\/uploads\/2023\/03\/2018-05-06-09.01.32.jpg?w=3510&amp;ssl=1 3510w\" sizes=\"auto, (max-width: 512px) 100vw, 512px\" \/><\/figure>\n<\/div>\n\n\n<p>D\u00e8s ses origines am\u00e9rindiennes, le Qu\u00e9bec s\u2019est construit sur le mouvement p\u00e8lerin&nbsp;: un mouvement fluide comme l\u2019eau! C\u2019est d\u2019ailleurs en sinuant ses nombreuses rivi\u00e8res que les Premi\u00e8res Nations l\u2019ont explor\u00e9 et habit\u00e9. Ils s\u2019y sont construits en relation sur tous les plans. Terre nourrici\u00e8re, terre d\u2019\u00e9changes, terre de reconnaissance, ils ont sem\u00e9 dans le c\u0153ur de la modernit\u00e9 leur amour du territoire, au-del\u00e0 des conflits qui l\u2019ont stigmatis\u00e9. Encore aujourd\u2019hui, cette portion de terre d\u00e9sign\u00e9e sous le vocable \u00ab&nbsp;Qu\u00e9bec&nbsp;\u00bb demeure \u00e9poustouflante. Tout n\u2019est qu\u2019affaire de relation au c\u0153ur des humains!<\/p>\n\n\n\n<p>L\u2019esprit p\u00e8lerin est ainsi fait de travers\u00e9s qui transforment. Il est travers\u00e9, tout autant qu\u2019il traverse. Jamais fix\u00e9, il est de ces passages qui teintent et colorent l\u2019histoire; desquels on apprend parfois difficilement. Il pointe cependant toujours dans la m\u00eame direction&nbsp;: il cherche le meilleur de l\u2019humanit\u00e9, malgr\u00e9 les apparences\u2026 Espace de rencontres, il confronte \u00e0 la diversit\u00e9 en nous sortant de nos statu quo&nbsp;: je ne suis jamais seul. Je suis toujours confront\u00e9 \u00e0 un autre, diff\u00e9rent de moi. L\u2019esprit p\u00e8lerin impose ainsi une reconfiguration des rapports relationnels \u00e0 tous les \u00e9gards, qu\u2019ils soient d\u2019humain \u00e0 humain, en lien avec la nature, ou en rapport avec l\u2019univers. Des rapports qui construisent du lien, non en domination.<\/p>\n\n\n<div class=\"wp-block-image\">\n<figure class=\"alignright size-full is-resized\"><img data-recalc-dims=\"1\" loading=\"lazy\" decoding=\"async\" data-attachment-id=\"4992\" data-permalink=\"https:\/\/bottesetvelo.com\/blog\/2023\/03\/24\/le-quebec-pelerin\/gang-au-quai\/\" data-orig-file=\"https:\/\/i0.wp.com\/bottesetvelo.com\/blog\/wp-content\/uploads\/2023\/03\/gang-au-quai-960x540.jpg?fit=960%2C540&amp;ssl=1\" data-orig-size=\"960,540\" data-comments-opened=\"1\" data-image-meta=\"{&quot;aperture&quot;:&quot;0&quot;,&quot;credit&quot;:&quot;&quot;,&quot;camera&quot;:&quot;&quot;,&quot;caption&quot;:&quot;&quot;,&quot;created_timestamp&quot;:&quot;0&quot;,&quot;copyright&quot;:&quot;&quot;,&quot;focal_length&quot;:&quot;0&quot;,&quot;iso&quot;:&quot;0&quot;,&quot;shutter_speed&quot;:&quot;0&quot;,&quot;title&quot;:&quot;&quot;,&quot;orientation&quot;:&quot;0&quot;}\" data-image-title=\"gang-au-quai\" data-image-description=\"\" data-image-caption=\"\" data-large-file=\"https:\/\/i0.wp.com\/bottesetvelo.com\/blog\/wp-content\/uploads\/2023\/03\/gang-au-quai-960x540.jpg?fit=960%2C540&amp;ssl=1\" src=\"https:\/\/i0.wp.com\/bottesetvelo.com\/blog\/wp-content\/uploads\/2023\/03\/gang-au-quai.jpg?resize=480%2C270&#038;ssl=1\" alt=\"\" class=\"wp-image-4992\" width=\"480\" height=\"270\" srcset=\"https:\/\/i0.wp.com\/bottesetvelo.com\/blog\/wp-content\/uploads\/2023\/03\/gang-au-quai-960x540.jpg?resize=960%2C540&amp;ssl=1 960w, https:\/\/i0.wp.com\/bottesetvelo.com\/blog\/wp-content\/uploads\/2023\/03\/gang-au-quai-960x540.jpg?resize=500%2C281&amp;ssl=1 500w, https:\/\/i0.wp.com\/bottesetvelo.com\/blog\/wp-content\/uploads\/2023\/03\/gang-au-quai-960x540.jpg?resize=768%2C432&amp;ssl=1 768w, https:\/\/i0.wp.com\/bottesetvelo.com\/blog\/wp-content\/uploads\/2023\/03\/gang-au-quai-960x540.jpg?resize=540%2C304&amp;ssl=1 540w\" sizes=\"auto, (max-width: 480px) 100vw, 480px\" \/><\/figure>\n<\/div>\n\n\n<p>Notre histoire est malheureusement fa\u00e7onn\u00e9e de rencontres qui se sont souvent sold\u00e9es par de cuisants affrontements et des rapports \u00e9crasants. Malgr\u00e9 tout, le territoire qu\u2019on appelle aujourd\u2019hui Qu\u00e9bec demeure pourtant un lieu qui favorise les rencontres, un lieu qui se laisse fa\u00e7onner par elles. Depuis les Premi\u00e8res Nations, aux colons fran\u00e7ais, anglais, irlandais, en passant par l\u2019arriv\u00e9e de migrants italiens, allemands, vietnamiens, ha\u00eftiens, camerounais, rwandais, syriens, le travail se poursuit et nous apprend \u00e0 vivre ensemble.<\/p>\n\n\n\n<p>Cela dit, ce n\u2019est pas parce que le Qu\u00e9bec est fa\u00e7onn\u00e9 qu\u2019il est facilement mall\u00e9able. Quand la maison \u00ab&nbsp;travaille&nbsp;\u00bb, c\u2019est qu\u2019elle r\u00e9siste&nbsp;: elle craque de partout! Ces craquements sont pourtant n\u00e9cessaires. Ils \u00e9branlent les certitudes, remettent en question, incitent au cheminement. Ils indiquent que la rencontre est agissante, qu\u2019il y a rencontre d\u2019individus singuliers, et que le d\u00e9placement s\u2019op\u00e8re. Si nous \u00e9tions tous pareils, il ne se passerait rien. Nous serions face \u00e0 un miroir, confort\u00e9s dans notre vision du monde.<\/p>\n\n\n\n<p>En agissant dans nos r\u00e9sistances, l\u2019esprit p\u00e8lerin donne la souplesse qui \u00e9vite de s\u2019effondrer ou de s\u2019affronter. Il secoue juste assez pour permettre de grandir et d\u2019aller plus loin. Il prend soin de part et d\u2019autre.<\/p>\n\n\n<div class=\"wp-block-image\">\n<figure class=\"alignright size-large is-resized\"><img data-recalc-dims=\"1\" loading=\"lazy\" decoding=\"async\" data-attachment-id=\"4993\" data-permalink=\"https:\/\/bottesetvelo.com\/blog\/2023\/03\/24\/le-quebec-pelerin\/20180823_105617-2\/\" data-orig-file=\"https:\/\/i0.wp.com\/bottesetvelo.com\/blog\/wp-content\/uploads\/2023\/03\/20180823_105617-2-1882x830.jpg?fit=1882%2C830&amp;ssl=1\" data-orig-size=\"1882,830\" data-comments-opened=\"1\" data-image-meta=\"{&quot;aperture&quot;:&quot;1.7&quot;,&quot;credit&quot;:&quot;&quot;,&quot;camera&quot;:&quot;SM-G950W&quot;,&quot;caption&quot;:&quot;&quot;,&quot;created_timestamp&quot;:&quot;1535021777&quot;,&quot;copyright&quot;:&quot;&quot;,&quot;focal_length&quot;:&quot;4.25&quot;,&quot;iso&quot;:&quot;50&quot;,&quot;shutter_speed&quot;:&quot;0.00015356265356265&quot;,&quot;title&quot;:&quot;&quot;,&quot;orientation&quot;:&quot;0&quot;}\" data-image-title=\"20180823_105617-2\" data-image-description=\"\" data-image-caption=\"\" data-large-file=\"https:\/\/i0.wp.com\/bottesetvelo.com\/blog\/wp-content\/uploads\/2023\/03\/20180823_105617-2-1882x830.jpg?fit=1024%2C452&amp;ssl=1\" src=\"https:\/\/i0.wp.com\/bottesetvelo.com\/blog\/wp-content\/uploads\/2023\/03\/20180823_105617-2.jpg?resize=512%2C226&#038;ssl=1\" alt=\"\" class=\"wp-image-4993\" width=\"512\" height=\"226\" srcset=\"https:\/\/i0.wp.com\/bottesetvelo.com\/blog\/wp-content\/uploads\/2023\/03\/20180823_105617-2-1882x830.jpg?resize=1024%2C452&amp;ssl=1 1024w, https:\/\/i0.wp.com\/bottesetvelo.com\/blog\/wp-content\/uploads\/2023\/03\/20180823_105617-2-1882x830.jpg?resize=500%2C221&amp;ssl=1 500w, https:\/\/i0.wp.com\/bottesetvelo.com\/blog\/wp-content\/uploads\/2023\/03\/20180823_105617-2-1882x830.jpg?resize=768%2C339&amp;ssl=1 768w, https:\/\/i0.wp.com\/bottesetvelo.com\/blog\/wp-content\/uploads\/2023\/03\/20180823_105617-2-1882x830.jpg?resize=1536%2C677&amp;ssl=1 1536w, https:\/\/i0.wp.com\/bottesetvelo.com\/blog\/wp-content\/uploads\/2023\/03\/20180823_105617-2-1882x830.jpg?resize=1882%2C830&amp;ssl=1 1882w\" sizes=\"auto, (max-width: 512px) 100vw, 512px\" \/><\/figure>\n<\/div>\n\n\n<p>Les Premi\u00e8res Nations appelaient le fleuve St-Laurent&nbsp;: <em>Magtogoek<\/em>, le chemin qui marche. Une mani\u00e8re de dire que le chemin n\u2019est pas statique, qu\u2019il est lui-m\u00eame cheminement. La force du fleuve est ainsi celle de relier le Qu\u00e9bec, de le mettre en marche en allant vers l\u2019autre. Art\u00e8re vitale et principale de ce territoire que nous habitons, le St-Laurent ouvre le Qu\u00e9bec sur le monde, mais aussi sur son monde int\u00e9rieur. Laissons-nous inspirer dans cet art de relier \u2013 cet art d\u2019aller \u00e0 la rencontre&nbsp;: de soi, de l\u2019autre \u2013 en nous laissant transformer pour le plus grand bien.<\/p>\n\n\n<div class=\"wp-block-image\">\n<figure class=\"alignright size-full\"><img data-recalc-dims=\"1\" loading=\"lazy\" decoding=\"async\" width=\"100\" height=\"79\" data-attachment-id=\"3248\" data-permalink=\"https:\/\/bottesetvelo.com\/blog\/2018\/03\/30\/comme-un-grand-silence\/bottes-et-velo-embleme-3\/\" data-orig-file=\"https:\/\/i0.wp.com\/bottesetvelo.com\/blog\/wp-content\/uploads\/2018\/03\/Bottes-et-V%C3%A9lo-Embl%C3%AAme-1-e1522416719670.png?fit=100%2C79&amp;ssl=1\" data-orig-size=\"100,79\" data-comments-opened=\"1\" data-image-meta=\"{&quot;aperture&quot;:&quot;0&quot;,&quot;credit&quot;:&quot;&quot;,&quot;camera&quot;:&quot;&quot;,&quot;caption&quot;:&quot;&quot;,&quot;created_timestamp&quot;:&quot;0&quot;,&quot;copyright&quot;:&quot;&quot;,&quot;focal_length&quot;:&quot;0&quot;,&quot;iso&quot;:&quot;0&quot;,&quot;shutter_speed&quot;:&quot;0&quot;,&quot;title&quot;:&quot;&quot;,&quot;orientation&quot;:&quot;0&quot;}\" data-image-title=\"Bottes et V\u00e9lo &amp;#8211; Embl\u00eame\" data-image-description=\"\" data-image-caption=\"\" data-large-file=\"https:\/\/i0.wp.com\/bottesetvelo.com\/blog\/wp-content\/uploads\/2018\/03\/Bottes-et-V%C3%A9lo-Embl%C3%AAme-1-e1522416719670.png?fit=100%2C79&amp;ssl=1\" src=\"https:\/\/i0.wp.com\/bottesetvelo.com\/blog\/wp-content\/uploads\/2018\/03\/Bottes-et-V%C3%A9lo-Embl%C3%AAme-1-e1522416719670.png?resize=100%2C79&#038;ssl=1\" alt=\"\" class=\"wp-image-3248\"\/><\/figure>\n<\/div>\n\n\n<p>\u00c9ric Lalibert\u00e9<\/p>\n","protected":false},"excerpt":{"rendered":"<p>Le Qu\u00e9bec se marche, se navigue, se roule. Il est l&rsquo;espace de rencontres qui se go\u00fbtent et se d\u00e9clinent en saveurs r\u00e9gionales. Il est fait de mille clochers et d\u2019expressions color\u00e9es. Des jarrets noirs de la Beauce, aux bleuets du Lac-St-Jean, des Cantons-de-l\u2019Est \u00e0 la Manicouagan, entre Rapide-Danseur et Sayabec, des Wendats aux Micmacs, le&hellip;<\/p>\n","protected":false},"author":3,"featured_media":4988,"comment_status":"open","ping_status":"open","sticky":false,"template":"","format":"standard","meta":{"jetpack_post_was_ever_published":false,"_jetpack_newsletter_access":"","_jetpack_dont_email_post_to_subs":false,"_jetpack_newsletter_tier_id":0,"_jetpack_memberships_contains_paywalled_content":false,"_jetpack_memberships_contains_paid_content":false,"footnotes":"","jetpack_publicize_message":"Le Qu\u00e9bec p\u00e8lerin\nLe #Qu\u00e9bec se marche, se navigue, se roule. Il est l\u2019espace de #rencontres qui se go\u00fbtent et se d\u00e9clinent en saveurs r\u00e9gionales. Le Qu\u00e9bec est #p\u00e8lerin en ce qu\u2019il est mani\u00e8re de relier des individus et de vastes \u00e9tendues.","jetpack_publicize_feature_enabled":true,"jetpack_social_post_already_shared":false,"jetpack_social_options":{"image_generator_settings":{"template":"highway","default_image_id":0,"font":"","enabled":false},"version":2}},"categories":[50,74],"tags":[275,718,96,546],"class_list":["post-4987","post","type-post","status-publish","format-standard","has-post-thumbnail","hentry","category-art-de-vivre","category-la-voie-du-st-laurent","tag-art-de-vivre","tag-esprit-pelerin","tag-qualite-de-vie","tag-rencontrer-lautre"],"jetpack_publicize_connections":[],"jetpack_featured_media_url":"https:\/\/i0.wp.com\/bottesetvelo.com\/blog\/wp-content\/uploads\/2023\/03\/2019-06-08-12.18.05.jpg?fit=4608%2C2240&ssl=1","jetpack_shortlink":"https:\/\/wp.me\/p4eY6z-1ir","jetpack_sharing_enabled":true,"jetpack_likes_enabled":true,"jetpack-related-posts":[],"_links":{"self":[{"href":"https:\/\/bottesetvelo.com\/blog\/wp-json\/wp\/v2\/posts\/4987","targetHints":{"allow":["GET"]}}],"collection":[{"href":"https:\/\/bottesetvelo.com\/blog\/wp-json\/wp\/v2\/posts"}],"about":[{"href":"https:\/\/bottesetvelo.com\/blog\/wp-json\/wp\/v2\/types\/post"}],"author":[{"embeddable":true,"href":"https:\/\/bottesetvelo.com\/blog\/wp-json\/wp\/v2\/users\/3"}],"replies":[{"embeddable":true,"href":"https:\/\/bottesetvelo.com\/blog\/wp-json\/wp\/v2\/comments?post=4987"}],"version-history":[{"count":4,"href":"https:\/\/bottesetvelo.com\/blog\/wp-json\/wp\/v2\/posts\/4987\/revisions"}],"predecessor-version":[{"id":4999,"href":"https:\/\/bottesetvelo.com\/blog\/wp-json\/wp\/v2\/posts\/4987\/revisions\/4999"}],"wp:featuredmedia":[{"embeddable":true,"href":"https:\/\/bottesetvelo.com\/blog\/wp-json\/wp\/v2\/media\/4988"}],"wp:attachment":[{"href":"https:\/\/bottesetvelo.com\/blog\/wp-json\/wp\/v2\/media?parent=4987"}],"wp:term":[{"taxonomy":"category","embeddable":true,"href":"https:\/\/bottesetvelo.com\/blog\/wp-json\/wp\/v2\/categories?post=4987"},{"taxonomy":"post_tag","embeddable":true,"href":"https:\/\/bottesetvelo.com\/blog\/wp-json\/wp\/v2\/tags?post=4987"}],"curies":[{"name":"wp","href":"https:\/\/api.w.org\/{rel}","templated":true}]}}