{"id":4955,"date":"2023-01-27T07:00:00","date_gmt":"2023-01-27T12:00:00","guid":{"rendered":"https:\/\/bottesetvelo.com\/blog\/?p=4955"},"modified":"2023-01-26T18:45:34","modified_gmt":"2023-01-26T23:45:34","slug":"dire-compostelle-nest-pas-anodin","status":"publish","type":"post","link":"https:\/\/bottesetvelo.com\/blog\/2023\/01\/27\/dire-compostelle-nest-pas-anodin\/","title":{"rendered":"Dire \u00ab\u00a0Compostelle\u00a0\u00bb n&rsquo;est pas anodin!"},"content":{"rendered":"\n<p class=\"has-drop-cap has-medium-font-size\" style=\"font-style:normal;font-weight:600\">Derni\u00e8rement, la cath\u00e9drale de Santiago faisait \u00e9tat de ses statistiques pour 2022\u00a0: 438\u00a0000 marcheurs ont r\u00e9clam\u00e9 leur compostela. C&rsquo;est presque 100 000 de plus qu&rsquo;en 2019, juste avant la pand\u00e9mie!<\/p>\n\n\n\n<p>Quoique cette donn\u00e9e puisse sembler faramineuse, elle sous-\u00e9value la fr\u00e9quentation des chemins puisque bon nombre ne r\u00e9clament pas le certificat. Si l\u2019on tient compte de l\u2019ensemble du r\u00e9seau, dans toutes ses ramifications, les donn\u00e9es d\u00e9passent ais\u00e9ment les 4 ou 5 millions. Cela dit, si ces marcheurs ne sont pas tous arriv\u00e9s \u00e0 Santiago, sont-ils compostellans pour autant? Apr\u00e8s avoir march\u00e9 3, 4 ou m\u00eame 5 semaines, sans arriver \u00e0 Santiago, \u00eates-vous compostellans? Beaucoup vous diront\u00a0: \u00ab\u00a0J&rsquo;ai fait Compostelle!\u00a0\u00bb, sans h\u00e9sitation. Alors, qu\u2019est-ce qui \u00ab\u00a0fait Compostelle\u00a0\u00bb?<\/p>\n\n\n<div class=\"wp-block-image\">\n<figure class=\"alignright size-large is-resized\"><img data-recalc-dims=\"1\" loading=\"lazy\" decoding=\"async\" data-attachment-id=\"4960\" data-permalink=\"https:\/\/bottesetvelo.com\/blog\/2023\/01\/27\/dire-compostelle-nest-pas-anodin\/2019-07-16-10-52-05\/\" data-orig-file=\"https:\/\/i0.wp.com\/bottesetvelo.com\/blog\/wp-content\/uploads\/2023\/01\/2019-07-16-10.52.05.jpg?fit=4149%2C2017&amp;ssl=1\" data-orig-size=\"4149,2017\" data-comments-opened=\"1\" data-image-meta=\"{&quot;aperture&quot;:&quot;1.7&quot;,&quot;credit&quot;:&quot;&quot;,&quot;camera&quot;:&quot;SM-A530W&quot;,&quot;caption&quot;:&quot;&quot;,&quot;created_timestamp&quot;:&quot;1563274325&quot;,&quot;copyright&quot;:&quot;&quot;,&quot;focal_length&quot;:&quot;3.93&quot;,&quot;iso&quot;:&quot;40&quot;,&quot;shutter_speed&quot;:&quot;0.00059594755661502&quot;,&quot;title&quot;:&quot;&quot;,&quot;orientation&quot;:&quot;1&quot;}\" data-image-title=\"2019-07-16-10.52.05\" data-image-description=\"\" data-image-caption=\"\" data-large-file=\"https:\/\/i0.wp.com\/bottesetvelo.com\/blog\/wp-content\/uploads\/2023\/01\/2019-07-16-10.52.05.jpg?fit=1024%2C498&amp;ssl=1\" src=\"https:\/\/i0.wp.com\/bottesetvelo.com\/blog\/wp-content\/uploads\/2023\/01\/2019-07-16-10.52.05.jpg?resize=512%2C249&#038;ssl=1\" alt=\"\" class=\"wp-image-4960\" width=\"512\" height=\"249\" srcset=\"https:\/\/i0.wp.com\/bottesetvelo.com\/blog\/wp-content\/uploads\/2023\/01\/2019-07-16-10.52.05.jpg?resize=1024%2C498&amp;ssl=1 1024w, https:\/\/i0.wp.com\/bottesetvelo.com\/blog\/wp-content\/uploads\/2023\/01\/2019-07-16-10.52.05.jpg?resize=500%2C243&amp;ssl=1 500w, https:\/\/i0.wp.com\/bottesetvelo.com\/blog\/wp-content\/uploads\/2023\/01\/2019-07-16-10.52.05.jpg?resize=768%2C373&amp;ssl=1 768w, https:\/\/i0.wp.com\/bottesetvelo.com\/blog\/wp-content\/uploads\/2023\/01\/2019-07-16-10.52.05.jpg?resize=1536%2C747&amp;ssl=1 1536w, https:\/\/i0.wp.com\/bottesetvelo.com\/blog\/wp-content\/uploads\/2023\/01\/2019-07-16-10.52.05.jpg?resize=2048%2C996&amp;ssl=1 2048w, https:\/\/i0.wp.com\/bottesetvelo.com\/blog\/wp-content\/uploads\/2023\/01\/2019-07-16-10.52.05.jpg?w=2340&amp;ssl=1 2340w, https:\/\/i0.wp.com\/bottesetvelo.com\/blog\/wp-content\/uploads\/2023\/01\/2019-07-16-10.52.05.jpg?w=3510&amp;ssl=1 3510w\" sizes=\"auto, (max-width: 512px) 100vw, 512px\" \/><\/figure>\n<\/div>\n\n\n<p>Est-ce qu\u2019il suffit d\u2019arriver \u00e0 Compostelle pour se dire compostellan? Plusieurs regardent de haut les d\u00e9parts de Sarria qui n\u2019ont pas la m\u00eame valeur \u00e0 leurs yeux. Est-ce que les p\u00e8lerins qui d\u00e9barquent en autocars sont moins p\u00e8lerins que les marcheurs? Qu\u2019est-ce qui les distingue? Le d\u00e9bat est des plus int\u00e9ressants et n\u2019est pas anodin car, qu\u2019est-ce que \u00ab\u00a0faire Compostelle\u00a0\u00bb? Que disent les p\u00e8lerins lorsqu\u2019ils disent \u00ab\u00a0faire Compostelle\u00a0\u00bb?<\/p>\n\n\n\n<p>Alors qu\u2019on \u00ab\u00a0va\u00a0\u00bb \u00e0 Lourdes ou Fatima, Compostelle se fait. Tout l\u2019enjeu tourne autour de ce \u00ab\u00a0faire\u00a0\u00bb. Et c\u2019est tr\u00e8s certainement ce qui distingue les marcheurs, des p\u00e8lerins en autocars. Ces derniers ne disent pas qu\u2019ils ont \u00ab\u00a0fait Compostelle\u00a0\u00bb, mais qu\u2019ils y sont \u00ab\u00a0all\u00e9s\u00a0\u00bb. Nuance consid\u00e9rable et combien plus engageante quand il s\u2019agit de \u00ab\u00a0faire\u00a0\u00bb!<\/p>\n\n\n<div class=\"wp-block-image\">\n<figure class=\"alignright size-large is-resized\"><img data-recalc-dims=\"1\" loading=\"lazy\" decoding=\"async\" data-attachment-id=\"4959\" data-permalink=\"https:\/\/bottesetvelo.com\/blog\/2023\/01\/27\/dire-compostelle-nest-pas-anodin\/2019-07-06-07-26-55\/\" data-orig-file=\"https:\/\/i0.wp.com\/bottesetvelo.com\/blog\/wp-content\/uploads\/2023\/01\/2019-07-06-07.26.55.jpg?fit=4608%2C2240&amp;ssl=1\" data-orig-size=\"4608,2240\" data-comments-opened=\"1\" data-image-meta=\"{&quot;aperture&quot;:&quot;1.7&quot;,&quot;credit&quot;:&quot;&quot;,&quot;camera&quot;:&quot;SM-A530W&quot;,&quot;caption&quot;:&quot;&quot;,&quot;created_timestamp&quot;:&quot;1562398015&quot;,&quot;copyright&quot;:&quot;&quot;,&quot;focal_length&quot;:&quot;3.93&quot;,&quot;iso&quot;:&quot;40&quot;,&quot;shutter_speed&quot;:&quot;8.3998320033599E-5&quot;,&quot;title&quot;:&quot;&quot;,&quot;orientation&quot;:&quot;1&quot;}\" data-image-title=\"2019-07-06-07.26.55\" data-image-description=\"\" data-image-caption=\"\" data-large-file=\"https:\/\/i0.wp.com\/bottesetvelo.com\/blog\/wp-content\/uploads\/2023\/01\/2019-07-06-07.26.55.jpg?fit=1024%2C498&amp;ssl=1\" src=\"https:\/\/i0.wp.com\/bottesetvelo.com\/blog\/wp-content\/uploads\/2023\/01\/2019-07-06-07.26.55.jpg?resize=512%2C249&#038;ssl=1\" alt=\"\" class=\"wp-image-4959\" width=\"512\" height=\"249\" srcset=\"https:\/\/i0.wp.com\/bottesetvelo.com\/blog\/wp-content\/uploads\/2023\/01\/2019-07-06-07.26.55.jpg?resize=1024%2C498&amp;ssl=1 1024w, https:\/\/i0.wp.com\/bottesetvelo.com\/blog\/wp-content\/uploads\/2023\/01\/2019-07-06-07.26.55.jpg?resize=500%2C243&amp;ssl=1 500w, https:\/\/i0.wp.com\/bottesetvelo.com\/blog\/wp-content\/uploads\/2023\/01\/2019-07-06-07.26.55.jpg?resize=768%2C373&amp;ssl=1 768w, https:\/\/i0.wp.com\/bottesetvelo.com\/blog\/wp-content\/uploads\/2023\/01\/2019-07-06-07.26.55.jpg?resize=1536%2C747&amp;ssl=1 1536w, https:\/\/i0.wp.com\/bottesetvelo.com\/blog\/wp-content\/uploads\/2023\/01\/2019-07-06-07.26.55.jpg?resize=2048%2C996&amp;ssl=1 2048w, https:\/\/i0.wp.com\/bottesetvelo.com\/blog\/wp-content\/uploads\/2023\/01\/2019-07-06-07.26.55.jpg?w=2340&amp;ssl=1 2340w, https:\/\/i0.wp.com\/bottesetvelo.com\/blog\/wp-content\/uploads\/2023\/01\/2019-07-06-07.26.55.jpg?w=3510&amp;ssl=1 3510w\" sizes=\"auto, (max-width: 512px) 100vw, 512px\" \/><\/figure>\n<\/div>\n\n\n<p>Donc, Compostelle se fait. Mais que \u00ab&nbsp;font&nbsp;\u00bb ces p\u00e8lerins? Qu\u2019est-ce qu\u2019ils ont fait exactement? Un truc religieux? Une randonn\u00e9e? Du tourisme? Est-ce qu\u2019ils l\u2019ont \u00ab&nbsp;fabriqu\u00e9&nbsp;\u00bb, en le faisant?<\/p>\n\n\n\n<p>Quand on se lance dans l\u2019observation de ce \u00ab&nbsp;faire&nbsp;\u00bb, les questions ne cessent de s\u2019encha\u00eener. Dire que nous avons fait Compostelle est questionnant de signification, car personne n\u2019a fait la m\u00eame chose. Ne serait-ce qu\u2019en rapport au lieu de Compostelle! Si certains ont march\u00e9 de Bordeaux \u00e0 Santiago, d\u2019autres ont march\u00e9 du Puy-en-Velay \u00e0 St-Jean-Pied-de-Port, en Allemagne, en Tch\u00e9coslovaquie, m\u00eame au Br\u00e9sil. Compostelle est un immense r\u00e9seau de routes. Il est possible de marcher pendant des semaines, voire des mois, sans ne jamais arriver \u00e0 Compostelle. Peu importe leur intention ou leur motivation, tous vous diront avoir \u00ab&nbsp;fait Compostelle&nbsp;\u00bb!<\/p>\n\n\n\n<p>En prenant conscience de cette mani\u00e8re de dire, Compostelle ne s\u2019exprime plus comme lieu, mais comme espace et mouvement. En se faisant, il dit bien plus qu\u2019un emplacement physique et laisse entendre une certaine exp\u00e9rience du chemin. L\u2019emploi du verbe \u00ab&nbsp;faire&nbsp;\u00bb engage, demande un investissement de la personne, qu\u2019aller n\u2019implique pas. Avec \u00ab&nbsp;aller&nbsp;\u00bb, l\u2019intention est d\u2019\u00eatre sur place, d\u2019y arriver. Alors que \u00ab&nbsp;faire&nbsp;\u00bb manifeste autre chose, une transformation. Il y a un avant et un apr\u00e8s. Quand je fais, je m\u2019investis dans une fabrication, quelque chose se cr\u00e9e par le faire. Ce que je rassemble dans cette fabrication est transform\u00e9 et me transforme. Comme on fait une toile, une danse, une \u0153uvre; mais aussi comme on fait le gazon, le m\u00e9nage, la cuisine. On peut aussi \u00ab&nbsp;faire&nbsp;\u00bb du progr\u00e8s, \u00ab&nbsp;faire&nbsp;\u00bb une rechute, \u00ab&nbsp;faire&nbsp;\u00bb du trouble. &nbsp;<\/p>\n\n\n<div class=\"wp-block-image\">\n<figure class=\"alignright size-large is-resized\"><img data-recalc-dims=\"1\" loading=\"lazy\" decoding=\"async\" data-attachment-id=\"4962\" data-permalink=\"https:\/\/bottesetvelo.com\/blog\/2023\/01\/27\/dire-compostelle-nest-pas-anodin\/2019-07-12-07-16-42\/\" data-orig-file=\"https:\/\/i0.wp.com\/bottesetvelo.com\/blog\/wp-content\/uploads\/2023\/01\/2019-07-12-07.16.42.jpg?fit=4608%2C2240&amp;ssl=1\" data-orig-size=\"4608,2240\" data-comments-opened=\"1\" data-image-meta=\"{&quot;aperture&quot;:&quot;1.7&quot;,&quot;credit&quot;:&quot;&quot;,&quot;camera&quot;:&quot;SM-A530W&quot;,&quot;caption&quot;:&quot;&quot;,&quot;created_timestamp&quot;:&quot;1562915802&quot;,&quot;copyright&quot;:&quot;&quot;,&quot;focal_length&quot;:&quot;3.93&quot;,&quot;iso&quot;:&quot;160&quot;,&quot;shutter_speed&quot;:&quot;0.016666666666667&quot;,&quot;title&quot;:&quot;&quot;,&quot;orientation&quot;:&quot;1&quot;}\" data-image-title=\"2019-07-12-07.16.42\" data-image-description=\"\" data-image-caption=\"\" data-large-file=\"https:\/\/i0.wp.com\/bottesetvelo.com\/blog\/wp-content\/uploads\/2023\/01\/2019-07-12-07.16.42.jpg?fit=1024%2C498&amp;ssl=1\" src=\"https:\/\/i0.wp.com\/bottesetvelo.com\/blog\/wp-content\/uploads\/2023\/01\/2019-07-12-07.16.42.jpg?resize=512%2C249&#038;ssl=1\" alt=\"\" class=\"wp-image-4962\" width=\"512\" height=\"249\" srcset=\"https:\/\/i0.wp.com\/bottesetvelo.com\/blog\/wp-content\/uploads\/2023\/01\/2019-07-12-07.16.42.jpg?resize=1024%2C498&amp;ssl=1 1024w, https:\/\/i0.wp.com\/bottesetvelo.com\/blog\/wp-content\/uploads\/2023\/01\/2019-07-12-07.16.42.jpg?resize=500%2C243&amp;ssl=1 500w, https:\/\/i0.wp.com\/bottesetvelo.com\/blog\/wp-content\/uploads\/2023\/01\/2019-07-12-07.16.42.jpg?resize=768%2C373&amp;ssl=1 768w, https:\/\/i0.wp.com\/bottesetvelo.com\/blog\/wp-content\/uploads\/2023\/01\/2019-07-12-07.16.42.jpg?resize=1536%2C747&amp;ssl=1 1536w, https:\/\/i0.wp.com\/bottesetvelo.com\/blog\/wp-content\/uploads\/2023\/01\/2019-07-12-07.16.42.jpg?resize=2048%2C996&amp;ssl=1 2048w, https:\/\/i0.wp.com\/bottesetvelo.com\/blog\/wp-content\/uploads\/2023\/01\/2019-07-12-07.16.42.jpg?w=2340&amp;ssl=1 2340w, https:\/\/i0.wp.com\/bottesetvelo.com\/blog\/wp-content\/uploads\/2023\/01\/2019-07-12-07.16.42.jpg?w=3510&amp;ssl=1 3510w\" sizes=\"auto, (max-width: 512px) 100vw, 512px\" \/><\/figure>\n<\/div>\n\n\n<p>Faire manifeste un d\u00e9placement qui d\u00e9passe l\u2019acte physique perceptible. \u00a0Faire une toile est bien plus qu\u2019appliquer des couleurs sur un bout de tissu. Peindre cherche \u00e0 dire, exprime une perception. Faire le m\u00e9nage est plus que passer l\u2019aspirateur. Il est question de propret\u00e9, d\u2019environnement sain. Cuisiner \u00e9voque saveurs et rassemblements, plaisirs d\u2019\u00eatre ensemble. Tous ces \u00ab\u00a0faire\u00a0\u00bb d\u00e9passent l\u2019ex\u00e9cution et disent au-del\u00e0 de ce qui est observable empiriquement. Celui qui \u00ab\u00a0fait\u00a0\u00bb porte en lui, bien plus. Faire est un langage, faire est une mani\u00e8re de dire, faire est parlant!<\/p>\n\n\n\n<p>Or, \u00ab\u00a0faire Compostelle\u00a0\u00bb d\u00e9passe la simple effectuation d\u2019un chemin. S\u2019il n\u2019est pas dit\u00a0: \u00ab\u00a0j\u2019ai fait une randonn\u00e9e\u00a0\u00bb ou \u00ab\u00a0j\u2019ai fait un voyage\u00a0, c\u2019est que les mots \u00ab\u00a0faire Compostelle\u00a0\u00bb manifestent plus pour r\u00e9sumer l\u2019exp\u00e9rience v\u00e9cue. Ils disent plus que les mots \u00ab\u00a0randonn\u00e9e\u00a0\u00bb ou \u00ab\u00a0voyage\u00a0\u00bb ne peuvent dire. Pour certains, il s\u2019agit d\u2019une mani\u00e8re de vivre, de rencontrer des gens, de se retrouver, de communier \u00e0 la vie. Pour d\u2019autres, c\u2019est l\u2019occasion de faire le vide, de prendre du recul, de discerner dans un moment charni\u00e8re.<\/p>\n\n\n<div class=\"wp-block-image\">\n<figure class=\"alignright size-large is-resized\"><img data-recalc-dims=\"1\" loading=\"lazy\" decoding=\"async\" data-attachment-id=\"4963\" data-permalink=\"https:\/\/bottesetvelo.com\/blog\/2023\/01\/27\/dire-compostelle-nest-pas-anodin\/2019-07-09-12-57-19\/\" data-orig-file=\"https:\/\/i0.wp.com\/bottesetvelo.com\/blog\/wp-content\/uploads\/2023\/01\/2019-07-09-12.57.19.jpg?fit=4608%2C2240&amp;ssl=1\" data-orig-size=\"4608,2240\" data-comments-opened=\"1\" data-image-meta=\"{&quot;aperture&quot;:&quot;1.7&quot;,&quot;credit&quot;:&quot;&quot;,&quot;camera&quot;:&quot;SM-A530W&quot;,&quot;caption&quot;:&quot;&quot;,&quot;created_timestamp&quot;:&quot;1562677039&quot;,&quot;copyright&quot;:&quot;&quot;,&quot;focal_length&quot;:&quot;3.93&quot;,&quot;iso&quot;:&quot;40&quot;,&quot;shutter_speed&quot;:&quot;0.00035001750087504&quot;,&quot;title&quot;:&quot;&quot;,&quot;orientation&quot;:&quot;1&quot;}\" data-image-title=\"2019-07-09-12.57.19\" data-image-description=\"\" data-image-caption=\"\" data-large-file=\"https:\/\/i0.wp.com\/bottesetvelo.com\/blog\/wp-content\/uploads\/2023\/01\/2019-07-09-12.57.19.jpg?fit=1024%2C498&amp;ssl=1\" src=\"https:\/\/i0.wp.com\/bottesetvelo.com\/blog\/wp-content\/uploads\/2023\/01\/2019-07-09-12.57.19.jpg?resize=512%2C249&#038;ssl=1\" alt=\"\" class=\"wp-image-4963\" width=\"512\" height=\"249\" srcset=\"https:\/\/i0.wp.com\/bottesetvelo.com\/blog\/wp-content\/uploads\/2023\/01\/2019-07-09-12.57.19.jpg?resize=1024%2C498&amp;ssl=1 1024w, https:\/\/i0.wp.com\/bottesetvelo.com\/blog\/wp-content\/uploads\/2023\/01\/2019-07-09-12.57.19.jpg?resize=500%2C243&amp;ssl=1 500w, https:\/\/i0.wp.com\/bottesetvelo.com\/blog\/wp-content\/uploads\/2023\/01\/2019-07-09-12.57.19.jpg?resize=768%2C373&amp;ssl=1 768w, https:\/\/i0.wp.com\/bottesetvelo.com\/blog\/wp-content\/uploads\/2023\/01\/2019-07-09-12.57.19.jpg?resize=1536%2C747&amp;ssl=1 1536w, https:\/\/i0.wp.com\/bottesetvelo.com\/blog\/wp-content\/uploads\/2023\/01\/2019-07-09-12.57.19.jpg?resize=2048%2C996&amp;ssl=1 2048w, https:\/\/i0.wp.com\/bottesetvelo.com\/blog\/wp-content\/uploads\/2023\/01\/2019-07-09-12.57.19.jpg?w=2340&amp;ssl=1 2340w, https:\/\/i0.wp.com\/bottesetvelo.com\/blog\/wp-content\/uploads\/2023\/01\/2019-07-09-12.57.19.jpg?w=3510&amp;ssl=1 3510w\" sizes=\"auto, (max-width: 512px) 100vw, 512px\" \/><\/figure>\n<\/div>\n\n\n<p>\u00ab\u00a0Faire Compostelle\u00a0\u00bb manifeste un esprit p\u00e8lerin par la mani\u00e8re de faire qu\u2019il met en jeu. Fait de courants multiples, d\u2019exp\u00e9riences qui se croisent, ce \u00ab\u00a0faire\u00a0\u00bb situe notre humanit\u00e9 comme fronti\u00e8re. Si Compostelle est la travers\u00e9e d\u2019un territoire, l\u2019exp\u00e9rience nous traverse tout autant. Compostelle est une mani\u00e8re de passer, de relier; une mani\u00e8re d\u2019\u00eatre en relation sur laquelle s\u2019\u00e9labore de la signification. Compostelle fait du sens par les nombreuses mani\u00e8res de traverser et de relier nos vies qu\u2019il engendre.<\/p>\n\n\n\n<p>Et vous? Que dites-vous quand vous dites \u00ab&nbsp;faire Compostelle&nbsp;\u00bb ou \u00ab&nbsp;faire un Compostelle&nbsp;\u00bb? Qu\u2019est-ce que cela signifie?<\/p>\n\n\n<div class=\"wp-block-image\">\n<figure class=\"alignright size-full\"><img data-recalc-dims=\"1\" loading=\"lazy\" decoding=\"async\" width=\"100\" height=\"79\" data-attachment-id=\"3248\" data-permalink=\"https:\/\/bottesetvelo.com\/blog\/2018\/03\/30\/comme-un-grand-silence\/bottes-et-velo-embleme-3\/\" data-orig-file=\"https:\/\/i0.wp.com\/bottesetvelo.com\/blog\/wp-content\/uploads\/2018\/03\/Bottes-et-V%C3%A9lo-Embl%C3%AAme-1-e1522416719670.png?fit=100%2C79&amp;ssl=1\" data-orig-size=\"100,79\" data-comments-opened=\"1\" data-image-meta=\"{&quot;aperture&quot;:&quot;0&quot;,&quot;credit&quot;:&quot;&quot;,&quot;camera&quot;:&quot;&quot;,&quot;caption&quot;:&quot;&quot;,&quot;created_timestamp&quot;:&quot;0&quot;,&quot;copyright&quot;:&quot;&quot;,&quot;focal_length&quot;:&quot;0&quot;,&quot;iso&quot;:&quot;0&quot;,&quot;shutter_speed&quot;:&quot;0&quot;,&quot;title&quot;:&quot;&quot;,&quot;orientation&quot;:&quot;0&quot;}\" data-image-title=\"Bottes et V\u00e9lo &amp;#8211; Embl\u00eame\" data-image-description=\"\" data-image-caption=\"\" data-large-file=\"https:\/\/i0.wp.com\/bottesetvelo.com\/blog\/wp-content\/uploads\/2018\/03\/Bottes-et-V%C3%A9lo-Embl%C3%AAme-1-e1522416719670.png?fit=100%2C79&amp;ssl=1\" src=\"https:\/\/i0.wp.com\/bottesetvelo.com\/blog\/wp-content\/uploads\/2018\/03\/Bottes-et-V%C3%A9lo-Embl%C3%AAme-1-e1522416719670.png?resize=100%2C79&#038;ssl=1\" alt=\"\" class=\"wp-image-3248\"\/><\/figure>\n<\/div>\n\n\n<p>\u00c9ric Lalibert\u00e9<\/p>\n","protected":false},"excerpt":{"rendered":"<p>Derni\u00e8rement, la cath\u00e9drale de Santiago faisait \u00e9tat de ses statistiques pour 2022\u00a0: 438\u00a0000 marcheurs ont r\u00e9clam\u00e9 leur compostela. C&rsquo;est presque 100 000 de plus qu&rsquo;en 2019, juste avant la pand\u00e9mie! Quoique cette donn\u00e9e puisse sembler faramineuse, elle sous-\u00e9value la fr\u00e9quentation des chemins puisque bon nombre ne r\u00e9clament pas le certificat. Si l\u2019on tient compte de&hellip;<\/p>\n","protected":false},"author":3,"featured_media":4957,"comment_status":"open","ping_status":"open","sticky":false,"template":"","format":"standard","meta":{"jetpack_post_was_ever_published":false,"_jetpack_newsletter_access":"","_jetpack_dont_email_post_to_subs":false,"_jetpack_newsletter_tier_id":0,"_jetpack_memberships_contains_paywalled_content":false,"_jetpack_memberships_contains_paid_content":false,"footnotes":"","jetpack_publicize_message":"Dire \"Compostelle\" n'est pas anodin!\nApr\u00e8s avoir march\u00e9 3, 4 ou 5 semaines sur l'un des chemins, sans arriver Santiago, \u00eates-vous compostellans? Beaucoup vous diront\u00a0: \u00ab\u00a0J'ai fait Compostelle!\u00a0\u00bb. Alors, qu\u2019est-ce qui \u00ab\u00a0fait Compostelle\u00a0\u00bb?","jetpack_publicize_feature_enabled":true,"jetpack_social_post_already_shared":true,"jetpack_social_options":{"image_generator_settings":{"template":"highway","default_image_id":0,"font":"","enabled":false},"version":2}},"categories":[9,166,171,629,3],"tags":[80,168,715,14,13,19],"class_list":["post-4955","post","type-post","status-publish","format-standard","has-post-thumbnail","hentry","category-chemins-de-pelerinage","category-demarche-du-pelerin","category-pelerinage","category-phenomene-pelerin","category-reflexions","tag-compostelle","tag-demarche-du-pelerin","tag-faire-compostelle","tag-marche","tag-pelerinage","tag-randonnee"],"jetpack_publicize_connections":[],"jetpack_featured_media_url":"https:\/\/i0.wp.com\/bottesetvelo.com\/blog\/wp-content\/uploads\/2023\/01\/2019-07-05-13.17.28.jpg?fit=4608%2C2240&ssl=1","jetpack_shortlink":"https:\/\/wp.me\/p4eY6z-1hV","jetpack_sharing_enabled":true,"jetpack_likes_enabled":true,"jetpack-related-posts":[],"_links":{"self":[{"href":"https:\/\/bottesetvelo.com\/blog\/wp-json\/wp\/v2\/posts\/4955","targetHints":{"allow":["GET"]}}],"collection":[{"href":"https:\/\/bottesetvelo.com\/blog\/wp-json\/wp\/v2\/posts"}],"about":[{"href":"https:\/\/bottesetvelo.com\/blog\/wp-json\/wp\/v2\/types\/post"}],"author":[{"embeddable":true,"href":"https:\/\/bottesetvelo.com\/blog\/wp-json\/wp\/v2\/users\/3"}],"replies":[{"embeddable":true,"href":"https:\/\/bottesetvelo.com\/blog\/wp-json\/wp\/v2\/comments?post=4955"}],"version-history":[{"count":6,"href":"https:\/\/bottesetvelo.com\/blog\/wp-json\/wp\/v2\/posts\/4955\/revisions"}],"predecessor-version":[{"id":4969,"href":"https:\/\/bottesetvelo.com\/blog\/wp-json\/wp\/v2\/posts\/4955\/revisions\/4969"}],"wp:featuredmedia":[{"embeddable":true,"href":"https:\/\/bottesetvelo.com\/blog\/wp-json\/wp\/v2\/media\/4957"}],"wp:attachment":[{"href":"https:\/\/bottesetvelo.com\/blog\/wp-json\/wp\/v2\/media?parent=4955"}],"wp:term":[{"taxonomy":"category","embeddable":true,"href":"https:\/\/bottesetvelo.com\/blog\/wp-json\/wp\/v2\/categories?post=4955"},{"taxonomy":"post_tag","embeddable":true,"href":"https:\/\/bottesetvelo.com\/blog\/wp-json\/wp\/v2\/tags?post=4955"}],"curies":[{"name":"wp","href":"https:\/\/api.w.org\/{rel}","templated":true}]}}