{"id":4890,"date":"2022-10-14T08:28:38","date_gmt":"2022-10-14T12:28:38","guid":{"rendered":"https:\/\/bottesetvelo.com\/blog\/?p=4890"},"modified":"2022-10-14T08:28:38","modified_gmt":"2022-10-14T12:28:38","slug":"la-ou-il-fait-bon-vivre","status":"publish","type":"post","link":"https:\/\/bottesetvelo.com\/blog\/2022\/10\/14\/la-ou-il-fait-bon-vivre\/","title":{"rendered":"L\u00e0 o\u00f9 il fait bon vivre"},"content":{"rendered":"\n<p class=\"has-drop-cap\">Il y a de ces lieux qui suscitent un bien-\u00eatre&nbsp;et qui nourrissent le go\u00fbt de vivre. Qu\u2019il s\u2019agisse d\u2019une marche en for\u00eat, de fl\u00e2ner dans un parc ou de contempler un lac, il y a du \u00ab&nbsp;bon&nbsp;\u00bb \u00e0 \u00eatre \u00ab&nbsp;l\u00e0&nbsp;\u00bb. Le corps s\u2019en trouve d\u00e9tendu, le souffle s\u2019approfondit et l\u2019esprit s\u2019\u00e9claircit. Or, s\u2019il fait bon y vivre, c\u2019est que tout mon \u00eatre habite le lieu d\u2019une certaine mani\u00e8re. Ce n\u2019est pas un simple concours de circonstance!<\/p>\n\n\n<div class=\"wp-block-image\">\n<figure class=\"alignright size-large is-resized\"><img data-recalc-dims=\"1\" loading=\"lazy\" decoding=\"async\" data-attachment-id=\"4892\" data-permalink=\"https:\/\/bottesetvelo.com\/blog\/2022\/10\/14\/la-ou-il-fait-bon-vivre\/20220608_102040\/\" data-orig-file=\"https:\/\/i0.wp.com\/bottesetvelo.com\/blog\/wp-content\/uploads\/2022\/10\/20220608_102040.jpg?fit=4032%2C1816&amp;ssl=1\" data-orig-size=\"4032,1816\" data-comments-opened=\"1\" data-image-meta=\"{&quot;aperture&quot;:&quot;2.4&quot;,&quot;credit&quot;:&quot;&quot;,&quot;camera&quot;:&quot;SM-G781W&quot;,&quot;caption&quot;:&quot;&quot;,&quot;created_timestamp&quot;:&quot;1654683640&quot;,&quot;copyright&quot;:&quot;&quot;,&quot;focal_length&quot;:&quot;7.12&quot;,&quot;iso&quot;:&quot;25&quot;,&quot;shutter_speed&quot;:&quot;0.0012224938875306&quot;,&quot;title&quot;:&quot;&quot;,&quot;orientation&quot;:&quot;1&quot;}\" data-image-title=\"20220608_102040\" data-image-description=\"\" data-image-caption=\"\" data-large-file=\"https:\/\/i0.wp.com\/bottesetvelo.com\/blog\/wp-content\/uploads\/2022\/10\/20220608_102040.jpg?fit=1024%2C461&amp;ssl=1\" src=\"https:\/\/i0.wp.com\/bottesetvelo.com\/blog\/wp-content\/uploads\/2022\/10\/20220608_102040.jpg?resize=512%2C231&#038;ssl=1\" alt=\"\" class=\"wp-image-4892\" width=\"512\" height=\"231\" srcset=\"https:\/\/i0.wp.com\/bottesetvelo.com\/blog\/wp-content\/uploads\/2022\/10\/20220608_102040.jpg?resize=1024%2C461&amp;ssl=1 1024w, https:\/\/i0.wp.com\/bottesetvelo.com\/blog\/wp-content\/uploads\/2022\/10\/20220608_102040.jpg?resize=500%2C225&amp;ssl=1 500w, https:\/\/i0.wp.com\/bottesetvelo.com\/blog\/wp-content\/uploads\/2022\/10\/20220608_102040.jpg?resize=768%2C346&amp;ssl=1 768w, https:\/\/i0.wp.com\/bottesetvelo.com\/blog\/wp-content\/uploads\/2022\/10\/20220608_102040.jpg?resize=1536%2C692&amp;ssl=1 1536w, https:\/\/i0.wp.com\/bottesetvelo.com\/blog\/wp-content\/uploads\/2022\/10\/20220608_102040.jpg?resize=2048%2C922&amp;ssl=1 2048w, https:\/\/i0.wp.com\/bottesetvelo.com\/blog\/wp-content\/uploads\/2022\/10\/20220608_102040.jpg?w=2340&amp;ssl=1 2340w, https:\/\/i0.wp.com\/bottesetvelo.com\/blog\/wp-content\/uploads\/2022\/10\/20220608_102040.jpg?w=3510&amp;ssl=1 3510w\" sizes=\"auto, (max-width: 512px) 100vw, 512px\" \/><\/figure>\n<\/div>\n\n\n<p>Alors que la plupart d\u2019entre nous sommes rentr\u00e9s d\u2019une exp\u00e9rience p\u00e8lerine, celle-ci demande \u00e0 \u00eatre relue sous cet angle&nbsp;: s\u2019il fait bon vivre sur les chemins de p\u00e8lerinage, c\u2019est que je m\u2019y dispose et que ma disposition contribue \u00e0 en faire un tel lieu. Le film \u00ab&nbsp;La vie est belle&nbsp;\u00bb l\u2019illustre bien. Alors que l\u2019acteur principal joue de sa personne, il parvient \u00e0 faire d\u2019un camp de concentration un lieu tout autre aux yeux de son fils. Sa mani\u00e8re d\u2019habiter le lieu change le regard.<\/p>\n\n\n\n<p>En tant que p\u00e8lerin, nous \u00e9prouvons souvent une profonde gratitude envers l\u2019exp\u00e9rience des chemins, comme si un bon p\u00e8re veillait sur nous et faisait en sorte que cette aventure soit fabuleuse. G\u00e9n\u00e9rosit\u00e9, simplicit\u00e9, entraide et convivialit\u00e9 semblent alors y \u00eatre inscrits de toute \u00e9ternit\u00e9. Pourtant, ce qui se manifeste comme fruit du lieu est davantage le fruit d\u2019une mani\u00e8re de l\u2019habiter, une mani\u00e8re d\u2019\u00eatre en relation. Cette disposition, de c\u0153ur et d\u2019esprit, favorise le climat p\u00e8lerin dans l\u2019heureux croisement d\u2019une multitude de vecteurs humains. Il importe donc de consid\u00e9rer comment me suis-je dispos\u00e9 \u00e0 vivre le chemin? Quels \u00e9taient mes d\u00e9sirs, mes attentes? Quelles \u00e9taient mes craintes? Dans quelle mesure \u00e9tais-je en recherche de contr\u00f4le ou pr\u00eat \u00e0 m\u2019abandonner \u00e0 l\u2019exp\u00e9rience du chemin? La mani\u00e8re d\u2019\u00eatre qui d\u00e9coule de ma disposition a n\u00e9cessairement un impact. Or, plus les r\u00e9sistances sont fortes, plus le p\u00e8lerin cherche \u00e0 rendre le chemin conforme \u00e0 ses attentes et, par opposition, ce dernier s\u2019installe alors en adversaire. Il devient un chemin \u00e0 abattre, une \u00e9preuve \u00e0 vaincre. Stressant et \u00e9puisant, il exige bien plus qu\u2019il ne donne.<\/p>\n\n\n<div class=\"wp-block-image\">\n<figure class=\"alignright size-large is-resized\"><img data-recalc-dims=\"1\" loading=\"lazy\" decoding=\"async\" data-attachment-id=\"4894\" data-permalink=\"https:\/\/bottesetvelo.com\/blog\/2022\/10\/14\/la-ou-il-fait-bon-vivre\/20220831_120931\/\" data-orig-file=\"https:\/\/i0.wp.com\/bottesetvelo.com\/blog\/wp-content\/uploads\/2022\/10\/20220831_120931.jpg?fit=4032%2C1816&amp;ssl=1\" data-orig-size=\"4032,1816\" data-comments-opened=\"1\" data-image-meta=\"{&quot;aperture&quot;:&quot;1.8&quot;,&quot;credit&quot;:&quot;&quot;,&quot;camera&quot;:&quot;SM-G781W&quot;,&quot;caption&quot;:&quot;&quot;,&quot;created_timestamp&quot;:&quot;1661947771&quot;,&quot;copyright&quot;:&quot;&quot;,&quot;focal_length&quot;:&quot;5.4&quot;,&quot;iso&quot;:&quot;40&quot;,&quot;shutter_speed&quot;:&quot;0.00091491308325709&quot;,&quot;title&quot;:&quot;&quot;,&quot;orientation&quot;:&quot;1&quot;}\" data-image-title=\"20220831_120931\" data-image-description=\"\" data-image-caption=\"\" data-large-file=\"https:\/\/i0.wp.com\/bottesetvelo.com\/blog\/wp-content\/uploads\/2022\/10\/20220831_120931.jpg?fit=1024%2C461&amp;ssl=1\" src=\"https:\/\/i0.wp.com\/bottesetvelo.com\/blog\/wp-content\/uploads\/2022\/10\/20220831_120931.jpg?resize=512%2C231&#038;ssl=1\" alt=\"\" class=\"wp-image-4894\" width=\"512\" height=\"231\" srcset=\"https:\/\/i0.wp.com\/bottesetvelo.com\/blog\/wp-content\/uploads\/2022\/10\/20220831_120931.jpg?resize=1024%2C461&amp;ssl=1 1024w, https:\/\/i0.wp.com\/bottesetvelo.com\/blog\/wp-content\/uploads\/2022\/10\/20220831_120931.jpg?resize=500%2C225&amp;ssl=1 500w, https:\/\/i0.wp.com\/bottesetvelo.com\/blog\/wp-content\/uploads\/2022\/10\/20220831_120931.jpg?resize=768%2C346&amp;ssl=1 768w, https:\/\/i0.wp.com\/bottesetvelo.com\/blog\/wp-content\/uploads\/2022\/10\/20220831_120931.jpg?resize=1536%2C692&amp;ssl=1 1536w, https:\/\/i0.wp.com\/bottesetvelo.com\/blog\/wp-content\/uploads\/2022\/10\/20220831_120931.jpg?resize=2048%2C922&amp;ssl=1 2048w, https:\/\/i0.wp.com\/bottesetvelo.com\/blog\/wp-content\/uploads\/2022\/10\/20220831_120931.jpg?w=2340&amp;ssl=1 2340w, https:\/\/i0.wp.com\/bottesetvelo.com\/blog\/wp-content\/uploads\/2022\/10\/20220831_120931.jpg?w=3510&amp;ssl=1 3510w\" sizes=\"auto, (max-width: 512px) 100vw, 512px\" \/><\/figure>\n<\/div>\n\n\n<p>En contrepartie, en accueillant sa vuln\u00e9rabilit\u00e9 face \u00e0 l\u2019exp\u00e9rience du cheminement, le p\u00e8lerin s\u2019installe dans une posture d\u2019ouverture et d\u2019accueil. Celle-ci le dispose \u00e0 recevoir avec gratitude ce qui se pr\u00e9sente \u00e0 lui, sans consid\u00e9ration. Il s\u2019ajuste et apprend dans le mouvement du cheminement, avec ses hauts et ses bas. P\u00e8leriner c\u2019est ne pas s\u2019install\u00e9, mais habiter l\u2019espace de la fluidit\u00e9. L\u2019expression \u00ab&nbsp;l\u00e0 o\u00f9 il fait bon&nbsp;vivre \u00bb appelle ainsi au mouvement par le \u00ab&nbsp;l\u00e0&nbsp;\u00bb qui l\u2019introduit. En \u00e9tant \u00ab&nbsp;l\u00e0&nbsp;\u00bb, le bon vivre auquel l\u2019expression renvoie d\u00e9place le regard vers un ailleurs qui n\u2019est pr\u00e9cis\u00e9ment pas \u00ab&nbsp;ici&nbsp;\u00bb. Au contraire, il pointe vers l\u2019horizon d\u2019un \u00ab&nbsp;bon vivre&nbsp;\u00bb et le p\u00e8lerin marche vers cet horizon. Au fil de ses pas, il s\u2019en approche et le fait grandir \u00e0 travers son cheminement.<\/p>\n\n\n\n<p>Dans cet ailleurs, le \u00ab&nbsp;bon vivre&nbsp;\u00bb se \u00ab&nbsp;fait&nbsp;\u00bb. Il se fait comme on dit&nbsp;: \u00ab&nbsp;il fait beau&nbsp;\u00bb, \u00ab&nbsp;il fait bon&nbsp;\u00bb ou \u00ab&nbsp;il fait noir&nbsp;\u00bb. \u00c0 remarquer, ce n\u2019est pas \u00ab&nbsp;je&nbsp;\u00bb qui fait, mais \u00ab&nbsp;il&nbsp;\u00bb. Quand il fait beau, bon ou noir, c\u2019est d\u2019un autre dont il est question. Ce ne sont pas \u00ab&nbsp;je&nbsp;\u00bb, ni \u00ab&nbsp;tu&nbsp;\u00bb qui font, mais bien \u00ab&nbsp;il&nbsp;\u00bb, comme le bon p\u00e8re de ce film. Dans un tel contexte, le \u00ab&nbsp;je&nbsp;\u00bb du p\u00e8lerin aspire au \u00ab&nbsp;bon vivre&nbsp;\u00bb comme don d\u2019un autre, d\u2019un Tout Autre, et \u00e7a le d\u00e9passe.<\/p>\n\n\n<div class=\"wp-block-image\">\n<figure class=\"alignright size-large is-resized\"><img data-recalc-dims=\"1\" loading=\"lazy\" decoding=\"async\" data-attachment-id=\"4893\" data-permalink=\"https:\/\/bottesetvelo.com\/blog\/2022\/10\/14\/la-ou-il-fait-bon-vivre\/20220916_151435\/\" data-orig-file=\"https:\/\/i0.wp.com\/bottesetvelo.com\/blog\/wp-content\/uploads\/2022\/10\/20220916_151435.jpg?fit=4032%2C1816&amp;ssl=1\" data-orig-size=\"4032,1816\" data-comments-opened=\"1\" data-image-meta=\"{&quot;aperture&quot;:&quot;1.8&quot;,&quot;credit&quot;:&quot;&quot;,&quot;camera&quot;:&quot;SM-G781W&quot;,&quot;caption&quot;:&quot;&quot;,&quot;created_timestamp&quot;:&quot;1663341275&quot;,&quot;copyright&quot;:&quot;&quot;,&quot;focal_length&quot;:&quot;5.4&quot;,&quot;iso&quot;:&quot;160&quot;,&quot;shutter_speed&quot;:&quot;0.025&quot;,&quot;title&quot;:&quot;&quot;,&quot;orientation&quot;:&quot;1&quot;}\" data-image-title=\"20220916_151435\" data-image-description=\"\" data-image-caption=\"\" data-large-file=\"https:\/\/i0.wp.com\/bottesetvelo.com\/blog\/wp-content\/uploads\/2022\/10\/20220916_151435.jpg?fit=1024%2C461&amp;ssl=1\" src=\"https:\/\/i0.wp.com\/bottesetvelo.com\/blog\/wp-content\/uploads\/2022\/10\/20220916_151435.jpg?resize=512%2C231&#038;ssl=1\" alt=\"\" class=\"wp-image-4893\" width=\"512\" height=\"231\" srcset=\"https:\/\/i0.wp.com\/bottesetvelo.com\/blog\/wp-content\/uploads\/2022\/10\/20220916_151435.jpg?resize=1024%2C461&amp;ssl=1 1024w, https:\/\/i0.wp.com\/bottesetvelo.com\/blog\/wp-content\/uploads\/2022\/10\/20220916_151435.jpg?resize=500%2C225&amp;ssl=1 500w, https:\/\/i0.wp.com\/bottesetvelo.com\/blog\/wp-content\/uploads\/2022\/10\/20220916_151435.jpg?resize=768%2C346&amp;ssl=1 768w, https:\/\/i0.wp.com\/bottesetvelo.com\/blog\/wp-content\/uploads\/2022\/10\/20220916_151435.jpg?resize=1536%2C692&amp;ssl=1 1536w, https:\/\/i0.wp.com\/bottesetvelo.com\/blog\/wp-content\/uploads\/2022\/10\/20220916_151435.jpg?resize=2048%2C922&amp;ssl=1 2048w, https:\/\/i0.wp.com\/bottesetvelo.com\/blog\/wp-content\/uploads\/2022\/10\/20220916_151435.jpg?w=2340&amp;ssl=1 2340w, https:\/\/i0.wp.com\/bottesetvelo.com\/blog\/wp-content\/uploads\/2022\/10\/20220916_151435.jpg?w=3510&amp;ssl=1 3510w\" sizes=\"auto, (max-width: 512px) 100vw, 512px\" \/><\/figure>\n<\/div>\n\n\n<p>Avec l\u2019arriv\u00e9e du temps frais, il nous prend souvent l\u2019envie de nous emmitoufler, de passer des soir\u00e9es au coin du feu, de laisser mijoter des plats qui embaument la maison. Notre mani\u00e8re d\u2019habiter le lieu fait en sorte qu\u2019il fait bon y vivre. Cependant, m\u00eame si j\u2019ai allum\u00e9 le feu dans le foyer, ce n\u2019est pas moi qui fais la chaleur; et m\u00eame si j\u2019ai mis le r\u00f4ti au four ce n\u2019est pas moi qui en d\u00e9gage le fumet. Il en va alors d\u2019un jeu de mise en relation qui construit quelque chose qui d\u00e9passe ma seule personne. L\u2019expression n\u2019a donc rien de statique. Il ne suffit pas de s\u2019installer dans un lieu pr\u00e9cis pour que le \u00ab&nbsp;bon vivre&nbsp;\u00bb se manifeste. Le \u00ab&nbsp;bon vivre&nbsp;\u00bb se fait par une mani\u00e8re d\u2019\u00eatre en relation, une mani\u00e8re d\u2019habiter un lieu, une mani\u00e8re de s\u2019y disposer.<\/p>\n\n\n<div class=\"wp-block-image\">\n<figure class=\"alignright size-full\"><img data-recalc-dims=\"1\" loading=\"lazy\" decoding=\"async\" width=\"100\" height=\"79\" data-attachment-id=\"3248\" data-permalink=\"https:\/\/bottesetvelo.com\/blog\/2018\/03\/30\/comme-un-grand-silence\/bottes-et-velo-embleme-3\/\" data-orig-file=\"https:\/\/i0.wp.com\/bottesetvelo.com\/blog\/wp-content\/uploads\/2018\/03\/Bottes-et-V%C3%A9lo-Embl%C3%AAme-1-e1522416719670.png?fit=100%2C79&amp;ssl=1\" data-orig-size=\"100,79\" data-comments-opened=\"1\" data-image-meta=\"{&quot;aperture&quot;:&quot;0&quot;,&quot;credit&quot;:&quot;&quot;,&quot;camera&quot;:&quot;&quot;,&quot;caption&quot;:&quot;&quot;,&quot;created_timestamp&quot;:&quot;0&quot;,&quot;copyright&quot;:&quot;&quot;,&quot;focal_length&quot;:&quot;0&quot;,&quot;iso&quot;:&quot;0&quot;,&quot;shutter_speed&quot;:&quot;0&quot;,&quot;title&quot;:&quot;&quot;,&quot;orientation&quot;:&quot;0&quot;}\" data-image-title=\"Bottes et V\u00e9lo &amp;#8211; Embl\u00eame\" data-image-description=\"\" data-image-caption=\"\" data-large-file=\"https:\/\/i0.wp.com\/bottesetvelo.com\/blog\/wp-content\/uploads\/2018\/03\/Bottes-et-V%C3%A9lo-Embl%C3%AAme-1-e1522416719670.png?fit=100%2C79&amp;ssl=1\" src=\"https:\/\/i0.wp.com\/bottesetvelo.com\/blog\/wp-content\/uploads\/2018\/03\/Bottes-et-V%C3%A9lo-Embl%C3%AAme-1-e1522416719670.png?resize=100%2C79&#038;ssl=1\" alt=\"\" class=\"wp-image-3248\"\/><\/figure>\n<\/div>\n\n\n<p>\u00c9ric Lalibert\u00e9<\/p>\n","protected":false},"excerpt":{"rendered":"<p>Il y a de ces lieux qui suscitent un bien-\u00eatre&nbsp;et qui nourrissent le go\u00fbt de vivre. Qu\u2019il s\u2019agisse d\u2019une marche en for\u00eat, de fl\u00e2ner dans un parc ou de contempler un lac, il y a du \u00ab&nbsp;bon&nbsp;\u00bb \u00e0 \u00eatre \u00ab&nbsp;l\u00e0&nbsp;\u00bb. Le corps s\u2019en trouve d\u00e9tendu, le souffle s\u2019approfondit et l\u2019esprit s\u2019\u00e9claircit. Or, s\u2019il fait bon&hellip;<\/p>\n","protected":false},"author":3,"featured_media":4895,"comment_status":"open","ping_status":"open","sticky":false,"template":"","format":"standard","meta":{"jetpack_post_was_ever_published":false,"_jetpack_newsletter_access":"","_jetpack_dont_email_post_to_subs":false,"_jetpack_newsletter_tier_id":0,"_jetpack_memberships_contains_paywalled_content":false,"_jetpack_memberships_contains_paid_content":false,"footnotes":"","jetpack_publicize_message":"L\u00e0 o\u00f9 il fait bon vivre\nIl y a de ces lieux qui suscitent un bien-\u00eatre\u00a0et qui nourrissent le #go\u00fbtdevivre. Or, s\u2019il fait bon y vivre, c\u2019est que tout mon \u00eatre habite le lieu d\u2019une certaine mani\u00e8re. Ce n\u2019est pas un simple concours de circonstance!","jetpack_publicize_feature_enabled":true,"jetpack_social_post_already_shared":true,"jetpack_social_options":{"image_generator_settings":{"template":"highway","default_image_id":0,"font":"","enabled":false},"version":2}},"categories":[52,50,380,630],"tags":[275,285,705,96,38,20],"class_list":["post-4890","post","type-post","status-publish","format-standard","has-post-thumbnail","hentry","category-alternatives-de-vie","category-art-de-vivre","category-conscientisation","category-exercice-pelerin","tag-art-de-vivre","tag-gout-de-vivre","tag-maniere-detre","tag-qualite-de-vie","tag-reflexion","tag-spiritualite"],"jetpack_publicize_connections":[],"jetpack_featured_media_url":"https:\/\/i0.wp.com\/bottesetvelo.com\/blog\/wp-content\/uploads\/2022\/10\/20220828_103831.jpg?fit=4032%2C1816&ssl=1","jetpack_shortlink":"https:\/\/wp.me\/p4eY6z-1gS","jetpack_sharing_enabled":true,"jetpack_likes_enabled":true,"jetpack-related-posts":[],"_links":{"self":[{"href":"https:\/\/bottesetvelo.com\/blog\/wp-json\/wp\/v2\/posts\/4890","targetHints":{"allow":["GET"]}}],"collection":[{"href":"https:\/\/bottesetvelo.com\/blog\/wp-json\/wp\/v2\/posts"}],"about":[{"href":"https:\/\/bottesetvelo.com\/blog\/wp-json\/wp\/v2\/types\/post"}],"author":[{"embeddable":true,"href":"https:\/\/bottesetvelo.com\/blog\/wp-json\/wp\/v2\/users\/3"}],"replies":[{"embeddable":true,"href":"https:\/\/bottesetvelo.com\/blog\/wp-json\/wp\/v2\/comments?post=4890"}],"version-history":[{"count":4,"href":"https:\/\/bottesetvelo.com\/blog\/wp-json\/wp\/v2\/posts\/4890\/revisions"}],"predecessor-version":[{"id":4902,"href":"https:\/\/bottesetvelo.com\/blog\/wp-json\/wp\/v2\/posts\/4890\/revisions\/4902"}],"wp:featuredmedia":[{"embeddable":true,"href":"https:\/\/bottesetvelo.com\/blog\/wp-json\/wp\/v2\/media\/4895"}],"wp:attachment":[{"href":"https:\/\/bottesetvelo.com\/blog\/wp-json\/wp\/v2\/media?parent=4890"}],"wp:term":[{"taxonomy":"category","embeddable":true,"href":"https:\/\/bottesetvelo.com\/blog\/wp-json\/wp\/v2\/categories?post=4890"},{"taxonomy":"post_tag","embeddable":true,"href":"https:\/\/bottesetvelo.com\/blog\/wp-json\/wp\/v2\/tags?post=4890"}],"curies":[{"name":"wp","href":"https:\/\/api.w.org\/{rel}","templated":true}]}}